{"id":677,"date":"2008-05-28T04:56:28","date_gmt":"2008-05-28T04:56:28","guid":{"rendered":"http:\/\/blogs.thesocialmedia.com\/leblogmoto\/2008\/05\/28\/un-casque-sur-l\/"},"modified":"2012-07-11T15:50:26","modified_gmt":"2012-07-11T15:50:26","slug":"un-casque-sur-l","status":"publish","type":"post","link":"https:\/\/blogs.thesocialmedia.com\/leblogmoto\/2008\/05\/28\/un-casque-sur-l\/","title":{"rendered":"Un casque sur la t\u00eate"},"content":{"rendered":"<p><a href=\"http:\/\/blogs.thesocialmedia.com\/leblogmoto\/files\/2012\/07\/c01.jpg\"><img loading=\"lazy\" decoding=\"async\" width=\"470\" height=\"240\"  src=\"http:\/\/www.leblogmoto.com\/images\/2008\/05\/27\/c01.jpg\" alt=\"C01\" \/><\/a> <\/p>\n<p>Depuis quelque temps, je jouais avec l&rsquo;id\u00e9e de changer de casque. Et comme ce n&rsquo;\u00e9tait pas une n\u00e9cessit\u00e9, je regardais plut\u00f4t distraitement, rebut\u00e9 par les design mis de l&rsquo;avant par les fabricants.<br \/>Je voulais bien un nouveau casque, mais pas trop bariol\u00e9, ni noir, comme c&rsquo;est la mode actuellement.<\/p>\n<p>Et puis, il y a trois semaines environ, alors que je roulais en auto dans les embouteillages du soir, je me suis fait doubler par une jeune fille en scooter portant un casque rouge. D\u00e9j\u00e0 qu&rsquo;elle n&rsquo;\u00e9tait pas la premi\u00e8re, je n&rsquo;y ai pas accord\u00e9 trop d&rsquo;attention, mais plus le trajet jusqu&rsquo;\u00e0 chez moi s&rsquo;\u00e9ternisant, plus le point rouge du casque de cette jeune fille devenait et demeurait un rep\u00e8re familier, malgr\u00e9 la distance de plus en plus grande entre elle et moi.<\/p>\n<p>Et c&rsquo;est alors que j&rsquo;ai eu cette \u00e9piphanie. Une des meilleures fa\u00e7ons d&rsquo;\u00eatre vu, ce n&rsquo;est pas la moto, pas notre veste, mais bien par le casque, lui qui d\u00e9passe d&rsquo;une t\u00eate au milieu du chaos urbain dans lequel le motocycliste s&rsquo;engouffre.<br \/>Ce point rouge dans la grisaille de l&rsquo;heure de pointe r\u00e9clamait, de par sa seule couleur, sa place dans cet enfer de bitume. Et mieux encore, il la prenait.<\/p>\n<p><a href=\"http:\/\/blogs.thesocialmedia.com\/leblogmoto\/files\/2012\/07\/c02.jpg\"><img loading=\"lazy\" decoding=\"async\" width=\"470\" height=\"262\"  src=\"http:\/\/www.leblogmoto.com\/images\/2008\/05\/27\/c02.jpg\" alt=\"C02\" \/><\/a> <\/p>\n<p>Mon choix fut arr\u00eat\u00e9 ce soir l\u00e0, et apr\u00e8s un essai en magasin d&rsquo;une vingtaine de minutes pour m&rsquo;assurer que le mod\u00e8le voulu s&rsquo;accommodait de ma t\u00eate sans trop de rejets, je passais la commande. Sa couleur est, comme <a href=\"http:\/\/www.shoei-helmets.com\/road\/helmets_road.aspx?h=4\">la brochure<\/a> le sp\u00e9cifie, rouge Monza.<\/p>\n<p><a href=\"http:\/\/clabedan.typepad.com\/.shared\/image.html?\/photos\/uncategorized\/2008\/05\/27\/c03.jpg\"><img loading=\"lazy\" decoding=\"async\" width=\"470\" height=\"248\"  src=\"http:\/\/www.leblogmoto.com\/images\/2008\/05\/27\/c03.jpg\" alt=\"C03\" \/><\/a> <\/p>\n<p><a href=\"http:\/\/blogs.thesocialmedia.com\/leblogmoto\/files\/2012\/07\/c04.jpg\"><img loading=\"lazy\" decoding=\"async\" width=\"470\" height=\"236\"  src=\"http:\/\/www.leblogmoto.com\/images\/2008\/05\/27\/c04.jpg\" alt=\"C04\" \/><\/a> <\/p>\n<p><a href=\"http:\/\/blogs.thesocialmedia.com\/leblogmoto\/files\/2012\/07\/c05.jpg\"><img loading=\"lazy\" decoding=\"async\" width=\"470\" height=\"165\"  src=\"http:\/\/www.leblogmoto.com\/images\/2008\/05\/27\/c05.jpg\" alt=\"C05\" \/><\/a> <\/p>\n<p>Les casques repr\u00e9sent\u00e9s sont, de haut en bas et de gauche \u00e0 droite:<\/p>\n<p>&#8211; <a href=\"http:\/\/www.benchmarkhelmets.com\/products\/laura-smith-helmets_3\/\">Laura Smith<\/a>, Trendy<br \/>&#8211; <a href=\"http:\/\/www.borsalino.com\/\">Borsalino<\/a>, Lapin tabac<br \/>&#8211; <a href=\"http:\/\/www.cabergfrance.com\/cabergfrance_000001.htm\">Caberg<\/a>, Breeze ginger<br \/>&#8211; <a href=\"http:\/\/www.roof.fr\/\">Roof<\/a>, Bamboo<br \/>&#8211; <a href=\"http:\/\/www.araihelmet-europe.com\/php\/fra\/index2.php\">Arai<\/a>, Chaser jungle<br \/>&#8211; <a href=\"http:\/\/www.shoei-europe.com\/fr\/\">Shoei<\/a>, Y-Sprint klyonari<br \/>&#8211; <a href=\"http:\/\/www.hjchelmets.com\/\">HJC<\/a>, Junior CLX-4C<br \/>&#8211; <a href=\"http:\/\/www.nolanhelmets.com\/\">X Lite<\/a>, X-801 RR Agostini<br \/>&#8211; <a href=\"http:\/\/www.santiagochopper.com\/shop\/details.html?id=637\">Santiago Choppers<\/a>, Skull<br \/>&#8211; <a href=\"http:\/\/www.bulletproofme.com\/PHOTO%20pages\/Kevlar-Helmets-MICH.htm\">SOCOM<\/a>, Mich<br \/>&#8211; <a href=\"http:\/\/www.80stees.com\/products\/Collectors-Edition-Stormtrooper-Helmet.asp\">Stormtroopers<\/a><\/p>\n","protected":false},"excerpt":{"rendered":"<p>Depuis quelque temps, je jouais avec l&rsquo;id\u00e9e de changer de casque. Et comme ce n&rsquo;\u00e9tait pas une n\u00e9cessit\u00e9, je regardais plut\u00f4t distraitement, rebut\u00e9 par les design mis de l&rsquo;avant par les fabricants.Je voulais bien un nouveau casque, mais pas trop bariol\u00e9, ni noir, comme c&rsquo;est la mode actuellement. Et puis, il y a trois semaines [&hellip;]<\/p>\n","protected":false},"author":325,"featured_media":0,"comment_status":"open","ping_status":"open","sticky":false,"template":"","format":"standard","meta":{"footnotes":""},"categories":[56,27],"tags":[],"class_list":["post-677","post","type-post","status-publish","format-standard","hentry","category-protections","category-securite"],"yoast_head":"<!-- This site is optimized with the Yoast SEO plugin v26.0 - https:\/\/yoast.com\/wordpress\/plugins\/seo\/ -->\n<title>Un casque sur la t\u00eate - leblogmoto.com<\/title>\n<meta name=\"robots\" content=\"index, follow, max-snippet:-1, max-image-preview:large, max-video-preview:-1\" \/>\n<link rel=\"canonical\" href=\"https:\/\/blogs.thesocialmedia.com\/leblogmoto\/2008\/05\/28\/un-casque-sur-l\/\" \/>\n<meta name=\"twitter:card\" content=\"summary_large_image\" \/>\n<meta name=\"twitter:title\" content=\"Un casque sur la t\u00eate - leblogmoto.com\" \/>\n<meta name=\"twitter:description\" content=\"Depuis quelque temps, je jouais avec l&rsquo;id\u00e9e de changer de casque. Et comme ce n&rsquo;\u00e9tait pas une n\u00e9cessit\u00e9, je regardais plut\u00f4t distraitement, rebut\u00e9 par les design mis de l&rsquo;avant par les fabricants.Je voulais bien un nouveau casque, mais pas trop bariol\u00e9, ni noir, comme c&rsquo;est la mode actuellement. Et puis, il y a trois semaines [&hellip;]\" \/>\n<meta name=\"twitter:image\" content=\"http:\/\/www.leblogmoto.com\/images\/2008\/05\/27\/c01.jpg\" \/>\n<meta name=\"twitter:label1\" content=\"\u00c9crit par\" \/>\n\t<meta name=\"twitter:data1\" content=\"jacques lesage\" \/>\n\t<meta name=\"twitter:label2\" content=\"Dur\u00e9e de lecture estim\u00e9e\" \/>\n\t<meta name=\"twitter:data2\" content=\"2 minutes\" \/>\n<script type=\"application\/ld+json\" class=\"yoast-schema-graph\">{\"@context\":\"https:\/\/schema.org\",\"@graph\":[{\"@type\":\"WebPage\",\"@id\":\"https:\/\/blogs.thesocialmedia.com\/leblogmoto\/2008\/05\/28\/un-casque-sur-l\/\",\"url\":\"https:\/\/blogs.thesocialmedia.com\/leblogmoto\/2008\/05\/28\/un-casque-sur-l\/\",\"name\":\"Un casque sur la t\u00eate - leblogmoto.com\",\"isPartOf\":{\"@id\":\"https:\/\/blogs.thesocialmedia.com\/leblogmoto\/#website\"},\"primaryImageOfPage\":{\"@id\":\"https:\/\/blogs.thesocialmedia.com\/leblogmoto\/2008\/05\/28\/un-casque-sur-l\/#primaryimage\"},\"image\":{\"@id\":\"https:\/\/blogs.thesocialmedia.com\/leblogmoto\/2008\/05\/28\/un-casque-sur-l\/#primaryimage\"},\"thumbnailUrl\":\"http:\/\/www.leblogmoto.com\/images\/2008\/05\/27\/c01.jpg\",\"datePublished\":\"2008-05-28T04:56:28+00:00\",\"dateModified\":\"2012-07-11T15:50:26+00:00\",\"author\":{\"@id\":\"https:\/\/blogs.thesocialmedia.com\/leblogmoto\/#\/schema\/person\/e82a0ca8a9a63d031586097a3ed58526\"},\"breadcrumb\":{\"@id\":\"https:\/\/blogs.thesocialmedia.com\/leblogmoto\/2008\/05\/28\/un-casque-sur-l\/#breadcrumb\"},\"inLanguage\":\"fr-FR\",\"potentialAction\":[{\"@type\":\"ReadAction\",\"target\":[\"https:\/\/blogs.thesocialmedia.com\/leblogmoto\/2008\/05\/28\/un-casque-sur-l\/\"]}]},{\"@type\":\"ImageObject\",\"inLanguage\":\"fr-FR\",\"@id\":\"https:\/\/blogs.thesocialmedia.com\/leblogmoto\/2008\/05\/28\/un-casque-sur-l\/#primaryimage\",\"url\":\"http:\/\/www.leblogmoto.com\/images\/2008\/05\/27\/c01.jpg\",\"contentUrl\":\"http:\/\/www.leblogmoto.com\/images\/2008\/05\/27\/c01.jpg\"},{\"@type\":\"BreadcrumbList\",\"@id\":\"https:\/\/blogs.thesocialmedia.com\/leblogmoto\/2008\/05\/28\/un-casque-sur-l\/#breadcrumb\",\"itemListElement\":[{\"@type\":\"ListItem\",\"position\":1,\"name\":\"Accueil\",\"item\":\"https:\/\/blogs.thesocialmedia.com\/leblogmoto\/\"},{\"@type\":\"ListItem\",\"position\":2,\"name\":\"Un casque sur la t\u00eate\"}]},{\"@type\":\"WebSite\",\"@id\":\"https:\/\/blogs.thesocialmedia.com\/leblogmoto\/#website\",\"url\":\"https:\/\/blogs.thesocialmedia.com\/leblogmoto\/\",\"name\":\"leblogmoto\",\"description\":\"Toute l&#039;actualit\u00e9 des 2 roues\",\"potentialAction\":[{\"@type\":\"SearchAction\",\"target\":{\"@type\":\"EntryPoint\",\"urlTemplate\":\"https:\/\/blogs.thesocialmedia.com\/leblogmoto\/?s={search_term_string}\"},\"query-input\":{\"@type\":\"PropertyValueSpecification\",\"valueRequired\":true,\"valueName\":\"search_term_string\"}}],\"inLanguage\":\"fr-FR\"},{\"@type\":\"Person\",\"@id\":\"https:\/\/blogs.thesocialmedia.com\/leblogmoto\/#\/schema\/person\/e82a0ca8a9a63d031586097a3ed58526\",\"name\":\"jacques lesage\",\"image\":{\"@type\":\"ImageObject\",\"inLanguage\":\"fr-FR\",\"@id\":\"https:\/\/blogs.thesocialmedia.com\/leblogmoto\/#\/schema\/person\/image\/\",\"url\":\"https:\/\/secure.gravatar.com\/avatar\/?s=96&d=mm&r=g\",\"contentUrl\":\"https:\/\/secure.gravatar.com\/avatar\/?s=96&d=mm&r=g\",\"caption\":\"jacques lesage\"},\"url\":\"https:\/\/blogs.thesocialmedia.com\/leblogmoto\/author\/jacques-lesage\/\"}]}<\/script>\n<!-- \/ Yoast SEO plugin. -->","yoast_head_json":{"title":"Un casque sur la t\u00eate - leblogmoto.com","robots":{"index":"index","follow":"follow","max-snippet":"max-snippet:-1","max-image-preview":"max-image-preview:large","max-video-preview":"max-video-preview:-1"},"canonical":"https:\/\/blogs.thesocialmedia.com\/leblogmoto\/2008\/05\/28\/un-casque-sur-l\/","twitter_card":"summary_large_image","twitter_title":"Un casque sur la t\u00eate - leblogmoto.com","twitter_description":"Depuis quelque temps, je jouais avec l&rsquo;id\u00e9e de changer de casque. Et comme ce n&rsquo;\u00e9tait pas une n\u00e9cessit\u00e9, je regardais plut\u00f4t distraitement, rebut\u00e9 par les design mis de l&rsquo;avant par les fabricants.Je voulais bien un nouveau casque, mais pas trop bariol\u00e9, ni noir, comme c&rsquo;est la mode actuellement. Et puis, il y a trois semaines [&hellip;]","twitter_image":"http:\/\/www.leblogmoto.com\/images\/2008\/05\/27\/c01.jpg","twitter_misc":{"\u00c9crit par":"jacques lesage","Dur\u00e9e de lecture estim\u00e9e":"2 minutes"},"schema":{"@context":"https:\/\/schema.org","@graph":[{"@type":"WebPage","@id":"https:\/\/blogs.thesocialmedia.com\/leblogmoto\/2008\/05\/28\/un-casque-sur-l\/","url":"https:\/\/blogs.thesocialmedia.com\/leblogmoto\/2008\/05\/28\/un-casque-sur-l\/","name":"Un casque sur la t\u00eate - leblogmoto.com","isPartOf":{"@id":"https:\/\/blogs.thesocialmedia.com\/leblogmoto\/#website"},"primaryImageOfPage":{"@id":"https:\/\/blogs.thesocialmedia.com\/leblogmoto\/2008\/05\/28\/un-casque-sur-l\/#primaryimage"},"image":{"@id":"https:\/\/blogs.thesocialmedia.com\/leblogmoto\/2008\/05\/28\/un-casque-sur-l\/#primaryimage"},"thumbnailUrl":"http:\/\/www.leblogmoto.com\/images\/2008\/05\/27\/c01.jpg","datePublished":"2008-05-28T04:56:28+00:00","dateModified":"2012-07-11T15:50:26+00:00","author":{"@id":"https:\/\/blogs.thesocialmedia.com\/leblogmoto\/#\/schema\/person\/e82a0ca8a9a63d031586097a3ed58526"},"breadcrumb":{"@id":"https:\/\/blogs.thesocialmedia.com\/leblogmoto\/2008\/05\/28\/un-casque-sur-l\/#breadcrumb"},"inLanguage":"fr-FR","potentialAction":[{"@type":"ReadAction","target":["https:\/\/blogs.thesocialmedia.com\/leblogmoto\/2008\/05\/28\/un-casque-sur-l\/"]}]},{"@type":"ImageObject","inLanguage":"fr-FR","@id":"https:\/\/blogs.thesocialmedia.com\/leblogmoto\/2008\/05\/28\/un-casque-sur-l\/#primaryimage","url":"http:\/\/www.leblogmoto.com\/images\/2008\/05\/27\/c01.jpg","contentUrl":"http:\/\/www.leblogmoto.com\/images\/2008\/05\/27\/c01.jpg"},{"@type":"BreadcrumbList","@id":"https:\/\/blogs.thesocialmedia.com\/leblogmoto\/2008\/05\/28\/un-casque-sur-l\/#breadcrumb","itemListElement":[{"@type":"ListItem","position":1,"name":"Accueil","item":"https:\/\/blogs.thesocialmedia.com\/leblogmoto\/"},{"@type":"ListItem","position":2,"name":"Un casque sur la t\u00eate"}]},{"@type":"WebSite","@id":"https:\/\/blogs.thesocialmedia.com\/leblogmoto\/#website","url":"https:\/\/blogs.thesocialmedia.com\/leblogmoto\/","name":"leblogmoto","description":"Toute l&#039;actualit\u00e9 des 2 roues","potentialAction":[{"@type":"SearchAction","target":{"@type":"EntryPoint","urlTemplate":"https:\/\/blogs.thesocialmedia.com\/leblogmoto\/?s={search_term_string}"},"query-input":{"@type":"PropertyValueSpecification","valueRequired":true,"valueName":"search_term_string"}}],"inLanguage":"fr-FR"},{"@type":"Person","@id":"https:\/\/blogs.thesocialmedia.com\/leblogmoto\/#\/schema\/person\/e82a0ca8a9a63d031586097a3ed58526","name":"jacques lesage","image":{"@type":"ImageObject","inLanguage":"fr-FR","@id":"https:\/\/blogs.thesocialmedia.com\/leblogmoto\/#\/schema\/person\/image\/","url":"https:\/\/secure.gravatar.com\/avatar\/?s=96&d=mm&r=g","contentUrl":"https:\/\/secure.gravatar.com\/avatar\/?s=96&d=mm&r=g","caption":"jacques lesage"},"url":"https:\/\/blogs.thesocialmedia.com\/leblogmoto\/author\/jacques-lesage\/"}]}},"_links":{"self":[{"href":"https:\/\/blogs.thesocialmedia.com\/leblogmoto\/wp-json\/wp\/v2\/posts\/677","targetHints":{"allow":["GET"]}}],"collection":[{"href":"https:\/\/blogs.thesocialmedia.com\/leblogmoto\/wp-json\/wp\/v2\/posts"}],"about":[{"href":"https:\/\/blogs.thesocialmedia.com\/leblogmoto\/wp-json\/wp\/v2\/types\/post"}],"author":[{"embeddable":true,"href":"https:\/\/blogs.thesocialmedia.com\/leblogmoto\/wp-json\/wp\/v2\/users\/325"}],"replies":[{"embeddable":true,"href":"https:\/\/blogs.thesocialmedia.com\/leblogmoto\/wp-json\/wp\/v2\/comments?post=677"}],"version-history":[{"count":2,"href":"https:\/\/blogs.thesocialmedia.com\/leblogmoto\/wp-json\/wp\/v2\/posts\/677\/revisions"}],"predecessor-version":[{"id":10810,"href":"https:\/\/blogs.thesocialmedia.com\/leblogmoto\/wp-json\/wp\/v2\/posts\/677\/revisions\/10810"}],"wp:attachment":[{"href":"https:\/\/blogs.thesocialmedia.com\/leblogmoto\/wp-json\/wp\/v2\/media?parent=677"}],"wp:term":[{"taxonomy":"category","embeddable":true,"href":"https:\/\/blogs.thesocialmedia.com\/leblogmoto\/wp-json\/wp\/v2\/categories?post=677"},{"taxonomy":"post_tag","embeddable":true,"href":"https:\/\/blogs.thesocialmedia.com\/leblogmoto\/wp-json\/wp\/v2\/tags?post=677"}],"curies":[{"name":"wp","href":"https:\/\/api.w.org\/{rel}","templated":true}]}}