{"id":678,"date":"2008-05-27T04:12:47","date_gmt":"2008-05-27T04:12:47","guid":{"rendered":"http:\/\/blogs.thesocialmedia.com\/leblogmoto\/2008\/05\/27\/il-y-a-du-gaz-d\/"},"modified":"2012-07-11T15:50:20","modified_gmt":"2012-07-11T15:50:20","slug":"il-y-a-du-gaz-d","status":"publish","type":"post","link":"https:\/\/blogs.thesocialmedia.com\/leblogmoto\/2008\/05\/27\/il-y-a-du-gaz-d\/","title":{"rendered":"Il y a du gaz dans ma turbine!"},"content":{"rendered":"<p><a href=\"http:\/\/blogs.thesocialmedia.com\/leblogmoto\/files\/2012\/07\/373.jpg\"><img loading=\"lazy\" decoding=\"async\" width=\"470\" height=\"313\"  alt=\"373\" src=\"http:\/\/www.leblogmoto.com\/images\/2008\/05\/26\/373.jpg\" \/><\/a> <\/p>\n<p>La mode des turbines \u00e0 gaz sur les deux roues revient p\u00e9riodiquement faire son tour dans l\u2019actualit\u00e9, comme la saison des ouragans dans le Midwest am\u00e9ricain, avec beaucoup de bruit et de fureur.<\/p>\n<p>Peu pratique pour tout ce qui roule en raison des variations importantes et rapides de pouss\u00e9es avec, \u00e0 la cl\u00e9, un faible rendement, environ 25% de l\u2019\u00e9nergie consomm\u00e9e, selon le mod\u00e8le et la qualit\u00e9 de fabrication, la turbine se r\u00e9v\u00e8le plut\u00f4t inadapt\u00e9e pour faire face aux embouteillages urbains.<\/p>\n<p>Par contre, elle donne tout un spectacle, et se retrouve donc tout naturellement sur les pistes d\u2019acc\u00e9l\u00e9rations.<\/p>\n<p><a href=\"http:\/\/blogs.thesocialmedia.com\/leblogmoto\/files\/2012\/07\/ccab.jpg\"><img loading=\"lazy\" decoding=\"async\" width=\"470\" height=\"336\"  alt=\"Ccab\" src=\"http:\/\/www.leblogmoto.com\/images\/2008\/05\/26\/ccab.jpg\" \/><\/a> <\/p>\n<p>Cela vaut pour la turbine utilis\u00e9e telle quelle, mais un <a href=\"http:\/\/www.diseno-art.com\/encyclopedia\/vehicles\/road\/bikes\/MTT_Y2K.html\">constructeur am\u00e9ricain<\/a> a harnach\u00e9 une turbine d&rsquo;h\u00e9lico sur un ch\u00e2ssis de moto sport. Et si les d\u00e9parts n&rsquo;ont pas la foudroyante acc\u00e9l\u00e9ration d&rsquo;une Hayabusa, un coup parti, \u00e7a va vite, tr\u00e8s vite. Voir la vid\u00e9o ci-dessous.<\/p>\n<p><a href=\"http:\/\/clabedan.typepad.com\/.shared\/image.html?\/photos\/uncategorized\/2008\/05\/26\/jetb.jpg\"><img loading=\"lazy\" decoding=\"async\" width=\"470\" height=\"165\"  alt=\"Jetb\" src=\"http:\/\/www.leblogmoto.com\/images\/2008\/05\/26\/jetb.jpg\" \/><\/a> <\/p>\n<p>Les <a href=\"http:\/\/www.amtjets.com\/\">mod\u00e9listes<\/a> avertis utilisent depuis longtemps la turbine pour propulser leurs maquettes d\u2019avion \u00e0 r\u00e9action, et rien n\u2019emp\u00eache les plus aventureux d\u2019en installer un sur leur v\u00e9lo pour \u00e9pater la galerie.<\/p>\n<p><a href=\"http:\/\/clabedan.typepad.com\/.shared\/image.html?\/photos\/uncategorized\/2008\/05\/26\/8327.jpg\"><img loading=\"lazy\" decoding=\"async\" width=\"470\" height=\"351\"  alt=\"8327\" src=\"http:\/\/www.leblogmoto.com\/images\/2008\/05\/26\/8327.jpg\" \/><\/a> <\/p>\n<p>Les bricoleurs voudront fabriquer leur propre engin, et comme pour \u00e0 peu pr\u00e8s tout maintenant, le mode d\u2019emploi se trouve ais\u00e9ment sur internet. Deux suggestions parmi plusieurs, une <a href=\"http:\/\/www.aardvark.co.nz\/pjet\/\">en anglais<\/a> et l&rsquo;autre <a href=\"http:\/\/pagesperso-orange.fr\/jeantobec\/turboreacteur\/turboreacteur.htm\">en fran\u00e7ais<\/a>.<\/p>\n<p><object width=\"425\" height=\"355\"><param name=\"movie\" value=\"http:\/\/www.youtube.com\/v\/BgwmiQr_t8M&amp;hl=en&amp;rel=0\" \/><param name=\"wmode\" value=\"transparent\" \/><embed width=\"425\" height=\"355\" src=\"http:\/\/www.youtube.com\/v\/BgwmiQr_t8M&amp;hl=en&amp;rel=0\" type=\"application\/x-shockwave-flash\"><\/embed><\/object><\/p>\n<p><object width=\"425\" height=\"355\"><param name=\"movie\" value=\"http:\/\/www.youtube.com\/v\/fxuUjlTzLy0&amp;hl=en&amp;rel=0\" \/><param name=\"wmode\" value=\"transparent\" \/><embed width=\"425\" height=\"355\" src=\"http:\/\/www.youtube.com\/v\/fxuUjlTzLy0&amp;hl=en&amp;rel=0\" type=\"application\/x-shockwave-flash\"><\/embed><\/object><\/p>\n<p><object width=\"425\" height=\"355\"><param name=\"movie\" value=\"http:\/\/www.youtube.com\/v\/vcVOE9XXnRg&amp;hl=en&amp;rel=0\" \/><param name=\"wmode\" value=\"transparent\" \/><embed width=\"425\" height=\"355\" src=\"http:\/\/www.youtube.com\/v\/vcVOE9XXnRg&amp;hl=en&amp;rel=0\" type=\"application\/x-shockwave-flash\"><\/embed><\/object><\/p>\n","protected":false},"excerpt":{"rendered":"<p>La mode des turbines \u00e0 gaz sur les deux roues revient p\u00e9riodiquement faire son tour dans l\u2019actualit\u00e9, comme la saison des ouragans dans le Midwest am\u00e9ricain, avec beaucoup de bruit et de fureur. Peu pratique pour tout ce qui roule en raison des variations importantes et rapides de pouss\u00e9es avec, \u00e0 la cl\u00e9, un faible [&hellip;]<\/p>\n","protected":false},"author":325,"featured_media":0,"comment_status":"open","ping_status":"open","sticky":false,"template":"","format":"standard","meta":{"footnotes":""},"categories":[38,58,12],"tags":[],"class_list":["post-678","post","type-post","status-publish","format-standard","hentry","category-atelier","category-insolite","category-videos"],"yoast_head":"<!-- This site is optimized with the Yoast SEO plugin v26.0 - https:\/\/yoast.com\/wordpress\/plugins\/seo\/ -->\n<title>Il y a du gaz dans ma turbine! - leblogmoto.com<\/title>\n<meta name=\"robots\" content=\"index, follow, max-snippet:-1, max-image-preview:large, max-video-preview:-1\" \/>\n<link rel=\"canonical\" href=\"https:\/\/blogs.thesocialmedia.com\/leblogmoto\/2008\/05\/27\/il-y-a-du-gaz-d\/\" \/>\n<meta name=\"twitter:card\" content=\"summary_large_image\" \/>\n<meta name=\"twitter:title\" content=\"Il y a du gaz dans ma turbine! - leblogmoto.com\" \/>\n<meta name=\"twitter:description\" content=\"La mode des turbines \u00e0 gaz sur les deux roues revient p\u00e9riodiquement faire son tour dans l\u2019actualit\u00e9, comme la saison des ouragans dans le Midwest am\u00e9ricain, avec beaucoup de bruit et de fureur. Peu pratique pour tout ce qui roule en raison des variations importantes et rapides de pouss\u00e9es avec, \u00e0 la cl\u00e9, un faible [&hellip;]\" \/>\n<meta name=\"twitter:image\" content=\"http:\/\/www.leblogmoto.com\/images\/2008\/05\/26\/373.jpg\" \/>\n<meta name=\"twitter:label1\" content=\"\u00c9crit par\" \/>\n\t<meta name=\"twitter:data1\" content=\"jacques lesage\" \/>\n\t<meta name=\"twitter:label2\" content=\"Dur\u00e9e de lecture estim\u00e9e\" \/>\n\t<meta name=\"twitter:data2\" content=\"1 minute\" \/>\n<script type=\"application\/ld+json\" class=\"yoast-schema-graph\">{\"@context\":\"https:\/\/schema.org\",\"@graph\":[{\"@type\":\"WebPage\",\"@id\":\"https:\/\/blogs.thesocialmedia.com\/leblogmoto\/2008\/05\/27\/il-y-a-du-gaz-d\/\",\"url\":\"https:\/\/blogs.thesocialmedia.com\/leblogmoto\/2008\/05\/27\/il-y-a-du-gaz-d\/\",\"name\":\"Il y a du gaz dans ma turbine! - leblogmoto.com\",\"isPartOf\":{\"@id\":\"https:\/\/blogs.thesocialmedia.com\/leblogmoto\/#website\"},\"primaryImageOfPage\":{\"@id\":\"https:\/\/blogs.thesocialmedia.com\/leblogmoto\/2008\/05\/27\/il-y-a-du-gaz-d\/#primaryimage\"},\"image\":{\"@id\":\"https:\/\/blogs.thesocialmedia.com\/leblogmoto\/2008\/05\/27\/il-y-a-du-gaz-d\/#primaryimage\"},\"thumbnailUrl\":\"http:\/\/www.leblogmoto.com\/images\/2008\/05\/26\/373.jpg\",\"datePublished\":\"2008-05-27T04:12:47+00:00\",\"dateModified\":\"2012-07-11T15:50:20+00:00\",\"author\":{\"@id\":\"https:\/\/blogs.thesocialmedia.com\/leblogmoto\/#\/schema\/person\/e82a0ca8a9a63d031586097a3ed58526\"},\"breadcrumb\":{\"@id\":\"https:\/\/blogs.thesocialmedia.com\/leblogmoto\/2008\/05\/27\/il-y-a-du-gaz-d\/#breadcrumb\"},\"inLanguage\":\"fr-FR\",\"potentialAction\":[{\"@type\":\"ReadAction\",\"target\":[\"https:\/\/blogs.thesocialmedia.com\/leblogmoto\/2008\/05\/27\/il-y-a-du-gaz-d\/\"]}]},{\"@type\":\"ImageObject\",\"inLanguage\":\"fr-FR\",\"@id\":\"https:\/\/blogs.thesocialmedia.com\/leblogmoto\/2008\/05\/27\/il-y-a-du-gaz-d\/#primaryimage\",\"url\":\"http:\/\/www.leblogmoto.com\/images\/2008\/05\/26\/373.jpg\",\"contentUrl\":\"http:\/\/www.leblogmoto.com\/images\/2008\/05\/26\/373.jpg\"},{\"@type\":\"BreadcrumbList\",\"@id\":\"https:\/\/blogs.thesocialmedia.com\/leblogmoto\/2008\/05\/27\/il-y-a-du-gaz-d\/#breadcrumb\",\"itemListElement\":[{\"@type\":\"ListItem\",\"position\":1,\"name\":\"Accueil\",\"item\":\"https:\/\/blogs.thesocialmedia.com\/leblogmoto\/\"},{\"@type\":\"ListItem\",\"position\":2,\"name\":\"Il y a du gaz dans ma turbine!\"}]},{\"@type\":\"WebSite\",\"@id\":\"https:\/\/blogs.thesocialmedia.com\/leblogmoto\/#website\",\"url\":\"https:\/\/blogs.thesocialmedia.com\/leblogmoto\/\",\"name\":\"leblogmoto\",\"description\":\"Toute l&#039;actualit\u00e9 des 2 roues\",\"potentialAction\":[{\"@type\":\"SearchAction\",\"target\":{\"@type\":\"EntryPoint\",\"urlTemplate\":\"https:\/\/blogs.thesocialmedia.com\/leblogmoto\/?s={search_term_string}\"},\"query-input\":{\"@type\":\"PropertyValueSpecification\",\"valueRequired\":true,\"valueName\":\"search_term_string\"}}],\"inLanguage\":\"fr-FR\"},{\"@type\":\"Person\",\"@id\":\"https:\/\/blogs.thesocialmedia.com\/leblogmoto\/#\/schema\/person\/e82a0ca8a9a63d031586097a3ed58526\",\"name\":\"jacques lesage\",\"image\":{\"@type\":\"ImageObject\",\"inLanguage\":\"fr-FR\",\"@id\":\"https:\/\/blogs.thesocialmedia.com\/leblogmoto\/#\/schema\/person\/image\/\",\"url\":\"https:\/\/secure.gravatar.com\/avatar\/?s=96&d=mm&r=g\",\"contentUrl\":\"https:\/\/secure.gravatar.com\/avatar\/?s=96&d=mm&r=g\",\"caption\":\"jacques lesage\"},\"url\":\"https:\/\/blogs.thesocialmedia.com\/leblogmoto\/author\/jacques-lesage\/\"}]}<\/script>\n<!-- \/ Yoast SEO plugin. -->","yoast_head_json":{"title":"Il y a du gaz dans ma turbine! - leblogmoto.com","robots":{"index":"index","follow":"follow","max-snippet":"max-snippet:-1","max-image-preview":"max-image-preview:large","max-video-preview":"max-video-preview:-1"},"canonical":"https:\/\/blogs.thesocialmedia.com\/leblogmoto\/2008\/05\/27\/il-y-a-du-gaz-d\/","twitter_card":"summary_large_image","twitter_title":"Il y a du gaz dans ma turbine! - leblogmoto.com","twitter_description":"La mode des turbines \u00e0 gaz sur les deux roues revient p\u00e9riodiquement faire son tour dans l\u2019actualit\u00e9, comme la saison des ouragans dans le Midwest am\u00e9ricain, avec beaucoup de bruit et de fureur. Peu pratique pour tout ce qui roule en raison des variations importantes et rapides de pouss\u00e9es avec, \u00e0 la cl\u00e9, un faible [&hellip;]","twitter_image":"http:\/\/www.leblogmoto.com\/images\/2008\/05\/26\/373.jpg","twitter_misc":{"\u00c9crit par":"jacques lesage","Dur\u00e9e de lecture estim\u00e9e":"1 minute"},"schema":{"@context":"https:\/\/schema.org","@graph":[{"@type":"WebPage","@id":"https:\/\/blogs.thesocialmedia.com\/leblogmoto\/2008\/05\/27\/il-y-a-du-gaz-d\/","url":"https:\/\/blogs.thesocialmedia.com\/leblogmoto\/2008\/05\/27\/il-y-a-du-gaz-d\/","name":"Il y a du gaz dans ma turbine! - leblogmoto.com","isPartOf":{"@id":"https:\/\/blogs.thesocialmedia.com\/leblogmoto\/#website"},"primaryImageOfPage":{"@id":"https:\/\/blogs.thesocialmedia.com\/leblogmoto\/2008\/05\/27\/il-y-a-du-gaz-d\/#primaryimage"},"image":{"@id":"https:\/\/blogs.thesocialmedia.com\/leblogmoto\/2008\/05\/27\/il-y-a-du-gaz-d\/#primaryimage"},"thumbnailUrl":"http:\/\/www.leblogmoto.com\/images\/2008\/05\/26\/373.jpg","datePublished":"2008-05-27T04:12:47+00:00","dateModified":"2012-07-11T15:50:20+00:00","author":{"@id":"https:\/\/blogs.thesocialmedia.com\/leblogmoto\/#\/schema\/person\/e82a0ca8a9a63d031586097a3ed58526"},"breadcrumb":{"@id":"https:\/\/blogs.thesocialmedia.com\/leblogmoto\/2008\/05\/27\/il-y-a-du-gaz-d\/#breadcrumb"},"inLanguage":"fr-FR","potentialAction":[{"@type":"ReadAction","target":["https:\/\/blogs.thesocialmedia.com\/leblogmoto\/2008\/05\/27\/il-y-a-du-gaz-d\/"]}]},{"@type":"ImageObject","inLanguage":"fr-FR","@id":"https:\/\/blogs.thesocialmedia.com\/leblogmoto\/2008\/05\/27\/il-y-a-du-gaz-d\/#primaryimage","url":"http:\/\/www.leblogmoto.com\/images\/2008\/05\/26\/373.jpg","contentUrl":"http:\/\/www.leblogmoto.com\/images\/2008\/05\/26\/373.jpg"},{"@type":"BreadcrumbList","@id":"https:\/\/blogs.thesocialmedia.com\/leblogmoto\/2008\/05\/27\/il-y-a-du-gaz-d\/#breadcrumb","itemListElement":[{"@type":"ListItem","position":1,"name":"Accueil","item":"https:\/\/blogs.thesocialmedia.com\/leblogmoto\/"},{"@type":"ListItem","position":2,"name":"Il y a du gaz dans ma turbine!"}]},{"@type":"WebSite","@id":"https:\/\/blogs.thesocialmedia.com\/leblogmoto\/#website","url":"https:\/\/blogs.thesocialmedia.com\/leblogmoto\/","name":"leblogmoto","description":"Toute l&#039;actualit\u00e9 des 2 roues","potentialAction":[{"@type":"SearchAction","target":{"@type":"EntryPoint","urlTemplate":"https:\/\/blogs.thesocialmedia.com\/leblogmoto\/?s={search_term_string}"},"query-input":{"@type":"PropertyValueSpecification","valueRequired":true,"valueName":"search_term_string"}}],"inLanguage":"fr-FR"},{"@type":"Person","@id":"https:\/\/blogs.thesocialmedia.com\/leblogmoto\/#\/schema\/person\/e82a0ca8a9a63d031586097a3ed58526","name":"jacques lesage","image":{"@type":"ImageObject","inLanguage":"fr-FR","@id":"https:\/\/blogs.thesocialmedia.com\/leblogmoto\/#\/schema\/person\/image\/","url":"https:\/\/secure.gravatar.com\/avatar\/?s=96&d=mm&r=g","contentUrl":"https:\/\/secure.gravatar.com\/avatar\/?s=96&d=mm&r=g","caption":"jacques lesage"},"url":"https:\/\/blogs.thesocialmedia.com\/leblogmoto\/author\/jacques-lesage\/"}]}},"_links":{"self":[{"href":"https:\/\/blogs.thesocialmedia.com\/leblogmoto\/wp-json\/wp\/v2\/posts\/678","targetHints":{"allow":["GET"]}}],"collection":[{"href":"https:\/\/blogs.thesocialmedia.com\/leblogmoto\/wp-json\/wp\/v2\/posts"}],"about":[{"href":"https:\/\/blogs.thesocialmedia.com\/leblogmoto\/wp-json\/wp\/v2\/types\/post"}],"author":[{"embeddable":true,"href":"https:\/\/blogs.thesocialmedia.com\/leblogmoto\/wp-json\/wp\/v2\/users\/325"}],"replies":[{"embeddable":true,"href":"https:\/\/blogs.thesocialmedia.com\/leblogmoto\/wp-json\/wp\/v2\/comments?post=678"}],"version-history":[{"count":2,"href":"https:\/\/blogs.thesocialmedia.com\/leblogmoto\/wp-json\/wp\/v2\/posts\/678\/revisions"}],"predecessor-version":[{"id":10805,"href":"https:\/\/blogs.thesocialmedia.com\/leblogmoto\/wp-json\/wp\/v2\/posts\/678\/revisions\/10805"}],"wp:attachment":[{"href":"https:\/\/blogs.thesocialmedia.com\/leblogmoto\/wp-json\/wp\/v2\/media?parent=678"}],"wp:term":[{"taxonomy":"category","embeddable":true,"href":"https:\/\/blogs.thesocialmedia.com\/leblogmoto\/wp-json\/wp\/v2\/categories?post=678"},{"taxonomy":"post_tag","embeddable":true,"href":"https:\/\/blogs.thesocialmedia.com\/leblogmoto\/wp-json\/wp\/v2\/tags?post=678"}],"curies":[{"name":"wp","href":"https:\/\/api.w.org\/{rel}","templated":true}]}}