{"id":683,"date":"2008-05-24T23:59:11","date_gmt":"2008-05-24T23:59:11","guid":{"rendered":"http:\/\/blogs.thesocialmedia.com\/leblogmoto\/2008\/05\/24\/les-pilotes-mot\/"},"modified":"2012-07-11T15:49:11","modified_gmt":"2012-07-11T15:49:11","slug":"les-pilotes-mot","status":"publish","type":"post","link":"https:\/\/blogs.thesocialmedia.com\/leblogmoto\/2008\/05\/24\/les-pilotes-mot\/","title":{"rendered":"Les pilotes moto fran\u00e7ais les mieux pay\u00e9s selon l&rsquo;Equipe Mag."},"content":{"rendered":"<p><a href=\"http:\/\/blogs.thesocialmedia.com\/leblogmoto\/files\/2012\/07\/randy_de_puniet1.jpg\"><img loading=\"lazy\" decoding=\"async\" width=\"470\" height=\"602\"  src=\"http:\/\/www.leblogmoto.com\/images\/2008\/05\/24\/randy_de_puniet.jpg\" alt=\"Randy_de_puniet\" \/><\/a><\/p>\n<p>&quot;Mieux vaut tard que jamais&quot; dit la sagesse populaire. C&rsquo;est avec cette maxime \u00e0 l&rsquo;esprit que j&rsquo;ai rep\u00e9r\u00e9 dans le magazine <a href=\"http:\/\/www.lequipe.fr\/\">l&rsquo;Equipe<\/a>, intitul\u00e9 &quot;Salaires des Champions&quot; et dat\u00e9 d&rsquo;il y a un peu plus d&rsquo;un mois (le 5 avril) ce tr\u00e8s int\u00e9ressant article. Au passage, vive les salles d&rsquo;attente des dentistes et leurs lectures&#8230; Malgr\u00e9 leurs salaires mirifiques, surtout pour certains eu \u00e9gard leurs r\u00e9sultats, inutile de les pointer pour autant du doigt: pour \u00eatre grassement r\u00e9mun\u00e9r\u00e9 de nos jours il vaut mieux t\u00e2ter du ballon rond du pied (ou de la main comme Tony Parker) que d&rsquo;\u00eatre au guidon d&rsquo;un quatre cylindres. En t\u00e9moigne la couverture du mag, consacr\u00e9e \u00e0 Thierry Henry. <\/p>\n<p>Comme l&rsquo;annonce la photo en t\u00eate d&rsquo;article, Randy de Puniet est premier avec 650.000 \u20ac de revenus en 2007*, transfuge de Kawasaki chez LCR et contractuellement li\u00e9 pour deux ans avec ce petit du HRC. C&rsquo;est 100.00 \u20ac de mieux qu&rsquo;en 2006, nul doute que sa deuxi\u00e8me place \u00e0 Motegi l&rsquo;ann\u00e9e derni\u00e8re y est pour quelque chose.<\/p>\n<p><a href=\"http:\/\/clabedan.typepad.com\/.shared\/image.html?\/photos\/uncategorized\/2008\/05\/24\/david_vuillemin.jpg\"><img loading=\"lazy\" decoding=\"async\" width=\"470\" height=\"313\"  alt=\"David_vuillemin\" src=\"http:\/\/www.leblogmoto.com\/images\/2008\/05\/24\/david_vuillemin.jpg\" \/><\/a><\/p>\n<p>Une bonne surprise de retrouver en seconde place avec 450.00 \u20ac de revenus annuels, quelqu&rsquo;un d&rsquo;autre qu&rsquo;un sp\u00e9cialiste des \u00e9preuves de vitesse, avec l&rsquo;expatri\u00e9 David Vuillemin, qui continue en MX et SX aux USA, sur la m\u00eame monture (Honda) que celle que chevauchait son illustre a\u00een\u00e9, Jean-Miche Bayle.<\/p>\n<p><a href=\"http:\/\/blogs.thesocialmedia.com\/leblogmoto\/files\/2012\/07\/sylvain_guintoli.jpg\"><img loading=\"lazy\" decoding=\"async\" width=\"470\" height=\"352\"  alt=\"Sylvain_guintoli\" src=\"http:\/\/www.leblogmoto.com\/images\/2008\/05\/24\/sylvain_guintoli.jpg\" \/><\/a><\/p>\n<p>Pass\u00e9 depuis chez Alice Ducati, Sylvain Guintoli a quant \u00e0 lui accumul\u00e9 360.000 \u20ac sz gains avec Yamaha Tech 3. Peut-\u00eatre qu&rsquo;au vu des excellents r\u00e9sultats actuels de Colin Edwards regrette t&rsquo;il d&rsquo;avoir d\u00e9laiss\u00e9 l&rsquo;\u00e9curie fran\u00e7aise. <\/p>\n<p><a href=\"http:\/\/blogs.thesocialmedia.com\/leblogmoto\/files\/2012\/07\/olivier_jacque.jpg\"><img loading=\"lazy\" decoding=\"async\" width=\"470\" height=\"312\"  alt=\"Olivier_jacque\" src=\"http:\/\/www.leblogmoto.com\/images\/2008\/05\/24\/olivier_jacque.jpg\" \/><\/a><\/p>\n<p>Olivier Jacque qui sur ce clich\u00e9 regarde pensivement son Shark RSR II, \u00e9marge \u00e0 350.000 \u20ac. Belle perf lorsqu&rsquo;on sait que son guidon de pilote titulaire s&rsquo;est transform\u00e9 en place de pilote essayeur (au moins jusqu&rsquo;\u00e0 2009 compris), de son plein gr\u00e9, il faut le souligner.<\/p>\n<p><a href=\"http:\/\/blogs.thesocialmedia.com\/leblogmoto\/files\/2012\/07\/cyril_despres.jpg\"><img loading=\"lazy\" decoding=\"async\" width=\"470\" height=\"306\"  alt=\"Cyril_despres\" src=\"http:\/\/www.leblogmoto.com\/images\/2008\/05\/24\/cyril_despres.jpg\" \/><\/a><\/p>\n<p>Cinqui\u00e8me de ce classement, Cyril Despres, compl\u00e8te ce Top 5, plus panach\u00e9 dans ses disciplines qu&rsquo;il n&rsquo;y paraissait au premier abord. Le vainqueur du Dakar 2007 (et tout r\u00e9cemment du Rallye de Sardaigne ce mois-ci) a cumul\u00e9 260.000 \u20ac.<\/p>\n<p>Je serais curieux de conna\u00eetre le classement de Charpentier, double champion du monde de Supersport, et r\u00e9cent retrait\u00e9. Pour comparaison et pour rendre un peu de champ, de recul, &quot;Titi&quot; a touch\u00e9 17,4 millions d&rsquo;euros en 2007 \u00e0 Barcelone, alors que dans d&rsquo;autres sports m\u00e9ca, S\u00e9bastien Loeb gagnait 5,3 M\u20ac.<\/p>\n<p><em>*m\u00eame si les gains sont cumul\u00e9s sur une ann\u00e9e civile, <\/em><em>dans un souci de coller \u00e0 l&rsquo;actualit\u00e9, <\/em><em>les combardes et sponsors sont aux couleurs de cette ann\u00e9e, m\u00eame si le web fourmille &#8211; par exemple &#8211; d&rsquo;images de Randy sur sa Kawa.<\/em> <\/p>\n","protected":false},"excerpt":{"rendered":"<p>&quot;Mieux vaut tard que jamais&quot; dit la sagesse populaire. C&rsquo;est avec cette maxime \u00e0 l&rsquo;esprit que j&rsquo;ai rep\u00e9r\u00e9 dans le magazine l&rsquo;Equipe, intitul\u00e9 &quot;Salaires des Champions&quot; et dat\u00e9 d&rsquo;il y a un peu plus d&rsquo;un mois (le 5 avril) ce tr\u00e8s int\u00e9ressant article. Au passage, vive les salles d&rsquo;attente des dentistes et leurs lectures&#8230; Malgr\u00e9 [&hellip;]<\/p>\n","protected":false},"author":324,"featured_media":0,"comment_status":"open","ping_status":"open","sticky":false,"template":"","format":"standard","meta":{"footnotes":""},"categories":[3,66,22,61,32,57],"tags":[],"class_list":["post-683","post","type-post","status-publish","format-standard","hentry","category-actualite","category-moto-cross","category-motogp","category-rallye-raid","category-sport-moto","category-supercross"],"yoast_head":"<!-- This site is optimized with the Yoast SEO plugin v26.0 - https:\/\/yoast.com\/wordpress\/plugins\/seo\/ -->\n<title>Les pilotes moto fran\u00e7ais les mieux pay\u00e9s selon l&#039;Equipe Mag. - leblogmoto.com<\/title>\n<meta name=\"robots\" content=\"index, follow, max-snippet:-1, max-image-preview:large, max-video-preview:-1\" \/>\n<link rel=\"canonical\" href=\"https:\/\/blogs.thesocialmedia.com\/leblogmoto\/2008\/05\/24\/les-pilotes-mot\/\" \/>\n<meta name=\"twitter:card\" content=\"summary_large_image\" \/>\n<meta name=\"twitter:title\" content=\"Les pilotes moto fran\u00e7ais les mieux pay\u00e9s selon l&#039;Equipe Mag. - leblogmoto.com\" \/>\n<meta name=\"twitter:description\" content=\"&quot;Mieux vaut tard que jamais&quot; dit la sagesse populaire. C&rsquo;est avec cette maxime \u00e0 l&rsquo;esprit que j&rsquo;ai rep\u00e9r\u00e9 dans le magazine l&rsquo;Equipe, intitul\u00e9 &quot;Salaires des Champions&quot; et dat\u00e9 d&rsquo;il y a un peu plus d&rsquo;un mois (le 5 avril) ce tr\u00e8s int\u00e9ressant article. Au passage, vive les salles d&rsquo;attente des dentistes et leurs lectures&#8230; Malgr\u00e9 [&hellip;]\" \/>\n<meta name=\"twitter:image\" content=\"http:\/\/www.leblogmoto.com\/images\/2008\/05\/24\/randy_de_puniet.jpg\" \/>\n<meta name=\"twitter:label1\" content=\"\u00c9crit par\" \/>\n\t<meta name=\"twitter:data1\" content=\"benoit rieu\" \/>\n\t<meta name=\"twitter:label2\" content=\"Dur\u00e9e de lecture estim\u00e9e\" \/>\n\t<meta name=\"twitter:data2\" content=\"2 minutes\" \/>\n<script type=\"application\/ld+json\" class=\"yoast-schema-graph\">{\"@context\":\"https:\/\/schema.org\",\"@graph\":[{\"@type\":\"WebPage\",\"@id\":\"https:\/\/blogs.thesocialmedia.com\/leblogmoto\/2008\/05\/24\/les-pilotes-mot\/\",\"url\":\"https:\/\/blogs.thesocialmedia.com\/leblogmoto\/2008\/05\/24\/les-pilotes-mot\/\",\"name\":\"Les pilotes moto fran\u00e7ais les mieux pay\u00e9s selon l'Equipe Mag. - leblogmoto.com\",\"isPartOf\":{\"@id\":\"https:\/\/blogs.thesocialmedia.com\/leblogmoto\/#website\"},\"primaryImageOfPage\":{\"@id\":\"https:\/\/blogs.thesocialmedia.com\/leblogmoto\/2008\/05\/24\/les-pilotes-mot\/#primaryimage\"},\"image\":{\"@id\":\"https:\/\/blogs.thesocialmedia.com\/leblogmoto\/2008\/05\/24\/les-pilotes-mot\/#primaryimage\"},\"thumbnailUrl\":\"http:\/\/www.leblogmoto.com\/images\/2008\/05\/24\/randy_de_puniet.jpg\",\"datePublished\":\"2008-05-24T23:59:11+00:00\",\"dateModified\":\"2012-07-11T15:49:11+00:00\",\"author\":{\"@id\":\"https:\/\/blogs.thesocialmedia.com\/leblogmoto\/#\/schema\/person\/18bfe773e5725ed6d24f743da805362a\"},\"breadcrumb\":{\"@id\":\"https:\/\/blogs.thesocialmedia.com\/leblogmoto\/2008\/05\/24\/les-pilotes-mot\/#breadcrumb\"},\"inLanguage\":\"fr-FR\",\"potentialAction\":[{\"@type\":\"ReadAction\",\"target\":[\"https:\/\/blogs.thesocialmedia.com\/leblogmoto\/2008\/05\/24\/les-pilotes-mot\/\"]}]},{\"@type\":\"ImageObject\",\"inLanguage\":\"fr-FR\",\"@id\":\"https:\/\/blogs.thesocialmedia.com\/leblogmoto\/2008\/05\/24\/les-pilotes-mot\/#primaryimage\",\"url\":\"http:\/\/www.leblogmoto.com\/images\/2008\/05\/24\/randy_de_puniet.jpg\",\"contentUrl\":\"http:\/\/www.leblogmoto.com\/images\/2008\/05\/24\/randy_de_puniet.jpg\"},{\"@type\":\"BreadcrumbList\",\"@id\":\"https:\/\/blogs.thesocialmedia.com\/leblogmoto\/2008\/05\/24\/les-pilotes-mot\/#breadcrumb\",\"itemListElement\":[{\"@type\":\"ListItem\",\"position\":1,\"name\":\"Accueil\",\"item\":\"https:\/\/blogs.thesocialmedia.com\/leblogmoto\/\"},{\"@type\":\"ListItem\",\"position\":2,\"name\":\"Les pilotes moto fran\u00e7ais les mieux pay\u00e9s selon l&rsquo;Equipe Mag.\"}]},{\"@type\":\"WebSite\",\"@id\":\"https:\/\/blogs.thesocialmedia.com\/leblogmoto\/#website\",\"url\":\"https:\/\/blogs.thesocialmedia.com\/leblogmoto\/\",\"name\":\"leblogmoto\",\"description\":\"Toute l&#039;actualit\u00e9 des 2 roues\",\"potentialAction\":[{\"@type\":\"SearchAction\",\"target\":{\"@type\":\"EntryPoint\",\"urlTemplate\":\"https:\/\/blogs.thesocialmedia.com\/leblogmoto\/?s={search_term_string}\"},\"query-input\":{\"@type\":\"PropertyValueSpecification\",\"valueRequired\":true,\"valueName\":\"search_term_string\"}}],\"inLanguage\":\"fr-FR\"},{\"@type\":\"Person\",\"@id\":\"https:\/\/blogs.thesocialmedia.com\/leblogmoto\/#\/schema\/person\/18bfe773e5725ed6d24f743da805362a\",\"name\":\"benoit rieu\",\"image\":{\"@type\":\"ImageObject\",\"inLanguage\":\"fr-FR\",\"@id\":\"https:\/\/blogs.thesocialmedia.com\/leblogmoto\/#\/schema\/person\/image\/\",\"url\":\"https:\/\/secure.gravatar.com\/avatar\/?s=96&d=mm&r=g\",\"contentUrl\":\"https:\/\/secure.gravatar.com\/avatar\/?s=96&d=mm&r=g\",\"caption\":\"benoit rieu\"},\"url\":\"https:\/\/blogs.thesocialmedia.com\/leblogmoto\/author\/benoit-rieu\/\"}]}<\/script>\n<!-- \/ Yoast SEO plugin. -->","yoast_head_json":{"title":"Les pilotes moto fran\u00e7ais les mieux pay\u00e9s selon l'Equipe Mag. - leblogmoto.com","robots":{"index":"index","follow":"follow","max-snippet":"max-snippet:-1","max-image-preview":"max-image-preview:large","max-video-preview":"max-video-preview:-1"},"canonical":"https:\/\/blogs.thesocialmedia.com\/leblogmoto\/2008\/05\/24\/les-pilotes-mot\/","twitter_card":"summary_large_image","twitter_title":"Les pilotes moto fran\u00e7ais les mieux pay\u00e9s selon l'Equipe Mag. - leblogmoto.com","twitter_description":"&quot;Mieux vaut tard que jamais&quot; dit la sagesse populaire. C&rsquo;est avec cette maxime \u00e0 l&rsquo;esprit que j&rsquo;ai rep\u00e9r\u00e9 dans le magazine l&rsquo;Equipe, intitul\u00e9 &quot;Salaires des Champions&quot; et dat\u00e9 d&rsquo;il y a un peu plus d&rsquo;un mois (le 5 avril) ce tr\u00e8s int\u00e9ressant article. Au passage, vive les salles d&rsquo;attente des dentistes et leurs lectures&#8230; Malgr\u00e9 [&hellip;]","twitter_image":"http:\/\/www.leblogmoto.com\/images\/2008\/05\/24\/randy_de_puniet.jpg","twitter_misc":{"\u00c9crit par":"benoit rieu","Dur\u00e9e de lecture estim\u00e9e":"2 minutes"},"schema":{"@context":"https:\/\/schema.org","@graph":[{"@type":"WebPage","@id":"https:\/\/blogs.thesocialmedia.com\/leblogmoto\/2008\/05\/24\/les-pilotes-mot\/","url":"https:\/\/blogs.thesocialmedia.com\/leblogmoto\/2008\/05\/24\/les-pilotes-mot\/","name":"Les pilotes moto fran\u00e7ais les mieux pay\u00e9s selon l'Equipe Mag. - leblogmoto.com","isPartOf":{"@id":"https:\/\/blogs.thesocialmedia.com\/leblogmoto\/#website"},"primaryImageOfPage":{"@id":"https:\/\/blogs.thesocialmedia.com\/leblogmoto\/2008\/05\/24\/les-pilotes-mot\/#primaryimage"},"image":{"@id":"https:\/\/blogs.thesocialmedia.com\/leblogmoto\/2008\/05\/24\/les-pilotes-mot\/#primaryimage"},"thumbnailUrl":"http:\/\/www.leblogmoto.com\/images\/2008\/05\/24\/randy_de_puniet.jpg","datePublished":"2008-05-24T23:59:11+00:00","dateModified":"2012-07-11T15:49:11+00:00","author":{"@id":"https:\/\/blogs.thesocialmedia.com\/leblogmoto\/#\/schema\/person\/18bfe773e5725ed6d24f743da805362a"},"breadcrumb":{"@id":"https:\/\/blogs.thesocialmedia.com\/leblogmoto\/2008\/05\/24\/les-pilotes-mot\/#breadcrumb"},"inLanguage":"fr-FR","potentialAction":[{"@type":"ReadAction","target":["https:\/\/blogs.thesocialmedia.com\/leblogmoto\/2008\/05\/24\/les-pilotes-mot\/"]}]},{"@type":"ImageObject","inLanguage":"fr-FR","@id":"https:\/\/blogs.thesocialmedia.com\/leblogmoto\/2008\/05\/24\/les-pilotes-mot\/#primaryimage","url":"http:\/\/www.leblogmoto.com\/images\/2008\/05\/24\/randy_de_puniet.jpg","contentUrl":"http:\/\/www.leblogmoto.com\/images\/2008\/05\/24\/randy_de_puniet.jpg"},{"@type":"BreadcrumbList","@id":"https:\/\/blogs.thesocialmedia.com\/leblogmoto\/2008\/05\/24\/les-pilotes-mot\/#breadcrumb","itemListElement":[{"@type":"ListItem","position":1,"name":"Accueil","item":"https:\/\/blogs.thesocialmedia.com\/leblogmoto\/"},{"@type":"ListItem","position":2,"name":"Les pilotes moto fran\u00e7ais les mieux pay\u00e9s selon l&rsquo;Equipe Mag."}]},{"@type":"WebSite","@id":"https:\/\/blogs.thesocialmedia.com\/leblogmoto\/#website","url":"https:\/\/blogs.thesocialmedia.com\/leblogmoto\/","name":"leblogmoto","description":"Toute l&#039;actualit\u00e9 des 2 roues","potentialAction":[{"@type":"SearchAction","target":{"@type":"EntryPoint","urlTemplate":"https:\/\/blogs.thesocialmedia.com\/leblogmoto\/?s={search_term_string}"},"query-input":{"@type":"PropertyValueSpecification","valueRequired":true,"valueName":"search_term_string"}}],"inLanguage":"fr-FR"},{"@type":"Person","@id":"https:\/\/blogs.thesocialmedia.com\/leblogmoto\/#\/schema\/person\/18bfe773e5725ed6d24f743da805362a","name":"benoit rieu","image":{"@type":"ImageObject","inLanguage":"fr-FR","@id":"https:\/\/blogs.thesocialmedia.com\/leblogmoto\/#\/schema\/person\/image\/","url":"https:\/\/secure.gravatar.com\/avatar\/?s=96&d=mm&r=g","contentUrl":"https:\/\/secure.gravatar.com\/avatar\/?s=96&d=mm&r=g","caption":"benoit rieu"},"url":"https:\/\/blogs.thesocialmedia.com\/leblogmoto\/author\/benoit-rieu\/"}]}},"_links":{"self":[{"href":"https:\/\/blogs.thesocialmedia.com\/leblogmoto\/wp-json\/wp\/v2\/posts\/683","targetHints":{"allow":["GET"]}}],"collection":[{"href":"https:\/\/blogs.thesocialmedia.com\/leblogmoto\/wp-json\/wp\/v2\/posts"}],"about":[{"href":"https:\/\/blogs.thesocialmedia.com\/leblogmoto\/wp-json\/wp\/v2\/types\/post"}],"author":[{"embeddable":true,"href":"https:\/\/blogs.thesocialmedia.com\/leblogmoto\/wp-json\/wp\/v2\/users\/324"}],"replies":[{"embeddable":true,"href":"https:\/\/blogs.thesocialmedia.com\/leblogmoto\/wp-json\/wp\/v2\/comments?post=683"}],"version-history":[{"count":2,"href":"https:\/\/blogs.thesocialmedia.com\/leblogmoto\/wp-json\/wp\/v2\/posts\/683\/revisions"}],"predecessor-version":[{"id":10766,"href":"https:\/\/blogs.thesocialmedia.com\/leblogmoto\/wp-json\/wp\/v2\/posts\/683\/revisions\/10766"}],"wp:attachment":[{"href":"https:\/\/blogs.thesocialmedia.com\/leblogmoto\/wp-json\/wp\/v2\/media?parent=683"}],"wp:term":[{"taxonomy":"category","embeddable":true,"href":"https:\/\/blogs.thesocialmedia.com\/leblogmoto\/wp-json\/wp\/v2\/categories?post=683"},{"taxonomy":"post_tag","embeddable":true,"href":"https:\/\/blogs.thesocialmedia.com\/leblogmoto\/wp-json\/wp\/v2\/tags?post=683"}],"curies":[{"name":"wp","href":"https:\/\/api.w.org\/{rel}","templated":true}]}}