{"id":689,"date":"2008-05-23T03:53:24","date_gmt":"2008-05-23T03:53:24","guid":{"rendered":"http:\/\/blogs.thesocialmedia.com\/leblogmoto\/2008\/05\/23\/album-du-vend-3-10\/"},"modified":"2012-07-11T15:48:40","modified_gmt":"2012-07-11T15:48:40","slug":"album-du-vend-3-10","status":"publish","type":"post","link":"https:\/\/blogs.thesocialmedia.com\/leblogmoto\/2008\/05\/23\/album-du-vend-3-10\/","title":{"rendered":"Album du vendredi, Fais moi un dessin"},"content":{"rendered":"<p><a href=\"http:\/\/blogs.thesocialmedia.com\/leblogmoto\/files\/2012\/07\/aff1.jpg\"><img loading=\"lazy\" decoding=\"async\" width=\"470\" height=\"235\"  alt=\"Aff1\" src=\"http:\/\/www.leblogmoto.com\/images\/2008\/05\/22\/aff1.jpg\" \/><\/a> <\/p>\n<p>Sp\u00e9cial illustration donc avec cet album du vendredi, o\u00f9 la suggestion peut parfois \u00eatre plus \u00e9vocatrice que la photo, et parfois m\u00eame, l&rsquo;exp\u00e9rience directe.<br \/>J&rsquo;ai beau avoir fait les beaux-arts, le dessin n&rsquo;\u00e9tait pas ma mati\u00e8re forte, et je le regrette parfois, devant la virtuosit\u00e9 dont font preuve bien des illustrateurs.<\/p>\n<p>\u00c9clectisme est le mot cl\u00e9 pour cet album, les \u00e9poques se suivent et se chevauchent, les styles s&rsquo;entrechoquent, mais la moto demeure le point d&rsquo;int\u00e9r\u00eat.<\/p>\n<p>L&rsquo;album se termine avec une des nombreuses affiches pour le prochain film de Batman, \u00abThe Dark Knight\u00bb. Pas de petit dessin ici, mais le r\u00e9alisme photographique est tellement tritur\u00e9 et spectaculaire, que \u00e7a demeure du grand art. Vous pouvez trouver cette version ainsi que les autres sur le site du film, <a href=\"http:\/\/thedarkknight.warnerbros.com\/\">ici<\/a>.<\/p>\n<p><a href=\"http:\/\/clabedan.typepad.com\/.shared\/image.html?\/photos\/uncategorized\/2008\/05\/22\/aff2.jpg\"><img loading=\"lazy\" decoding=\"async\" width=\"470\" height=\"360\"  alt=\"Aff2\" src=\"http:\/\/www.leblogmoto.com\/images\/2008\/05\/22\/aff2.jpg\" \/><\/a> <\/p>\n<p><a href=\"http:\/\/blogs.thesocialmedia.com\/leblogmoto\/files\/2012\/07\/aff3.jpg\"><img loading=\"lazy\" decoding=\"async\" width=\"470\" height=\"331\"  alt=\"Aff3\" src=\"http:\/\/www.leblogmoto.com\/images\/2008\/05\/22\/aff3.jpg\" \/><\/a> <\/p>\n<p><a href=\"http:\/\/blogs.thesocialmedia.com\/leblogmoto\/files\/2012\/07\/aff4.jpg\"><img loading=\"lazy\" decoding=\"async\" width=\"470\" height=\"320\"  alt=\"Aff4\" src=\"http:\/\/www.leblogmoto.com\/images\/2008\/05\/22\/aff4.jpg\" \/><\/a> <\/p>\n<p><a href=\"http:\/\/blogs.thesocialmedia.com\/leblogmoto\/files\/2012\/07\/aff5.jpg\"><img loading=\"lazy\" decoding=\"async\" width=\"470\" height=\"299\"  alt=\"Aff5\" src=\"http:\/\/www.leblogmoto.com\/images\/2008\/05\/22\/aff5.jpg\" \/><\/a> <\/p>\n<p><a href=\"http:\/\/blogs.thesocialmedia.com\/leblogmoto\/files\/2012\/07\/aff6.jpg\"><img loading=\"lazy\" decoding=\"async\" width=\"470\" height=\"453\"  alt=\"Aff6\" src=\"http:\/\/www.leblogmoto.com\/images\/2008\/05\/22\/aff6.jpg\" \/><\/a> <\/p>\n<p><a href=\"http:\/\/blogs.thesocialmedia.com\/leblogmoto\/files\/2012\/07\/aff7.jpg\"><img loading=\"lazy\" decoding=\"async\" width=\"470\" height=\"470\"  alt=\"Aff7\" src=\"http:\/\/www.leblogmoto.com\/images\/2008\/05\/22\/aff7.jpg\" \/><\/a> <\/p>\n<p><a href=\"http:\/\/blogs.thesocialmedia.com\/leblogmoto\/files\/2012\/07\/aff8.jpg\"><img loading=\"lazy\" decoding=\"async\" width=\"470\" height=\"356\"  alt=\"Aff8\" src=\"http:\/\/www.leblogmoto.com\/images\/2008\/05\/22\/aff8.jpg\" \/><\/a> <\/p>\n<p><a href=\"http:\/\/blogs.thesocialmedia.com\/leblogmoto\/files\/2012\/07\/aff9.jpg\"><img loading=\"lazy\" decoding=\"async\" width=\"470\" height=\"657\"  alt=\"Aff9\" src=\"http:\/\/www.leblogmoto.com\/images\/2008\/05\/22\/aff9.jpg\" \/><\/a> <\/p>\n<p><a href=\"http:\/\/blogs.thesocialmedia.com\/leblogmoto\/files\/2012\/07\/aff10.jpg\"><img loading=\"lazy\" decoding=\"async\" width=\"470\" height=\"771\"  alt=\"Aff10\" src=\"http:\/\/www.leblogmoto.com\/images\/2008\/05\/22\/aff10.jpg\" \/><\/a> <\/p>\n<p>Et puis, je me permets de sugg\u00e9rer quelques liens vers des blogs d&rsquo;illustrateurs parmi mes pr\u00e9f\u00e9r\u00e9s.<\/p>\n<p><a href=\"http:\/\/drawn.ca\/\">Drawn!<\/a><br \/><a href=\"http:\/\/todaysinspiration.blogspot.com\/\">Today&rsquo;s Inspiration<\/a><br \/><a href=\"http:\/\/www.rose-a-petits-pois.blogspot.com\/\">Rose a petits pois<\/a><br \/><a href=\"http:\/\/tropicaltoxic.blogspot.com\/\">Tropical toxic<\/a><br \/><a href=\"http:\/\/polyminthe.blogspot.com\/\">Le vide-grenier de Polyminthe<\/a><br \/><a href=\"http:\/\/stefsketches.blogspot.com\/\">Stef&rsquo;s sketches<\/a><\/p>\n","protected":false},"excerpt":{"rendered":"<p>Sp\u00e9cial illustration donc avec cet album du vendredi, o\u00f9 la suggestion peut parfois \u00eatre plus \u00e9vocatrice que la photo, et parfois m\u00eame, l&rsquo;exp\u00e9rience directe.J&rsquo;ai beau avoir fait les beaux-arts, le dessin n&rsquo;\u00e9tait pas ma mati\u00e8re forte, et je le regrette parfois, devant la virtuosit\u00e9 dont font preuve bien des illustrateurs. \u00c9clectisme est le mot cl\u00e9 [&hellip;]<\/p>\n","protected":false},"author":325,"featured_media":0,"comment_status":"open","ping_status":"open","sticky":false,"template":"","format":"standard","meta":{"footnotes":""},"categories":[16],"tags":[],"class_list":["post-689","post","type-post","status-publish","format-standard","hentry","category-art-moto"],"yoast_head":"<!-- This site is optimized with the Yoast SEO plugin v26.0 - https:\/\/yoast.com\/wordpress\/plugins\/seo\/ -->\n<title>Album du vendredi, Fais moi un dessin - leblogmoto.com<\/title>\n<meta name=\"robots\" content=\"index, follow, max-snippet:-1, max-image-preview:large, max-video-preview:-1\" \/>\n<link rel=\"canonical\" href=\"https:\/\/blogs.thesocialmedia.com\/leblogmoto\/2008\/05\/23\/album-du-vend-3-10\/\" \/>\n<meta name=\"twitter:card\" content=\"summary_large_image\" \/>\n<meta name=\"twitter:title\" content=\"Album du vendredi, Fais moi un dessin - leblogmoto.com\" \/>\n<meta name=\"twitter:description\" content=\"Sp\u00e9cial illustration donc avec cet album du vendredi, o\u00f9 la suggestion peut parfois \u00eatre plus \u00e9vocatrice que la photo, et parfois m\u00eame, l&rsquo;exp\u00e9rience directe.J&rsquo;ai beau avoir fait les beaux-arts, le dessin n&rsquo;\u00e9tait pas ma mati\u00e8re forte, et je le regrette parfois, devant la virtuosit\u00e9 dont font preuve bien des illustrateurs. \u00c9clectisme est le mot cl\u00e9 [&hellip;]\" \/>\n<meta name=\"twitter:image\" content=\"http:\/\/www.leblogmoto.com\/images\/2008\/05\/22\/aff1.jpg\" \/>\n<meta name=\"twitter:label1\" content=\"\u00c9crit par\" \/>\n\t<meta name=\"twitter:data1\" content=\"jacques lesage\" \/>\n\t<meta name=\"twitter:label2\" content=\"Dur\u00e9e de lecture estim\u00e9e\" \/>\n\t<meta name=\"twitter:data2\" content=\"1 minute\" \/>\n<script type=\"application\/ld+json\" class=\"yoast-schema-graph\">{\"@context\":\"https:\/\/schema.org\",\"@graph\":[{\"@type\":\"WebPage\",\"@id\":\"https:\/\/blogs.thesocialmedia.com\/leblogmoto\/2008\/05\/23\/album-du-vend-3-10\/\",\"url\":\"https:\/\/blogs.thesocialmedia.com\/leblogmoto\/2008\/05\/23\/album-du-vend-3-10\/\",\"name\":\"Album du vendredi, Fais moi un dessin - leblogmoto.com\",\"isPartOf\":{\"@id\":\"https:\/\/blogs.thesocialmedia.com\/leblogmoto\/#website\"},\"primaryImageOfPage\":{\"@id\":\"https:\/\/blogs.thesocialmedia.com\/leblogmoto\/2008\/05\/23\/album-du-vend-3-10\/#primaryimage\"},\"image\":{\"@id\":\"https:\/\/blogs.thesocialmedia.com\/leblogmoto\/2008\/05\/23\/album-du-vend-3-10\/#primaryimage\"},\"thumbnailUrl\":\"http:\/\/www.leblogmoto.com\/images\/2008\/05\/22\/aff1.jpg\",\"datePublished\":\"2008-05-23T03:53:24+00:00\",\"dateModified\":\"2012-07-11T15:48:40+00:00\",\"author\":{\"@id\":\"https:\/\/blogs.thesocialmedia.com\/leblogmoto\/#\/schema\/person\/e82a0ca8a9a63d031586097a3ed58526\"},\"breadcrumb\":{\"@id\":\"https:\/\/blogs.thesocialmedia.com\/leblogmoto\/2008\/05\/23\/album-du-vend-3-10\/#breadcrumb\"},\"inLanguage\":\"fr-FR\",\"potentialAction\":[{\"@type\":\"ReadAction\",\"target\":[\"https:\/\/blogs.thesocialmedia.com\/leblogmoto\/2008\/05\/23\/album-du-vend-3-10\/\"]}]},{\"@type\":\"ImageObject\",\"inLanguage\":\"fr-FR\",\"@id\":\"https:\/\/blogs.thesocialmedia.com\/leblogmoto\/2008\/05\/23\/album-du-vend-3-10\/#primaryimage\",\"url\":\"http:\/\/www.leblogmoto.com\/images\/2008\/05\/22\/aff1.jpg\",\"contentUrl\":\"http:\/\/www.leblogmoto.com\/images\/2008\/05\/22\/aff1.jpg\"},{\"@type\":\"BreadcrumbList\",\"@id\":\"https:\/\/blogs.thesocialmedia.com\/leblogmoto\/2008\/05\/23\/album-du-vend-3-10\/#breadcrumb\",\"itemListElement\":[{\"@type\":\"ListItem\",\"position\":1,\"name\":\"Accueil\",\"item\":\"https:\/\/blogs.thesocialmedia.com\/leblogmoto\/\"},{\"@type\":\"ListItem\",\"position\":2,\"name\":\"Album du vendredi, Fais moi un dessin\"}]},{\"@type\":\"WebSite\",\"@id\":\"https:\/\/blogs.thesocialmedia.com\/leblogmoto\/#website\",\"url\":\"https:\/\/blogs.thesocialmedia.com\/leblogmoto\/\",\"name\":\"leblogmoto\",\"description\":\"Toute l&#039;actualit\u00e9 des 2 roues\",\"potentialAction\":[{\"@type\":\"SearchAction\",\"target\":{\"@type\":\"EntryPoint\",\"urlTemplate\":\"https:\/\/blogs.thesocialmedia.com\/leblogmoto\/?s={search_term_string}\"},\"query-input\":{\"@type\":\"PropertyValueSpecification\",\"valueRequired\":true,\"valueName\":\"search_term_string\"}}],\"inLanguage\":\"fr-FR\"},{\"@type\":\"Person\",\"@id\":\"https:\/\/blogs.thesocialmedia.com\/leblogmoto\/#\/schema\/person\/e82a0ca8a9a63d031586097a3ed58526\",\"name\":\"jacques lesage\",\"image\":{\"@type\":\"ImageObject\",\"inLanguage\":\"fr-FR\",\"@id\":\"https:\/\/blogs.thesocialmedia.com\/leblogmoto\/#\/schema\/person\/image\/\",\"url\":\"https:\/\/secure.gravatar.com\/avatar\/?s=96&d=mm&r=g\",\"contentUrl\":\"https:\/\/secure.gravatar.com\/avatar\/?s=96&d=mm&r=g\",\"caption\":\"jacques lesage\"},\"url\":\"https:\/\/blogs.thesocialmedia.com\/leblogmoto\/author\/jacques-lesage\/\"}]}<\/script>\n<!-- \/ Yoast SEO plugin. -->","yoast_head_json":{"title":"Album du vendredi, Fais moi un dessin - leblogmoto.com","robots":{"index":"index","follow":"follow","max-snippet":"max-snippet:-1","max-image-preview":"max-image-preview:large","max-video-preview":"max-video-preview:-1"},"canonical":"https:\/\/blogs.thesocialmedia.com\/leblogmoto\/2008\/05\/23\/album-du-vend-3-10\/","twitter_card":"summary_large_image","twitter_title":"Album du vendredi, Fais moi un dessin - leblogmoto.com","twitter_description":"Sp\u00e9cial illustration donc avec cet album du vendredi, o\u00f9 la suggestion peut parfois \u00eatre plus \u00e9vocatrice que la photo, et parfois m\u00eame, l&rsquo;exp\u00e9rience directe.J&rsquo;ai beau avoir fait les beaux-arts, le dessin n&rsquo;\u00e9tait pas ma mati\u00e8re forte, et je le regrette parfois, devant la virtuosit\u00e9 dont font preuve bien des illustrateurs. \u00c9clectisme est le mot cl\u00e9 [&hellip;]","twitter_image":"http:\/\/www.leblogmoto.com\/images\/2008\/05\/22\/aff1.jpg","twitter_misc":{"\u00c9crit par":"jacques lesage","Dur\u00e9e de lecture estim\u00e9e":"1 minute"},"schema":{"@context":"https:\/\/schema.org","@graph":[{"@type":"WebPage","@id":"https:\/\/blogs.thesocialmedia.com\/leblogmoto\/2008\/05\/23\/album-du-vend-3-10\/","url":"https:\/\/blogs.thesocialmedia.com\/leblogmoto\/2008\/05\/23\/album-du-vend-3-10\/","name":"Album du vendredi, Fais moi un dessin - leblogmoto.com","isPartOf":{"@id":"https:\/\/blogs.thesocialmedia.com\/leblogmoto\/#website"},"primaryImageOfPage":{"@id":"https:\/\/blogs.thesocialmedia.com\/leblogmoto\/2008\/05\/23\/album-du-vend-3-10\/#primaryimage"},"image":{"@id":"https:\/\/blogs.thesocialmedia.com\/leblogmoto\/2008\/05\/23\/album-du-vend-3-10\/#primaryimage"},"thumbnailUrl":"http:\/\/www.leblogmoto.com\/images\/2008\/05\/22\/aff1.jpg","datePublished":"2008-05-23T03:53:24+00:00","dateModified":"2012-07-11T15:48:40+00:00","author":{"@id":"https:\/\/blogs.thesocialmedia.com\/leblogmoto\/#\/schema\/person\/e82a0ca8a9a63d031586097a3ed58526"},"breadcrumb":{"@id":"https:\/\/blogs.thesocialmedia.com\/leblogmoto\/2008\/05\/23\/album-du-vend-3-10\/#breadcrumb"},"inLanguage":"fr-FR","potentialAction":[{"@type":"ReadAction","target":["https:\/\/blogs.thesocialmedia.com\/leblogmoto\/2008\/05\/23\/album-du-vend-3-10\/"]}]},{"@type":"ImageObject","inLanguage":"fr-FR","@id":"https:\/\/blogs.thesocialmedia.com\/leblogmoto\/2008\/05\/23\/album-du-vend-3-10\/#primaryimage","url":"http:\/\/www.leblogmoto.com\/images\/2008\/05\/22\/aff1.jpg","contentUrl":"http:\/\/www.leblogmoto.com\/images\/2008\/05\/22\/aff1.jpg"},{"@type":"BreadcrumbList","@id":"https:\/\/blogs.thesocialmedia.com\/leblogmoto\/2008\/05\/23\/album-du-vend-3-10\/#breadcrumb","itemListElement":[{"@type":"ListItem","position":1,"name":"Accueil","item":"https:\/\/blogs.thesocialmedia.com\/leblogmoto\/"},{"@type":"ListItem","position":2,"name":"Album du vendredi, Fais moi un dessin"}]},{"@type":"WebSite","@id":"https:\/\/blogs.thesocialmedia.com\/leblogmoto\/#website","url":"https:\/\/blogs.thesocialmedia.com\/leblogmoto\/","name":"leblogmoto","description":"Toute l&#039;actualit\u00e9 des 2 roues","potentialAction":[{"@type":"SearchAction","target":{"@type":"EntryPoint","urlTemplate":"https:\/\/blogs.thesocialmedia.com\/leblogmoto\/?s={search_term_string}"},"query-input":{"@type":"PropertyValueSpecification","valueRequired":true,"valueName":"search_term_string"}}],"inLanguage":"fr-FR"},{"@type":"Person","@id":"https:\/\/blogs.thesocialmedia.com\/leblogmoto\/#\/schema\/person\/e82a0ca8a9a63d031586097a3ed58526","name":"jacques lesage","image":{"@type":"ImageObject","inLanguage":"fr-FR","@id":"https:\/\/blogs.thesocialmedia.com\/leblogmoto\/#\/schema\/person\/image\/","url":"https:\/\/secure.gravatar.com\/avatar\/?s=96&d=mm&r=g","contentUrl":"https:\/\/secure.gravatar.com\/avatar\/?s=96&d=mm&r=g","caption":"jacques lesage"},"url":"https:\/\/blogs.thesocialmedia.com\/leblogmoto\/author\/jacques-lesage\/"}]}},"_links":{"self":[{"href":"https:\/\/blogs.thesocialmedia.com\/leblogmoto\/wp-json\/wp\/v2\/posts\/689","targetHints":{"allow":["GET"]}}],"collection":[{"href":"https:\/\/blogs.thesocialmedia.com\/leblogmoto\/wp-json\/wp\/v2\/posts"}],"about":[{"href":"https:\/\/blogs.thesocialmedia.com\/leblogmoto\/wp-json\/wp\/v2\/types\/post"}],"author":[{"embeddable":true,"href":"https:\/\/blogs.thesocialmedia.com\/leblogmoto\/wp-json\/wp\/v2\/users\/325"}],"replies":[{"embeddable":true,"href":"https:\/\/blogs.thesocialmedia.com\/leblogmoto\/wp-json\/wp\/v2\/comments?post=689"}],"version-history":[{"count":2,"href":"https:\/\/blogs.thesocialmedia.com\/leblogmoto\/wp-json\/wp\/v2\/posts\/689\/revisions"}],"predecessor-version":[{"id":10745,"href":"https:\/\/blogs.thesocialmedia.com\/leblogmoto\/wp-json\/wp\/v2\/posts\/689\/revisions\/10745"}],"wp:attachment":[{"href":"https:\/\/blogs.thesocialmedia.com\/leblogmoto\/wp-json\/wp\/v2\/media?parent=689"}],"wp:term":[{"taxonomy":"category","embeddable":true,"href":"https:\/\/blogs.thesocialmedia.com\/leblogmoto\/wp-json\/wp\/v2\/categories?post=689"},{"taxonomy":"post_tag","embeddable":true,"href":"https:\/\/blogs.thesocialmedia.com\/leblogmoto\/wp-json\/wp\/v2\/tags?post=689"}],"curies":[{"name":"wp","href":"https:\/\/api.w.org\/{rel}","templated":true}]}}