{"id":692,"date":"2008-05-18T19:24:46","date_gmt":"2008-05-18T19:24:46","guid":{"rendered":"http:\/\/blogs.thesocialmedia.com\/leblogmoto\/2008\/05\/18\/victoire-de-val\/"},"modified":"2012-07-11T15:47:42","modified_gmt":"2012-07-11T15:47:42","slug":"victoire-de-val","status":"publish","type":"post","link":"https:\/\/blogs.thesocialmedia.com\/leblogmoto\/2008\/05\/18\/victoire-de-val\/","title":{"rendered":"Sa victoire mancelle permet \u00e0 Vale d&rsquo;\u00e9galer Angel Nieto."},"content":{"rendered":"<p><a href=\"http:\/\/blogs.thesocialmedia.com\/leblogmoto\/files\/2012\/07\/moto_gp_rider_valentino_rossi_of__3.jpg\"><img loading=\"lazy\" decoding=\"async\" width=\"470\" height=\"367\"  src=\"http:\/\/www.leblogmoto.com\/images\/2008\/05\/18\/moto_gp_rider_valentino_rossi_of__3.jpg\" alt=\"Moto_gp_rider_valentino_rossi_of__3\" \/><\/a><\/p>\n<p>A partir du neuvi\u00e8me tour, <em>il Dottore<\/em> prend les commandes d&rsquo;un Grand Prix de France qu&rsquo;il n&rsquo;abandonnera \u00e0 personne. Pas m\u00eame \u00e0 son tr\u00e8s accrocheur rival et co\u00e9quipier Jorge Lorenzo, ni \u00e0 son ancien lieutenant Colin Edwards qui compl\u00e8tent un inesp\u00e9r\u00e9 triumvirat tout d\u00e9di\u00e9 \u00e0 Yamaha. Ses 25 points qui le r\u00e9compensent aujourd&rsquo;hui le propulsent aussi \u00e0 la t\u00eate du classement des pilotes, avec 97 points au total. Et prouvent plus que jamais qu&rsquo;il est un tr\u00e8s s\u00e9rieux pr\u00e9tendant au titre, malgr\u00e9 tous les avis de d\u00e9c\u00e8s et les hom\u00e9lies de commentateurs \u00e0 sa gloire &#8211; pr\u00e9disaient-ils &#8211; pass\u00e9e.<\/p>\n<p>L&rsquo;enfant prodige de Tavullia a renou\u00e9 avec le fils prodigue de Londres encha\u00eenant les victoires, apr\u00e8s la Chine. Dans un show m\u00ealant l&rsquo;improvisation, il est all\u00e9 rejoindre apr\u00e8s la course Nieto, tous deux affichant 90 victoires toutes cat\u00e9gories confondues. <\/p>\n<p>Angel Nieto l&rsquo;Espagnol \u00e9tait v\u00eatu pour l&rsquo;occasion d&rsquo;une combinaison &quot;Bravo Valentino 90&quot; et l&rsquo;a conduit pour un tour d&rsquo;honneur sur sa M1, pendant lequel l&rsquo;italien brandissait un drapeau &quot;90\/90&quot;.<\/p>\n<p><a href=\"http:\/\/blogs.thesocialmedia.com\/leblogmoto\/files\/2012\/07\/moto_gp_rider_valentino_rossi_of__2.jpg\"><img loading=\"lazy\" decoding=\"async\" width=\"470\" height=\"365\"  src=\"http:\/\/www.leblogmoto.com\/images\/2008\/05\/18\/moto_gp_rider_valentino_rossi_of__2.jpg\" alt=\"Moto_gp_rider_valentino_rossi_of__2\" \/><\/a><\/p>\n<p>M\u00eame s&rsquo;il est encore loin des 122 victoires de son compatriote Giacomo Agostini, il ne lui en reste plus que 4 pour \u00e9galer <em>Ago<\/em> dans la cat\u00e9gorie reine.<\/p>\n<p>Mention sp\u00e9ciale \u00e0 Lorenzo qui se hissera \u00e0 la deuxi\u00e8me place et ceci malgr\u00e9 ses deux chevilles bless\u00e9es*, ainsi que deux nouvelles chutes lors des essais libres et deux tout-droit lors des qualifs, qui lui auront tout de m\u00eame permis de signer samedi le 5e temps. <\/p>\n<p>Il se d\u00e9pla\u00e7ait toujours d&rsquo;ailleurs en fauteuil roulant, ou en b\u00e9quille et en tant que passager sur un scoot&rsquo; entre le paddock et les autres installations du circuit lors de la s\u00e9ance qualificative.<\/p>\n<p>A ce sujet, le poleman de la veille, Dani pedrosa est un honorable quatri\u00e8me mais perd en cons\u00e9quence son leadership au championnat, et r\u00e9trograde \u00e0 la troisi\u00e8me place bien qu&rsquo;\u00e0 \u00e9galit\u00e9 de points avec Jorge. <\/p>\n<p>Alors que les ennuis m\u00e9caniques de Stoner le contraindront \u00e0 passer par la voie des stands et \u00e0 enfourcher, un pit stop plus tard, une nouvelle Ducati GP8 \u00e9quip\u00e9e en montes pneumatiques pluie pour tenter de bien rentrer dans les points. Las, ce sera avec un tour de retard que le champion en titre franchira la ligne d&rsquo;arriv\u00e9e.<\/p>\n<p><a href=\"http:\/\/blogs.thesocialmedia.com\/leblogmoto\/files\/2012\/07\/italian_moto_gp_rider_valentino_ros.jpg\"><img loading=\"lazy\" decoding=\"async\" width=\"470\" height=\"312\"  src=\"http:\/\/www.leblogmoto.com\/images\/2008\/05\/18\/italian_moto_gp_rider_valentino_ros.jpg\" alt=\"Italian_moto_gp_rider_valentino_ros\" \/><\/a> <\/p>\n<p>Quant aux <em>frenchies<\/em>, la combarde et le casque bleu-blanc-rouge n&rsquo;auront rien fait pour sauver Randy de Puniet d\u00e9cevant neuvi\u00e8me. Alors que Sylvain Guintoli \u00e9tait englu\u00e9 \u00e0 la treizi\u00e8me place. Ne restait plus que la victoire de Mike Di Meglio en 125 pour &quot;lifter&quot; notre moral.<\/p>\n<p>*<em>fracture de l&rsquo;astragale de la cheville droite conjugu\u00e9e \u00e0 une rupture du ligament interne de la cheville gauche.<\/em><\/p>\n<p>1 &#8211; Valentino Rossi ITA Fiat Yamaha Team (Bridgestone) 44&prime; 30\u00a0\u00bb 799<\/p>\n<p>2 &#8211; Jorge Lorenzo SPA Fiat Yamaha Team (Michelin) 44&prime; 35\u00a0\u00bb 796 <\/p>\n<p>3 &#8211; Colin Edwards USA Yamaha Tech 3 (Michelin) 44&prime; 37\u00a0\u00bb 604<\/p>\n<p>4 &#8211; Dani Pedrosa SPA Repsol Honda Team (Michelin) 44&prime; 40\u00a0\u00bb 956<\/p>\n<p>5 &#8211; Chris Vermeulen AUS Rizla Suzuki MotoGP (Bridgestone) 44&prime; 52\u00a0\u00bb 561<\/p>\n<p>6 &#8211; Andrea Dovizioso ITA JiR Team Scot MotoGP (Michelin) 44&prime; 53\u00a0\u00bb 194<\/p>\n<p>7 &#8211; Loris Capirossi ITA Rizla Suzuki MotoGP (Bridgestone) 44&prime; 58\u00a0\u00bb 605<\/p>\n<p>8 &#8211; Nicky Hayden USA Repsol Honda Team (Michelin) 44&prime; 58&prime; 794<\/p>\n<p>9 &#8211; Randy de Puniet FRA LCR Honda MotoGP (Michelin) 45&prime; 0\u00a0\u00bb 143<\/p>\n<p>10 &#8211; Shinya Nakano JPN San Carlo Honda Gresini (Bridgestone) 45&prime; 1&quot; 621<\/p>\n<p>11 &#8211; Toni Elias SPA Alice Team (Bridgestone) 45&prime; 5\u00a0\u00bb 953<\/p>\n<p>12 &#8211; Alex de Angelis RSM San Carlo Honda Gresini (Bridgestone) 45&prime; 7\u00a0\u00bb 015<\/p>\n<p>13 &#8211; Sylvain Guintoli FRA Alice Team (Bridgestone) 45&prime; 22\u00a0\u00bb 837<\/p>\n<p>14 &#8211; Anthony West AUS Kawasaki Racing Team (Bridgestone) 46&prime; 0\u00a0\u00bb 106<\/p>\n<p>15 &#8211; Marco Melandri ITA Ducati Marlboro Team (Bridgestone) 46&prime; 10\u00a0\u00bb 422<\/p>\n<p>16 &#8211; Casey Stoner AUS Ducati Marlboro Team (Bridgestone) 44&prime; 47\u00a0\u00bb 085<\/p>\n<p class=\"spip\"><strong>Classement Championnat<\/strong> source Site MotoGP<\/p>\n<p class=\"spip\">1 &#8211; Valentino Rossi 97<\/p>\n<p class=\"spip\">2 &#8211; Jorge Lorenzo 94<\/p>\n<p class=\"spip\">3 &#8211; Dani Pedrosa 94<\/p>\n<p class=\"spip\">4 &#8211; Casey Stoner 56<\/p>\n<p class=\"spip\">5 &#8211; Colin Edwards 47<\/p>\n<p class=\"spip\">6 &#8211; Loris Capirossi 42<\/p>\n<p class=\"spip\">7 &#8211; Nicky Hayden 37<\/p>\n<p class=\"spip\">8 &#8211; Andea Dovizioso 36<\/p>\n<p class=\"spip\">9 &#8211; James Toseland 33<\/p>\n<p class=\"spip\">10 &#8211; Shinya Nakano 28<\/p>\n<p class=\"spip\">11 &#8211; John Hopkins 26<\/p>\n<p class=\"spip\">12 &#8211; Chris vermeulen 25<\/p>\n<p class=\"spip\">13 &#8211; Marco Melandri 24 <\/p>\n<p class=\"spip\">14 &#8211; Toni Elias 20<\/p>\n<p class=\"spip\">15 &#8211; Randy De Puniet 18<\/p>\n<p class=\"spip\">16 &#8211; Alex de Angelis 11<\/p>\n<p class=\"spip\">17 &#8211; Sylvain Guintoli 7<\/p>\n<p class=\"spip\">18 &#8211; Anthony West 5<\/p>\n<table class=\"championship-results\">\n<tbody><\/tbody>\n<\/table>\n","protected":false},"excerpt":{"rendered":"<p>A partir du neuvi\u00e8me tour, il Dottore prend les commandes d&rsquo;un Grand Prix de France qu&rsquo;il n&rsquo;abandonnera \u00e0 personne. Pas m\u00eame \u00e0 son tr\u00e8s accrocheur rival et co\u00e9quipier Jorge Lorenzo, ni \u00e0 son ancien lieutenant Colin Edwards qui compl\u00e8tent un inesp\u00e9r\u00e9 triumvirat tout d\u00e9di\u00e9 \u00e0 Yamaha. Ses 25 points qui le r\u00e9compensent aujourd&rsquo;hui le propulsent [&hellip;]<\/p>\n","protected":false},"author":324,"featured_media":0,"comment_status":"open","ping_status":"open","sticky":false,"template":"","format":"standard","meta":{"footnotes":""},"categories":[3,22,44],"tags":[],"class_list":["post-692","post","type-post","status-publish","format-standard","hentry","category-actualite","category-motogp","category-yamaha"],"yoast_head":"<!-- This site is optimized with the Yoast SEO plugin v26.0 - https:\/\/yoast.com\/wordpress\/plugins\/seo\/ -->\n<title>Sa victoire mancelle permet \u00e0 Vale d&#039;\u00e9galer Angel Nieto. - leblogmoto.com<\/title>\n<meta name=\"robots\" content=\"index, follow, max-snippet:-1, max-image-preview:large, max-video-preview:-1\" \/>\n<link rel=\"canonical\" href=\"https:\/\/blogs.thesocialmedia.com\/leblogmoto\/2008\/05\/18\/victoire-de-val\/\" \/>\n<meta name=\"twitter:card\" content=\"summary_large_image\" \/>\n<meta name=\"twitter:title\" content=\"Sa victoire mancelle permet \u00e0 Vale d&#039;\u00e9galer Angel Nieto. - leblogmoto.com\" \/>\n<meta name=\"twitter:description\" content=\"A partir du neuvi\u00e8me tour, il Dottore prend les commandes d&rsquo;un Grand Prix de France qu&rsquo;il n&rsquo;abandonnera \u00e0 personne. Pas m\u00eame \u00e0 son tr\u00e8s accrocheur rival et co\u00e9quipier Jorge Lorenzo, ni \u00e0 son ancien lieutenant Colin Edwards qui compl\u00e8tent un inesp\u00e9r\u00e9 triumvirat tout d\u00e9di\u00e9 \u00e0 Yamaha. Ses 25 points qui le r\u00e9compensent aujourd&rsquo;hui le propulsent [&hellip;]\" \/>\n<meta name=\"twitter:image\" content=\"http:\/\/www.leblogmoto.com\/images\/2008\/05\/18\/moto_gp_rider_valentino_rossi_of__3.jpg\" \/>\n<meta name=\"twitter:label1\" content=\"\u00c9crit par\" \/>\n\t<meta name=\"twitter:data1\" content=\"benoit rieu\" \/>\n\t<meta name=\"twitter:label2\" content=\"Dur\u00e9e de lecture estim\u00e9e\" \/>\n\t<meta name=\"twitter:data2\" content=\"3 minutes\" \/>\n<script type=\"application\/ld+json\" class=\"yoast-schema-graph\">{\"@context\":\"https:\/\/schema.org\",\"@graph\":[{\"@type\":\"WebPage\",\"@id\":\"https:\/\/blogs.thesocialmedia.com\/leblogmoto\/2008\/05\/18\/victoire-de-val\/\",\"url\":\"https:\/\/blogs.thesocialmedia.com\/leblogmoto\/2008\/05\/18\/victoire-de-val\/\",\"name\":\"Sa victoire mancelle permet \u00e0 Vale d'\u00e9galer Angel Nieto. - leblogmoto.com\",\"isPartOf\":{\"@id\":\"https:\/\/blogs.thesocialmedia.com\/leblogmoto\/#website\"},\"primaryImageOfPage\":{\"@id\":\"https:\/\/blogs.thesocialmedia.com\/leblogmoto\/2008\/05\/18\/victoire-de-val\/#primaryimage\"},\"image\":{\"@id\":\"https:\/\/blogs.thesocialmedia.com\/leblogmoto\/2008\/05\/18\/victoire-de-val\/#primaryimage\"},\"thumbnailUrl\":\"http:\/\/www.leblogmoto.com\/images\/2008\/05\/18\/moto_gp_rider_valentino_rossi_of__3.jpg\",\"datePublished\":\"2008-05-18T19:24:46+00:00\",\"dateModified\":\"2012-07-11T15:47:42+00:00\",\"author\":{\"@id\":\"https:\/\/blogs.thesocialmedia.com\/leblogmoto\/#\/schema\/person\/18bfe773e5725ed6d24f743da805362a\"},\"breadcrumb\":{\"@id\":\"https:\/\/blogs.thesocialmedia.com\/leblogmoto\/2008\/05\/18\/victoire-de-val\/#breadcrumb\"},\"inLanguage\":\"fr-FR\",\"potentialAction\":[{\"@type\":\"ReadAction\",\"target\":[\"https:\/\/blogs.thesocialmedia.com\/leblogmoto\/2008\/05\/18\/victoire-de-val\/\"]}]},{\"@type\":\"ImageObject\",\"inLanguage\":\"fr-FR\",\"@id\":\"https:\/\/blogs.thesocialmedia.com\/leblogmoto\/2008\/05\/18\/victoire-de-val\/#primaryimage\",\"url\":\"http:\/\/www.leblogmoto.com\/images\/2008\/05\/18\/moto_gp_rider_valentino_rossi_of__3.jpg\",\"contentUrl\":\"http:\/\/www.leblogmoto.com\/images\/2008\/05\/18\/moto_gp_rider_valentino_rossi_of__3.jpg\"},{\"@type\":\"BreadcrumbList\",\"@id\":\"https:\/\/blogs.thesocialmedia.com\/leblogmoto\/2008\/05\/18\/victoire-de-val\/#breadcrumb\",\"itemListElement\":[{\"@type\":\"ListItem\",\"position\":1,\"name\":\"Accueil\",\"item\":\"https:\/\/blogs.thesocialmedia.com\/leblogmoto\/\"},{\"@type\":\"ListItem\",\"position\":2,\"name\":\"Sa victoire mancelle permet \u00e0 Vale d&rsquo;\u00e9galer Angel Nieto.\"}]},{\"@type\":\"WebSite\",\"@id\":\"https:\/\/blogs.thesocialmedia.com\/leblogmoto\/#website\",\"url\":\"https:\/\/blogs.thesocialmedia.com\/leblogmoto\/\",\"name\":\"leblogmoto\",\"description\":\"Toute l&#039;actualit\u00e9 des 2 roues\",\"potentialAction\":[{\"@type\":\"SearchAction\",\"target\":{\"@type\":\"EntryPoint\",\"urlTemplate\":\"https:\/\/blogs.thesocialmedia.com\/leblogmoto\/?s={search_term_string}\"},\"query-input\":{\"@type\":\"PropertyValueSpecification\",\"valueRequired\":true,\"valueName\":\"search_term_string\"}}],\"inLanguage\":\"fr-FR\"},{\"@type\":\"Person\",\"@id\":\"https:\/\/blogs.thesocialmedia.com\/leblogmoto\/#\/schema\/person\/18bfe773e5725ed6d24f743da805362a\",\"name\":\"benoit rieu\",\"image\":{\"@type\":\"ImageObject\",\"inLanguage\":\"fr-FR\",\"@id\":\"https:\/\/blogs.thesocialmedia.com\/leblogmoto\/#\/schema\/person\/image\/\",\"url\":\"https:\/\/secure.gravatar.com\/avatar\/?s=96&d=mm&r=g\",\"contentUrl\":\"https:\/\/secure.gravatar.com\/avatar\/?s=96&d=mm&r=g\",\"caption\":\"benoit rieu\"},\"url\":\"https:\/\/blogs.thesocialmedia.com\/leblogmoto\/author\/benoit-rieu\/\"}]}<\/script>\n<!-- \/ Yoast SEO plugin. -->","yoast_head_json":{"title":"Sa victoire mancelle permet \u00e0 Vale d'\u00e9galer Angel Nieto. - leblogmoto.com","robots":{"index":"index","follow":"follow","max-snippet":"max-snippet:-1","max-image-preview":"max-image-preview:large","max-video-preview":"max-video-preview:-1"},"canonical":"https:\/\/blogs.thesocialmedia.com\/leblogmoto\/2008\/05\/18\/victoire-de-val\/","twitter_card":"summary_large_image","twitter_title":"Sa victoire mancelle permet \u00e0 Vale d'\u00e9galer Angel Nieto. - leblogmoto.com","twitter_description":"A partir du neuvi\u00e8me tour, il Dottore prend les commandes d&rsquo;un Grand Prix de France qu&rsquo;il n&rsquo;abandonnera \u00e0 personne. Pas m\u00eame \u00e0 son tr\u00e8s accrocheur rival et co\u00e9quipier Jorge Lorenzo, ni \u00e0 son ancien lieutenant Colin Edwards qui compl\u00e8tent un inesp\u00e9r\u00e9 triumvirat tout d\u00e9di\u00e9 \u00e0 Yamaha. Ses 25 points qui le r\u00e9compensent aujourd&rsquo;hui le propulsent [&hellip;]","twitter_image":"http:\/\/www.leblogmoto.com\/images\/2008\/05\/18\/moto_gp_rider_valentino_rossi_of__3.jpg","twitter_misc":{"\u00c9crit par":"benoit rieu","Dur\u00e9e de lecture estim\u00e9e":"3 minutes"},"schema":{"@context":"https:\/\/schema.org","@graph":[{"@type":"WebPage","@id":"https:\/\/blogs.thesocialmedia.com\/leblogmoto\/2008\/05\/18\/victoire-de-val\/","url":"https:\/\/blogs.thesocialmedia.com\/leblogmoto\/2008\/05\/18\/victoire-de-val\/","name":"Sa victoire mancelle permet \u00e0 Vale d'\u00e9galer Angel Nieto. - leblogmoto.com","isPartOf":{"@id":"https:\/\/blogs.thesocialmedia.com\/leblogmoto\/#website"},"primaryImageOfPage":{"@id":"https:\/\/blogs.thesocialmedia.com\/leblogmoto\/2008\/05\/18\/victoire-de-val\/#primaryimage"},"image":{"@id":"https:\/\/blogs.thesocialmedia.com\/leblogmoto\/2008\/05\/18\/victoire-de-val\/#primaryimage"},"thumbnailUrl":"http:\/\/www.leblogmoto.com\/images\/2008\/05\/18\/moto_gp_rider_valentino_rossi_of__3.jpg","datePublished":"2008-05-18T19:24:46+00:00","dateModified":"2012-07-11T15:47:42+00:00","author":{"@id":"https:\/\/blogs.thesocialmedia.com\/leblogmoto\/#\/schema\/person\/18bfe773e5725ed6d24f743da805362a"},"breadcrumb":{"@id":"https:\/\/blogs.thesocialmedia.com\/leblogmoto\/2008\/05\/18\/victoire-de-val\/#breadcrumb"},"inLanguage":"fr-FR","potentialAction":[{"@type":"ReadAction","target":["https:\/\/blogs.thesocialmedia.com\/leblogmoto\/2008\/05\/18\/victoire-de-val\/"]}]},{"@type":"ImageObject","inLanguage":"fr-FR","@id":"https:\/\/blogs.thesocialmedia.com\/leblogmoto\/2008\/05\/18\/victoire-de-val\/#primaryimage","url":"http:\/\/www.leblogmoto.com\/images\/2008\/05\/18\/moto_gp_rider_valentino_rossi_of__3.jpg","contentUrl":"http:\/\/www.leblogmoto.com\/images\/2008\/05\/18\/moto_gp_rider_valentino_rossi_of__3.jpg"},{"@type":"BreadcrumbList","@id":"https:\/\/blogs.thesocialmedia.com\/leblogmoto\/2008\/05\/18\/victoire-de-val\/#breadcrumb","itemListElement":[{"@type":"ListItem","position":1,"name":"Accueil","item":"https:\/\/blogs.thesocialmedia.com\/leblogmoto\/"},{"@type":"ListItem","position":2,"name":"Sa victoire mancelle permet \u00e0 Vale d&rsquo;\u00e9galer Angel Nieto."}]},{"@type":"WebSite","@id":"https:\/\/blogs.thesocialmedia.com\/leblogmoto\/#website","url":"https:\/\/blogs.thesocialmedia.com\/leblogmoto\/","name":"leblogmoto","description":"Toute l&#039;actualit\u00e9 des 2 roues","potentialAction":[{"@type":"SearchAction","target":{"@type":"EntryPoint","urlTemplate":"https:\/\/blogs.thesocialmedia.com\/leblogmoto\/?s={search_term_string}"},"query-input":{"@type":"PropertyValueSpecification","valueRequired":true,"valueName":"search_term_string"}}],"inLanguage":"fr-FR"},{"@type":"Person","@id":"https:\/\/blogs.thesocialmedia.com\/leblogmoto\/#\/schema\/person\/18bfe773e5725ed6d24f743da805362a","name":"benoit rieu","image":{"@type":"ImageObject","inLanguage":"fr-FR","@id":"https:\/\/blogs.thesocialmedia.com\/leblogmoto\/#\/schema\/person\/image\/","url":"https:\/\/secure.gravatar.com\/avatar\/?s=96&d=mm&r=g","contentUrl":"https:\/\/secure.gravatar.com\/avatar\/?s=96&d=mm&r=g","caption":"benoit rieu"},"url":"https:\/\/blogs.thesocialmedia.com\/leblogmoto\/author\/benoit-rieu\/"}]}},"_links":{"self":[{"href":"https:\/\/blogs.thesocialmedia.com\/leblogmoto\/wp-json\/wp\/v2\/posts\/692","targetHints":{"allow":["GET"]}}],"collection":[{"href":"https:\/\/blogs.thesocialmedia.com\/leblogmoto\/wp-json\/wp\/v2\/posts"}],"about":[{"href":"https:\/\/blogs.thesocialmedia.com\/leblogmoto\/wp-json\/wp\/v2\/types\/post"}],"author":[{"embeddable":true,"href":"https:\/\/blogs.thesocialmedia.com\/leblogmoto\/wp-json\/wp\/v2\/users\/324"}],"replies":[{"embeddable":true,"href":"https:\/\/blogs.thesocialmedia.com\/leblogmoto\/wp-json\/wp\/v2\/comments?post=692"}],"version-history":[{"count":2,"href":"https:\/\/blogs.thesocialmedia.com\/leblogmoto\/wp-json\/wp\/v2\/posts\/692\/revisions"}],"predecessor-version":[{"id":10722,"href":"https:\/\/blogs.thesocialmedia.com\/leblogmoto\/wp-json\/wp\/v2\/posts\/692\/revisions\/10722"}],"wp:attachment":[{"href":"https:\/\/blogs.thesocialmedia.com\/leblogmoto\/wp-json\/wp\/v2\/media?parent=692"}],"wp:term":[{"taxonomy":"category","embeddable":true,"href":"https:\/\/blogs.thesocialmedia.com\/leblogmoto\/wp-json\/wp\/v2\/categories?post=692"},{"taxonomy":"post_tag","embeddable":true,"href":"https:\/\/blogs.thesocialmedia.com\/leblogmoto\/wp-json\/wp\/v2\/tags?post=692"}],"curies":[{"name":"wp","href":"https:\/\/api.w.org\/{rel}","templated":true}]}}