{"id":693,"date":"2008-05-18T12:08:02","date_gmt":"2008-05-18T12:08:02","guid":{"rendered":"http:\/\/blogs.thesocialmedia.com\/leblogmoto\/2008\/05\/18\/lanimatrice-de\/"},"modified":"2012-07-11T15:47:37","modified_gmt":"2012-07-11T15:47:37","slug":"lanimatrice-de","status":"publish","type":"post","link":"https:\/\/blogs.thesocialmedia.com\/leblogmoto\/2008\/05\/18\/lanimatrice-de\/","title":{"rendered":"L&rsquo;animatrice de M6, Ariane Brodier, et le chopper orange."},"content":{"rendered":"<p><a href=\"http:\/\/blogs.thesocialmedia.com\/leblogmoto\/files\/2012\/07\/ariane05.jpg\"><img loading=\"lazy\" decoding=\"async\" width=\"470\" height=\"352\"  alt=\"Ariane05\" src=\"http:\/\/www.leblogmoto.com\/images\/2008\/05\/18\/ariane05.jpg\" \/><\/a><\/p>\n<p>Trois fois b\u00e9ni par <a href=\"http:\/\/www.madonedesmotards.com\/\">la madone des motards<\/a> soit le life-blog qui en d\u00e9but de mois nous a ressorti de derri\u00e8re les fagots ce photoshoot pour le magazine FHM de la belle et fantasque blonde de &quot;la petite cha\u00eene qui monte&quot;, ancien slogan de son heureux employeur. <a href=\"http:\/\/www.life-blog.org\/ariane-brodier-hot-pour-fhm.html\">Blogueur<\/a>, j&rsquo;irai br\u00fbler un cierge pour toi \u00e0 Porcaro. Tr\u00eave de plaisanterie, voici dans la suite le portfolio en question. Et m\u00eame si les fan clubs ce n&rsquo;est pas trop mon truc, deux liens pour ceux que cela int\u00e9ressent vers sa <a href=\"http:\/\/www.facebook.com\/pages\/Ariane-Brodier\/10619659084\">page Facebook<\/a> (inscription n\u00e9cessaire) et son <a href=\"http:\/\/www.myspace.com\/arianebrodier\">MySpace<\/a>. &#8230;Un chopper &#8230;o\u00f9 \u00e7\u00e0 un chopper !?<\/p>\n<p><a href=\"http:\/\/clabedan.typepad.com\/.shared\/image.html?\/photos\/uncategorized\/2008\/05\/18\/ariane08.jpg\"><img loading=\"lazy\" decoding=\"async\" width=\"470\" height=\"352\"  alt=\"Ariane08\" src=\"http:\/\/www.leblogmoto.com\/images\/2008\/05\/18\/ariane08.jpg\" \/><\/a> <\/p>\n<p><a href=\"http:\/\/blogs.thesocialmedia.com\/leblogmoto\/files\/2012\/07\/ariane07.jpg\"><img loading=\"lazy\" decoding=\"async\" width=\"470\" height=\"352\"  alt=\"Ariane07\" src=\"http:\/\/www.leblogmoto.com\/images\/2008\/05\/18\/ariane07.jpg\" \/><\/a><\/p>\n<p><a href=\"http:\/\/blogs.thesocialmedia.com\/leblogmoto\/files\/2012\/07\/ariane06.jpg\"><img loading=\"lazy\" decoding=\"async\" width=\"470\" height=\"352\"  alt=\"Ariane06\" src=\"http:\/\/www.leblogmoto.com\/images\/2008\/05\/18\/ariane06.jpg\" \/><\/a> <\/p>\n<p><a href=\"http:\/\/blogs.thesocialmedia.com\/leblogmoto\/files\/2012\/07\/ariane02.jpg\"><img loading=\"lazy\" decoding=\"async\" width=\"360\" height=\"480\"  alt=\"Ariane02\" src=\"http:\/\/www.leblogmoto.com\/images\/2008\/05\/18\/ariane02.jpg\" \/><\/a> <\/p>\n<p><a href=\"http:\/\/blogs.thesocialmedia.com\/leblogmoto\/files\/2012\/07\/ariane03.jpg\"><img loading=\"lazy\" decoding=\"async\" width=\"360\" height=\"480\"  alt=\"Ariane03\" src=\"http:\/\/www.leblogmoto.com\/images\/2008\/05\/18\/ariane03.jpg\" \/><\/a> <\/p>\n<p><a href=\"http:\/\/blogs.thesocialmedia.com\/leblogmoto\/files\/2012\/07\/ariane04.jpg\"><img loading=\"lazy\" decoding=\"async\" width=\"360\" height=\"480\"  alt=\"Ariane04\" src=\"http:\/\/www.leblogmoto.com\/images\/2008\/05\/18\/ariane04.jpg\" \/><\/a> <\/p>\n<p><a href=\"http:\/\/blogs.thesocialmedia.com\/leblogmoto\/files\/2012\/07\/ariane01.jpg\"><img loading=\"lazy\" decoding=\"async\" width=\"360\" height=\"480\"  alt=\"Ariane01\" src=\"http:\/\/www.leblogmoto.com\/images\/2008\/05\/18\/ariane01.jpg\" \/><\/a><\/p>\n<p><a href=\"http:\/\/blogs.thesocialmedia.com\/leblogmoto\/files\/2012\/07\/ariane_brodier_shooting_moto_2.jpg\"><img loading=\"lazy\" decoding=\"async\" width=\"360\" height=\"480\"  src=\"http:\/\/www.leblogmoto.com\/images\/2008\/05\/22\/ariane_brodier_shooting_moto_2.jpg\" alt=\"Ariane_brodier_shooting_moto_2\" \/><\/a> <\/p>\n<p><a href=\"http:\/\/blogs.thesocialmedia.com\/leblogmoto\/files\/2012\/07\/ariane_brodier_shooting_moto_2_2.jpg\"><img loading=\"lazy\" decoding=\"async\" width=\"360\" height=\"540\"  src=\"http:\/\/www.leblogmoto.com\/images\/2008\/05\/22\/ariane_brodier_shooting_moto_2_2.jpg\" alt=\"Ariane_brodier_shooting_moto_2_2\" \/><\/a> <\/p>\n<p>&nbsp;<\/p>\n","protected":false},"excerpt":{"rendered":"<p>Trois fois b\u00e9ni par la madone des motards soit le life-blog qui en d\u00e9but de mois nous a ressorti de derri\u00e8re les fagots ce photoshoot pour le magazine FHM de la belle et fantasque blonde de &quot;la petite cha\u00eene qui monte&quot;, ancien slogan de son heureux employeur. Blogueur, j&rsquo;irai br\u00fbler un cierge pour toi \u00e0 [&hellip;]<\/p>\n","protected":false},"author":324,"featured_media":0,"comment_status":"open","ping_status":"open","sticky":false,"template":"","format":"standard","meta":{"footnotes":""},"categories":[16,8,17],"tags":[],"class_list":["post-693","post","type-post","status-publish","format-standard","hentry","category-art-moto","category-chaines-et-cuirs","category-divers"],"yoast_head":"<!-- This site is optimized with the Yoast SEO plugin v26.0 - https:\/\/yoast.com\/wordpress\/plugins\/seo\/ -->\n<title>L&#039;animatrice de M6, Ariane Brodier, et le chopper orange. - leblogmoto.com<\/title>\n<meta name=\"robots\" content=\"index, follow, max-snippet:-1, max-image-preview:large, max-video-preview:-1\" \/>\n<link rel=\"canonical\" href=\"https:\/\/blogs.thesocialmedia.com\/leblogmoto\/2008\/05\/18\/lanimatrice-de\/\" \/>\n<meta name=\"twitter:card\" content=\"summary_large_image\" \/>\n<meta name=\"twitter:title\" content=\"L&#039;animatrice de M6, Ariane Brodier, et le chopper orange. - leblogmoto.com\" \/>\n<meta name=\"twitter:description\" content=\"Trois fois b\u00e9ni par la madone des motards soit le life-blog qui en d\u00e9but de mois nous a ressorti de derri\u00e8re les fagots ce photoshoot pour le magazine FHM de la belle et fantasque blonde de &quot;la petite cha\u00eene qui monte&quot;, ancien slogan de son heureux employeur. Blogueur, j&rsquo;irai br\u00fbler un cierge pour toi \u00e0 [&hellip;]\" \/>\n<meta name=\"twitter:image\" content=\"http:\/\/www.leblogmoto.com\/images\/2008\/05\/18\/ariane05.jpg\" \/>\n<meta name=\"twitter:label1\" content=\"\u00c9crit par\" \/>\n\t<meta name=\"twitter:data1\" content=\"benoit rieu\" \/>\n\t<meta name=\"twitter:label2\" content=\"Dur\u00e9e de lecture estim\u00e9e\" \/>\n\t<meta name=\"twitter:data2\" content=\"1 minute\" \/>\n<script type=\"application\/ld+json\" class=\"yoast-schema-graph\">{\"@context\":\"https:\/\/schema.org\",\"@graph\":[{\"@type\":\"WebPage\",\"@id\":\"https:\/\/blogs.thesocialmedia.com\/leblogmoto\/2008\/05\/18\/lanimatrice-de\/\",\"url\":\"https:\/\/blogs.thesocialmedia.com\/leblogmoto\/2008\/05\/18\/lanimatrice-de\/\",\"name\":\"L'animatrice de M6, Ariane Brodier, et le chopper orange. - leblogmoto.com\",\"isPartOf\":{\"@id\":\"https:\/\/blogs.thesocialmedia.com\/leblogmoto\/#website\"},\"primaryImageOfPage\":{\"@id\":\"https:\/\/blogs.thesocialmedia.com\/leblogmoto\/2008\/05\/18\/lanimatrice-de\/#primaryimage\"},\"image\":{\"@id\":\"https:\/\/blogs.thesocialmedia.com\/leblogmoto\/2008\/05\/18\/lanimatrice-de\/#primaryimage\"},\"thumbnailUrl\":\"http:\/\/www.leblogmoto.com\/images\/2008\/05\/18\/ariane05.jpg\",\"datePublished\":\"2008-05-18T12:08:02+00:00\",\"dateModified\":\"2012-07-11T15:47:37+00:00\",\"author\":{\"@id\":\"https:\/\/blogs.thesocialmedia.com\/leblogmoto\/#\/schema\/person\/18bfe773e5725ed6d24f743da805362a\"},\"breadcrumb\":{\"@id\":\"https:\/\/blogs.thesocialmedia.com\/leblogmoto\/2008\/05\/18\/lanimatrice-de\/#breadcrumb\"},\"inLanguage\":\"fr-FR\",\"potentialAction\":[{\"@type\":\"ReadAction\",\"target\":[\"https:\/\/blogs.thesocialmedia.com\/leblogmoto\/2008\/05\/18\/lanimatrice-de\/\"]}]},{\"@type\":\"ImageObject\",\"inLanguage\":\"fr-FR\",\"@id\":\"https:\/\/blogs.thesocialmedia.com\/leblogmoto\/2008\/05\/18\/lanimatrice-de\/#primaryimage\",\"url\":\"http:\/\/www.leblogmoto.com\/images\/2008\/05\/18\/ariane05.jpg\",\"contentUrl\":\"http:\/\/www.leblogmoto.com\/images\/2008\/05\/18\/ariane05.jpg\"},{\"@type\":\"BreadcrumbList\",\"@id\":\"https:\/\/blogs.thesocialmedia.com\/leblogmoto\/2008\/05\/18\/lanimatrice-de\/#breadcrumb\",\"itemListElement\":[{\"@type\":\"ListItem\",\"position\":1,\"name\":\"Accueil\",\"item\":\"https:\/\/blogs.thesocialmedia.com\/leblogmoto\/\"},{\"@type\":\"ListItem\",\"position\":2,\"name\":\"L&rsquo;animatrice de M6, Ariane Brodier, et le chopper orange.\"}]},{\"@type\":\"WebSite\",\"@id\":\"https:\/\/blogs.thesocialmedia.com\/leblogmoto\/#website\",\"url\":\"https:\/\/blogs.thesocialmedia.com\/leblogmoto\/\",\"name\":\"leblogmoto\",\"description\":\"Toute l&#039;actualit\u00e9 des 2 roues\",\"potentialAction\":[{\"@type\":\"SearchAction\",\"target\":{\"@type\":\"EntryPoint\",\"urlTemplate\":\"https:\/\/blogs.thesocialmedia.com\/leblogmoto\/?s={search_term_string}\"},\"query-input\":{\"@type\":\"PropertyValueSpecification\",\"valueRequired\":true,\"valueName\":\"search_term_string\"}}],\"inLanguage\":\"fr-FR\"},{\"@type\":\"Person\",\"@id\":\"https:\/\/blogs.thesocialmedia.com\/leblogmoto\/#\/schema\/person\/18bfe773e5725ed6d24f743da805362a\",\"name\":\"benoit rieu\",\"image\":{\"@type\":\"ImageObject\",\"inLanguage\":\"fr-FR\",\"@id\":\"https:\/\/blogs.thesocialmedia.com\/leblogmoto\/#\/schema\/person\/image\/\",\"url\":\"https:\/\/secure.gravatar.com\/avatar\/?s=96&d=mm&r=g\",\"contentUrl\":\"https:\/\/secure.gravatar.com\/avatar\/?s=96&d=mm&r=g\",\"caption\":\"benoit rieu\"},\"url\":\"https:\/\/blogs.thesocialmedia.com\/leblogmoto\/author\/benoit-rieu\/\"}]}<\/script>\n<!-- \/ Yoast SEO plugin. -->","yoast_head_json":{"title":"L'animatrice de M6, Ariane Brodier, et le chopper orange. - leblogmoto.com","robots":{"index":"index","follow":"follow","max-snippet":"max-snippet:-1","max-image-preview":"max-image-preview:large","max-video-preview":"max-video-preview:-1"},"canonical":"https:\/\/blogs.thesocialmedia.com\/leblogmoto\/2008\/05\/18\/lanimatrice-de\/","twitter_card":"summary_large_image","twitter_title":"L'animatrice de M6, Ariane Brodier, et le chopper orange. - leblogmoto.com","twitter_description":"Trois fois b\u00e9ni par la madone des motards soit le life-blog qui en d\u00e9but de mois nous a ressorti de derri\u00e8re les fagots ce photoshoot pour le magazine FHM de la belle et fantasque blonde de &quot;la petite cha\u00eene qui monte&quot;, ancien slogan de son heureux employeur. Blogueur, j&rsquo;irai br\u00fbler un cierge pour toi \u00e0 [&hellip;]","twitter_image":"http:\/\/www.leblogmoto.com\/images\/2008\/05\/18\/ariane05.jpg","twitter_misc":{"\u00c9crit par":"benoit rieu","Dur\u00e9e de lecture estim\u00e9e":"1 minute"},"schema":{"@context":"https:\/\/schema.org","@graph":[{"@type":"WebPage","@id":"https:\/\/blogs.thesocialmedia.com\/leblogmoto\/2008\/05\/18\/lanimatrice-de\/","url":"https:\/\/blogs.thesocialmedia.com\/leblogmoto\/2008\/05\/18\/lanimatrice-de\/","name":"L'animatrice de M6, Ariane Brodier, et le chopper orange. - leblogmoto.com","isPartOf":{"@id":"https:\/\/blogs.thesocialmedia.com\/leblogmoto\/#website"},"primaryImageOfPage":{"@id":"https:\/\/blogs.thesocialmedia.com\/leblogmoto\/2008\/05\/18\/lanimatrice-de\/#primaryimage"},"image":{"@id":"https:\/\/blogs.thesocialmedia.com\/leblogmoto\/2008\/05\/18\/lanimatrice-de\/#primaryimage"},"thumbnailUrl":"http:\/\/www.leblogmoto.com\/images\/2008\/05\/18\/ariane05.jpg","datePublished":"2008-05-18T12:08:02+00:00","dateModified":"2012-07-11T15:47:37+00:00","author":{"@id":"https:\/\/blogs.thesocialmedia.com\/leblogmoto\/#\/schema\/person\/18bfe773e5725ed6d24f743da805362a"},"breadcrumb":{"@id":"https:\/\/blogs.thesocialmedia.com\/leblogmoto\/2008\/05\/18\/lanimatrice-de\/#breadcrumb"},"inLanguage":"fr-FR","potentialAction":[{"@type":"ReadAction","target":["https:\/\/blogs.thesocialmedia.com\/leblogmoto\/2008\/05\/18\/lanimatrice-de\/"]}]},{"@type":"ImageObject","inLanguage":"fr-FR","@id":"https:\/\/blogs.thesocialmedia.com\/leblogmoto\/2008\/05\/18\/lanimatrice-de\/#primaryimage","url":"http:\/\/www.leblogmoto.com\/images\/2008\/05\/18\/ariane05.jpg","contentUrl":"http:\/\/www.leblogmoto.com\/images\/2008\/05\/18\/ariane05.jpg"},{"@type":"BreadcrumbList","@id":"https:\/\/blogs.thesocialmedia.com\/leblogmoto\/2008\/05\/18\/lanimatrice-de\/#breadcrumb","itemListElement":[{"@type":"ListItem","position":1,"name":"Accueil","item":"https:\/\/blogs.thesocialmedia.com\/leblogmoto\/"},{"@type":"ListItem","position":2,"name":"L&rsquo;animatrice de M6, Ariane Brodier, et le chopper orange."}]},{"@type":"WebSite","@id":"https:\/\/blogs.thesocialmedia.com\/leblogmoto\/#website","url":"https:\/\/blogs.thesocialmedia.com\/leblogmoto\/","name":"leblogmoto","description":"Toute l&#039;actualit\u00e9 des 2 roues","potentialAction":[{"@type":"SearchAction","target":{"@type":"EntryPoint","urlTemplate":"https:\/\/blogs.thesocialmedia.com\/leblogmoto\/?s={search_term_string}"},"query-input":{"@type":"PropertyValueSpecification","valueRequired":true,"valueName":"search_term_string"}}],"inLanguage":"fr-FR"},{"@type":"Person","@id":"https:\/\/blogs.thesocialmedia.com\/leblogmoto\/#\/schema\/person\/18bfe773e5725ed6d24f743da805362a","name":"benoit rieu","image":{"@type":"ImageObject","inLanguage":"fr-FR","@id":"https:\/\/blogs.thesocialmedia.com\/leblogmoto\/#\/schema\/person\/image\/","url":"https:\/\/secure.gravatar.com\/avatar\/?s=96&d=mm&r=g","contentUrl":"https:\/\/secure.gravatar.com\/avatar\/?s=96&d=mm&r=g","caption":"benoit rieu"},"url":"https:\/\/blogs.thesocialmedia.com\/leblogmoto\/author\/benoit-rieu\/"}]}},"_links":{"self":[{"href":"https:\/\/blogs.thesocialmedia.com\/leblogmoto\/wp-json\/wp\/v2\/posts\/693","targetHints":{"allow":["GET"]}}],"collection":[{"href":"https:\/\/blogs.thesocialmedia.com\/leblogmoto\/wp-json\/wp\/v2\/posts"}],"about":[{"href":"https:\/\/blogs.thesocialmedia.com\/leblogmoto\/wp-json\/wp\/v2\/types\/post"}],"author":[{"embeddable":true,"href":"https:\/\/blogs.thesocialmedia.com\/leblogmoto\/wp-json\/wp\/v2\/users\/324"}],"replies":[{"embeddable":true,"href":"https:\/\/blogs.thesocialmedia.com\/leblogmoto\/wp-json\/wp\/v2\/comments?post=693"}],"version-history":[{"count":2,"href":"https:\/\/blogs.thesocialmedia.com\/leblogmoto\/wp-json\/wp\/v2\/posts\/693\/revisions"}],"predecessor-version":[{"id":10718,"href":"https:\/\/blogs.thesocialmedia.com\/leblogmoto\/wp-json\/wp\/v2\/posts\/693\/revisions\/10718"}],"wp:attachment":[{"href":"https:\/\/blogs.thesocialmedia.com\/leblogmoto\/wp-json\/wp\/v2\/media?parent=693"}],"wp:term":[{"taxonomy":"category","embeddable":true,"href":"https:\/\/blogs.thesocialmedia.com\/leblogmoto\/wp-json\/wp\/v2\/categories?post=693"},{"taxonomy":"post_tag","embeddable":true,"href":"https:\/\/blogs.thesocialmedia.com\/leblogmoto\/wp-json\/wp\/v2\/tags?post=693"}],"curies":[{"name":"wp","href":"https:\/\/api.w.org\/{rel}","templated":true}]}}