{"id":694,"date":"2008-05-17T23:46:53","date_gmt":"2008-05-17T23:46:53","guid":{"rendered":"http:\/\/blogs.thesocialmedia.com\/leblogmoto\/2008\/05\/17\/face-face-limag\/"},"modified":"2012-07-11T13:22:43","modified_gmt":"2012-07-11T13:22:43","slug":"face-face-limag","status":"publish","type":"post","link":"https:\/\/blogs.thesocialmedia.com\/leblogmoto\/2008\/05\/17\/face-face-limag\/","title":{"rendered":"Face \u00e0 face: l&rsquo;image publicitaire motarde chez Kawasaki et BMW."},"content":{"rendered":"<div><embed src=\"http:\/\/www.dailymotion.com\/swf\/x3sbaz&amp;v3=1&amp;related=1\" width=\"420\" height=\"336\" type=\"application\/x-shockwave-flash\"><\/embed><\/div>\n<div><embed src=\"http:\/\/www.dailymotion.com\/swf\/x223nj&amp;v3=1&amp;related=0\" width=\"420\" height=\"336\" type=\"application\/x-shockwave-flash\"><\/embed><\/div>\n<p>Le contraste est tellement fort qu&rsquo;il se passerait presque de commentaires l&rsquo;explicitant. Essayons quand m\u00eame, plus par respect pour nos lecteurs que pour la forme, de r\u00e9sumer ces spots publicitaires, promouvant l&rsquo;image de deux motos pas si dissemblables que cela. D&rsquo;un c\u00f4t\u00e9, une (Super)Sport-GT, la c\u00e9l\u00e8bre <a href=\"http:\/\/www.kawasaki.fr\/\">Kawasaki<\/a> ZX12-R* que les pubeux inscrivent dans un rapport de force astucieux et tr\u00e8s provocateur &#8211; voire humiliant &#8211; avec une voiture, dont la silhouette \u00e9voque \u00e9trangement celle d&rsquo;une Porsche 911. De l&rsquo;autre, un long spot qui respire le plaisir de conduire et le voyage partag\u00e9 \u00e0 deux, sur une routi\u00e8re, la <a href=\"http:\/\/www.bmw-motorrad.com.fr\/fr\/fr\/index.html\">BMW<\/a> R1200RT, au travers des paysages norv\u00e9giens.<\/p>\n<p>Un film publicitaire qui r\u00e9ussit le tour de force de faire oublier l&rsquo;asphalte.<\/p>\n<p><em>*&quot;remplac\u00e9e&quot; depuis 2006 au catalogue par la ZZR 1400, et ZX-14. <\/em><\/p>\n","protected":false},"excerpt":{"rendered":"<p>Le contraste est tellement fort qu&rsquo;il se passerait presque de commentaires l&rsquo;explicitant. Essayons quand m\u00eame, plus par respect pour nos lecteurs que pour la forme, de r\u00e9sumer ces spots publicitaires, promouvant l&rsquo;image de deux motos pas si dissemblables que cela. D&rsquo;un c\u00f4t\u00e9, une (Super)Sport-GT, la c\u00e9l\u00e8bre Kawasaki ZX12-R* que les pubeux inscrivent dans un rapport [&hellip;]<\/p>\n","protected":false},"author":324,"featured_media":0,"comment_status":"open","ping_status":"open","sticky":false,"template":"","format":"standard","meta":{"footnotes":""},"categories":[7,45,12],"tags":[],"class_list":["post-694","post","type-post","status-publish","format-standard","hentry","category-bmw","category-kawasaki","category-videos"],"yoast_head":"<!-- This site is optimized with the Yoast SEO plugin v26.0 - https:\/\/yoast.com\/wordpress\/plugins\/seo\/ -->\n<title>Face \u00e0 face: l&#039;image publicitaire motarde chez Kawasaki et BMW. - leblogmoto.com<\/title>\n<meta name=\"robots\" content=\"index, follow, max-snippet:-1, max-image-preview:large, max-video-preview:-1\" \/>\n<link rel=\"canonical\" href=\"https:\/\/blogs.thesocialmedia.com\/leblogmoto\/2008\/05\/17\/face-face-limag\/\" \/>\n<meta name=\"twitter:card\" content=\"summary_large_image\" \/>\n<meta name=\"twitter:title\" content=\"Face \u00e0 face: l&#039;image publicitaire motarde chez Kawasaki et BMW. - leblogmoto.com\" \/>\n<meta name=\"twitter:description\" content=\"Le contraste est tellement fort qu&rsquo;il se passerait presque de commentaires l&rsquo;explicitant. Essayons quand m\u00eame, plus par respect pour nos lecteurs que pour la forme, de r\u00e9sumer ces spots publicitaires, promouvant l&rsquo;image de deux motos pas si dissemblables que cela. D&rsquo;un c\u00f4t\u00e9, une (Super)Sport-GT, la c\u00e9l\u00e8bre Kawasaki ZX12-R* que les pubeux inscrivent dans un rapport [&hellip;]\" \/>\n<meta name=\"twitter:label1\" content=\"\u00c9crit par\" \/>\n\t<meta name=\"twitter:data1\" content=\"benoit rieu\" \/>\n\t<meta name=\"twitter:label2\" content=\"Dur\u00e9e de lecture estim\u00e9e\" \/>\n\t<meta name=\"twitter:data2\" content=\"1 minute\" \/>\n<script type=\"application\/ld+json\" class=\"yoast-schema-graph\">{\"@context\":\"https:\/\/schema.org\",\"@graph\":[{\"@type\":\"WebPage\",\"@id\":\"https:\/\/blogs.thesocialmedia.com\/leblogmoto\/2008\/05\/17\/face-face-limag\/\",\"url\":\"https:\/\/blogs.thesocialmedia.com\/leblogmoto\/2008\/05\/17\/face-face-limag\/\",\"name\":\"Face \u00e0 face: l'image publicitaire motarde chez Kawasaki et BMW. - leblogmoto.com\",\"isPartOf\":{\"@id\":\"https:\/\/blogs.thesocialmedia.com\/leblogmoto\/#website\"},\"datePublished\":\"2008-05-17T23:46:53+00:00\",\"dateModified\":\"2012-07-11T13:22:43+00:00\",\"author\":{\"@id\":\"https:\/\/blogs.thesocialmedia.com\/leblogmoto\/#\/schema\/person\/18bfe773e5725ed6d24f743da805362a\"},\"breadcrumb\":{\"@id\":\"https:\/\/blogs.thesocialmedia.com\/leblogmoto\/2008\/05\/17\/face-face-limag\/#breadcrumb\"},\"inLanguage\":\"fr-FR\",\"potentialAction\":[{\"@type\":\"ReadAction\",\"target\":[\"https:\/\/blogs.thesocialmedia.com\/leblogmoto\/2008\/05\/17\/face-face-limag\/\"]}]},{\"@type\":\"BreadcrumbList\",\"@id\":\"https:\/\/blogs.thesocialmedia.com\/leblogmoto\/2008\/05\/17\/face-face-limag\/#breadcrumb\",\"itemListElement\":[{\"@type\":\"ListItem\",\"position\":1,\"name\":\"Accueil\",\"item\":\"https:\/\/blogs.thesocialmedia.com\/leblogmoto\/\"},{\"@type\":\"ListItem\",\"position\":2,\"name\":\"Face \u00e0 face: l&rsquo;image publicitaire motarde chez Kawasaki et BMW.\"}]},{\"@type\":\"WebSite\",\"@id\":\"https:\/\/blogs.thesocialmedia.com\/leblogmoto\/#website\",\"url\":\"https:\/\/blogs.thesocialmedia.com\/leblogmoto\/\",\"name\":\"leblogmoto\",\"description\":\"Toute l&#039;actualit\u00e9 des 2 roues\",\"potentialAction\":[{\"@type\":\"SearchAction\",\"target\":{\"@type\":\"EntryPoint\",\"urlTemplate\":\"https:\/\/blogs.thesocialmedia.com\/leblogmoto\/?s={search_term_string}\"},\"query-input\":{\"@type\":\"PropertyValueSpecification\",\"valueRequired\":true,\"valueName\":\"search_term_string\"}}],\"inLanguage\":\"fr-FR\"},{\"@type\":\"Person\",\"@id\":\"https:\/\/blogs.thesocialmedia.com\/leblogmoto\/#\/schema\/person\/18bfe773e5725ed6d24f743da805362a\",\"name\":\"benoit rieu\",\"image\":{\"@type\":\"ImageObject\",\"inLanguage\":\"fr-FR\",\"@id\":\"https:\/\/blogs.thesocialmedia.com\/leblogmoto\/#\/schema\/person\/image\/\",\"url\":\"https:\/\/secure.gravatar.com\/avatar\/?s=96&d=mm&r=g\",\"contentUrl\":\"https:\/\/secure.gravatar.com\/avatar\/?s=96&d=mm&r=g\",\"caption\":\"benoit rieu\"},\"url\":\"https:\/\/blogs.thesocialmedia.com\/leblogmoto\/author\/benoit-rieu\/\"}]}<\/script>\n<!-- \/ Yoast SEO plugin. -->","yoast_head_json":{"title":"Face \u00e0 face: l'image publicitaire motarde chez Kawasaki et BMW. - leblogmoto.com","robots":{"index":"index","follow":"follow","max-snippet":"max-snippet:-1","max-image-preview":"max-image-preview:large","max-video-preview":"max-video-preview:-1"},"canonical":"https:\/\/blogs.thesocialmedia.com\/leblogmoto\/2008\/05\/17\/face-face-limag\/","twitter_card":"summary_large_image","twitter_title":"Face \u00e0 face: l'image publicitaire motarde chez Kawasaki et BMW. - leblogmoto.com","twitter_description":"Le contraste est tellement fort qu&rsquo;il se passerait presque de commentaires l&rsquo;explicitant. Essayons quand m\u00eame, plus par respect pour nos lecteurs que pour la forme, de r\u00e9sumer ces spots publicitaires, promouvant l&rsquo;image de deux motos pas si dissemblables que cela. D&rsquo;un c\u00f4t\u00e9, une (Super)Sport-GT, la c\u00e9l\u00e8bre Kawasaki ZX12-R* que les pubeux inscrivent dans un rapport [&hellip;]","twitter_misc":{"\u00c9crit par":"benoit rieu","Dur\u00e9e de lecture estim\u00e9e":"1 minute"},"schema":{"@context":"https:\/\/schema.org","@graph":[{"@type":"WebPage","@id":"https:\/\/blogs.thesocialmedia.com\/leblogmoto\/2008\/05\/17\/face-face-limag\/","url":"https:\/\/blogs.thesocialmedia.com\/leblogmoto\/2008\/05\/17\/face-face-limag\/","name":"Face \u00e0 face: l'image publicitaire motarde chez Kawasaki et BMW. - leblogmoto.com","isPartOf":{"@id":"https:\/\/blogs.thesocialmedia.com\/leblogmoto\/#website"},"datePublished":"2008-05-17T23:46:53+00:00","dateModified":"2012-07-11T13:22:43+00:00","author":{"@id":"https:\/\/blogs.thesocialmedia.com\/leblogmoto\/#\/schema\/person\/18bfe773e5725ed6d24f743da805362a"},"breadcrumb":{"@id":"https:\/\/blogs.thesocialmedia.com\/leblogmoto\/2008\/05\/17\/face-face-limag\/#breadcrumb"},"inLanguage":"fr-FR","potentialAction":[{"@type":"ReadAction","target":["https:\/\/blogs.thesocialmedia.com\/leblogmoto\/2008\/05\/17\/face-face-limag\/"]}]},{"@type":"BreadcrumbList","@id":"https:\/\/blogs.thesocialmedia.com\/leblogmoto\/2008\/05\/17\/face-face-limag\/#breadcrumb","itemListElement":[{"@type":"ListItem","position":1,"name":"Accueil","item":"https:\/\/blogs.thesocialmedia.com\/leblogmoto\/"},{"@type":"ListItem","position":2,"name":"Face \u00e0 face: l&rsquo;image publicitaire motarde chez Kawasaki et BMW."}]},{"@type":"WebSite","@id":"https:\/\/blogs.thesocialmedia.com\/leblogmoto\/#website","url":"https:\/\/blogs.thesocialmedia.com\/leblogmoto\/","name":"leblogmoto","description":"Toute l&#039;actualit\u00e9 des 2 roues","potentialAction":[{"@type":"SearchAction","target":{"@type":"EntryPoint","urlTemplate":"https:\/\/blogs.thesocialmedia.com\/leblogmoto\/?s={search_term_string}"},"query-input":{"@type":"PropertyValueSpecification","valueRequired":true,"valueName":"search_term_string"}}],"inLanguage":"fr-FR"},{"@type":"Person","@id":"https:\/\/blogs.thesocialmedia.com\/leblogmoto\/#\/schema\/person\/18bfe773e5725ed6d24f743da805362a","name":"benoit rieu","image":{"@type":"ImageObject","inLanguage":"fr-FR","@id":"https:\/\/blogs.thesocialmedia.com\/leblogmoto\/#\/schema\/person\/image\/","url":"https:\/\/secure.gravatar.com\/avatar\/?s=96&d=mm&r=g","contentUrl":"https:\/\/secure.gravatar.com\/avatar\/?s=96&d=mm&r=g","caption":"benoit rieu"},"url":"https:\/\/blogs.thesocialmedia.com\/leblogmoto\/author\/benoit-rieu\/"}]}},"_links":{"self":[{"href":"https:\/\/blogs.thesocialmedia.com\/leblogmoto\/wp-json\/wp\/v2\/posts\/694","targetHints":{"allow":["GET"]}}],"collection":[{"href":"https:\/\/blogs.thesocialmedia.com\/leblogmoto\/wp-json\/wp\/v2\/posts"}],"about":[{"href":"https:\/\/blogs.thesocialmedia.com\/leblogmoto\/wp-json\/wp\/v2\/types\/post"}],"author":[{"embeddable":true,"href":"https:\/\/blogs.thesocialmedia.com\/leblogmoto\/wp-json\/wp\/v2\/users\/324"}],"replies":[{"embeddable":true,"href":"https:\/\/blogs.thesocialmedia.com\/leblogmoto\/wp-json\/wp\/v2\/comments?post=694"}],"version-history":[{"count":1,"href":"https:\/\/blogs.thesocialmedia.com\/leblogmoto\/wp-json\/wp\/v2\/posts\/694\/revisions"}],"predecessor-version":[{"id":4523,"href":"https:\/\/blogs.thesocialmedia.com\/leblogmoto\/wp-json\/wp\/v2\/posts\/694\/revisions\/4523"}],"wp:attachment":[{"href":"https:\/\/blogs.thesocialmedia.com\/leblogmoto\/wp-json\/wp\/v2\/media?parent=694"}],"wp:term":[{"taxonomy":"category","embeddable":true,"href":"https:\/\/blogs.thesocialmedia.com\/leblogmoto\/wp-json\/wp\/v2\/categories?post=694"},{"taxonomy":"post_tag","embeddable":true,"href":"https:\/\/blogs.thesocialmedia.com\/leblogmoto\/wp-json\/wp\/v2\/tags?post=694"}],"curies":[{"name":"wp","href":"https:\/\/api.w.org\/{rel}","templated":true}]}}