{"id":695,"date":"2008-05-17T18:16:18","date_gmt":"2008-05-17T18:16:18","guid":{"rendered":"http:\/\/blogs.thesocialmedia.com\/leblogmoto\/2008\/05\/17\/pedrosa-en-pole-2\/"},"modified":"2012-07-11T15:47:18","modified_gmt":"2012-07-11T15:47:18","slug":"pedrosa-en-pole-2","status":"publish","type":"post","link":"https:\/\/blogs.thesocialmedia.com\/leblogmoto\/2008\/05\/17\/pedrosa-en-pole-2\/","title":{"rendered":"Pedrosa arrache sa premi\u00e8re pole de 2008 \u00e0 Edwards."},"content":{"rendered":"<p><a href=\"http:\/\/blogs.thesocialmedia.com\/leblogmoto\/files\/2012\/07\/motogp_dani_pedrosa_le_mans_2008_ap.jpg\"><img loading=\"lazy\" decoding=\"async\" height=\"312\" alt=\"Motogp_dani_pedrosa_le_mans_2008_ap\" src=\"http:\/\/www.leblogmoto.com\/images\/2008\/05\/17\/motogp_dani_pedrosa_le_mans_2008_ap.jpg\" width=\"470\"  \/><\/a><\/p>\n<p>C&rsquo;est sans surprise &#8211; si l&rsquo;on s&rsquo;en r\u00e9f\u00e8re \u00e0 la s\u00e9ance d&rsquo;essais libres de la veille &#8211; que <a href=\"http:\/\/www.danipedrosa.com\/00-moto-gp-championship-driver\/index.asp\">Dani Pedrosa<\/a> a domin\u00e9 l&rsquo;ensemble de la s\u00e9ance qualificative de cette journ\u00e9e de samedi au Mans. Pourtant le double champion de WSBK Colin Edwards*, sur Yamaha Tech 3 et poleman \u00e0 Shanghai, aura subtilis\u00e9 le meilleur chrono \u00e0 Vermeulen par un surprenant temps \u00e0 25 minutes de la fin. Avant que l&rsquo;Espagnol ne reprenne son bien en claquant un impressionnant chrono de 1&rsquo;32\u00a0\u00bb647 \u00e0 la toute derni\u00e8re minute. Il faut croire que pour l&rsquo;occasion, <em>Nano Pedro<\/em> avait rev\u00eatu les habits de <em>Titanium Dani<\/em>, un de ses autres surnoms.<\/p>\n<p><a href=\"http:\/\/clabedan.typepad.com\/.shared\/image.html?\/photos\/uncategorized\/2008\/05\/17\/motogp_colin_edwards_le_mans_2008_q.jpg\"><img loading=\"lazy\" decoding=\"async\" height=\"312\" alt=\"Motogp_colin_edwards_le_mans_2008_q\" src=\"http:\/\/www.leblogmoto.com\/images\/2008\/05\/17\/motogp_colin_edwards_le_mans_2008_q.jpg\" width=\"470\"  \/><\/a><\/p>\n<p>La premi\u00e8re ligne est donc domin\u00e9 par Pedrosa devant Edwards et le champion en titre Casey Stoner. L&rsquo;Australien rel\u00e8gue son ennemi intime et ancienne idole, Vale, en deuxi\u00e8me ligne, devant son co\u00e9quipier Jorge Lorenzo (qui a encore chut\u00e9 ce matin, en L3) et l&rsquo;autre pilote de la Honda <a href=\"http:\/\/world.honda.com\/MotoGP\/spec\/\">RC212V<\/a>, l&rsquo;Am\u00e9ricain Nicky Hayden.<\/p>\n<p><a href=\"http:\/\/clabedan.typepad.com\/.shared\/image.html?\/photos\/uncategorized\/2008\/05\/17\/motogp_casey_stoner_le_mans_qualify.jpg\"><img loading=\"lazy\" decoding=\"async\" height=\"312\" alt=\"Motogp_casey_stoner_le_mans_qualify\" src=\"http:\/\/www.leblogmoto.com\/images\/2008\/05\/17\/motogp_casey_stoner_le_mans_qualify.jpg\" width=\"470\"  \/><\/a> <\/p>\n<p>Un autre double champion du monde de WSBK, le Britannique James Toseland prend la t\u00eate de la troisi\u00e8me ligne, devant Chris Vermeulen sur Suzuki Rizla. Ce dernier dame le pion \u00e0 son ancien co\u00e9quipier de l&rsquo;ann\u00e9e derni\u00e8re, John Hopkins, pass\u00e9 chez Kawa.<\/p>\n<p><a href=\"http:\/\/blogs.thesocialmedia.com\/leblogmoto\/files\/2012\/07\/motogp_valentino_rossi_le_mans_qual.jpg\"><img loading=\"lazy\" decoding=\"async\" height=\"312\" alt=\"Motogp_valentino_rossi_le_mans_qual\" src=\"http:\/\/www.leblogmoto.com\/images\/2008\/05\/17\/motogp_valentino_rossi_le_mans_qual.jpg\" width=\"470\"  \/><\/a><\/p>\n<p>Le public du circuit Bugatti pourra certainement compter sur un bon suspense pour l&rsquo;attribution de la victoire finale, avec ces nombreux pr\u00e9tendants au titre manceau. Ce sera l\u00e0 une de ses seules consolations car nos pilotes partiront malheureusement en douzi\u00e8me (R. De Puniet) et seizi\u00e8me position (S. Guintoli).<\/p>\n<p>Sans plus attendre, voici la grille du Grand prix de France:<\/p>\n<p>1 &#8211; Dani Pedrosa<\/p>\n<p>2 &#8211; Colin Edwards<\/p>\n<p>3 &#8211; Casey Stoner<\/p>\n<p>4 &#8211; Valentino Rossi<\/p>\n<p>5 &#8211; Jorge Lorenzo<\/p>\n<p>6 &#8211; Nicky Hayden<\/p>\n<p>7 &#8211; James Toseland<\/p>\n<p>8 &#8211; Chris Vermeulen<\/p>\n<p>9 &#8211; John Hopkins<\/p>\n<p>10 &#8211; Andrea Dovizioso<\/p>\n<p>11 &#8211; Loris Capirossi<\/p>\n<p>12 &#8211; Randy De Puniet<\/p>\n<p>13 &#8211; Shinya Nakano<\/p>\n<p>14 &#8211; Toni Elias<\/p>\n<p>15 &#8211; Alex De Angelis<\/p>\n<p>16 &#8211; Sylvain Guintoli<\/p>\n<p>17 &#8211; Marco Melandri<\/p>\n<p>18 &#8211; Anthony West.<\/p>\n<p><em>*qui aurait pu b\u00e9n\u00e9ficier d&rsquo;un tour clair en toute derni\u00e8re minute et reprendre sans doute la pole \u00e0 Dani si Melandri ne l&rsquo;avait pas g\u00ean\u00e9. Un Marco qui s&rsquo;effondre litt\u00e9ralement et qui &#8211; \u00f4 blessure d&rsquo;orgueil &#8211; partira avec sa Ducati officielle GP8 derri\u00e8re la Ducati priv\u00e9e (Team D&rsquo;Antin) du Fran\u00e7ais Guintoli. De quoi s\u00e9rieusement hypoth\u00e9quer son avenir chez eux.<br \/><\/em><\/p>\n<p><em>cr\u00e9dit photos: S\u00e9ances Qualifs Le Mans 2008, Associated Press.<\/em><\/p>\n","protected":false},"excerpt":{"rendered":"<p>C&rsquo;est sans surprise &#8211; si l&rsquo;on s&rsquo;en r\u00e9f\u00e8re \u00e0 la s\u00e9ance d&rsquo;essais libres de la veille &#8211; que Dani Pedrosa a domin\u00e9 l&rsquo;ensemble de la s\u00e9ance qualificative de cette journ\u00e9e de samedi au Mans. Pourtant le double champion de WSBK Colin Edwards*, sur Yamaha Tech 3 et poleman \u00e0 Shanghai, aura subtilis\u00e9 le meilleur chrono [&hellip;]<\/p>\n","protected":false},"author":324,"featured_media":0,"comment_status":"open","ping_status":"open","sticky":false,"template":"","format":"standard","meta":{"footnotes":""},"categories":[3,22],"tags":[],"class_list":["post-695","post","type-post","status-publish","format-standard","hentry","category-actualite","category-motogp"],"yoast_head":"<!-- This site is optimized with the Yoast SEO plugin v26.0 - https:\/\/yoast.com\/wordpress\/plugins\/seo\/ -->\n<title>Pedrosa arrache sa premi\u00e8re pole de 2008 \u00e0 Edwards. - leblogmoto.com<\/title>\n<meta name=\"robots\" content=\"index, follow, max-snippet:-1, max-image-preview:large, max-video-preview:-1\" \/>\n<link rel=\"canonical\" href=\"https:\/\/blogs.thesocialmedia.com\/leblogmoto\/2008\/05\/17\/pedrosa-en-pole-2\/\" \/>\n<meta name=\"twitter:card\" content=\"summary_large_image\" \/>\n<meta name=\"twitter:title\" content=\"Pedrosa arrache sa premi\u00e8re pole de 2008 \u00e0 Edwards. - leblogmoto.com\" \/>\n<meta name=\"twitter:description\" content=\"C&rsquo;est sans surprise &#8211; si l&rsquo;on s&rsquo;en r\u00e9f\u00e8re \u00e0 la s\u00e9ance d&rsquo;essais libres de la veille &#8211; que Dani Pedrosa a domin\u00e9 l&rsquo;ensemble de la s\u00e9ance qualificative de cette journ\u00e9e de samedi au Mans. Pourtant le double champion de WSBK Colin Edwards*, sur Yamaha Tech 3 et poleman \u00e0 Shanghai, aura subtilis\u00e9 le meilleur chrono [&hellip;]\" \/>\n<meta name=\"twitter:image\" content=\"http:\/\/www.leblogmoto.com\/images\/2008\/05\/17\/motogp_dani_pedrosa_le_mans_2008_ap.jpg\" \/>\n<meta name=\"twitter:label1\" content=\"\u00c9crit par\" \/>\n\t<meta name=\"twitter:data1\" content=\"benoit rieu\" \/>\n\t<meta name=\"twitter:label2\" content=\"Dur\u00e9e de lecture estim\u00e9e\" \/>\n\t<meta name=\"twitter:data2\" content=\"2 minutes\" \/>\n<script type=\"application\/ld+json\" class=\"yoast-schema-graph\">{\"@context\":\"https:\/\/schema.org\",\"@graph\":[{\"@type\":\"WebPage\",\"@id\":\"https:\/\/blogs.thesocialmedia.com\/leblogmoto\/2008\/05\/17\/pedrosa-en-pole-2\/\",\"url\":\"https:\/\/blogs.thesocialmedia.com\/leblogmoto\/2008\/05\/17\/pedrosa-en-pole-2\/\",\"name\":\"Pedrosa arrache sa premi\u00e8re pole de 2008 \u00e0 Edwards. - leblogmoto.com\",\"isPartOf\":{\"@id\":\"https:\/\/blogs.thesocialmedia.com\/leblogmoto\/#website\"},\"primaryImageOfPage\":{\"@id\":\"https:\/\/blogs.thesocialmedia.com\/leblogmoto\/2008\/05\/17\/pedrosa-en-pole-2\/#primaryimage\"},\"image\":{\"@id\":\"https:\/\/blogs.thesocialmedia.com\/leblogmoto\/2008\/05\/17\/pedrosa-en-pole-2\/#primaryimage\"},\"thumbnailUrl\":\"http:\/\/www.leblogmoto.com\/images\/2008\/05\/17\/motogp_dani_pedrosa_le_mans_2008_ap.jpg\",\"datePublished\":\"2008-05-17T18:16:18+00:00\",\"dateModified\":\"2012-07-11T15:47:18+00:00\",\"author\":{\"@id\":\"https:\/\/blogs.thesocialmedia.com\/leblogmoto\/#\/schema\/person\/18bfe773e5725ed6d24f743da805362a\"},\"breadcrumb\":{\"@id\":\"https:\/\/blogs.thesocialmedia.com\/leblogmoto\/2008\/05\/17\/pedrosa-en-pole-2\/#breadcrumb\"},\"inLanguage\":\"fr-FR\",\"potentialAction\":[{\"@type\":\"ReadAction\",\"target\":[\"https:\/\/blogs.thesocialmedia.com\/leblogmoto\/2008\/05\/17\/pedrosa-en-pole-2\/\"]}]},{\"@type\":\"ImageObject\",\"inLanguage\":\"fr-FR\",\"@id\":\"https:\/\/blogs.thesocialmedia.com\/leblogmoto\/2008\/05\/17\/pedrosa-en-pole-2\/#primaryimage\",\"url\":\"http:\/\/www.leblogmoto.com\/images\/2008\/05\/17\/motogp_dani_pedrosa_le_mans_2008_ap.jpg\",\"contentUrl\":\"http:\/\/www.leblogmoto.com\/images\/2008\/05\/17\/motogp_dani_pedrosa_le_mans_2008_ap.jpg\"},{\"@type\":\"BreadcrumbList\",\"@id\":\"https:\/\/blogs.thesocialmedia.com\/leblogmoto\/2008\/05\/17\/pedrosa-en-pole-2\/#breadcrumb\",\"itemListElement\":[{\"@type\":\"ListItem\",\"position\":1,\"name\":\"Accueil\",\"item\":\"https:\/\/blogs.thesocialmedia.com\/leblogmoto\/\"},{\"@type\":\"ListItem\",\"position\":2,\"name\":\"Pedrosa arrache sa premi\u00e8re pole de 2008 \u00e0 Edwards.\"}]},{\"@type\":\"WebSite\",\"@id\":\"https:\/\/blogs.thesocialmedia.com\/leblogmoto\/#website\",\"url\":\"https:\/\/blogs.thesocialmedia.com\/leblogmoto\/\",\"name\":\"leblogmoto\",\"description\":\"Toute l&#039;actualit\u00e9 des 2 roues\",\"potentialAction\":[{\"@type\":\"SearchAction\",\"target\":{\"@type\":\"EntryPoint\",\"urlTemplate\":\"https:\/\/blogs.thesocialmedia.com\/leblogmoto\/?s={search_term_string}\"},\"query-input\":{\"@type\":\"PropertyValueSpecification\",\"valueRequired\":true,\"valueName\":\"search_term_string\"}}],\"inLanguage\":\"fr-FR\"},{\"@type\":\"Person\",\"@id\":\"https:\/\/blogs.thesocialmedia.com\/leblogmoto\/#\/schema\/person\/18bfe773e5725ed6d24f743da805362a\",\"name\":\"benoit rieu\",\"image\":{\"@type\":\"ImageObject\",\"inLanguage\":\"fr-FR\",\"@id\":\"https:\/\/blogs.thesocialmedia.com\/leblogmoto\/#\/schema\/person\/image\/\",\"url\":\"https:\/\/secure.gravatar.com\/avatar\/?s=96&d=mm&r=g\",\"contentUrl\":\"https:\/\/secure.gravatar.com\/avatar\/?s=96&d=mm&r=g\",\"caption\":\"benoit rieu\"},\"url\":\"https:\/\/blogs.thesocialmedia.com\/leblogmoto\/author\/benoit-rieu\/\"}]}<\/script>\n<!-- \/ Yoast SEO plugin. -->","yoast_head_json":{"title":"Pedrosa arrache sa premi\u00e8re pole de 2008 \u00e0 Edwards. - leblogmoto.com","robots":{"index":"index","follow":"follow","max-snippet":"max-snippet:-1","max-image-preview":"max-image-preview:large","max-video-preview":"max-video-preview:-1"},"canonical":"https:\/\/blogs.thesocialmedia.com\/leblogmoto\/2008\/05\/17\/pedrosa-en-pole-2\/","twitter_card":"summary_large_image","twitter_title":"Pedrosa arrache sa premi\u00e8re pole de 2008 \u00e0 Edwards. - leblogmoto.com","twitter_description":"C&rsquo;est sans surprise &#8211; si l&rsquo;on s&rsquo;en r\u00e9f\u00e8re \u00e0 la s\u00e9ance d&rsquo;essais libres de la veille &#8211; que Dani Pedrosa a domin\u00e9 l&rsquo;ensemble de la s\u00e9ance qualificative de cette journ\u00e9e de samedi au Mans. Pourtant le double champion de WSBK Colin Edwards*, sur Yamaha Tech 3 et poleman \u00e0 Shanghai, aura subtilis\u00e9 le meilleur chrono [&hellip;]","twitter_image":"http:\/\/www.leblogmoto.com\/images\/2008\/05\/17\/motogp_dani_pedrosa_le_mans_2008_ap.jpg","twitter_misc":{"\u00c9crit par":"benoit rieu","Dur\u00e9e de lecture estim\u00e9e":"2 minutes"},"schema":{"@context":"https:\/\/schema.org","@graph":[{"@type":"WebPage","@id":"https:\/\/blogs.thesocialmedia.com\/leblogmoto\/2008\/05\/17\/pedrosa-en-pole-2\/","url":"https:\/\/blogs.thesocialmedia.com\/leblogmoto\/2008\/05\/17\/pedrosa-en-pole-2\/","name":"Pedrosa arrache sa premi\u00e8re pole de 2008 \u00e0 Edwards. - leblogmoto.com","isPartOf":{"@id":"https:\/\/blogs.thesocialmedia.com\/leblogmoto\/#website"},"primaryImageOfPage":{"@id":"https:\/\/blogs.thesocialmedia.com\/leblogmoto\/2008\/05\/17\/pedrosa-en-pole-2\/#primaryimage"},"image":{"@id":"https:\/\/blogs.thesocialmedia.com\/leblogmoto\/2008\/05\/17\/pedrosa-en-pole-2\/#primaryimage"},"thumbnailUrl":"http:\/\/www.leblogmoto.com\/images\/2008\/05\/17\/motogp_dani_pedrosa_le_mans_2008_ap.jpg","datePublished":"2008-05-17T18:16:18+00:00","dateModified":"2012-07-11T15:47:18+00:00","author":{"@id":"https:\/\/blogs.thesocialmedia.com\/leblogmoto\/#\/schema\/person\/18bfe773e5725ed6d24f743da805362a"},"breadcrumb":{"@id":"https:\/\/blogs.thesocialmedia.com\/leblogmoto\/2008\/05\/17\/pedrosa-en-pole-2\/#breadcrumb"},"inLanguage":"fr-FR","potentialAction":[{"@type":"ReadAction","target":["https:\/\/blogs.thesocialmedia.com\/leblogmoto\/2008\/05\/17\/pedrosa-en-pole-2\/"]}]},{"@type":"ImageObject","inLanguage":"fr-FR","@id":"https:\/\/blogs.thesocialmedia.com\/leblogmoto\/2008\/05\/17\/pedrosa-en-pole-2\/#primaryimage","url":"http:\/\/www.leblogmoto.com\/images\/2008\/05\/17\/motogp_dani_pedrosa_le_mans_2008_ap.jpg","contentUrl":"http:\/\/www.leblogmoto.com\/images\/2008\/05\/17\/motogp_dani_pedrosa_le_mans_2008_ap.jpg"},{"@type":"BreadcrumbList","@id":"https:\/\/blogs.thesocialmedia.com\/leblogmoto\/2008\/05\/17\/pedrosa-en-pole-2\/#breadcrumb","itemListElement":[{"@type":"ListItem","position":1,"name":"Accueil","item":"https:\/\/blogs.thesocialmedia.com\/leblogmoto\/"},{"@type":"ListItem","position":2,"name":"Pedrosa arrache sa premi\u00e8re pole de 2008 \u00e0 Edwards."}]},{"@type":"WebSite","@id":"https:\/\/blogs.thesocialmedia.com\/leblogmoto\/#website","url":"https:\/\/blogs.thesocialmedia.com\/leblogmoto\/","name":"leblogmoto","description":"Toute l&#039;actualit\u00e9 des 2 roues","potentialAction":[{"@type":"SearchAction","target":{"@type":"EntryPoint","urlTemplate":"https:\/\/blogs.thesocialmedia.com\/leblogmoto\/?s={search_term_string}"},"query-input":{"@type":"PropertyValueSpecification","valueRequired":true,"valueName":"search_term_string"}}],"inLanguage":"fr-FR"},{"@type":"Person","@id":"https:\/\/blogs.thesocialmedia.com\/leblogmoto\/#\/schema\/person\/18bfe773e5725ed6d24f743da805362a","name":"benoit rieu","image":{"@type":"ImageObject","inLanguage":"fr-FR","@id":"https:\/\/blogs.thesocialmedia.com\/leblogmoto\/#\/schema\/person\/image\/","url":"https:\/\/secure.gravatar.com\/avatar\/?s=96&d=mm&r=g","contentUrl":"https:\/\/secure.gravatar.com\/avatar\/?s=96&d=mm&r=g","caption":"benoit rieu"},"url":"https:\/\/blogs.thesocialmedia.com\/leblogmoto\/author\/benoit-rieu\/"}]}},"_links":{"self":[{"href":"https:\/\/blogs.thesocialmedia.com\/leblogmoto\/wp-json\/wp\/v2\/posts\/695","targetHints":{"allow":["GET"]}}],"collection":[{"href":"https:\/\/blogs.thesocialmedia.com\/leblogmoto\/wp-json\/wp\/v2\/posts"}],"about":[{"href":"https:\/\/blogs.thesocialmedia.com\/leblogmoto\/wp-json\/wp\/v2\/types\/post"}],"author":[{"embeddable":true,"href":"https:\/\/blogs.thesocialmedia.com\/leblogmoto\/wp-json\/wp\/v2\/users\/324"}],"replies":[{"embeddable":true,"href":"https:\/\/blogs.thesocialmedia.com\/leblogmoto\/wp-json\/wp\/v2\/comments?post=695"}],"version-history":[{"count":2,"href":"https:\/\/blogs.thesocialmedia.com\/leblogmoto\/wp-json\/wp\/v2\/posts\/695\/revisions"}],"predecessor-version":[{"id":10708,"href":"https:\/\/blogs.thesocialmedia.com\/leblogmoto\/wp-json\/wp\/v2\/posts\/695\/revisions\/10708"}],"wp:attachment":[{"href":"https:\/\/blogs.thesocialmedia.com\/leblogmoto\/wp-json\/wp\/v2\/media?parent=695"}],"wp:term":[{"taxonomy":"category","embeddable":true,"href":"https:\/\/blogs.thesocialmedia.com\/leblogmoto\/wp-json\/wp\/v2\/categories?post=695"},{"taxonomy":"post_tag","embeddable":true,"href":"https:\/\/blogs.thesocialmedia.com\/leblogmoto\/wp-json\/wp\/v2\/tags?post=695"}],"curies":[{"name":"wp","href":"https:\/\/api.w.org\/{rel}","templated":true}]}}