{"id":696,"date":"2008-05-16T23:17:31","date_gmt":"2008-05-16T23:17:31","guid":{"rendered":"http:\/\/blogs.thesocialmedia.com\/leblogmoto\/2008\/05\/16\/ludivine-puy-pr\/"},"modified":"2012-07-11T15:47:15","modified_gmt":"2012-07-11T15:47:15","slug":"ludivine-puy-pr","status":"publish","type":"post","link":"https:\/\/blogs.thesocialmedia.com\/leblogmoto\/2008\/05\/16\/ludivine-puy-pr\/","title":{"rendered":"Le cuir de la semaine: Ludivine Puy pour Esquad."},"content":{"rendered":"<p><a href=\"http:\/\/blogs.thesocialmedia.com\/leblogmoto\/files\/2012\/07\/moto_cuir_esqualium_desquad_luduvin.jpg\"><img loading=\"lazy\" decoding=\"async\" width=\"470\" height=\"634\"  alt=\"Moto_cuir_esqualium_desquad_luduvin\" src=\"http:\/\/www.leblogmoto.com\/images\/2008\/05\/16\/moto_cuir_esqualium_desquad_luduvin.jpg\" \/><\/a><\/p>\n<p>La championne d&rsquo;Europe d&rsquo;Enduro 2008, la f\u00e9minine Ludivine Puy (ah mais elle est redevenue brune !) fait des piges pour les Tarnais d&rsquo;<a href=\"http:\/\/www.esquad.fr\/\">Esquad<\/a> et pr\u00e9sente la version pour les motardes et les passag\u00e8res de l&rsquo;E-Korsium*. Le blouson, baptis\u00e9 E-Scalium* est toujours fabriqu\u00e9 en <a href=\"http:\/\/www.leblogmoto.com\/2007\/09\/les-jeans-esqua.html\">Armalith<\/a>, comme de bien entendu, pour lui assurer une exceptionnelle r\u00e9sistance \u00e0 l&rsquo;abrasion en cas de chute. Les caract\u00e9ristiques de la fibre a\u00e9rospatiale permettent \u00e0 l&rsquo;entreprise castraise d&rsquo;affirmer que, malgr\u00e9 son poids l\u00e9ger (900 g), ce blouson poss\u00e8de une protection \u00e9gale \u00e0 celle d&rsquo;un blouson de 4 Kg.<\/p>\n<p>Il faut dire qu&rsquo;en plus de sa pr\u00e9cieuse fibre, ce blouson qui ne paie pas de mine, de prime abord, poss\u00e8de des \u00e9paules et coudes renforc\u00e9s avec des protecteurs de choc brevet\u00e9s et aux normes CE.<\/p>\n<p>Pour se distinguer de son alter ego masculin ce blouson en &quot;toile&quot; de <a href=\"http:\/\/www.leblogmoto.com\/2007\/10\/nouvelle-versio.html\">jean<\/a> poss\u00e8de une coupe ergonomique et surtout cintr\u00e9e, ainsi qu&rsquo;un&nbsp; patch de protection (troisi\u00e8me photo) bienvenu, pour \u00e9viter de rayer le r\u00e9servoir. <\/p>\n<p>Le tout va \u00eatre bient\u00f4t vendu pour 449 \u20ac et sera disponible dans une tr\u00e8s large gamme de taille, du S au XXL (!): \u00e0 cette taille l\u00e0 ce n&rsquo;est plus un sac de sable que vous avez en duo avec vous, mais une dune.<\/p>\n<p><em>*on les aime beaucoup, mais ce serait sympa si les marketeux d&rsquo;Esquad utilisaient des termes plus simples pour d\u00e9signer leurs produits (de tr\u00e8s bonne qualit\u00e9, \u00e7a on n&rsquo;en doute pas). On peut cr\u00e9er de toute pi\u00e8ce des vocables \u00e0 consonance scientifique et latine, tout en \u00e9tant facile \u00e0 retenir.<\/em><\/p>\n<p><a href=\"http:\/\/clabedan.typepad.com\/.shared\/image.html?\/photos\/uncategorized\/2008\/05\/16\/moto_cuir_escalium_desquad.jpg\"><img loading=\"lazy\" decoding=\"async\" width=\"470\" height=\"326\"  src=\"http:\/\/www.leblogmoto.com\/images\/2008\/05\/16\/moto_cuir_escalium_desquad.jpg\" alt=\"Moto_cuir_escalium_desquad\" \/><\/a> <\/p>\n<p><a href=\"http:\/\/blogs.thesocialmedia.com\/leblogmoto\/files\/2012\/07\/moto_cuir_escalium_desquad_dtails.jpg\"><img loading=\"lazy\" decoding=\"async\" width=\"470\" height=\"320\"  src=\"http:\/\/www.leblogmoto.com\/images\/2008\/05\/16\/moto_cuir_escalium_desquad_dtails.jpg\" alt=\"Moto_cuir_escalium_desquad_dtails\" \/><\/a> <br \/><a href=\"http:\/\/blogs.thesocialmedia.com\/leblogmoto\/files\/2012\/07\/moto_cuir_escalium_desquad_ludivi_3.jpg\"><img loading=\"lazy\" decoding=\"async\" width=\"470\" height=\"708\"  src=\"http:\/\/www.leblogmoto.com\/images\/2008\/05\/16\/moto_cuir_escalium_desquad_ludivi_3.jpg\" alt=\"Moto_cuir_escalium_desquad_ludivi_3\" \/><\/a> <\/p>\n","protected":false},"excerpt":{"rendered":"<p>La championne d&rsquo;Europe d&rsquo;Enduro 2008, la f\u00e9minine Ludivine Puy (ah mais elle est redevenue brune !) fait des piges pour les Tarnais d&rsquo;Esquad et pr\u00e9sente la version pour les motardes et les passag\u00e8res de l&rsquo;E-Korsium*. Le blouson, baptis\u00e9 E-Scalium* est toujours fabriqu\u00e9 en Armalith, comme de bien entendu, pour lui assurer une exceptionnelle r\u00e9sistance \u00e0 [&hellip;]<\/p>\n","protected":false},"author":324,"featured_media":0,"comment_status":"open","ping_status":"open","sticky":false,"template":"","format":"standard","meta":{"footnotes":""},"categories":[49,60,56],"tags":[],"class_list":["post-696","post","type-post","status-publish","format-standard","hentry","category-actualites-entreprise","category-enduro","category-protections"],"yoast_head":"<!-- This site is optimized with the Yoast SEO plugin v26.0 - https:\/\/yoast.com\/wordpress\/plugins\/seo\/ -->\n<title>Le cuir de la semaine: Ludivine Puy pour Esquad. - leblogmoto.com<\/title>\n<meta name=\"robots\" content=\"index, follow, max-snippet:-1, max-image-preview:large, max-video-preview:-1\" \/>\n<link rel=\"canonical\" href=\"https:\/\/blogs.thesocialmedia.com\/leblogmoto\/2008\/05\/16\/ludivine-puy-pr\/\" \/>\n<meta name=\"twitter:card\" content=\"summary_large_image\" \/>\n<meta name=\"twitter:title\" content=\"Le cuir de la semaine: Ludivine Puy pour Esquad. - leblogmoto.com\" \/>\n<meta name=\"twitter:description\" content=\"La championne d&rsquo;Europe d&rsquo;Enduro 2008, la f\u00e9minine Ludivine Puy (ah mais elle est redevenue brune !) fait des piges pour les Tarnais d&rsquo;Esquad et pr\u00e9sente la version pour les motardes et les passag\u00e8res de l&rsquo;E-Korsium*. Le blouson, baptis\u00e9 E-Scalium* est toujours fabriqu\u00e9 en Armalith, comme de bien entendu, pour lui assurer une exceptionnelle r\u00e9sistance \u00e0 [&hellip;]\" \/>\n<meta name=\"twitter:image\" content=\"http:\/\/www.leblogmoto.com\/images\/2008\/05\/16\/moto_cuir_esqualium_desquad_luduvin.jpg\" \/>\n<meta name=\"twitter:label1\" content=\"\u00c9crit par\" \/>\n\t<meta name=\"twitter:data1\" content=\"benoit rieu\" \/>\n\t<meta name=\"twitter:label2\" content=\"Dur\u00e9e de lecture estim\u00e9e\" \/>\n\t<meta name=\"twitter:data2\" content=\"1 minute\" \/>\n<script type=\"application\/ld+json\" class=\"yoast-schema-graph\">{\"@context\":\"https:\/\/schema.org\",\"@graph\":[{\"@type\":\"WebPage\",\"@id\":\"https:\/\/blogs.thesocialmedia.com\/leblogmoto\/2008\/05\/16\/ludivine-puy-pr\/\",\"url\":\"https:\/\/blogs.thesocialmedia.com\/leblogmoto\/2008\/05\/16\/ludivine-puy-pr\/\",\"name\":\"Le cuir de la semaine: Ludivine Puy pour Esquad. - leblogmoto.com\",\"isPartOf\":{\"@id\":\"https:\/\/blogs.thesocialmedia.com\/leblogmoto\/#website\"},\"primaryImageOfPage\":{\"@id\":\"https:\/\/blogs.thesocialmedia.com\/leblogmoto\/2008\/05\/16\/ludivine-puy-pr\/#primaryimage\"},\"image\":{\"@id\":\"https:\/\/blogs.thesocialmedia.com\/leblogmoto\/2008\/05\/16\/ludivine-puy-pr\/#primaryimage\"},\"thumbnailUrl\":\"http:\/\/www.leblogmoto.com\/images\/2008\/05\/16\/moto_cuir_esqualium_desquad_luduvin.jpg\",\"datePublished\":\"2008-05-16T23:17:31+00:00\",\"dateModified\":\"2012-07-11T15:47:15+00:00\",\"author\":{\"@id\":\"https:\/\/blogs.thesocialmedia.com\/leblogmoto\/#\/schema\/person\/18bfe773e5725ed6d24f743da805362a\"},\"breadcrumb\":{\"@id\":\"https:\/\/blogs.thesocialmedia.com\/leblogmoto\/2008\/05\/16\/ludivine-puy-pr\/#breadcrumb\"},\"inLanguage\":\"fr-FR\",\"potentialAction\":[{\"@type\":\"ReadAction\",\"target\":[\"https:\/\/blogs.thesocialmedia.com\/leblogmoto\/2008\/05\/16\/ludivine-puy-pr\/\"]}]},{\"@type\":\"ImageObject\",\"inLanguage\":\"fr-FR\",\"@id\":\"https:\/\/blogs.thesocialmedia.com\/leblogmoto\/2008\/05\/16\/ludivine-puy-pr\/#primaryimage\",\"url\":\"http:\/\/www.leblogmoto.com\/images\/2008\/05\/16\/moto_cuir_esqualium_desquad_luduvin.jpg\",\"contentUrl\":\"http:\/\/www.leblogmoto.com\/images\/2008\/05\/16\/moto_cuir_esqualium_desquad_luduvin.jpg\"},{\"@type\":\"BreadcrumbList\",\"@id\":\"https:\/\/blogs.thesocialmedia.com\/leblogmoto\/2008\/05\/16\/ludivine-puy-pr\/#breadcrumb\",\"itemListElement\":[{\"@type\":\"ListItem\",\"position\":1,\"name\":\"Accueil\",\"item\":\"https:\/\/blogs.thesocialmedia.com\/leblogmoto\/\"},{\"@type\":\"ListItem\",\"position\":2,\"name\":\"Le cuir de la semaine: Ludivine Puy pour Esquad.\"}]},{\"@type\":\"WebSite\",\"@id\":\"https:\/\/blogs.thesocialmedia.com\/leblogmoto\/#website\",\"url\":\"https:\/\/blogs.thesocialmedia.com\/leblogmoto\/\",\"name\":\"leblogmoto\",\"description\":\"Toute l&#039;actualit\u00e9 des 2 roues\",\"potentialAction\":[{\"@type\":\"SearchAction\",\"target\":{\"@type\":\"EntryPoint\",\"urlTemplate\":\"https:\/\/blogs.thesocialmedia.com\/leblogmoto\/?s={search_term_string}\"},\"query-input\":{\"@type\":\"PropertyValueSpecification\",\"valueRequired\":true,\"valueName\":\"search_term_string\"}}],\"inLanguage\":\"fr-FR\"},{\"@type\":\"Person\",\"@id\":\"https:\/\/blogs.thesocialmedia.com\/leblogmoto\/#\/schema\/person\/18bfe773e5725ed6d24f743da805362a\",\"name\":\"benoit rieu\",\"image\":{\"@type\":\"ImageObject\",\"inLanguage\":\"fr-FR\",\"@id\":\"https:\/\/blogs.thesocialmedia.com\/leblogmoto\/#\/schema\/person\/image\/\",\"url\":\"https:\/\/secure.gravatar.com\/avatar\/?s=96&d=mm&r=g\",\"contentUrl\":\"https:\/\/secure.gravatar.com\/avatar\/?s=96&d=mm&r=g\",\"caption\":\"benoit rieu\"},\"url\":\"https:\/\/blogs.thesocialmedia.com\/leblogmoto\/author\/benoit-rieu\/\"}]}<\/script>\n<!-- \/ Yoast SEO plugin. -->","yoast_head_json":{"title":"Le cuir de la semaine: Ludivine Puy pour Esquad. - leblogmoto.com","robots":{"index":"index","follow":"follow","max-snippet":"max-snippet:-1","max-image-preview":"max-image-preview:large","max-video-preview":"max-video-preview:-1"},"canonical":"https:\/\/blogs.thesocialmedia.com\/leblogmoto\/2008\/05\/16\/ludivine-puy-pr\/","twitter_card":"summary_large_image","twitter_title":"Le cuir de la semaine: Ludivine Puy pour Esquad. - leblogmoto.com","twitter_description":"La championne d&rsquo;Europe d&rsquo;Enduro 2008, la f\u00e9minine Ludivine Puy (ah mais elle est redevenue brune !) fait des piges pour les Tarnais d&rsquo;Esquad et pr\u00e9sente la version pour les motardes et les passag\u00e8res de l&rsquo;E-Korsium*. Le blouson, baptis\u00e9 E-Scalium* est toujours fabriqu\u00e9 en Armalith, comme de bien entendu, pour lui assurer une exceptionnelle r\u00e9sistance \u00e0 [&hellip;]","twitter_image":"http:\/\/www.leblogmoto.com\/images\/2008\/05\/16\/moto_cuir_esqualium_desquad_luduvin.jpg","twitter_misc":{"\u00c9crit par":"benoit rieu","Dur\u00e9e de lecture estim\u00e9e":"1 minute"},"schema":{"@context":"https:\/\/schema.org","@graph":[{"@type":"WebPage","@id":"https:\/\/blogs.thesocialmedia.com\/leblogmoto\/2008\/05\/16\/ludivine-puy-pr\/","url":"https:\/\/blogs.thesocialmedia.com\/leblogmoto\/2008\/05\/16\/ludivine-puy-pr\/","name":"Le cuir de la semaine: Ludivine Puy pour Esquad. - leblogmoto.com","isPartOf":{"@id":"https:\/\/blogs.thesocialmedia.com\/leblogmoto\/#website"},"primaryImageOfPage":{"@id":"https:\/\/blogs.thesocialmedia.com\/leblogmoto\/2008\/05\/16\/ludivine-puy-pr\/#primaryimage"},"image":{"@id":"https:\/\/blogs.thesocialmedia.com\/leblogmoto\/2008\/05\/16\/ludivine-puy-pr\/#primaryimage"},"thumbnailUrl":"http:\/\/www.leblogmoto.com\/images\/2008\/05\/16\/moto_cuir_esqualium_desquad_luduvin.jpg","datePublished":"2008-05-16T23:17:31+00:00","dateModified":"2012-07-11T15:47:15+00:00","author":{"@id":"https:\/\/blogs.thesocialmedia.com\/leblogmoto\/#\/schema\/person\/18bfe773e5725ed6d24f743da805362a"},"breadcrumb":{"@id":"https:\/\/blogs.thesocialmedia.com\/leblogmoto\/2008\/05\/16\/ludivine-puy-pr\/#breadcrumb"},"inLanguage":"fr-FR","potentialAction":[{"@type":"ReadAction","target":["https:\/\/blogs.thesocialmedia.com\/leblogmoto\/2008\/05\/16\/ludivine-puy-pr\/"]}]},{"@type":"ImageObject","inLanguage":"fr-FR","@id":"https:\/\/blogs.thesocialmedia.com\/leblogmoto\/2008\/05\/16\/ludivine-puy-pr\/#primaryimage","url":"http:\/\/www.leblogmoto.com\/images\/2008\/05\/16\/moto_cuir_esqualium_desquad_luduvin.jpg","contentUrl":"http:\/\/www.leblogmoto.com\/images\/2008\/05\/16\/moto_cuir_esqualium_desquad_luduvin.jpg"},{"@type":"BreadcrumbList","@id":"https:\/\/blogs.thesocialmedia.com\/leblogmoto\/2008\/05\/16\/ludivine-puy-pr\/#breadcrumb","itemListElement":[{"@type":"ListItem","position":1,"name":"Accueil","item":"https:\/\/blogs.thesocialmedia.com\/leblogmoto\/"},{"@type":"ListItem","position":2,"name":"Le cuir de la semaine: Ludivine Puy pour Esquad."}]},{"@type":"WebSite","@id":"https:\/\/blogs.thesocialmedia.com\/leblogmoto\/#website","url":"https:\/\/blogs.thesocialmedia.com\/leblogmoto\/","name":"leblogmoto","description":"Toute l&#039;actualit\u00e9 des 2 roues","potentialAction":[{"@type":"SearchAction","target":{"@type":"EntryPoint","urlTemplate":"https:\/\/blogs.thesocialmedia.com\/leblogmoto\/?s={search_term_string}"},"query-input":{"@type":"PropertyValueSpecification","valueRequired":true,"valueName":"search_term_string"}}],"inLanguage":"fr-FR"},{"@type":"Person","@id":"https:\/\/blogs.thesocialmedia.com\/leblogmoto\/#\/schema\/person\/18bfe773e5725ed6d24f743da805362a","name":"benoit rieu","image":{"@type":"ImageObject","inLanguage":"fr-FR","@id":"https:\/\/blogs.thesocialmedia.com\/leblogmoto\/#\/schema\/person\/image\/","url":"https:\/\/secure.gravatar.com\/avatar\/?s=96&d=mm&r=g","contentUrl":"https:\/\/secure.gravatar.com\/avatar\/?s=96&d=mm&r=g","caption":"benoit rieu"},"url":"https:\/\/blogs.thesocialmedia.com\/leblogmoto\/author\/benoit-rieu\/"}]}},"_links":{"self":[{"href":"https:\/\/blogs.thesocialmedia.com\/leblogmoto\/wp-json\/wp\/v2\/posts\/696","targetHints":{"allow":["GET"]}}],"collection":[{"href":"https:\/\/blogs.thesocialmedia.com\/leblogmoto\/wp-json\/wp\/v2\/posts"}],"about":[{"href":"https:\/\/blogs.thesocialmedia.com\/leblogmoto\/wp-json\/wp\/v2\/types\/post"}],"author":[{"embeddable":true,"href":"https:\/\/blogs.thesocialmedia.com\/leblogmoto\/wp-json\/wp\/v2\/users\/324"}],"replies":[{"embeddable":true,"href":"https:\/\/blogs.thesocialmedia.com\/leblogmoto\/wp-json\/wp\/v2\/comments?post=696"}],"version-history":[{"count":2,"href":"https:\/\/blogs.thesocialmedia.com\/leblogmoto\/wp-json\/wp\/v2\/posts\/696\/revisions"}],"predecessor-version":[{"id":10705,"href":"https:\/\/blogs.thesocialmedia.com\/leblogmoto\/wp-json\/wp\/v2\/posts\/696\/revisions\/10705"}],"wp:attachment":[{"href":"https:\/\/blogs.thesocialmedia.com\/leblogmoto\/wp-json\/wp\/v2\/media?parent=696"}],"wp:term":[{"taxonomy":"category","embeddable":true,"href":"https:\/\/blogs.thesocialmedia.com\/leblogmoto\/wp-json\/wp\/v2\/categories?post=696"},{"taxonomy":"post_tag","embeddable":true,"href":"https:\/\/blogs.thesocialmedia.com\/leblogmoto\/wp-json\/wp\/v2\/tags?post=696"}],"curies":[{"name":"wp","href":"https:\/\/api.w.org\/{rel}","templated":true}]}}