{"id":697,"date":"2008-05-16T04:16:05","date_gmt":"2008-05-16T04:16:05","guid":{"rendered":"http:\/\/blogs.thesocialmedia.com\/leblogmoto\/2008\/05\/16\/album-du-vend-2-10\/"},"modified":"2012-07-11T15:47:09","modified_gmt":"2012-07-11T15:47:09","slug":"album-du-vend-2-10","status":"publish","type":"post","link":"https:\/\/blogs.thesocialmedia.com\/leblogmoto\/2008\/05\/16\/album-du-vend-2-10\/","title":{"rendered":"Album du vendredi, Bobines motoris\u00e9es"},"content":{"rendered":"<p><a href=\"http:\/\/blogs.thesocialmedia.com\/leblogmoto\/files\/2012\/07\/island1.jpg\"><img loading=\"lazy\" decoding=\"async\" width=\"470\" height=\"156\"  src=\"http:\/\/www.leblogmoto.com\/images\/2008\/05\/15\/island.jpg\" alt=\"Island\" \/><\/a> <\/p>\n<p>Avec le <a href=\"http:\/\/fr.wikipedia.org\/wiki\/Festival_de_Cannes\">Festival de Cannes<\/a> parti pour un autre tour, l\u2019occasion est belle pour sortir les images de ces acteurs de soutiens que sont les motos.<br \/>Plus qu\u2019un simple moyen de transport pour se rendre du point A au Point B, la moto ajoute toujours une dimension aux protagonistes qui l\u2019utilisent, et parfois, elle est m\u00eame personnage.<\/p>\n<p>Parce que la moto ne s\u2019utilise pas innocemment au cin\u00e9ma, elle a toujours quelque chose \u00e0 dire sur le personnage qui l\u2019enfourche, construisant, forgeant m\u00eame sa personnalit\u00e9.<br \/>Sa cylindr\u00e9e, ses chromes importent peu, il lui suffit d\u2019\u00eatre et de prendre la route vers de nouvelles aventures.<\/p>\n<p><a href=\"http:\/\/clabedan.typepad.com\/.shared\/image.html?\/photos\/uncategorized\/2008\/05\/15\/batman.jpg\"><img loading=\"lazy\" decoding=\"async\" width=\"470\" height=\"202\"  src=\"http:\/\/www.leblogmoto.com\/images\/2008\/05\/15\/batman.jpg\" alt=\"Batman\" \/><\/a> <br \/><a href=\"http:\/\/thedarkknight.warnerbros.com\/\"><em>The Dark Knight<\/em><\/a><\/p>\n<p><a href=\"http:\/\/clabedan.typepad.com\/.shared\/image.html?\/photos\/uncategorized\/2008\/05\/15\/bourne.jpg\"><img loading=\"lazy\" decoding=\"async\" width=\"470\" height=\"194\"  src=\"http:\/\/www.leblogmoto.com\/images\/2008\/05\/15\/bourne.jpg\" alt=\"Bourne\" \/><\/a> <br \/><a href=\"http:\/\/www.thebourneultimatum.com\/\"><em>The Bourne Ultimatum<\/em><\/a><\/p>\n<p><a href=\"http:\/\/clabedan.typepad.com\/.shared\/image.html?\/photos\/uncategorized\/2008\/05\/15\/chaos.jpg\"><img loading=\"lazy\" decoding=\"async\" width=\"470\" height=\"193\"  src=\"http:\/\/www.leblogmoto.com\/images\/2008\/05\/15\/chaos.jpg\" alt=\"Chaos\" \/><\/a> <br \/><a href=\"http:\/\/chaostheorymovie.warnerbros.com\/\"><em>Chaos Theory<\/em><\/a><\/p>\n<p><a href=\"http:\/\/clabedan.typepad.com\/.shared\/image.html?\/photos\/uncategorized\/2008\/05\/15\/cronemberg.jpg\"><img loading=\"lazy\" decoding=\"async\" width=\"470\" height=\"257\"  src=\"http:\/\/www.leblogmoto.com\/images\/2008\/05\/15\/cronemberg.jpg\" alt=\"Cronemberg\" \/><\/a> <br \/><a href=\"http:\/\/www.focusfeatures.com\/easternpromises\/\"><em>Eastern Promises<\/em><\/a><\/p>\n<p><a href=\"http:\/\/clabedan.typepad.com\/.shared\/image.html?\/photos\/uncategorized\/2008\/05\/15\/darjeeling.jpg\"><img loading=\"lazy\" decoding=\"async\" width=\"470\" height=\"193\"  src=\"http:\/\/www.leblogmoto.com\/images\/2008\/05\/15\/darjeeling.jpg\" alt=\"Darjeeling\" \/><\/a> <br \/><a href=\"http:\/\/www.foxsearchlight.com\/thedarjeelinglimited\/\"><em>The Darjeeling Limited<\/em><\/a><\/p>\n<p><a href=\"http:\/\/clabedan.typepad.com\/.shared\/image.html?\/photos\/uncategorized\/2008\/05\/15\/indiana_jones.jpg\"><img loading=\"lazy\" decoding=\"async\" width=\"470\" height=\"409\"  src=\"http:\/\/www.leblogmoto.com\/images\/2008\/05\/15\/indiana_jones.jpg\" alt=\"Indiana_jones\" \/><\/a> <br \/><a href=\"http:\/\/www.indianajones.com\/site\/index.html\"><em>Indiana Jones and the Kingdom of the Crystal Skull<\/em><\/a><\/p>\n<p><a href=\"http:\/\/clabedan.typepad.com\/.shared\/image.html?\/photos\/uncategorized\/2008\/05\/15\/nitro.jpg\"><img loading=\"lazy\" decoding=\"async\" width=\"470\" height=\"199\"  src=\"http:\/\/www.leblogmoto.com\/images\/2008\/05\/15\/nitro.jpg\" alt=\"Nitro\" \/><\/a> <br \/><a href=\"http:\/\/www.canoe.com\/divertissement\/cinema\/fiche\/film\/102620.html\"><em>Nitro<\/em><\/a><\/p>\n<p><a href=\"http:\/\/clabedan.typepad.com\/.shared\/image.html?\/photos\/uncategorized\/2008\/05\/15\/once.jpg\"><img loading=\"lazy\" decoding=\"async\" width=\"470\" height=\"257\"  src=\"http:\/\/www.leblogmoto.com\/images\/2008\/05\/15\/once.jpg\" alt=\"Once\" \/><\/a> <br \/><a href=\"http:\/\/www.foxsearchlight.com\/once\/\"><em>Once<\/em><\/a><\/p>\n<p><a href=\"http:\/\/clabedan.typepad.com\/.shared\/image.html?\/photos\/uncategorized\/2008\/05\/15\/ratouille.jpg\"><img loading=\"lazy\" decoding=\"async\" width=\"470\" height=\"199\"  src=\"http:\/\/www.leblogmoto.com\/images\/2008\/05\/15\/ratouille.jpg\" alt=\"Ratouille\" \/><\/a> <br \/><a href=\"http:\/\/disney.go.com\/disneyvideos\/animatedfilms\/ratatouille\/\"><em>Ratatouille<\/em><\/a><\/p>\n<p><a href=\"http:\/\/clabedan.typepad.com\/.shared\/image.html?\/photos\/uncategorized\/2008\/05\/15\/romulus.jpg\"><img loading=\"lazy\" decoding=\"async\" width=\"470\" height=\"252\"  src=\"http:\/\/www.leblogmoto.com\/images\/2008\/05\/15\/romulus.jpg\" alt=\"Romulus\" \/><\/a> <br \/><a href=\"http:\/\/www.romulusmyfather.com.au\/index.html\"><em>Romulus<\/em><\/a><\/p>\n<p><a href=\"http:\/\/clabedan.typepad.com\/.shared\/image.html?\/photos\/uncategorized\/2008\/05\/15\/tracyfragments.jpg\"><img loading=\"lazy\" decoding=\"async\" width=\"470\" height=\"265\"  src=\"http:\/\/www.leblogmoto.com\/images\/2008\/05\/15\/tracyfragments.jpg\" alt=\"Tracyfragments\" \/><\/a> <br \/><a href=\"http:\/\/www.thetraceyfragments.com\/\"><em>The Tracey Fragments<\/em><\/a><\/p>\n","protected":false},"excerpt":{"rendered":"<p>Avec le Festival de Cannes parti pour un autre tour, l\u2019occasion est belle pour sortir les images de ces acteurs de soutiens que sont les motos.Plus qu\u2019un simple moyen de transport pour se rendre du point A au Point B, la moto ajoute toujours une dimension aux protagonistes qui l\u2019utilisent, et parfois, elle est m\u00eame [&hellip;]<\/p>\n","protected":false},"author":325,"featured_media":0,"comment_status":"open","ping_status":"open","sticky":false,"template":"","format":"standard","meta":{"footnotes":""},"categories":[1],"tags":[],"class_list":["post-697","post","type-post","status-publish","format-standard","hentry","category-uncategorized"],"yoast_head":"<!-- This site is optimized with the Yoast SEO plugin v26.0 - https:\/\/yoast.com\/wordpress\/plugins\/seo\/ -->\n<title>Album du vendredi, Bobines motoris\u00e9es - leblogmoto.com<\/title>\n<meta name=\"robots\" content=\"index, follow, max-snippet:-1, max-image-preview:large, max-video-preview:-1\" \/>\n<link rel=\"canonical\" href=\"https:\/\/blogs.thesocialmedia.com\/leblogmoto\/2008\/05\/16\/album-du-vend-2-10\/\" \/>\n<meta name=\"twitter:card\" content=\"summary_large_image\" \/>\n<meta name=\"twitter:title\" content=\"Album du vendredi, Bobines motoris\u00e9es - leblogmoto.com\" \/>\n<meta name=\"twitter:description\" content=\"Avec le Festival de Cannes parti pour un autre tour, l\u2019occasion est belle pour sortir les images de ces acteurs de soutiens que sont les motos.Plus qu\u2019un simple moyen de transport pour se rendre du point A au Point B, la moto ajoute toujours une dimension aux protagonistes qui l\u2019utilisent, et parfois, elle est m\u00eame [&hellip;]\" \/>\n<meta name=\"twitter:image\" content=\"http:\/\/www.leblogmoto.com\/images\/2008\/05\/15\/island.jpg\" \/>\n<meta name=\"twitter:label1\" content=\"\u00c9crit par\" \/>\n\t<meta name=\"twitter:data1\" content=\"jacques lesage\" \/>\n\t<meta name=\"twitter:label2\" content=\"Dur\u00e9e de lecture estim\u00e9e\" \/>\n\t<meta name=\"twitter:data2\" content=\"1 minute\" \/>\n<script type=\"application\/ld+json\" class=\"yoast-schema-graph\">{\"@context\":\"https:\/\/schema.org\",\"@graph\":[{\"@type\":\"WebPage\",\"@id\":\"https:\/\/blogs.thesocialmedia.com\/leblogmoto\/2008\/05\/16\/album-du-vend-2-10\/\",\"url\":\"https:\/\/blogs.thesocialmedia.com\/leblogmoto\/2008\/05\/16\/album-du-vend-2-10\/\",\"name\":\"Album du vendredi, Bobines motoris\u00e9es - leblogmoto.com\",\"isPartOf\":{\"@id\":\"https:\/\/blogs.thesocialmedia.com\/leblogmoto\/#website\"},\"primaryImageOfPage\":{\"@id\":\"https:\/\/blogs.thesocialmedia.com\/leblogmoto\/2008\/05\/16\/album-du-vend-2-10\/#primaryimage\"},\"image\":{\"@id\":\"https:\/\/blogs.thesocialmedia.com\/leblogmoto\/2008\/05\/16\/album-du-vend-2-10\/#primaryimage\"},\"thumbnailUrl\":\"http:\/\/www.leblogmoto.com\/images\/2008\/05\/15\/island.jpg\",\"datePublished\":\"2008-05-16T04:16:05+00:00\",\"dateModified\":\"2012-07-11T15:47:09+00:00\",\"author\":{\"@id\":\"https:\/\/blogs.thesocialmedia.com\/leblogmoto\/#\/schema\/person\/e82a0ca8a9a63d031586097a3ed58526\"},\"breadcrumb\":{\"@id\":\"https:\/\/blogs.thesocialmedia.com\/leblogmoto\/2008\/05\/16\/album-du-vend-2-10\/#breadcrumb\"},\"inLanguage\":\"fr-FR\",\"potentialAction\":[{\"@type\":\"ReadAction\",\"target\":[\"https:\/\/blogs.thesocialmedia.com\/leblogmoto\/2008\/05\/16\/album-du-vend-2-10\/\"]}]},{\"@type\":\"ImageObject\",\"inLanguage\":\"fr-FR\",\"@id\":\"https:\/\/blogs.thesocialmedia.com\/leblogmoto\/2008\/05\/16\/album-du-vend-2-10\/#primaryimage\",\"url\":\"http:\/\/www.leblogmoto.com\/images\/2008\/05\/15\/island.jpg\",\"contentUrl\":\"http:\/\/www.leblogmoto.com\/images\/2008\/05\/15\/island.jpg\"},{\"@type\":\"BreadcrumbList\",\"@id\":\"https:\/\/blogs.thesocialmedia.com\/leblogmoto\/2008\/05\/16\/album-du-vend-2-10\/#breadcrumb\",\"itemListElement\":[{\"@type\":\"ListItem\",\"position\":1,\"name\":\"Accueil\",\"item\":\"https:\/\/blogs.thesocialmedia.com\/leblogmoto\/\"},{\"@type\":\"ListItem\",\"position\":2,\"name\":\"Album du vendredi, Bobines motoris\u00e9es\"}]},{\"@type\":\"WebSite\",\"@id\":\"https:\/\/blogs.thesocialmedia.com\/leblogmoto\/#website\",\"url\":\"https:\/\/blogs.thesocialmedia.com\/leblogmoto\/\",\"name\":\"leblogmoto\",\"description\":\"Toute l&#039;actualit\u00e9 des 2 roues\",\"potentialAction\":[{\"@type\":\"SearchAction\",\"target\":{\"@type\":\"EntryPoint\",\"urlTemplate\":\"https:\/\/blogs.thesocialmedia.com\/leblogmoto\/?s={search_term_string}\"},\"query-input\":{\"@type\":\"PropertyValueSpecification\",\"valueRequired\":true,\"valueName\":\"search_term_string\"}}],\"inLanguage\":\"fr-FR\"},{\"@type\":\"Person\",\"@id\":\"https:\/\/blogs.thesocialmedia.com\/leblogmoto\/#\/schema\/person\/e82a0ca8a9a63d031586097a3ed58526\",\"name\":\"jacques lesage\",\"image\":{\"@type\":\"ImageObject\",\"inLanguage\":\"fr-FR\",\"@id\":\"https:\/\/blogs.thesocialmedia.com\/leblogmoto\/#\/schema\/person\/image\/\",\"url\":\"https:\/\/secure.gravatar.com\/avatar\/?s=96&d=mm&r=g\",\"contentUrl\":\"https:\/\/secure.gravatar.com\/avatar\/?s=96&d=mm&r=g\",\"caption\":\"jacques lesage\"},\"url\":\"https:\/\/blogs.thesocialmedia.com\/leblogmoto\/author\/jacques-lesage\/\"}]}<\/script>\n<!-- \/ Yoast SEO plugin. -->","yoast_head_json":{"title":"Album du vendredi, Bobines motoris\u00e9es - leblogmoto.com","robots":{"index":"index","follow":"follow","max-snippet":"max-snippet:-1","max-image-preview":"max-image-preview:large","max-video-preview":"max-video-preview:-1"},"canonical":"https:\/\/blogs.thesocialmedia.com\/leblogmoto\/2008\/05\/16\/album-du-vend-2-10\/","twitter_card":"summary_large_image","twitter_title":"Album du vendredi, Bobines motoris\u00e9es - leblogmoto.com","twitter_description":"Avec le Festival de Cannes parti pour un autre tour, l\u2019occasion est belle pour sortir les images de ces acteurs de soutiens que sont les motos.Plus qu\u2019un simple moyen de transport pour se rendre du point A au Point B, la moto ajoute toujours une dimension aux protagonistes qui l\u2019utilisent, et parfois, elle est m\u00eame [&hellip;]","twitter_image":"http:\/\/www.leblogmoto.com\/images\/2008\/05\/15\/island.jpg","twitter_misc":{"\u00c9crit par":"jacques lesage","Dur\u00e9e de lecture estim\u00e9e":"1 minute"},"schema":{"@context":"https:\/\/schema.org","@graph":[{"@type":"WebPage","@id":"https:\/\/blogs.thesocialmedia.com\/leblogmoto\/2008\/05\/16\/album-du-vend-2-10\/","url":"https:\/\/blogs.thesocialmedia.com\/leblogmoto\/2008\/05\/16\/album-du-vend-2-10\/","name":"Album du vendredi, Bobines motoris\u00e9es - leblogmoto.com","isPartOf":{"@id":"https:\/\/blogs.thesocialmedia.com\/leblogmoto\/#website"},"primaryImageOfPage":{"@id":"https:\/\/blogs.thesocialmedia.com\/leblogmoto\/2008\/05\/16\/album-du-vend-2-10\/#primaryimage"},"image":{"@id":"https:\/\/blogs.thesocialmedia.com\/leblogmoto\/2008\/05\/16\/album-du-vend-2-10\/#primaryimage"},"thumbnailUrl":"http:\/\/www.leblogmoto.com\/images\/2008\/05\/15\/island.jpg","datePublished":"2008-05-16T04:16:05+00:00","dateModified":"2012-07-11T15:47:09+00:00","author":{"@id":"https:\/\/blogs.thesocialmedia.com\/leblogmoto\/#\/schema\/person\/e82a0ca8a9a63d031586097a3ed58526"},"breadcrumb":{"@id":"https:\/\/blogs.thesocialmedia.com\/leblogmoto\/2008\/05\/16\/album-du-vend-2-10\/#breadcrumb"},"inLanguage":"fr-FR","potentialAction":[{"@type":"ReadAction","target":["https:\/\/blogs.thesocialmedia.com\/leblogmoto\/2008\/05\/16\/album-du-vend-2-10\/"]}]},{"@type":"ImageObject","inLanguage":"fr-FR","@id":"https:\/\/blogs.thesocialmedia.com\/leblogmoto\/2008\/05\/16\/album-du-vend-2-10\/#primaryimage","url":"http:\/\/www.leblogmoto.com\/images\/2008\/05\/15\/island.jpg","contentUrl":"http:\/\/www.leblogmoto.com\/images\/2008\/05\/15\/island.jpg"},{"@type":"BreadcrumbList","@id":"https:\/\/blogs.thesocialmedia.com\/leblogmoto\/2008\/05\/16\/album-du-vend-2-10\/#breadcrumb","itemListElement":[{"@type":"ListItem","position":1,"name":"Accueil","item":"https:\/\/blogs.thesocialmedia.com\/leblogmoto\/"},{"@type":"ListItem","position":2,"name":"Album du vendredi, Bobines motoris\u00e9es"}]},{"@type":"WebSite","@id":"https:\/\/blogs.thesocialmedia.com\/leblogmoto\/#website","url":"https:\/\/blogs.thesocialmedia.com\/leblogmoto\/","name":"leblogmoto","description":"Toute l&#039;actualit\u00e9 des 2 roues","potentialAction":[{"@type":"SearchAction","target":{"@type":"EntryPoint","urlTemplate":"https:\/\/blogs.thesocialmedia.com\/leblogmoto\/?s={search_term_string}"},"query-input":{"@type":"PropertyValueSpecification","valueRequired":true,"valueName":"search_term_string"}}],"inLanguage":"fr-FR"},{"@type":"Person","@id":"https:\/\/blogs.thesocialmedia.com\/leblogmoto\/#\/schema\/person\/e82a0ca8a9a63d031586097a3ed58526","name":"jacques lesage","image":{"@type":"ImageObject","inLanguage":"fr-FR","@id":"https:\/\/blogs.thesocialmedia.com\/leblogmoto\/#\/schema\/person\/image\/","url":"https:\/\/secure.gravatar.com\/avatar\/?s=96&d=mm&r=g","contentUrl":"https:\/\/secure.gravatar.com\/avatar\/?s=96&d=mm&r=g","caption":"jacques lesage"},"url":"https:\/\/blogs.thesocialmedia.com\/leblogmoto\/author\/jacques-lesage\/"}]}},"_links":{"self":[{"href":"https:\/\/blogs.thesocialmedia.com\/leblogmoto\/wp-json\/wp\/v2\/posts\/697","targetHints":{"allow":["GET"]}}],"collection":[{"href":"https:\/\/blogs.thesocialmedia.com\/leblogmoto\/wp-json\/wp\/v2\/posts"}],"about":[{"href":"https:\/\/blogs.thesocialmedia.com\/leblogmoto\/wp-json\/wp\/v2\/types\/post"}],"author":[{"embeddable":true,"href":"https:\/\/blogs.thesocialmedia.com\/leblogmoto\/wp-json\/wp\/v2\/users\/325"}],"replies":[{"embeddable":true,"href":"https:\/\/blogs.thesocialmedia.com\/leblogmoto\/wp-json\/wp\/v2\/comments?post=697"}],"version-history":[{"count":2,"href":"https:\/\/blogs.thesocialmedia.com\/leblogmoto\/wp-json\/wp\/v2\/posts\/697\/revisions"}],"predecessor-version":[{"id":10701,"href":"https:\/\/blogs.thesocialmedia.com\/leblogmoto\/wp-json\/wp\/v2\/posts\/697\/revisions\/10701"}],"wp:attachment":[{"href":"https:\/\/blogs.thesocialmedia.com\/leblogmoto\/wp-json\/wp\/v2\/media?parent=697"}],"wp:term":[{"taxonomy":"category","embeddable":true,"href":"https:\/\/blogs.thesocialmedia.com\/leblogmoto\/wp-json\/wp\/v2\/categories?post=697"},{"taxonomy":"post_tag","embeddable":true,"href":"https:\/\/blogs.thesocialmedia.com\/leblogmoto\/wp-json\/wp\/v2\/tags?post=697"}],"curies":[{"name":"wp","href":"https:\/\/api.w.org\/{rel}","templated":true}]}}