{"id":698,"date":"2008-05-15T23:59:00","date_gmt":"2008-05-15T23:59:00","guid":{"rendered":"http:\/\/blogs.thesocialmedia.com\/leblogmoto\/2008\/05\/15\/le-texte-sur-le\/"},"modified":"2012-07-11T15:47:08","modified_gmt":"2012-07-11T15:47:08","slug":"le-texte-sur-le","status":"publish","type":"post","link":"https:\/\/blogs.thesocialmedia.com\/leblogmoto\/2008\/05\/15\/le-texte-sur-le\/","title":{"rendered":"Le texte sur les mini-motos a \u00e9t\u00e9 adopt\u00e9."},"content":{"rendered":"<p><a href=\"http:\/\/blogs.thesocialmedia.com\/leblogmoto\/files\/2012\/07\/imagesmiscellaneous2006pocketbike70.jpg\"><img loading=\"lazy\" decoding=\"async\" width=\"470\" height=\"312\"  src=\"http:\/\/www.leblogmoto.com\/images\/2008\/05\/15\/imagesmiscellaneous2006pocketbike70.jpg\" alt=\"Imagesmiscellaneous2006pocketbike70\" \/><\/a><\/p>\n<p>Soyons honn\u00eates. Malgr\u00e9 <a href=\"http:\/\/www.leblogmoto.com\/2008\/04\/vers-une-adopti.html\">la fa\u00e7on exp\u00e9ditive<\/a> dont a \u00e9t\u00e9 amorc\u00e9 et conduit le d\u00e9bat <a href=\"http:\/\/www.leblogmoto.com\/2008\/02\/la-loi-sur-les.html\">en pleine p\u00e9riode \u00e9lectorale<\/a>. Malgr\u00e9 la pression de politiciens qui ne touchent pas une bille en moto, et qui confondraient un side-car avec un semi-remorque. Malgr\u00e9 la stigmatisation liminaire* dont ont \u00e9t\u00e9 encore et encore victimes les proprios de deux-roues, fussent ils &#8211; comme ici &#8211; des v\u00e9hicules ridicules et des moyens de d\u00e9placement <a href=\"http:\/\/www.leblogmoto.com\/2008\/01\/les-douanes-dtr.html\">parfois impraticables<\/a>. Malgr\u00e9 tout cela donc, ce n&rsquo;est pas un mauvais texte l\u00e9gislatif dont a accouch\u00e9 le Parlement. <\/p>\n<p>En effet c&rsquo;est par un dernier vote conforme de l&rsquo;Assembl\u00e9e nationale, le l\u00e9gislateur a d\u00e9finitivement adopt\u00e9 aujourd&rsquo;hui une proposition de loi ayant pour but de durcir** les conditions de vente et d&rsquo;utilisation des mini-motos. <\/p>\n<p>Des <em>pocket bikes<\/em> qui selon la d\u00e9p\u00eache AFP que j&rsquo;ai sous les yeux, seraient \u00e0 l&rsquo;origine d&rsquo;une trentaine d&rsquo;accidents parfois mortels chaque ann\u00e9e en France.<\/p>\n<p>Mat\u00e9riellement, la loi comporte seulement quatre articles, qui \u00e9tablissent une distinction entre les v\u00e9hicules qui n&rsquo;ont pas vocation \u00e0 circuler sur la voie publique de ceux dont la commercialisation peut constituer un d\u00e9lit.<\/p>\n<p>Comment contr\u00f4ler ces engins : r\u00e8glementer leur d\u00e9claration \u00e0 l&rsquo;autorit\u00e9 administrative et le droit d&rsquo;en disposer librement (vente).<\/p>\n<p>Le texte fait ainsi l&rsquo;obligation d&rsquo;apposer sur un engin, une plaque comportant un num\u00e9ro d&rsquo;identification et pr\u00e9voit la possibilit\u00e9 que l&rsquo;engin soit confisqu\u00e9 en cas d&rsquo;infraction. Il interdit la vente, la cession ou la location-vente de ces deux roues \u00e0 un mineur. <\/p>\n<p>Exceptions: est autoris\u00e9e la mise \u00e0 disposition de ces engins aux mineurs de 14 ans &quot;dans le cadre d&rsquo;une association sportive agr\u00e9\u00e9e&quot; et pour une utilisation &quot;sur des terrains adapt\u00e9s&quot;. Ouf, le caract\u00e8re sportif e essentiel dans la d\u00e9tection de futurs talents (on en manque) a \u00e9t\u00e9 pr\u00e9serv\u00e9. <\/p>\n<p>C&rsquo;\u00e9tait la pierre d&rsquo;achoppement, illustr\u00e9e sur notre blog par la biographie de Vale, champion dans sa jeunesse sur ces diablesses de b\u00e9canes.<\/p>\n<p>Quant aux sanctions \u00e9rig\u00e9es par ce texte, le manquement aux dispositions l\u00e9gales est passible d&rsquo;une contravention de 1.500 \u20ac, qui en cas de r\u00e9cidive pourra \u00eatre port\u00e9e \u00e0 3.000 \u20ac .<\/p>\n<p><em>*dire que les pocket bike par exemple \u00e9taient de faux jouets auraient largement suffit, \u00e0 mon avis pour introduire le d\u00e9bat et \u00e9viter de faire passer leur d\u00e9tenteur pour des dangers au guidon.<\/em><\/p>\n<p><em>**une mise au clair demand\u00e9e par la <a href=\"http:\/\/www.ffmc.asso.fr\/\">FFMC<\/a> elle-m\u00eame.<br \/><\/em><\/p>\n<p><em>via depeche AFP.<\/em><em> credit photo:<\/em> <em><a href=\"http:\/\/buytaert.net\/\">Dries Buytaert<\/a> (c&rsquo;est d&rsquo;ailleurs lui sur la photo), cr\u00e9ateur du syst\u00e8me de publication open source <u>Drupal<\/u> utilis\u00e9, entre autres par <a href=\"http:\/\/buytaert.net\/motogp-using-drupal\">le nouveau site MotoGP<\/a>, rien que \u00e7a. Version que nous vous pr\u00e9sentions <a href=\"http:\/\/www.leblogmoto.com\/2008\/03\/sur-le-web-beta.html\">ici<\/a>.<br \/> <\/em><\/p>\n","protected":false},"excerpt":{"rendered":"<p>Soyons honn\u00eates. Malgr\u00e9 la fa\u00e7on exp\u00e9ditive dont a \u00e9t\u00e9 amorc\u00e9 et conduit le d\u00e9bat en pleine p\u00e9riode \u00e9lectorale. Malgr\u00e9 la pression de politiciens qui ne touchent pas une bille en moto, et qui confondraient un side-car avec un semi-remorque. Malgr\u00e9 la stigmatisation liminaire* dont ont \u00e9t\u00e9 encore et encore victimes les proprios de deux-roues, fussent [&hellip;]<\/p>\n","protected":false},"author":324,"featured_media":0,"comment_status":"open","ping_status":"open","sticky":false,"template":"","format":"standard","meta":{"footnotes":""},"categories":[3,79,27],"tags":[],"class_list":["post-698","post","type-post","status-publish","format-standard","hentry","category-actualite","category-pocket-bike","category-securite"],"yoast_head":"<!-- This site is optimized with the Yoast SEO plugin v26.0 - https:\/\/yoast.com\/wordpress\/plugins\/seo\/ -->\n<title>Le texte sur les mini-motos a \u00e9t\u00e9 adopt\u00e9. - leblogmoto.com<\/title>\n<meta name=\"robots\" content=\"index, follow, max-snippet:-1, max-image-preview:large, max-video-preview:-1\" \/>\n<link rel=\"canonical\" href=\"https:\/\/blogs.thesocialmedia.com\/leblogmoto\/2008\/05\/15\/le-texte-sur-le\/\" \/>\n<meta name=\"twitter:card\" content=\"summary_large_image\" \/>\n<meta name=\"twitter:title\" content=\"Le texte sur les mini-motos a \u00e9t\u00e9 adopt\u00e9. - leblogmoto.com\" \/>\n<meta name=\"twitter:description\" content=\"Soyons honn\u00eates. Malgr\u00e9 la fa\u00e7on exp\u00e9ditive dont a \u00e9t\u00e9 amorc\u00e9 et conduit le d\u00e9bat en pleine p\u00e9riode \u00e9lectorale. Malgr\u00e9 la pression de politiciens qui ne touchent pas une bille en moto, et qui confondraient un side-car avec un semi-remorque. Malgr\u00e9 la stigmatisation liminaire* dont ont \u00e9t\u00e9 encore et encore victimes les proprios de deux-roues, fussent [&hellip;]\" \/>\n<meta name=\"twitter:image\" content=\"http:\/\/www.leblogmoto.com\/images\/2008\/05\/15\/imagesmiscellaneous2006pocketbike70.jpg\" \/>\n<meta name=\"twitter:label1\" content=\"\u00c9crit par\" \/>\n\t<meta name=\"twitter:data1\" content=\"benoit rieu\" \/>\n\t<meta name=\"twitter:label2\" content=\"Dur\u00e9e de lecture estim\u00e9e\" \/>\n\t<meta name=\"twitter:data2\" content=\"2 minutes\" \/>\n<script type=\"application\/ld+json\" class=\"yoast-schema-graph\">{\"@context\":\"https:\/\/schema.org\",\"@graph\":[{\"@type\":\"WebPage\",\"@id\":\"https:\/\/blogs.thesocialmedia.com\/leblogmoto\/2008\/05\/15\/le-texte-sur-le\/\",\"url\":\"https:\/\/blogs.thesocialmedia.com\/leblogmoto\/2008\/05\/15\/le-texte-sur-le\/\",\"name\":\"Le texte sur les mini-motos a \u00e9t\u00e9 adopt\u00e9. - leblogmoto.com\",\"isPartOf\":{\"@id\":\"https:\/\/blogs.thesocialmedia.com\/leblogmoto\/#website\"},\"primaryImageOfPage\":{\"@id\":\"https:\/\/blogs.thesocialmedia.com\/leblogmoto\/2008\/05\/15\/le-texte-sur-le\/#primaryimage\"},\"image\":{\"@id\":\"https:\/\/blogs.thesocialmedia.com\/leblogmoto\/2008\/05\/15\/le-texte-sur-le\/#primaryimage\"},\"thumbnailUrl\":\"http:\/\/www.leblogmoto.com\/images\/2008\/05\/15\/imagesmiscellaneous2006pocketbike70.jpg\",\"datePublished\":\"2008-05-15T23:59:00+00:00\",\"dateModified\":\"2012-07-11T15:47:08+00:00\",\"author\":{\"@id\":\"https:\/\/blogs.thesocialmedia.com\/leblogmoto\/#\/schema\/person\/18bfe773e5725ed6d24f743da805362a\"},\"breadcrumb\":{\"@id\":\"https:\/\/blogs.thesocialmedia.com\/leblogmoto\/2008\/05\/15\/le-texte-sur-le\/#breadcrumb\"},\"inLanguage\":\"fr-FR\",\"potentialAction\":[{\"@type\":\"ReadAction\",\"target\":[\"https:\/\/blogs.thesocialmedia.com\/leblogmoto\/2008\/05\/15\/le-texte-sur-le\/\"]}]},{\"@type\":\"ImageObject\",\"inLanguage\":\"fr-FR\",\"@id\":\"https:\/\/blogs.thesocialmedia.com\/leblogmoto\/2008\/05\/15\/le-texte-sur-le\/#primaryimage\",\"url\":\"http:\/\/www.leblogmoto.com\/images\/2008\/05\/15\/imagesmiscellaneous2006pocketbike70.jpg\",\"contentUrl\":\"http:\/\/www.leblogmoto.com\/images\/2008\/05\/15\/imagesmiscellaneous2006pocketbike70.jpg\"},{\"@type\":\"BreadcrumbList\",\"@id\":\"https:\/\/blogs.thesocialmedia.com\/leblogmoto\/2008\/05\/15\/le-texte-sur-le\/#breadcrumb\",\"itemListElement\":[{\"@type\":\"ListItem\",\"position\":1,\"name\":\"Accueil\",\"item\":\"https:\/\/blogs.thesocialmedia.com\/leblogmoto\/\"},{\"@type\":\"ListItem\",\"position\":2,\"name\":\"Le texte sur les mini-motos a \u00e9t\u00e9 adopt\u00e9.\"}]},{\"@type\":\"WebSite\",\"@id\":\"https:\/\/blogs.thesocialmedia.com\/leblogmoto\/#website\",\"url\":\"https:\/\/blogs.thesocialmedia.com\/leblogmoto\/\",\"name\":\"leblogmoto\",\"description\":\"Toute l&#039;actualit\u00e9 des 2 roues\",\"potentialAction\":[{\"@type\":\"SearchAction\",\"target\":{\"@type\":\"EntryPoint\",\"urlTemplate\":\"https:\/\/blogs.thesocialmedia.com\/leblogmoto\/?s={search_term_string}\"},\"query-input\":{\"@type\":\"PropertyValueSpecification\",\"valueRequired\":true,\"valueName\":\"search_term_string\"}}],\"inLanguage\":\"fr-FR\"},{\"@type\":\"Person\",\"@id\":\"https:\/\/blogs.thesocialmedia.com\/leblogmoto\/#\/schema\/person\/18bfe773e5725ed6d24f743da805362a\",\"name\":\"benoit rieu\",\"image\":{\"@type\":\"ImageObject\",\"inLanguage\":\"fr-FR\",\"@id\":\"https:\/\/blogs.thesocialmedia.com\/leblogmoto\/#\/schema\/person\/image\/\",\"url\":\"https:\/\/secure.gravatar.com\/avatar\/?s=96&d=mm&r=g\",\"contentUrl\":\"https:\/\/secure.gravatar.com\/avatar\/?s=96&d=mm&r=g\",\"caption\":\"benoit rieu\"},\"url\":\"https:\/\/blogs.thesocialmedia.com\/leblogmoto\/author\/benoit-rieu\/\"}]}<\/script>\n<!-- \/ Yoast SEO plugin. -->","yoast_head_json":{"title":"Le texte sur les mini-motos a \u00e9t\u00e9 adopt\u00e9. - leblogmoto.com","robots":{"index":"index","follow":"follow","max-snippet":"max-snippet:-1","max-image-preview":"max-image-preview:large","max-video-preview":"max-video-preview:-1"},"canonical":"https:\/\/blogs.thesocialmedia.com\/leblogmoto\/2008\/05\/15\/le-texte-sur-le\/","twitter_card":"summary_large_image","twitter_title":"Le texte sur les mini-motos a \u00e9t\u00e9 adopt\u00e9. - leblogmoto.com","twitter_description":"Soyons honn\u00eates. Malgr\u00e9 la fa\u00e7on exp\u00e9ditive dont a \u00e9t\u00e9 amorc\u00e9 et conduit le d\u00e9bat en pleine p\u00e9riode \u00e9lectorale. Malgr\u00e9 la pression de politiciens qui ne touchent pas une bille en moto, et qui confondraient un side-car avec un semi-remorque. Malgr\u00e9 la stigmatisation liminaire* dont ont \u00e9t\u00e9 encore et encore victimes les proprios de deux-roues, fussent [&hellip;]","twitter_image":"http:\/\/www.leblogmoto.com\/images\/2008\/05\/15\/imagesmiscellaneous2006pocketbike70.jpg","twitter_misc":{"\u00c9crit par":"benoit rieu","Dur\u00e9e de lecture estim\u00e9e":"2 minutes"},"schema":{"@context":"https:\/\/schema.org","@graph":[{"@type":"WebPage","@id":"https:\/\/blogs.thesocialmedia.com\/leblogmoto\/2008\/05\/15\/le-texte-sur-le\/","url":"https:\/\/blogs.thesocialmedia.com\/leblogmoto\/2008\/05\/15\/le-texte-sur-le\/","name":"Le texte sur les mini-motos a \u00e9t\u00e9 adopt\u00e9. - leblogmoto.com","isPartOf":{"@id":"https:\/\/blogs.thesocialmedia.com\/leblogmoto\/#website"},"primaryImageOfPage":{"@id":"https:\/\/blogs.thesocialmedia.com\/leblogmoto\/2008\/05\/15\/le-texte-sur-le\/#primaryimage"},"image":{"@id":"https:\/\/blogs.thesocialmedia.com\/leblogmoto\/2008\/05\/15\/le-texte-sur-le\/#primaryimage"},"thumbnailUrl":"http:\/\/www.leblogmoto.com\/images\/2008\/05\/15\/imagesmiscellaneous2006pocketbike70.jpg","datePublished":"2008-05-15T23:59:00+00:00","dateModified":"2012-07-11T15:47:08+00:00","author":{"@id":"https:\/\/blogs.thesocialmedia.com\/leblogmoto\/#\/schema\/person\/18bfe773e5725ed6d24f743da805362a"},"breadcrumb":{"@id":"https:\/\/blogs.thesocialmedia.com\/leblogmoto\/2008\/05\/15\/le-texte-sur-le\/#breadcrumb"},"inLanguage":"fr-FR","potentialAction":[{"@type":"ReadAction","target":["https:\/\/blogs.thesocialmedia.com\/leblogmoto\/2008\/05\/15\/le-texte-sur-le\/"]}]},{"@type":"ImageObject","inLanguage":"fr-FR","@id":"https:\/\/blogs.thesocialmedia.com\/leblogmoto\/2008\/05\/15\/le-texte-sur-le\/#primaryimage","url":"http:\/\/www.leblogmoto.com\/images\/2008\/05\/15\/imagesmiscellaneous2006pocketbike70.jpg","contentUrl":"http:\/\/www.leblogmoto.com\/images\/2008\/05\/15\/imagesmiscellaneous2006pocketbike70.jpg"},{"@type":"BreadcrumbList","@id":"https:\/\/blogs.thesocialmedia.com\/leblogmoto\/2008\/05\/15\/le-texte-sur-le\/#breadcrumb","itemListElement":[{"@type":"ListItem","position":1,"name":"Accueil","item":"https:\/\/blogs.thesocialmedia.com\/leblogmoto\/"},{"@type":"ListItem","position":2,"name":"Le texte sur les mini-motos a \u00e9t\u00e9 adopt\u00e9."}]},{"@type":"WebSite","@id":"https:\/\/blogs.thesocialmedia.com\/leblogmoto\/#website","url":"https:\/\/blogs.thesocialmedia.com\/leblogmoto\/","name":"leblogmoto","description":"Toute l&#039;actualit\u00e9 des 2 roues","potentialAction":[{"@type":"SearchAction","target":{"@type":"EntryPoint","urlTemplate":"https:\/\/blogs.thesocialmedia.com\/leblogmoto\/?s={search_term_string}"},"query-input":{"@type":"PropertyValueSpecification","valueRequired":true,"valueName":"search_term_string"}}],"inLanguage":"fr-FR"},{"@type":"Person","@id":"https:\/\/blogs.thesocialmedia.com\/leblogmoto\/#\/schema\/person\/18bfe773e5725ed6d24f743da805362a","name":"benoit rieu","image":{"@type":"ImageObject","inLanguage":"fr-FR","@id":"https:\/\/blogs.thesocialmedia.com\/leblogmoto\/#\/schema\/person\/image\/","url":"https:\/\/secure.gravatar.com\/avatar\/?s=96&d=mm&r=g","contentUrl":"https:\/\/secure.gravatar.com\/avatar\/?s=96&d=mm&r=g","caption":"benoit rieu"},"url":"https:\/\/blogs.thesocialmedia.com\/leblogmoto\/author\/benoit-rieu\/"}]}},"_links":{"self":[{"href":"https:\/\/blogs.thesocialmedia.com\/leblogmoto\/wp-json\/wp\/v2\/posts\/698","targetHints":{"allow":["GET"]}}],"collection":[{"href":"https:\/\/blogs.thesocialmedia.com\/leblogmoto\/wp-json\/wp\/v2\/posts"}],"about":[{"href":"https:\/\/blogs.thesocialmedia.com\/leblogmoto\/wp-json\/wp\/v2\/types\/post"}],"author":[{"embeddable":true,"href":"https:\/\/blogs.thesocialmedia.com\/leblogmoto\/wp-json\/wp\/v2\/users\/324"}],"replies":[{"embeddable":true,"href":"https:\/\/blogs.thesocialmedia.com\/leblogmoto\/wp-json\/wp\/v2\/comments?post=698"}],"version-history":[{"count":2,"href":"https:\/\/blogs.thesocialmedia.com\/leblogmoto\/wp-json\/wp\/v2\/posts\/698\/revisions"}],"predecessor-version":[{"id":10699,"href":"https:\/\/blogs.thesocialmedia.com\/leblogmoto\/wp-json\/wp\/v2\/posts\/698\/revisions\/10699"}],"wp:attachment":[{"href":"https:\/\/blogs.thesocialmedia.com\/leblogmoto\/wp-json\/wp\/v2\/media?parent=698"}],"wp:term":[{"taxonomy":"category","embeddable":true,"href":"https:\/\/blogs.thesocialmedia.com\/leblogmoto\/wp-json\/wp\/v2\/categories?post=698"},{"taxonomy":"post_tag","embeddable":true,"href":"https:\/\/blogs.thesocialmedia.com\/leblogmoto\/wp-json\/wp\/v2\/tags?post=698"}],"curies":[{"name":"wp","href":"https:\/\/api.w.org\/{rel}","templated":true}]}}