{"id":701,"date":"2008-05-12T17:38:28","date_gmt":"2008-05-12T17:38:28","guid":{"rendered":"http:\/\/blogs.thesocialmedia.com\/leblogmoto\/2008\/05\/12\/des-thylotests\/"},"modified":"2012-07-11T15:46:44","modified_gmt":"2012-07-11T15:46:44","slug":"des-thylotests","status":"publish","type":"post","link":"https:\/\/blogs.thesocialmedia.com\/leblogmoto\/2008\/05\/12\/des-thylotests\/","title":{"rendered":"Des \u00e9thylotests dans tous les d\u00e9bits de boisson d\u00e8s cet \u00e9t\u00e9."},"content":{"rendered":"<p><a href=\"http:\/\/blogs.thesocialmedia.com\/leblogmoto\/files\/2012\/07\/moto_scurit_campagne_2002_agence_lo.jpg\"><img loading=\"lazy\" decoding=\"async\" height=\"352\" alt=\"Moto_scurit_campagne_2002_agence_lo\" src=\"http:\/\/www.leblogmoto.com\/images\/2008\/05\/12\/moto_scurit_campagne_2002_agence_lo.jpg\" width=\"470\"  \/><\/a><\/p>\n<p>Un visuel de l&rsquo;agence Lowe Alice issu d&rsquo;une campagne en 2002 pour tenter de parler de ce tr\u00e8s long week-end du 8 mai et Pentec\u00f4te, qui aura connu 15 morts*, en esp\u00e9rant que le <em>bodycount<\/em> soit termin\u00e9. C&rsquo;est justement face au sort funeste de ces personnes que Jean-Louis Borloo a annonc\u00e9 hier soir au JT de France 2 la mise en place obligatoire d&rsquo;\u00e9thylotests \u00e9lectroniques dans les caf\u00e9s, bars, discoth\u00e8ques. Avant d&rsquo;aborder les r\u00e9actions suscit\u00e9es, juste un rappel perso: des \u00e9tablissement titulaires de la Licence IV avaient l&rsquo;an dernier retir\u00e9 ce type d&rsquo;appareil, car certains consommateurs organisaient des concours de v\u00e9ritables dipsomanes, pour faire grimper les taux d&rsquo;alcool affich\u00e9s.<\/p>\n<p>Qu&rsquo;importe maintenant, le d\u00e9cret a \u00e9t\u00e9 sign\u00e9 ce matin et transmis au Conseil d&rsquo;Etat.<\/p>\n<p>Et il a d\u00e9j\u00e0 suscit\u00e9 des prises de position diverses. Attention aux acronymes. Sur France Info, Bernard Quartier, pr\u00e9sident de la FNCBD, la F\u00e9d\u00e9ration nationale des caf\u00e9s brasseries discoth\u00e8ques: &quot;C&rsquo;est vraiment dommage qu&rsquo;on le fasse sans concertation. On a envie de faire un bon mot, alors on annonce un dimanche soir qu&rsquo;on mettra des \u00e9thylotests: c&rsquo;est une mesure ridicule&quot;. <\/p>\n<p>&quot;Nous venons de subir l&rsquo;interdiction de fumer, la lutte contre l&rsquo;alcoolisme, le bruit, l&rsquo;hygi\u00e8ne. On nous en remet une couche. Je crois qu&rsquo;on veut faire fermer ces \u00e9tablissements, c&rsquo;est scandaleux&quot;, a-t-il avanc\u00e9.<\/p>\n<p>Le pr\u00e9sident conf\u00e9d\u00e9ral de l&rsquo;UMIH, l&rsquo;Union des m\u00e9tiers et des Industries de l&rsquo;H\u00f4tellerie (UMIH) Andr\u00e9 Daguin, s&rsquo;est d\u00e9clar\u00e9 heureux de cette d\u00e9cision sur LCI: &quot;C&rsquo;est une bonne mesure pour nos professionnels qui seront \u00e0 l&rsquo;abri de responsabilit\u00e9s excessives, parce que chacun pourra se mesurer. <\/p>\n<p>(Les clients) ne pourront pas dire qu&rsquo;ils sont sortis d&rsquo;un restaurant ou d&rsquo;un bistro en ayant bu, sans avoir \u00e9t\u00e9 pr\u00e9venus&quot;, a-t-il ajout\u00e9. <\/p>\n<p><em>*dont au moins deux motards (le pilote et sa passag\u00e8re).<\/em><\/p>\n<p><em>Sources: Le Nouvel Obs et Le Figaro.<\/em><\/p>\n","protected":false},"excerpt":{"rendered":"<p>Un visuel de l&rsquo;agence Lowe Alice issu d&rsquo;une campagne en 2002 pour tenter de parler de ce tr\u00e8s long week-end du 8 mai et Pentec\u00f4te, qui aura connu 15 morts*, en esp\u00e9rant que le bodycount soit termin\u00e9. C&rsquo;est justement face au sort funeste de ces personnes que Jean-Louis Borloo a annonc\u00e9 hier soir au JT [&hellip;]<\/p>\n","protected":false},"author":324,"featured_media":0,"comment_status":"open","ping_status":"open","sticky":false,"template":"","format":"standard","meta":{"footnotes":""},"categories":[3,27],"tags":[],"class_list":["post-701","post","type-post","status-publish","format-standard","hentry","category-actualite","category-securite"],"yoast_head":"<!-- This site is optimized with the Yoast SEO plugin v26.0 - https:\/\/yoast.com\/wordpress\/plugins\/seo\/ -->\n<title>Des \u00e9thylotests dans tous les d\u00e9bits de boisson d\u00e8s cet \u00e9t\u00e9. - leblogmoto.com<\/title>\n<meta name=\"robots\" content=\"index, follow, max-snippet:-1, max-image-preview:large, max-video-preview:-1\" \/>\n<link rel=\"canonical\" href=\"https:\/\/blogs.thesocialmedia.com\/leblogmoto\/2008\/05\/12\/des-thylotests\/\" \/>\n<meta name=\"twitter:card\" content=\"summary_large_image\" \/>\n<meta name=\"twitter:title\" content=\"Des \u00e9thylotests dans tous les d\u00e9bits de boisson d\u00e8s cet \u00e9t\u00e9. - leblogmoto.com\" \/>\n<meta name=\"twitter:description\" content=\"Un visuel de l&rsquo;agence Lowe Alice issu d&rsquo;une campagne en 2002 pour tenter de parler de ce tr\u00e8s long week-end du 8 mai et Pentec\u00f4te, qui aura connu 15 morts*, en esp\u00e9rant que le bodycount soit termin\u00e9. C&rsquo;est justement face au sort funeste de ces personnes que Jean-Louis Borloo a annonc\u00e9 hier soir au JT [&hellip;]\" \/>\n<meta name=\"twitter:image\" content=\"http:\/\/www.leblogmoto.com\/images\/2008\/05\/12\/moto_scurit_campagne_2002_agence_lo.jpg\" \/>\n<meta name=\"twitter:label1\" content=\"\u00c9crit par\" \/>\n\t<meta name=\"twitter:data1\" content=\"benoit rieu\" \/>\n\t<meta name=\"twitter:label2\" content=\"Dur\u00e9e de lecture estim\u00e9e\" \/>\n\t<meta name=\"twitter:data2\" content=\"2 minutes\" \/>\n<script type=\"application\/ld+json\" class=\"yoast-schema-graph\">{\"@context\":\"https:\/\/schema.org\",\"@graph\":[{\"@type\":\"WebPage\",\"@id\":\"https:\/\/blogs.thesocialmedia.com\/leblogmoto\/2008\/05\/12\/des-thylotests\/\",\"url\":\"https:\/\/blogs.thesocialmedia.com\/leblogmoto\/2008\/05\/12\/des-thylotests\/\",\"name\":\"Des \u00e9thylotests dans tous les d\u00e9bits de boisson d\u00e8s cet \u00e9t\u00e9. - leblogmoto.com\",\"isPartOf\":{\"@id\":\"https:\/\/blogs.thesocialmedia.com\/leblogmoto\/#website\"},\"primaryImageOfPage\":{\"@id\":\"https:\/\/blogs.thesocialmedia.com\/leblogmoto\/2008\/05\/12\/des-thylotests\/#primaryimage\"},\"image\":{\"@id\":\"https:\/\/blogs.thesocialmedia.com\/leblogmoto\/2008\/05\/12\/des-thylotests\/#primaryimage\"},\"thumbnailUrl\":\"http:\/\/www.leblogmoto.com\/images\/2008\/05\/12\/moto_scurit_campagne_2002_agence_lo.jpg\",\"datePublished\":\"2008-05-12T17:38:28+00:00\",\"dateModified\":\"2012-07-11T15:46:44+00:00\",\"author\":{\"@id\":\"https:\/\/blogs.thesocialmedia.com\/leblogmoto\/#\/schema\/person\/18bfe773e5725ed6d24f743da805362a\"},\"breadcrumb\":{\"@id\":\"https:\/\/blogs.thesocialmedia.com\/leblogmoto\/2008\/05\/12\/des-thylotests\/#breadcrumb\"},\"inLanguage\":\"fr-FR\",\"potentialAction\":[{\"@type\":\"ReadAction\",\"target\":[\"https:\/\/blogs.thesocialmedia.com\/leblogmoto\/2008\/05\/12\/des-thylotests\/\"]}]},{\"@type\":\"ImageObject\",\"inLanguage\":\"fr-FR\",\"@id\":\"https:\/\/blogs.thesocialmedia.com\/leblogmoto\/2008\/05\/12\/des-thylotests\/#primaryimage\",\"url\":\"http:\/\/www.leblogmoto.com\/images\/2008\/05\/12\/moto_scurit_campagne_2002_agence_lo.jpg\",\"contentUrl\":\"http:\/\/www.leblogmoto.com\/images\/2008\/05\/12\/moto_scurit_campagne_2002_agence_lo.jpg\"},{\"@type\":\"BreadcrumbList\",\"@id\":\"https:\/\/blogs.thesocialmedia.com\/leblogmoto\/2008\/05\/12\/des-thylotests\/#breadcrumb\",\"itemListElement\":[{\"@type\":\"ListItem\",\"position\":1,\"name\":\"Accueil\",\"item\":\"https:\/\/blogs.thesocialmedia.com\/leblogmoto\/\"},{\"@type\":\"ListItem\",\"position\":2,\"name\":\"Des \u00e9thylotests dans tous les d\u00e9bits de boisson d\u00e8s cet \u00e9t\u00e9.\"}]},{\"@type\":\"WebSite\",\"@id\":\"https:\/\/blogs.thesocialmedia.com\/leblogmoto\/#website\",\"url\":\"https:\/\/blogs.thesocialmedia.com\/leblogmoto\/\",\"name\":\"leblogmoto\",\"description\":\"Toute l&#039;actualit\u00e9 des 2 roues\",\"potentialAction\":[{\"@type\":\"SearchAction\",\"target\":{\"@type\":\"EntryPoint\",\"urlTemplate\":\"https:\/\/blogs.thesocialmedia.com\/leblogmoto\/?s={search_term_string}\"},\"query-input\":{\"@type\":\"PropertyValueSpecification\",\"valueRequired\":true,\"valueName\":\"search_term_string\"}}],\"inLanguage\":\"fr-FR\"},{\"@type\":\"Person\",\"@id\":\"https:\/\/blogs.thesocialmedia.com\/leblogmoto\/#\/schema\/person\/18bfe773e5725ed6d24f743da805362a\",\"name\":\"benoit rieu\",\"image\":{\"@type\":\"ImageObject\",\"inLanguage\":\"fr-FR\",\"@id\":\"https:\/\/blogs.thesocialmedia.com\/leblogmoto\/#\/schema\/person\/image\/\",\"url\":\"https:\/\/secure.gravatar.com\/avatar\/?s=96&d=mm&r=g\",\"contentUrl\":\"https:\/\/secure.gravatar.com\/avatar\/?s=96&d=mm&r=g\",\"caption\":\"benoit rieu\"},\"url\":\"https:\/\/blogs.thesocialmedia.com\/leblogmoto\/author\/benoit-rieu\/\"}]}<\/script>\n<!-- \/ Yoast SEO plugin. -->","yoast_head_json":{"title":"Des \u00e9thylotests dans tous les d\u00e9bits de boisson d\u00e8s cet \u00e9t\u00e9. - leblogmoto.com","robots":{"index":"index","follow":"follow","max-snippet":"max-snippet:-1","max-image-preview":"max-image-preview:large","max-video-preview":"max-video-preview:-1"},"canonical":"https:\/\/blogs.thesocialmedia.com\/leblogmoto\/2008\/05\/12\/des-thylotests\/","twitter_card":"summary_large_image","twitter_title":"Des \u00e9thylotests dans tous les d\u00e9bits de boisson d\u00e8s cet \u00e9t\u00e9. - leblogmoto.com","twitter_description":"Un visuel de l&rsquo;agence Lowe Alice issu d&rsquo;une campagne en 2002 pour tenter de parler de ce tr\u00e8s long week-end du 8 mai et Pentec\u00f4te, qui aura connu 15 morts*, en esp\u00e9rant que le bodycount soit termin\u00e9. C&rsquo;est justement face au sort funeste de ces personnes que Jean-Louis Borloo a annonc\u00e9 hier soir au JT [&hellip;]","twitter_image":"http:\/\/www.leblogmoto.com\/images\/2008\/05\/12\/moto_scurit_campagne_2002_agence_lo.jpg","twitter_misc":{"\u00c9crit par":"benoit rieu","Dur\u00e9e de lecture estim\u00e9e":"2 minutes"},"schema":{"@context":"https:\/\/schema.org","@graph":[{"@type":"WebPage","@id":"https:\/\/blogs.thesocialmedia.com\/leblogmoto\/2008\/05\/12\/des-thylotests\/","url":"https:\/\/blogs.thesocialmedia.com\/leblogmoto\/2008\/05\/12\/des-thylotests\/","name":"Des \u00e9thylotests dans tous les d\u00e9bits de boisson d\u00e8s cet \u00e9t\u00e9. - leblogmoto.com","isPartOf":{"@id":"https:\/\/blogs.thesocialmedia.com\/leblogmoto\/#website"},"primaryImageOfPage":{"@id":"https:\/\/blogs.thesocialmedia.com\/leblogmoto\/2008\/05\/12\/des-thylotests\/#primaryimage"},"image":{"@id":"https:\/\/blogs.thesocialmedia.com\/leblogmoto\/2008\/05\/12\/des-thylotests\/#primaryimage"},"thumbnailUrl":"http:\/\/www.leblogmoto.com\/images\/2008\/05\/12\/moto_scurit_campagne_2002_agence_lo.jpg","datePublished":"2008-05-12T17:38:28+00:00","dateModified":"2012-07-11T15:46:44+00:00","author":{"@id":"https:\/\/blogs.thesocialmedia.com\/leblogmoto\/#\/schema\/person\/18bfe773e5725ed6d24f743da805362a"},"breadcrumb":{"@id":"https:\/\/blogs.thesocialmedia.com\/leblogmoto\/2008\/05\/12\/des-thylotests\/#breadcrumb"},"inLanguage":"fr-FR","potentialAction":[{"@type":"ReadAction","target":["https:\/\/blogs.thesocialmedia.com\/leblogmoto\/2008\/05\/12\/des-thylotests\/"]}]},{"@type":"ImageObject","inLanguage":"fr-FR","@id":"https:\/\/blogs.thesocialmedia.com\/leblogmoto\/2008\/05\/12\/des-thylotests\/#primaryimage","url":"http:\/\/www.leblogmoto.com\/images\/2008\/05\/12\/moto_scurit_campagne_2002_agence_lo.jpg","contentUrl":"http:\/\/www.leblogmoto.com\/images\/2008\/05\/12\/moto_scurit_campagne_2002_agence_lo.jpg"},{"@type":"BreadcrumbList","@id":"https:\/\/blogs.thesocialmedia.com\/leblogmoto\/2008\/05\/12\/des-thylotests\/#breadcrumb","itemListElement":[{"@type":"ListItem","position":1,"name":"Accueil","item":"https:\/\/blogs.thesocialmedia.com\/leblogmoto\/"},{"@type":"ListItem","position":2,"name":"Des \u00e9thylotests dans tous les d\u00e9bits de boisson d\u00e8s cet \u00e9t\u00e9."}]},{"@type":"WebSite","@id":"https:\/\/blogs.thesocialmedia.com\/leblogmoto\/#website","url":"https:\/\/blogs.thesocialmedia.com\/leblogmoto\/","name":"leblogmoto","description":"Toute l&#039;actualit\u00e9 des 2 roues","potentialAction":[{"@type":"SearchAction","target":{"@type":"EntryPoint","urlTemplate":"https:\/\/blogs.thesocialmedia.com\/leblogmoto\/?s={search_term_string}"},"query-input":{"@type":"PropertyValueSpecification","valueRequired":true,"valueName":"search_term_string"}}],"inLanguage":"fr-FR"},{"@type":"Person","@id":"https:\/\/blogs.thesocialmedia.com\/leblogmoto\/#\/schema\/person\/18bfe773e5725ed6d24f743da805362a","name":"benoit rieu","image":{"@type":"ImageObject","inLanguage":"fr-FR","@id":"https:\/\/blogs.thesocialmedia.com\/leblogmoto\/#\/schema\/person\/image\/","url":"https:\/\/secure.gravatar.com\/avatar\/?s=96&d=mm&r=g","contentUrl":"https:\/\/secure.gravatar.com\/avatar\/?s=96&d=mm&r=g","caption":"benoit rieu"},"url":"https:\/\/blogs.thesocialmedia.com\/leblogmoto\/author\/benoit-rieu\/"}]}},"_links":{"self":[{"href":"https:\/\/blogs.thesocialmedia.com\/leblogmoto\/wp-json\/wp\/v2\/posts\/701","targetHints":{"allow":["GET"]}}],"collection":[{"href":"https:\/\/blogs.thesocialmedia.com\/leblogmoto\/wp-json\/wp\/v2\/posts"}],"about":[{"href":"https:\/\/blogs.thesocialmedia.com\/leblogmoto\/wp-json\/wp\/v2\/types\/post"}],"author":[{"embeddable":true,"href":"https:\/\/blogs.thesocialmedia.com\/leblogmoto\/wp-json\/wp\/v2\/users\/324"}],"replies":[{"embeddable":true,"href":"https:\/\/blogs.thesocialmedia.com\/leblogmoto\/wp-json\/wp\/v2\/comments?post=701"}],"version-history":[{"count":2,"href":"https:\/\/blogs.thesocialmedia.com\/leblogmoto\/wp-json\/wp\/v2\/posts\/701\/revisions"}],"predecessor-version":[{"id":10690,"href":"https:\/\/blogs.thesocialmedia.com\/leblogmoto\/wp-json\/wp\/v2\/posts\/701\/revisions\/10690"}],"wp:attachment":[{"href":"https:\/\/blogs.thesocialmedia.com\/leblogmoto\/wp-json\/wp\/v2\/media?parent=701"}],"wp:term":[{"taxonomy":"category","embeddable":true,"href":"https:\/\/blogs.thesocialmedia.com\/leblogmoto\/wp-json\/wp\/v2\/categories?post=701"},{"taxonomy":"post_tag","embeddable":true,"href":"https:\/\/blogs.thesocialmedia.com\/leblogmoto\/wp-json\/wp\/v2\/tags?post=701"}],"curies":[{"name":"wp","href":"https:\/\/api.w.org\/{rel}","templated":true}]}}