{"id":702,"date":"2008-05-12T13:50:05","date_gmt":"2008-05-12T13:50:05","guid":{"rendered":"http:\/\/blogs.thesocialmedia.com\/leblogmoto\/2008\/05\/12\/comment-rendre\/"},"modified":"2012-07-11T13:22:43","modified_gmt":"2012-07-11T13:22:43","slug":"comment-rendre","status":"publish","type":"post","link":"https:\/\/blogs.thesocialmedia.com\/leblogmoto\/2008\/05\/12\/comment-rendre\/","title":{"rendered":"Comment rendre une BMW tr\u00e8s d\u00e9sirable."},"content":{"rendered":"<div> <\/div>\n<div><\/div>\n<div><\/div>\n<div><\/div>\n<div><\/div>\n<p>Bicylindre \u00e0 plat mais formes rebondies&#8230; Vous connaissez peut-\u00eatre <em><a href=\"http:\/\/www.myfreesport.fr\/magazine\/\">Sport<\/a><\/em> &#8211; avec un S <u>horizontal<\/u> &#8211; le magazine gratuit (et plut\u00f4t bien document\u00e9 et \u00e9crit) distribu\u00e9 strat\u00e9giquement les vendredis dans les grandes villes et qui essaie de tailler des croupi\u00e8res au glorieux <em>Equipe Mag<\/em>, vendu le lendemain. Voici une video de s\u00e9ance photo, upload\u00e9e il y a quinze jours sur leur site, o\u00f9 une jolie brune callipyge se pr\u00e9lasse sur une belle sportive* <a href=\"http:\/\/specials.bmw-motorrad.com\/specials\/r1200s\/index.html\">R 1200 S<\/a>, il faut dire que le mannequin a de la place avec son empattement de locomotive et son rayon de braquage de diplodocus. <\/p>\n<p>*voire m\u00eame sport <em>GT<\/em>.<\/p>\n","protected":false},"excerpt":{"rendered":"<p>Bicylindre \u00e0 plat mais formes rebondies&#8230; Vous connaissez peut-\u00eatre Sport &#8211; avec un S horizontal &#8211; le magazine gratuit (et plut\u00f4t bien document\u00e9 et \u00e9crit) distribu\u00e9 strat\u00e9giquement les vendredis dans les grandes villes et qui essaie de tailler des croupi\u00e8res au glorieux Equipe Mag, vendu le lendemain. Voici une video de s\u00e9ance photo, upload\u00e9e il [&hellip;]<\/p>\n","protected":false},"author":324,"featured_media":0,"comment_status":"open","ping_status":"open","sticky":false,"template":"","format":"standard","meta":{"footnotes":""},"categories":[7,17,12],"tags":[],"class_list":["post-702","post","type-post","status-publish","format-standard","hentry","category-bmw","category-divers","category-videos"],"yoast_head":"<!-- This site is optimized with the Yoast SEO plugin v26.0 - https:\/\/yoast.com\/wordpress\/plugins\/seo\/ -->\n<title>Comment rendre une BMW tr\u00e8s d\u00e9sirable. - leblogmoto.com<\/title>\n<meta name=\"robots\" content=\"index, follow, max-snippet:-1, max-image-preview:large, max-video-preview:-1\" \/>\n<link rel=\"canonical\" href=\"https:\/\/blogs.thesocialmedia.com\/leblogmoto\/2008\/05\/12\/comment-rendre\/\" \/>\n<meta name=\"twitter:card\" content=\"summary_large_image\" \/>\n<meta name=\"twitter:title\" content=\"Comment rendre une BMW tr\u00e8s d\u00e9sirable. - leblogmoto.com\" \/>\n<meta name=\"twitter:description\" content=\"Bicylindre \u00e0 plat mais formes rebondies&#8230; Vous connaissez peut-\u00eatre Sport &#8211; avec un S horizontal &#8211; le magazine gratuit (et plut\u00f4t bien document\u00e9 et \u00e9crit) distribu\u00e9 strat\u00e9giquement les vendredis dans les grandes villes et qui essaie de tailler des croupi\u00e8res au glorieux Equipe Mag, vendu le lendemain. Voici une video de s\u00e9ance photo, upload\u00e9e il [&hellip;]\" \/>\n<meta name=\"twitter:label1\" content=\"\u00c9crit par\" \/>\n\t<meta name=\"twitter:data1\" content=\"benoit rieu\" \/>\n\t<meta name=\"twitter:label2\" content=\"Dur\u00e9e de lecture estim\u00e9e\" \/>\n\t<meta name=\"twitter:data2\" content=\"1 minute\" \/>\n<script type=\"application\/ld+json\" class=\"yoast-schema-graph\">{\"@context\":\"https:\/\/schema.org\",\"@graph\":[{\"@type\":\"WebPage\",\"@id\":\"https:\/\/blogs.thesocialmedia.com\/leblogmoto\/2008\/05\/12\/comment-rendre\/\",\"url\":\"https:\/\/blogs.thesocialmedia.com\/leblogmoto\/2008\/05\/12\/comment-rendre\/\",\"name\":\"Comment rendre une BMW tr\u00e8s d\u00e9sirable. - leblogmoto.com\",\"isPartOf\":{\"@id\":\"https:\/\/blogs.thesocialmedia.com\/leblogmoto\/#website\"},\"datePublished\":\"2008-05-12T13:50:05+00:00\",\"dateModified\":\"2012-07-11T13:22:43+00:00\",\"author\":{\"@id\":\"https:\/\/blogs.thesocialmedia.com\/leblogmoto\/#\/schema\/person\/18bfe773e5725ed6d24f743da805362a\"},\"breadcrumb\":{\"@id\":\"https:\/\/blogs.thesocialmedia.com\/leblogmoto\/2008\/05\/12\/comment-rendre\/#breadcrumb\"},\"inLanguage\":\"fr-FR\",\"potentialAction\":[{\"@type\":\"ReadAction\",\"target\":[\"https:\/\/blogs.thesocialmedia.com\/leblogmoto\/2008\/05\/12\/comment-rendre\/\"]}]},{\"@type\":\"BreadcrumbList\",\"@id\":\"https:\/\/blogs.thesocialmedia.com\/leblogmoto\/2008\/05\/12\/comment-rendre\/#breadcrumb\",\"itemListElement\":[{\"@type\":\"ListItem\",\"position\":1,\"name\":\"Accueil\",\"item\":\"https:\/\/blogs.thesocialmedia.com\/leblogmoto\/\"},{\"@type\":\"ListItem\",\"position\":2,\"name\":\"Comment rendre une BMW tr\u00e8s d\u00e9sirable.\"}]},{\"@type\":\"WebSite\",\"@id\":\"https:\/\/blogs.thesocialmedia.com\/leblogmoto\/#website\",\"url\":\"https:\/\/blogs.thesocialmedia.com\/leblogmoto\/\",\"name\":\"leblogmoto\",\"description\":\"Toute l&#039;actualit\u00e9 des 2 roues\",\"potentialAction\":[{\"@type\":\"SearchAction\",\"target\":{\"@type\":\"EntryPoint\",\"urlTemplate\":\"https:\/\/blogs.thesocialmedia.com\/leblogmoto\/?s={search_term_string}\"},\"query-input\":{\"@type\":\"PropertyValueSpecification\",\"valueRequired\":true,\"valueName\":\"search_term_string\"}}],\"inLanguage\":\"fr-FR\"},{\"@type\":\"Person\",\"@id\":\"https:\/\/blogs.thesocialmedia.com\/leblogmoto\/#\/schema\/person\/18bfe773e5725ed6d24f743da805362a\",\"name\":\"benoit rieu\",\"image\":{\"@type\":\"ImageObject\",\"inLanguage\":\"fr-FR\",\"@id\":\"https:\/\/blogs.thesocialmedia.com\/leblogmoto\/#\/schema\/person\/image\/\",\"url\":\"https:\/\/secure.gravatar.com\/avatar\/?s=96&d=mm&r=g\",\"contentUrl\":\"https:\/\/secure.gravatar.com\/avatar\/?s=96&d=mm&r=g\",\"caption\":\"benoit rieu\"},\"url\":\"https:\/\/blogs.thesocialmedia.com\/leblogmoto\/author\/benoit-rieu\/\"}]}<\/script>\n<!-- \/ Yoast SEO plugin. -->","yoast_head_json":{"title":"Comment rendre une BMW tr\u00e8s d\u00e9sirable. - leblogmoto.com","robots":{"index":"index","follow":"follow","max-snippet":"max-snippet:-1","max-image-preview":"max-image-preview:large","max-video-preview":"max-video-preview:-1"},"canonical":"https:\/\/blogs.thesocialmedia.com\/leblogmoto\/2008\/05\/12\/comment-rendre\/","twitter_card":"summary_large_image","twitter_title":"Comment rendre une BMW tr\u00e8s d\u00e9sirable. - leblogmoto.com","twitter_description":"Bicylindre \u00e0 plat mais formes rebondies&#8230; Vous connaissez peut-\u00eatre Sport &#8211; avec un S horizontal &#8211; le magazine gratuit (et plut\u00f4t bien document\u00e9 et \u00e9crit) distribu\u00e9 strat\u00e9giquement les vendredis dans les grandes villes et qui essaie de tailler des croupi\u00e8res au glorieux Equipe Mag, vendu le lendemain. Voici une video de s\u00e9ance photo, upload\u00e9e il [&hellip;]","twitter_misc":{"\u00c9crit par":"benoit rieu","Dur\u00e9e de lecture estim\u00e9e":"1 minute"},"schema":{"@context":"https:\/\/schema.org","@graph":[{"@type":"WebPage","@id":"https:\/\/blogs.thesocialmedia.com\/leblogmoto\/2008\/05\/12\/comment-rendre\/","url":"https:\/\/blogs.thesocialmedia.com\/leblogmoto\/2008\/05\/12\/comment-rendre\/","name":"Comment rendre une BMW tr\u00e8s d\u00e9sirable. - leblogmoto.com","isPartOf":{"@id":"https:\/\/blogs.thesocialmedia.com\/leblogmoto\/#website"},"datePublished":"2008-05-12T13:50:05+00:00","dateModified":"2012-07-11T13:22:43+00:00","author":{"@id":"https:\/\/blogs.thesocialmedia.com\/leblogmoto\/#\/schema\/person\/18bfe773e5725ed6d24f743da805362a"},"breadcrumb":{"@id":"https:\/\/blogs.thesocialmedia.com\/leblogmoto\/2008\/05\/12\/comment-rendre\/#breadcrumb"},"inLanguage":"fr-FR","potentialAction":[{"@type":"ReadAction","target":["https:\/\/blogs.thesocialmedia.com\/leblogmoto\/2008\/05\/12\/comment-rendre\/"]}]},{"@type":"BreadcrumbList","@id":"https:\/\/blogs.thesocialmedia.com\/leblogmoto\/2008\/05\/12\/comment-rendre\/#breadcrumb","itemListElement":[{"@type":"ListItem","position":1,"name":"Accueil","item":"https:\/\/blogs.thesocialmedia.com\/leblogmoto\/"},{"@type":"ListItem","position":2,"name":"Comment rendre une BMW tr\u00e8s d\u00e9sirable."}]},{"@type":"WebSite","@id":"https:\/\/blogs.thesocialmedia.com\/leblogmoto\/#website","url":"https:\/\/blogs.thesocialmedia.com\/leblogmoto\/","name":"leblogmoto","description":"Toute l&#039;actualit\u00e9 des 2 roues","potentialAction":[{"@type":"SearchAction","target":{"@type":"EntryPoint","urlTemplate":"https:\/\/blogs.thesocialmedia.com\/leblogmoto\/?s={search_term_string}"},"query-input":{"@type":"PropertyValueSpecification","valueRequired":true,"valueName":"search_term_string"}}],"inLanguage":"fr-FR"},{"@type":"Person","@id":"https:\/\/blogs.thesocialmedia.com\/leblogmoto\/#\/schema\/person\/18bfe773e5725ed6d24f743da805362a","name":"benoit rieu","image":{"@type":"ImageObject","inLanguage":"fr-FR","@id":"https:\/\/blogs.thesocialmedia.com\/leblogmoto\/#\/schema\/person\/image\/","url":"https:\/\/secure.gravatar.com\/avatar\/?s=96&d=mm&r=g","contentUrl":"https:\/\/secure.gravatar.com\/avatar\/?s=96&d=mm&r=g","caption":"benoit rieu"},"url":"https:\/\/blogs.thesocialmedia.com\/leblogmoto\/author\/benoit-rieu\/"}]}},"_links":{"self":[{"href":"https:\/\/blogs.thesocialmedia.com\/leblogmoto\/wp-json\/wp\/v2\/posts\/702","targetHints":{"allow":["GET"]}}],"collection":[{"href":"https:\/\/blogs.thesocialmedia.com\/leblogmoto\/wp-json\/wp\/v2\/posts"}],"about":[{"href":"https:\/\/blogs.thesocialmedia.com\/leblogmoto\/wp-json\/wp\/v2\/types\/post"}],"author":[{"embeddable":true,"href":"https:\/\/blogs.thesocialmedia.com\/leblogmoto\/wp-json\/wp\/v2\/users\/324"}],"replies":[{"embeddable":true,"href":"https:\/\/blogs.thesocialmedia.com\/leblogmoto\/wp-json\/wp\/v2\/comments?post=702"}],"version-history":[{"count":1,"href":"https:\/\/blogs.thesocialmedia.com\/leblogmoto\/wp-json\/wp\/v2\/posts\/702\/revisions"}],"predecessor-version":[{"id":4515,"href":"https:\/\/blogs.thesocialmedia.com\/leblogmoto\/wp-json\/wp\/v2\/posts\/702\/revisions\/4515"}],"wp:attachment":[{"href":"https:\/\/blogs.thesocialmedia.com\/leblogmoto\/wp-json\/wp\/v2\/media?parent=702"}],"wp:term":[{"taxonomy":"category","embeddable":true,"href":"https:\/\/blogs.thesocialmedia.com\/leblogmoto\/wp-json\/wp\/v2\/categories?post=702"},{"taxonomy":"post_tag","embeddable":true,"href":"https:\/\/blogs.thesocialmedia.com\/leblogmoto\/wp-json\/wp\/v2\/tags?post=702"}],"curies":[{"name":"wp","href":"https:\/\/api.w.org\/{rel}","templated":true}]}}