{"id":704,"date":"2008-05-10T04:44:03","date_gmt":"2008-05-10T04:44:03","guid":{"rendered":"http:\/\/blogs.thesocialmedia.com\/leblogmoto\/2008\/05\/10\/la-renaissance\/"},"modified":"2012-07-11T15:46:41","modified_gmt":"2012-07-11T15:46:41","slug":"la-renaissance","status":"publish","type":"post","link":"https:\/\/blogs.thesocialmedia.com\/leblogmoto\/2008\/05\/10\/la-renaissance\/","title":{"rendered":"La renaissance de l&rsquo;Indian"},"content":{"rendered":"<p><a href=\"http:\/\/blogs.thesocialmedia.com\/leblogmoto\/files\/2012\/07\/camelback1906.jpg\"><img loading=\"lazy\" decoding=\"async\" width=\"470\" height=\"314\"  src=\"http:\/\/www.leblogmoto.com\/images\/2008\/05\/09\/camelback1906.jpg\" alt=\"Camelback1906\" \/><\/a> <\/p>\n<p>Si Harley-Davidson peut se vanter, et \u00e0 juste titre, de ses 105 ans, Indian cr\u00e9e en 1901 f\u00eate donc ses 107 ans. Ann\u00e9es parfois chaotiques, mais souvent glorieuses, <a href=\"http:\/\/www.indianmotorcycle.com\/\">Indian Motorcycle<\/a> rena\u00eet une nouvelle fois. Support\u00e9 financi\u00e8rement par la <a href=\"http:\/\/www.stellican.com\/\">Stellican Company<\/a>, une soci\u00e9t\u00e9 d&rsquo;investissement sp\u00e9cialis\u00e9 dans les cas d\u00e9sesp\u00e9r\u00e9s, Indian semblait \u00eatre un candidat id\u00e9al pour une tentative de sauvetage. Le nom est mythique, les machines des ann\u00e9es 40 plus convoit\u00e9es que certaines pierres pr\u00e9cieuses, et une Am\u00e9rique en guerre au bord de la crise de nerf \u00e0 la recherche de ses repaires. Voil\u00e0 bien des ingr\u00e9dients qui militent pour un retour en forme de la marque aux gardes-boues \u00e0 baldaquins.<\/p>\n<p><a href=\"http:\/\/clabedan.typepad.com\/.shared\/image.html?\/photos\/uncategorized\/2008\/05\/09\/indian_full_2.jpg\"><img loading=\"lazy\" decoding=\"async\" width=\"470\" height=\"265\"  src=\"http:\/\/www.leblogmoto.com\/images\/2008\/05\/09\/indian_full_2.jpg\" alt=\"Indian_full_2\" \/><\/a> <\/p>\n<p>Mais, il ne suffit pas d&rsquo;accoler <a href=\"http:\/\/en.wikipedia.org\/wiki\/Indian_(motorcycle)\">un nom<\/a> sur n&rsquo;importe quelle machine, quelle que soit la popularit\u00e9 de ce nom. Il faut une moto tenant la route, au propre comme au figur\u00e9. Cet Indian install\u00e9 en Caroline du Nord proposera en sa premi\u00e8re ann\u00e9e le Chief, sous quatre habillages diff\u00e9rents. Le Standard montr\u00e9 ici, le Deluxe, le Roadmaster et le Vintage. Propuls\u00e9 par un V-Twin de 1722cm3 fait maison, transmission \u00e0 6 rapports, r\u00e9servoir d&rsquo;une capacit\u00e9 de 20 litres, freins Brembo et phares halog\u00e8nes.<\/p>\n<p>Finalement, George Clooney pourra se payer une moto neuve et satisfaire ses go\u00fbts r\u00e9tro.<\/p>\n<p><a href=\"http:\/\/clabedan.typepad.com\/.shared\/image.html?\/photos\/uncategorized\/2008\/05\/09\/1940scoutmcqueen.jpg\"><img loading=\"lazy\" decoding=\"async\" width=\"470\" height=\"314\"  src=\"http:\/\/www.leblogmoto.com\/images\/2008\/05\/09\/1940scoutmcqueen.jpg\" alt=\"1940scoutmcqueen\" \/><\/a> <br \/>L&rsquo;Indian Scout de 1940 de Steeve McQueen<\/p>\n<p><a href=\"http:\/\/blogs.thesocialmedia.com\/leblogmoto\/files\/2012\/07\/1914.jpg\"><img loading=\"lazy\" decoding=\"async\" width=\"470\" height=\"313\"  src=\"http:\/\/www.leblogmoto.com\/images\/2008\/05\/09\/1914.jpg\" alt=\"1914\" \/><\/a> <br \/>Record mondial de vitesse en 1920 pour ce V-Twin de 1914<\/p>\n<p><a href=\"http:\/\/blogs.thesocialmedia.com\/leblogmoto\/files\/2012\/07\/clooney.jpg\"><img loading=\"lazy\" decoding=\"async\" width=\"470\" height=\"475\"  src=\"http:\/\/www.leblogmoto.com\/images\/2008\/05\/09\/clooney.jpg\" alt=\"Clooney\" \/><\/a> <\/p>\n","protected":false},"excerpt":{"rendered":"<p>Si Harley-Davidson peut se vanter, et \u00e0 juste titre, de ses 105 ans, Indian cr\u00e9e en 1901 f\u00eate donc ses 107 ans. Ann\u00e9es parfois chaotiques, mais souvent glorieuses, Indian Motorcycle rena\u00eet une nouvelle fois. Support\u00e9 financi\u00e8rement par la Stellican Company, une soci\u00e9t\u00e9 d&rsquo;investissement sp\u00e9cialis\u00e9 dans les cas d\u00e9sesp\u00e9r\u00e9s, Indian semblait \u00eatre un candidat id\u00e9al pour [&hellip;]<\/p>\n","protected":false},"author":325,"featured_media":0,"comment_status":"open","ping_status":"open","sticky":false,"template":"","format":"standard","meta":{"footnotes":""},"categories":[3,9],"tags":[],"class_list":["post-704","post","type-post","status-publish","format-standard","hentry","category-actualite","category-historique"],"yoast_head":"<!-- This site is optimized with the Yoast SEO plugin v26.0 - https:\/\/yoast.com\/wordpress\/plugins\/seo\/ -->\n<title>La renaissance de l&#039;Indian - leblogmoto.com<\/title>\n<meta name=\"robots\" content=\"index, follow, max-snippet:-1, max-image-preview:large, max-video-preview:-1\" \/>\n<link rel=\"canonical\" href=\"https:\/\/blogs.thesocialmedia.com\/leblogmoto\/2008\/05\/10\/la-renaissance\/\" \/>\n<meta name=\"twitter:card\" content=\"summary_large_image\" \/>\n<meta name=\"twitter:title\" content=\"La renaissance de l&#039;Indian - leblogmoto.com\" \/>\n<meta name=\"twitter:description\" content=\"Si Harley-Davidson peut se vanter, et \u00e0 juste titre, de ses 105 ans, Indian cr\u00e9e en 1901 f\u00eate donc ses 107 ans. Ann\u00e9es parfois chaotiques, mais souvent glorieuses, Indian Motorcycle rena\u00eet une nouvelle fois. Support\u00e9 financi\u00e8rement par la Stellican Company, une soci\u00e9t\u00e9 d&rsquo;investissement sp\u00e9cialis\u00e9 dans les cas d\u00e9sesp\u00e9r\u00e9s, Indian semblait \u00eatre un candidat id\u00e9al pour [&hellip;]\" \/>\n<meta name=\"twitter:image\" content=\"http:\/\/www.leblogmoto.com\/images\/2008\/05\/09\/camelback1906.jpg\" \/>\n<meta name=\"twitter:label1\" content=\"\u00c9crit par\" \/>\n\t<meta name=\"twitter:data1\" content=\"jacques lesage\" \/>\n\t<meta name=\"twitter:label2\" content=\"Dur\u00e9e de lecture estim\u00e9e\" \/>\n\t<meta name=\"twitter:data2\" content=\"1 minute\" \/>\n<script type=\"application\/ld+json\" class=\"yoast-schema-graph\">{\"@context\":\"https:\/\/schema.org\",\"@graph\":[{\"@type\":\"WebPage\",\"@id\":\"https:\/\/blogs.thesocialmedia.com\/leblogmoto\/2008\/05\/10\/la-renaissance\/\",\"url\":\"https:\/\/blogs.thesocialmedia.com\/leblogmoto\/2008\/05\/10\/la-renaissance\/\",\"name\":\"La renaissance de l'Indian - leblogmoto.com\",\"isPartOf\":{\"@id\":\"https:\/\/blogs.thesocialmedia.com\/leblogmoto\/#website\"},\"primaryImageOfPage\":{\"@id\":\"https:\/\/blogs.thesocialmedia.com\/leblogmoto\/2008\/05\/10\/la-renaissance\/#primaryimage\"},\"image\":{\"@id\":\"https:\/\/blogs.thesocialmedia.com\/leblogmoto\/2008\/05\/10\/la-renaissance\/#primaryimage\"},\"thumbnailUrl\":\"http:\/\/www.leblogmoto.com\/images\/2008\/05\/09\/camelback1906.jpg\",\"datePublished\":\"2008-05-10T04:44:03+00:00\",\"dateModified\":\"2012-07-11T15:46:41+00:00\",\"author\":{\"@id\":\"https:\/\/blogs.thesocialmedia.com\/leblogmoto\/#\/schema\/person\/e82a0ca8a9a63d031586097a3ed58526\"},\"breadcrumb\":{\"@id\":\"https:\/\/blogs.thesocialmedia.com\/leblogmoto\/2008\/05\/10\/la-renaissance\/#breadcrumb\"},\"inLanguage\":\"fr-FR\",\"potentialAction\":[{\"@type\":\"ReadAction\",\"target\":[\"https:\/\/blogs.thesocialmedia.com\/leblogmoto\/2008\/05\/10\/la-renaissance\/\"]}]},{\"@type\":\"ImageObject\",\"inLanguage\":\"fr-FR\",\"@id\":\"https:\/\/blogs.thesocialmedia.com\/leblogmoto\/2008\/05\/10\/la-renaissance\/#primaryimage\",\"url\":\"http:\/\/www.leblogmoto.com\/images\/2008\/05\/09\/camelback1906.jpg\",\"contentUrl\":\"http:\/\/www.leblogmoto.com\/images\/2008\/05\/09\/camelback1906.jpg\"},{\"@type\":\"BreadcrumbList\",\"@id\":\"https:\/\/blogs.thesocialmedia.com\/leblogmoto\/2008\/05\/10\/la-renaissance\/#breadcrumb\",\"itemListElement\":[{\"@type\":\"ListItem\",\"position\":1,\"name\":\"Accueil\",\"item\":\"https:\/\/blogs.thesocialmedia.com\/leblogmoto\/\"},{\"@type\":\"ListItem\",\"position\":2,\"name\":\"La renaissance de l&rsquo;Indian\"}]},{\"@type\":\"WebSite\",\"@id\":\"https:\/\/blogs.thesocialmedia.com\/leblogmoto\/#website\",\"url\":\"https:\/\/blogs.thesocialmedia.com\/leblogmoto\/\",\"name\":\"leblogmoto\",\"description\":\"Toute l&#039;actualit\u00e9 des 2 roues\",\"potentialAction\":[{\"@type\":\"SearchAction\",\"target\":{\"@type\":\"EntryPoint\",\"urlTemplate\":\"https:\/\/blogs.thesocialmedia.com\/leblogmoto\/?s={search_term_string}\"},\"query-input\":{\"@type\":\"PropertyValueSpecification\",\"valueRequired\":true,\"valueName\":\"search_term_string\"}}],\"inLanguage\":\"fr-FR\"},{\"@type\":\"Person\",\"@id\":\"https:\/\/blogs.thesocialmedia.com\/leblogmoto\/#\/schema\/person\/e82a0ca8a9a63d031586097a3ed58526\",\"name\":\"jacques lesage\",\"image\":{\"@type\":\"ImageObject\",\"inLanguage\":\"fr-FR\",\"@id\":\"https:\/\/blogs.thesocialmedia.com\/leblogmoto\/#\/schema\/person\/image\/\",\"url\":\"https:\/\/secure.gravatar.com\/avatar\/?s=96&d=mm&r=g\",\"contentUrl\":\"https:\/\/secure.gravatar.com\/avatar\/?s=96&d=mm&r=g\",\"caption\":\"jacques lesage\"},\"url\":\"https:\/\/blogs.thesocialmedia.com\/leblogmoto\/author\/jacques-lesage\/\"}]}<\/script>\n<!-- \/ Yoast SEO plugin. -->","yoast_head_json":{"title":"La renaissance de l'Indian - leblogmoto.com","robots":{"index":"index","follow":"follow","max-snippet":"max-snippet:-1","max-image-preview":"max-image-preview:large","max-video-preview":"max-video-preview:-1"},"canonical":"https:\/\/blogs.thesocialmedia.com\/leblogmoto\/2008\/05\/10\/la-renaissance\/","twitter_card":"summary_large_image","twitter_title":"La renaissance de l'Indian - leblogmoto.com","twitter_description":"Si Harley-Davidson peut se vanter, et \u00e0 juste titre, de ses 105 ans, Indian cr\u00e9e en 1901 f\u00eate donc ses 107 ans. Ann\u00e9es parfois chaotiques, mais souvent glorieuses, Indian Motorcycle rena\u00eet une nouvelle fois. Support\u00e9 financi\u00e8rement par la Stellican Company, une soci\u00e9t\u00e9 d&rsquo;investissement sp\u00e9cialis\u00e9 dans les cas d\u00e9sesp\u00e9r\u00e9s, Indian semblait \u00eatre un candidat id\u00e9al pour [&hellip;]","twitter_image":"http:\/\/www.leblogmoto.com\/images\/2008\/05\/09\/camelback1906.jpg","twitter_misc":{"\u00c9crit par":"jacques lesage","Dur\u00e9e de lecture estim\u00e9e":"1 minute"},"schema":{"@context":"https:\/\/schema.org","@graph":[{"@type":"WebPage","@id":"https:\/\/blogs.thesocialmedia.com\/leblogmoto\/2008\/05\/10\/la-renaissance\/","url":"https:\/\/blogs.thesocialmedia.com\/leblogmoto\/2008\/05\/10\/la-renaissance\/","name":"La renaissance de l'Indian - leblogmoto.com","isPartOf":{"@id":"https:\/\/blogs.thesocialmedia.com\/leblogmoto\/#website"},"primaryImageOfPage":{"@id":"https:\/\/blogs.thesocialmedia.com\/leblogmoto\/2008\/05\/10\/la-renaissance\/#primaryimage"},"image":{"@id":"https:\/\/blogs.thesocialmedia.com\/leblogmoto\/2008\/05\/10\/la-renaissance\/#primaryimage"},"thumbnailUrl":"http:\/\/www.leblogmoto.com\/images\/2008\/05\/09\/camelback1906.jpg","datePublished":"2008-05-10T04:44:03+00:00","dateModified":"2012-07-11T15:46:41+00:00","author":{"@id":"https:\/\/blogs.thesocialmedia.com\/leblogmoto\/#\/schema\/person\/e82a0ca8a9a63d031586097a3ed58526"},"breadcrumb":{"@id":"https:\/\/blogs.thesocialmedia.com\/leblogmoto\/2008\/05\/10\/la-renaissance\/#breadcrumb"},"inLanguage":"fr-FR","potentialAction":[{"@type":"ReadAction","target":["https:\/\/blogs.thesocialmedia.com\/leblogmoto\/2008\/05\/10\/la-renaissance\/"]}]},{"@type":"ImageObject","inLanguage":"fr-FR","@id":"https:\/\/blogs.thesocialmedia.com\/leblogmoto\/2008\/05\/10\/la-renaissance\/#primaryimage","url":"http:\/\/www.leblogmoto.com\/images\/2008\/05\/09\/camelback1906.jpg","contentUrl":"http:\/\/www.leblogmoto.com\/images\/2008\/05\/09\/camelback1906.jpg"},{"@type":"BreadcrumbList","@id":"https:\/\/blogs.thesocialmedia.com\/leblogmoto\/2008\/05\/10\/la-renaissance\/#breadcrumb","itemListElement":[{"@type":"ListItem","position":1,"name":"Accueil","item":"https:\/\/blogs.thesocialmedia.com\/leblogmoto\/"},{"@type":"ListItem","position":2,"name":"La renaissance de l&rsquo;Indian"}]},{"@type":"WebSite","@id":"https:\/\/blogs.thesocialmedia.com\/leblogmoto\/#website","url":"https:\/\/blogs.thesocialmedia.com\/leblogmoto\/","name":"leblogmoto","description":"Toute l&#039;actualit\u00e9 des 2 roues","potentialAction":[{"@type":"SearchAction","target":{"@type":"EntryPoint","urlTemplate":"https:\/\/blogs.thesocialmedia.com\/leblogmoto\/?s={search_term_string}"},"query-input":{"@type":"PropertyValueSpecification","valueRequired":true,"valueName":"search_term_string"}}],"inLanguage":"fr-FR"},{"@type":"Person","@id":"https:\/\/blogs.thesocialmedia.com\/leblogmoto\/#\/schema\/person\/e82a0ca8a9a63d031586097a3ed58526","name":"jacques lesage","image":{"@type":"ImageObject","inLanguage":"fr-FR","@id":"https:\/\/blogs.thesocialmedia.com\/leblogmoto\/#\/schema\/person\/image\/","url":"https:\/\/secure.gravatar.com\/avatar\/?s=96&d=mm&r=g","contentUrl":"https:\/\/secure.gravatar.com\/avatar\/?s=96&d=mm&r=g","caption":"jacques lesage"},"url":"https:\/\/blogs.thesocialmedia.com\/leblogmoto\/author\/jacques-lesage\/"}]}},"_links":{"self":[{"href":"https:\/\/blogs.thesocialmedia.com\/leblogmoto\/wp-json\/wp\/v2\/posts\/704","targetHints":{"allow":["GET"]}}],"collection":[{"href":"https:\/\/blogs.thesocialmedia.com\/leblogmoto\/wp-json\/wp\/v2\/posts"}],"about":[{"href":"https:\/\/blogs.thesocialmedia.com\/leblogmoto\/wp-json\/wp\/v2\/types\/post"}],"author":[{"embeddable":true,"href":"https:\/\/blogs.thesocialmedia.com\/leblogmoto\/wp-json\/wp\/v2\/users\/325"}],"replies":[{"embeddable":true,"href":"https:\/\/blogs.thesocialmedia.com\/leblogmoto\/wp-json\/wp\/v2\/comments?post=704"}],"version-history":[{"count":2,"href":"https:\/\/blogs.thesocialmedia.com\/leblogmoto\/wp-json\/wp\/v2\/posts\/704\/revisions"}],"predecessor-version":[{"id":10686,"href":"https:\/\/blogs.thesocialmedia.com\/leblogmoto\/wp-json\/wp\/v2\/posts\/704\/revisions\/10686"}],"wp:attachment":[{"href":"https:\/\/blogs.thesocialmedia.com\/leblogmoto\/wp-json\/wp\/v2\/media?parent=704"}],"wp:term":[{"taxonomy":"category","embeddable":true,"href":"https:\/\/blogs.thesocialmedia.com\/leblogmoto\/wp-json\/wp\/v2\/categories?post=704"},{"taxonomy":"post_tag","embeddable":true,"href":"https:\/\/blogs.thesocialmedia.com\/leblogmoto\/wp-json\/wp\/v2\/tags?post=704"}],"curies":[{"name":"wp","href":"https:\/\/api.w.org\/{rel}","templated":true}]}}