{"id":705,"date":"2008-05-09T03:50:57","date_gmt":"2008-05-09T03:50:57","guid":{"rendered":"http:\/\/blogs.thesocialmedia.com\/leblogmoto\/2008\/05\/09\/album-du-vend-1-11\/"},"modified":"2012-07-11T15:46:34","modified_gmt":"2012-07-11T15:46:34","slug":"album-du-vend-1-11","status":"publish","type":"post","link":"https:\/\/blogs.thesocialmedia.com\/leblogmoto\/2008\/05\/09\/album-du-vend-1-11\/","title":{"rendered":"Album du vendredi, Allez hop, cascade!"},"content":{"rendered":"<p><a href=\"http:\/\/blogs.thesocialmedia.com\/leblogmoto\/files\/2012\/07\/frenzy10m.jpg\"><img loading=\"lazy\" decoding=\"async\" width=\"470\" height=\"345\"  src=\"http:\/\/www.leblogmoto.com\/images\/2008\/05\/08\/frenzy10m.jpg\" alt=\"Frenzy10m\" \/><\/a> <\/p>\n<p>Certains des lecteurs qu\u00e9b\u00e9cois du Blog Moto saisiront sans doute l\u2019allusion du titre faisant r\u00e9f\u00e9rence \u00e0 une <a href=\"http:\/\/www.youtube.com\/watch?v=FW1vALQGXY8\">publicit\u00e9<\/a> datant d\u2019un autre si\u00e8cle. Pour tous les autres en Europe et ailleurs, sachez qu\u2019elle moquait le penchant de Jean-Paul Belmondo pour les acrobaties, alors qu\u2019il venait de jouer dans le film \u00ab<a href=\"http:\/\/fr.wikipedia.org\/wiki\/Hold-up_(film)\">Hold-up<\/a>\u00bb r\u00e9alis\u00e9 \u00e0 Montr\u00e9al par Alexandre Arcady, et que le tournage avait eu une importante couverture m\u00e9diatique.<\/p>\n<p>Belmondo \u00e9tant plus h\u00e9lico que moto, redescendons sur terre un instant pour rejoindre \u00c9ric St-Onge et Annie Brisson de <a href=\"http:\/\/www.freestyle-frenzy.com\/\">Freestyle Frenzie<\/a>. Le hasard m\u2019ayant mis sur leur chemin, j\u2019ai donc saisi l\u2019occasion pour prendre quelques images de cette s\u00e9ance de d\u00e9poussi\u00e9rages.<\/p>\n<p>Avec des noms comme (pardonnez d&rsquo;avance les anglicismes) \u00abStand-up\u00bb, \u00abCan Can\u00bb, \u00abHigh Chair\u00bb, \u00abFrog\u00bb et \u00abNo-Hander\u00bb, uniquement pour des variantes du \u00abWheelie\u00bb, le nombre de figures que compose un spectacle remplit rapidement le manuel du parfait \u00e9quilibriste. Et atteindre cet \u00e9quilibre demande du temps, de la patience et de remettre sur le m\u00e9tier et sur la table tout ce que l&rsquo;on sait.<\/p>\n<p>Voici donc au travail Freestyle Frenzie.<\/p>\n<p><a href=\"http:\/\/clabedan.typepad.com\/.shared\/image.html?\/photos\/uncategorized\/2008\/05\/08\/frenzy1m.jpg\"><img loading=\"lazy\" decoding=\"async\" width=\"470\" height=\"349\"  alt=\"Frenzy1m\" src=\"http:\/\/www.leblogmoto.com\/images\/2008\/05\/08\/frenzy1m.jpg\" \/><\/a> <\/p>\n<p><a href=\"http:\/\/blogs.thesocialmedia.com\/leblogmoto\/files\/2012\/07\/frenzy2m.jpg\"><img loading=\"lazy\" decoding=\"async\" width=\"470\" height=\"316\"  alt=\"Frenzy2m\" src=\"http:\/\/www.leblogmoto.com\/images\/2008\/05\/08\/frenzy2m.jpg\" \/><\/a> <\/p>\n<p><a href=\"http:\/\/blogs.thesocialmedia.com\/leblogmoto\/files\/2012\/07\/frenzy3m.jpg\"><img loading=\"lazy\" decoding=\"async\" width=\"470\" height=\"318\"  alt=\"Frenzy3m\" src=\"http:\/\/www.leblogmoto.com\/images\/2008\/05\/08\/frenzy3m.jpg\" \/><\/a> <\/p>\n<p><a href=\"http:\/\/blogs.thesocialmedia.com\/leblogmoto\/files\/2012\/07\/frenzy4m.jpg\"><img loading=\"lazy\" decoding=\"async\" width=\"470\" height=\"324\"  alt=\"Frenzy4m\" src=\"http:\/\/www.leblogmoto.com\/images\/2008\/05\/08\/frenzy4m.jpg\" \/><\/a> <\/p>\n<p><a href=\"http:\/\/blogs.thesocialmedia.com\/leblogmoto\/files\/2012\/07\/frenzy5m.jpg\"><img loading=\"lazy\" decoding=\"async\" width=\"470\" height=\"323\"  alt=\"Frenzy5m\" src=\"http:\/\/www.leblogmoto.com\/images\/2008\/05\/08\/frenzy5m.jpg\" \/><\/a> <\/p>\n<p><a href=\"http:\/\/blogs.thesocialmedia.com\/leblogmoto\/files\/2012\/07\/frenzy6m.jpg\"><img loading=\"lazy\" decoding=\"async\" width=\"470\" height=\"300\"  alt=\"Frenzy6m\" src=\"http:\/\/www.leblogmoto.com\/images\/2008\/05\/08\/frenzy6m.jpg\" \/><\/a> <\/p>\n<p><a href=\"http:\/\/blogs.thesocialmedia.com\/leblogmoto\/files\/2012\/07\/frenzy7m.jpg\"><img loading=\"lazy\" decoding=\"async\" width=\"470\" height=\"314\"  alt=\"Frenzy7m\" src=\"http:\/\/www.leblogmoto.com\/images\/2008\/05\/08\/frenzy7m.jpg\" \/><\/a> <\/p>\n<p><a href=\"http:\/\/blogs.thesocialmedia.com\/leblogmoto\/files\/2012\/07\/frenzy8m.jpg\"><img loading=\"lazy\" decoding=\"async\" width=\"470\" height=\"345\"  alt=\"Frenzy8m\" src=\"http:\/\/www.leblogmoto.com\/images\/2008\/05\/08\/frenzy8m.jpg\" \/><\/a> <\/p>\n<p><a href=\"http:\/\/blogs.thesocialmedia.com\/leblogmoto\/files\/2012\/07\/frenzy9m.jpg\"><img loading=\"lazy\" decoding=\"async\" width=\"470\" height=\"305\"  alt=\"Frenzy9m\" src=\"http:\/\/www.leblogmoto.com\/images\/2008\/05\/08\/frenzy9m.jpg\" \/><\/a> <\/p>\n<p><object width=\"400\" height=\"302\"><param value=\"best\" name=\"quality\" \/><param value=\"true\" name=\"allowfullscreen\" \/><param value=\"showAll\" name=\"scale\" \/><param value=\"http:\/\/www.vimeo.com\/moogaloop.swf?clip_id=973620&amp;server=www.vimeo.com&amp;fullscreen=1&amp;show_title=0&amp;show_byline=0&amp;show_portrait=0&amp;color=002157\" name=\"movie\" \/><\/object><br \/><a href=\"http:\/\/www.vimeo.com\/973620?pg=embed&amp;sec=973620\">Freestyle -Frenzy<\/a> from <a href=\"http:\/\/www.vimeo.com\/user468061?pg=embed&amp;sec=973620\">Jacques Lesage<\/a> on <a href=\"http:\/\/vimeo.com?pg=embed&amp;sec=973620\">Vimeo<\/a>.<\/p>\n","protected":false},"excerpt":{"rendered":"<p>Certains des lecteurs qu\u00e9b\u00e9cois du Blog Moto saisiront sans doute l\u2019allusion du titre faisant r\u00e9f\u00e9rence \u00e0 une publicit\u00e9 datant d\u2019un autre si\u00e8cle. Pour tous les autres en Europe et ailleurs, sachez qu\u2019elle moquait le penchant de Jean-Paul Belmondo pour les acrobaties, alors qu\u2019il venait de jouer dans le film \u00abHold-up\u00bb r\u00e9alis\u00e9 \u00e0 Montr\u00e9al par Alexandre [&hellip;]<\/p>\n","protected":false},"author":325,"featured_media":0,"comment_status":"open","ping_status":"open","sticky":false,"template":"","format":"standard","meta":{"footnotes":""},"categories":[65,12],"tags":[],"class_list":["post-705","post","type-post","status-publish","format-standard","hentry","category-stunt","category-videos"],"yoast_head":"<!-- This site is optimized with the Yoast SEO plugin v26.0 - https:\/\/yoast.com\/wordpress\/plugins\/seo\/ -->\n<title>Album du vendredi, Allez hop, cascade! - leblogmoto.com<\/title>\n<meta name=\"robots\" content=\"index, follow, max-snippet:-1, max-image-preview:large, max-video-preview:-1\" \/>\n<link rel=\"canonical\" href=\"https:\/\/blogs.thesocialmedia.com\/leblogmoto\/2008\/05\/09\/album-du-vend-1-11\/\" \/>\n<meta name=\"twitter:card\" content=\"summary_large_image\" \/>\n<meta name=\"twitter:title\" content=\"Album du vendredi, Allez hop, cascade! - leblogmoto.com\" \/>\n<meta name=\"twitter:description\" content=\"Certains des lecteurs qu\u00e9b\u00e9cois du Blog Moto saisiront sans doute l\u2019allusion du titre faisant r\u00e9f\u00e9rence \u00e0 une publicit\u00e9 datant d\u2019un autre si\u00e8cle. Pour tous les autres en Europe et ailleurs, sachez qu\u2019elle moquait le penchant de Jean-Paul Belmondo pour les acrobaties, alors qu\u2019il venait de jouer dans le film \u00abHold-up\u00bb r\u00e9alis\u00e9 \u00e0 Montr\u00e9al par Alexandre [&hellip;]\" \/>\n<meta name=\"twitter:image\" content=\"http:\/\/www.leblogmoto.com\/images\/2008\/05\/08\/frenzy10m.jpg\" \/>\n<meta name=\"twitter:label1\" content=\"\u00c9crit par\" \/>\n\t<meta name=\"twitter:data1\" content=\"jacques lesage\" \/>\n\t<meta name=\"twitter:label2\" content=\"Dur\u00e9e de lecture estim\u00e9e\" \/>\n\t<meta name=\"twitter:data2\" content=\"1 minute\" \/>\n<script type=\"application\/ld+json\" class=\"yoast-schema-graph\">{\"@context\":\"https:\/\/schema.org\",\"@graph\":[{\"@type\":\"WebPage\",\"@id\":\"https:\/\/blogs.thesocialmedia.com\/leblogmoto\/2008\/05\/09\/album-du-vend-1-11\/\",\"url\":\"https:\/\/blogs.thesocialmedia.com\/leblogmoto\/2008\/05\/09\/album-du-vend-1-11\/\",\"name\":\"Album du vendredi, Allez hop, cascade! - leblogmoto.com\",\"isPartOf\":{\"@id\":\"https:\/\/blogs.thesocialmedia.com\/leblogmoto\/#website\"},\"primaryImageOfPage\":{\"@id\":\"https:\/\/blogs.thesocialmedia.com\/leblogmoto\/2008\/05\/09\/album-du-vend-1-11\/#primaryimage\"},\"image\":{\"@id\":\"https:\/\/blogs.thesocialmedia.com\/leblogmoto\/2008\/05\/09\/album-du-vend-1-11\/#primaryimage\"},\"thumbnailUrl\":\"http:\/\/www.leblogmoto.com\/images\/2008\/05\/08\/frenzy10m.jpg\",\"datePublished\":\"2008-05-09T03:50:57+00:00\",\"dateModified\":\"2012-07-11T15:46:34+00:00\",\"author\":{\"@id\":\"https:\/\/blogs.thesocialmedia.com\/leblogmoto\/#\/schema\/person\/e82a0ca8a9a63d031586097a3ed58526\"},\"breadcrumb\":{\"@id\":\"https:\/\/blogs.thesocialmedia.com\/leblogmoto\/2008\/05\/09\/album-du-vend-1-11\/#breadcrumb\"},\"inLanguage\":\"fr-FR\",\"potentialAction\":[{\"@type\":\"ReadAction\",\"target\":[\"https:\/\/blogs.thesocialmedia.com\/leblogmoto\/2008\/05\/09\/album-du-vend-1-11\/\"]}]},{\"@type\":\"ImageObject\",\"inLanguage\":\"fr-FR\",\"@id\":\"https:\/\/blogs.thesocialmedia.com\/leblogmoto\/2008\/05\/09\/album-du-vend-1-11\/#primaryimage\",\"url\":\"http:\/\/www.leblogmoto.com\/images\/2008\/05\/08\/frenzy10m.jpg\",\"contentUrl\":\"http:\/\/www.leblogmoto.com\/images\/2008\/05\/08\/frenzy10m.jpg\"},{\"@type\":\"BreadcrumbList\",\"@id\":\"https:\/\/blogs.thesocialmedia.com\/leblogmoto\/2008\/05\/09\/album-du-vend-1-11\/#breadcrumb\",\"itemListElement\":[{\"@type\":\"ListItem\",\"position\":1,\"name\":\"Accueil\",\"item\":\"https:\/\/blogs.thesocialmedia.com\/leblogmoto\/\"},{\"@type\":\"ListItem\",\"position\":2,\"name\":\"Album du vendredi, Allez hop, cascade!\"}]},{\"@type\":\"WebSite\",\"@id\":\"https:\/\/blogs.thesocialmedia.com\/leblogmoto\/#website\",\"url\":\"https:\/\/blogs.thesocialmedia.com\/leblogmoto\/\",\"name\":\"leblogmoto\",\"description\":\"Toute l&#039;actualit\u00e9 des 2 roues\",\"potentialAction\":[{\"@type\":\"SearchAction\",\"target\":{\"@type\":\"EntryPoint\",\"urlTemplate\":\"https:\/\/blogs.thesocialmedia.com\/leblogmoto\/?s={search_term_string}\"},\"query-input\":{\"@type\":\"PropertyValueSpecification\",\"valueRequired\":true,\"valueName\":\"search_term_string\"}}],\"inLanguage\":\"fr-FR\"},{\"@type\":\"Person\",\"@id\":\"https:\/\/blogs.thesocialmedia.com\/leblogmoto\/#\/schema\/person\/e82a0ca8a9a63d031586097a3ed58526\",\"name\":\"jacques lesage\",\"image\":{\"@type\":\"ImageObject\",\"inLanguage\":\"fr-FR\",\"@id\":\"https:\/\/blogs.thesocialmedia.com\/leblogmoto\/#\/schema\/person\/image\/\",\"url\":\"https:\/\/secure.gravatar.com\/avatar\/?s=96&d=mm&r=g\",\"contentUrl\":\"https:\/\/secure.gravatar.com\/avatar\/?s=96&d=mm&r=g\",\"caption\":\"jacques lesage\"},\"url\":\"https:\/\/blogs.thesocialmedia.com\/leblogmoto\/author\/jacques-lesage\/\"}]}<\/script>\n<!-- \/ Yoast SEO plugin. -->","yoast_head_json":{"title":"Album du vendredi, Allez hop, cascade! - leblogmoto.com","robots":{"index":"index","follow":"follow","max-snippet":"max-snippet:-1","max-image-preview":"max-image-preview:large","max-video-preview":"max-video-preview:-1"},"canonical":"https:\/\/blogs.thesocialmedia.com\/leblogmoto\/2008\/05\/09\/album-du-vend-1-11\/","twitter_card":"summary_large_image","twitter_title":"Album du vendredi, Allez hop, cascade! - leblogmoto.com","twitter_description":"Certains des lecteurs qu\u00e9b\u00e9cois du Blog Moto saisiront sans doute l\u2019allusion du titre faisant r\u00e9f\u00e9rence \u00e0 une publicit\u00e9 datant d\u2019un autre si\u00e8cle. Pour tous les autres en Europe et ailleurs, sachez qu\u2019elle moquait le penchant de Jean-Paul Belmondo pour les acrobaties, alors qu\u2019il venait de jouer dans le film \u00abHold-up\u00bb r\u00e9alis\u00e9 \u00e0 Montr\u00e9al par Alexandre [&hellip;]","twitter_image":"http:\/\/www.leblogmoto.com\/images\/2008\/05\/08\/frenzy10m.jpg","twitter_misc":{"\u00c9crit par":"jacques lesage","Dur\u00e9e de lecture estim\u00e9e":"1 minute"},"schema":{"@context":"https:\/\/schema.org","@graph":[{"@type":"WebPage","@id":"https:\/\/blogs.thesocialmedia.com\/leblogmoto\/2008\/05\/09\/album-du-vend-1-11\/","url":"https:\/\/blogs.thesocialmedia.com\/leblogmoto\/2008\/05\/09\/album-du-vend-1-11\/","name":"Album du vendredi, Allez hop, cascade! - leblogmoto.com","isPartOf":{"@id":"https:\/\/blogs.thesocialmedia.com\/leblogmoto\/#website"},"primaryImageOfPage":{"@id":"https:\/\/blogs.thesocialmedia.com\/leblogmoto\/2008\/05\/09\/album-du-vend-1-11\/#primaryimage"},"image":{"@id":"https:\/\/blogs.thesocialmedia.com\/leblogmoto\/2008\/05\/09\/album-du-vend-1-11\/#primaryimage"},"thumbnailUrl":"http:\/\/www.leblogmoto.com\/images\/2008\/05\/08\/frenzy10m.jpg","datePublished":"2008-05-09T03:50:57+00:00","dateModified":"2012-07-11T15:46:34+00:00","author":{"@id":"https:\/\/blogs.thesocialmedia.com\/leblogmoto\/#\/schema\/person\/e82a0ca8a9a63d031586097a3ed58526"},"breadcrumb":{"@id":"https:\/\/blogs.thesocialmedia.com\/leblogmoto\/2008\/05\/09\/album-du-vend-1-11\/#breadcrumb"},"inLanguage":"fr-FR","potentialAction":[{"@type":"ReadAction","target":["https:\/\/blogs.thesocialmedia.com\/leblogmoto\/2008\/05\/09\/album-du-vend-1-11\/"]}]},{"@type":"ImageObject","inLanguage":"fr-FR","@id":"https:\/\/blogs.thesocialmedia.com\/leblogmoto\/2008\/05\/09\/album-du-vend-1-11\/#primaryimage","url":"http:\/\/www.leblogmoto.com\/images\/2008\/05\/08\/frenzy10m.jpg","contentUrl":"http:\/\/www.leblogmoto.com\/images\/2008\/05\/08\/frenzy10m.jpg"},{"@type":"BreadcrumbList","@id":"https:\/\/blogs.thesocialmedia.com\/leblogmoto\/2008\/05\/09\/album-du-vend-1-11\/#breadcrumb","itemListElement":[{"@type":"ListItem","position":1,"name":"Accueil","item":"https:\/\/blogs.thesocialmedia.com\/leblogmoto\/"},{"@type":"ListItem","position":2,"name":"Album du vendredi, Allez hop, cascade!"}]},{"@type":"WebSite","@id":"https:\/\/blogs.thesocialmedia.com\/leblogmoto\/#website","url":"https:\/\/blogs.thesocialmedia.com\/leblogmoto\/","name":"leblogmoto","description":"Toute l&#039;actualit\u00e9 des 2 roues","potentialAction":[{"@type":"SearchAction","target":{"@type":"EntryPoint","urlTemplate":"https:\/\/blogs.thesocialmedia.com\/leblogmoto\/?s={search_term_string}"},"query-input":{"@type":"PropertyValueSpecification","valueRequired":true,"valueName":"search_term_string"}}],"inLanguage":"fr-FR"},{"@type":"Person","@id":"https:\/\/blogs.thesocialmedia.com\/leblogmoto\/#\/schema\/person\/e82a0ca8a9a63d031586097a3ed58526","name":"jacques lesage","image":{"@type":"ImageObject","inLanguage":"fr-FR","@id":"https:\/\/blogs.thesocialmedia.com\/leblogmoto\/#\/schema\/person\/image\/","url":"https:\/\/secure.gravatar.com\/avatar\/?s=96&d=mm&r=g","contentUrl":"https:\/\/secure.gravatar.com\/avatar\/?s=96&d=mm&r=g","caption":"jacques lesage"},"url":"https:\/\/blogs.thesocialmedia.com\/leblogmoto\/author\/jacques-lesage\/"}]}},"_links":{"self":[{"href":"https:\/\/blogs.thesocialmedia.com\/leblogmoto\/wp-json\/wp\/v2\/posts\/705","targetHints":{"allow":["GET"]}}],"collection":[{"href":"https:\/\/blogs.thesocialmedia.com\/leblogmoto\/wp-json\/wp\/v2\/posts"}],"about":[{"href":"https:\/\/blogs.thesocialmedia.com\/leblogmoto\/wp-json\/wp\/v2\/types\/post"}],"author":[{"embeddable":true,"href":"https:\/\/blogs.thesocialmedia.com\/leblogmoto\/wp-json\/wp\/v2\/users\/325"}],"replies":[{"embeddable":true,"href":"https:\/\/blogs.thesocialmedia.com\/leblogmoto\/wp-json\/wp\/v2\/comments?post=705"}],"version-history":[{"count":2,"href":"https:\/\/blogs.thesocialmedia.com\/leblogmoto\/wp-json\/wp\/v2\/posts\/705\/revisions"}],"predecessor-version":[{"id":10682,"href":"https:\/\/blogs.thesocialmedia.com\/leblogmoto\/wp-json\/wp\/v2\/posts\/705\/revisions\/10682"}],"wp:attachment":[{"href":"https:\/\/blogs.thesocialmedia.com\/leblogmoto\/wp-json\/wp\/v2\/media?parent=705"}],"wp:term":[{"taxonomy":"category","embeddable":true,"href":"https:\/\/blogs.thesocialmedia.com\/leblogmoto\/wp-json\/wp\/v2\/categories?post=705"},{"taxonomy":"post_tag","embeddable":true,"href":"https:\/\/blogs.thesocialmedia.com\/leblogmoto\/wp-json\/wp\/v2\/tags?post=705"}],"curies":[{"name":"wp","href":"https:\/\/api.w.org\/{rel}","templated":true}]}}