{"id":709,"date":"2008-05-06T02:06:46","date_gmt":"2008-05-06T02:06:46","guid":{"rendered":"http:\/\/blogs.thesocialmedia.com\/leblogmoto\/2008\/05\/06\/campagne-de-prv\/"},"modified":"2012-07-11T15:46:04","modified_gmt":"2012-07-11T15:46:04","slug":"campagne-de-prv","status":"publish","type":"post","link":"https:\/\/blogs.thesocialmedia.com\/leblogmoto\/2008\/05\/06\/campagne-de-prv\/","title":{"rendered":"Pr\u00e9vention pour Chris Vermeulen"},"content":{"rendered":"<p><a href=\"http:\/\/blogs.thesocialmedia.com\/leblogmoto\/files\/2012\/07\/vermeulen_road_safe.jpg\"><img loading=\"lazy\" decoding=\"async\" width=\"470\" height=\"553\"  alt=\"Vermeulen_road_safe\" src=\"http:\/\/www.leblogmoto.com\/images\/2008\/05\/05\/vermeulen_road_safe.jpg\" style=\"margin: 0px 5px 5px 0px;float: left\" \/><\/a>Perturb\u00e9 par des statistiques toujours aussi mauvaises concernant les deux roues dans son pays la star australienne du MotoGP s&rsquo;engage aupr\u00e8s des autorit\u00e9s de son pays pour une campagne de pr\u00e9vention&#8230;<\/p>\n<p>Poss\u00e9der une moto est en train de devenir une v\u00e9ritable alternative en Australie. Avec son compatriote Casey Stoner ils ont particip\u00e9 \u00e0 l&rsquo;important essor des deux roues dans leur pays. <\/p>\n<p>Suite \u00e0 de nombreux accidents impliquant des motards roulant \u00e0 haute vitesse sur route ouverte, la f\u00e9d\u00e9ration australienne de moto a d\u00e9cid\u00e9 de s&rsquo;associer au gouvernement pour tenter d&rsquo;enrayer de tr\u00e8s mauvaises statistiques.<\/p>\n<p>&quot;Moins cher \u00e0 entretenir qu&rsquo;une voiture de sport pour plus de performances la moto est devenu une mode dangereuse pour les nouveaux venus et ceux qui ont une conduite imprudente. Ne vous conduisez pas sur les routes comme vous me voyez faire sur un circuit, je suis entra\u00een\u00e9 et entour\u00e9 d&rsquo;une \u00e9quipe, ma moto est fiable et mes risques sont ma\u00eetris\u00e9s!&quot;<\/p>\n<p><a href=\"http:\/\/blogs.thesocialmedia.com\/leblogmoto\/files\/2012\/07\/vermeulen_2.jpg\"><img loading=\"lazy\" decoding=\"async\" width=\"470\" height=\"334\"  alt=\"Vermeulen_2\" src=\"http:\/\/www.leblogmoto.com\/images\/2008\/05\/05\/vermeulen_2.jpg\" style=\"margin: 0px 5px 5px 0px;float: left\" \/><\/a> <\/p>\n<p>Chris Vermeulen tentera de convaincre en participant \u00e0 diff\u00e9rentes campagnes de communication qui seront diffus\u00e9es sur les cha\u00eenes de t\u00e9l\u00e9, la radio, internet et la presse.<\/p>\n<p>Le message est assez simple, si Chris Vermeulen se comportait sur route comme sur circuit il rejoindrait lui aussi les statistiques&#8230; <\/p>\n","protected":false},"excerpt":{"rendered":"<p>Perturb\u00e9 par des statistiques toujours aussi mauvaises concernant les deux roues dans son pays la star australienne du MotoGP s&rsquo;engage aupr\u00e8s des autorit\u00e9s de son pays pour une campagne de pr\u00e9vention&#8230; Poss\u00e9der une moto est en train de devenir une v\u00e9ritable alternative en Australie. Avec son compatriote Casey Stoner ils ont particip\u00e9 \u00e0 l&rsquo;important essor [&hellip;]<\/p>\n","protected":false},"author":323,"featured_media":0,"comment_status":"open","ping_status":"open","sticky":false,"template":"","format":"standard","meta":{"footnotes":""},"categories":[3,22,27,51],"tags":[],"class_list":["post-709","post","type-post","status-publish","format-standard","hentry","category-actualite","category-motogp","category-securite","category-suzuki"],"yoast_head":"<!-- This site is optimized with the Yoast SEO plugin v26.0 - https:\/\/yoast.com\/wordpress\/plugins\/seo\/ -->\n<title>Pr\u00e9vention pour Chris Vermeulen - leblogmoto.com<\/title>\n<meta name=\"robots\" content=\"index, follow, max-snippet:-1, max-image-preview:large, max-video-preview:-1\" \/>\n<link rel=\"canonical\" href=\"https:\/\/blogs.thesocialmedia.com\/leblogmoto\/2008\/05\/06\/campagne-de-prv\/\" \/>\n<meta name=\"twitter:card\" content=\"summary_large_image\" \/>\n<meta name=\"twitter:title\" content=\"Pr\u00e9vention pour Chris Vermeulen - leblogmoto.com\" \/>\n<meta name=\"twitter:description\" content=\"Perturb\u00e9 par des statistiques toujours aussi mauvaises concernant les deux roues dans son pays la star australienne du MotoGP s&rsquo;engage aupr\u00e8s des autorit\u00e9s de son pays pour une campagne de pr\u00e9vention&#8230; Poss\u00e9der une moto est en train de devenir une v\u00e9ritable alternative en Australie. Avec son compatriote Casey Stoner ils ont particip\u00e9 \u00e0 l&rsquo;important essor [&hellip;]\" \/>\n<meta name=\"twitter:image\" content=\"http:\/\/www.leblogmoto.com\/images\/2008\/05\/05\/vermeulen_road_safe.jpg\" \/>\n<meta name=\"twitter:label1\" content=\"\u00c9crit par\" \/>\n\t<meta name=\"twitter:data1\" content=\"albin le guyader\" \/>\n\t<meta name=\"twitter:label2\" content=\"Dur\u00e9e de lecture estim\u00e9e\" \/>\n\t<meta name=\"twitter:data2\" content=\"1 minute\" \/>\n<script type=\"application\/ld+json\" class=\"yoast-schema-graph\">{\"@context\":\"https:\/\/schema.org\",\"@graph\":[{\"@type\":\"WebPage\",\"@id\":\"https:\/\/blogs.thesocialmedia.com\/leblogmoto\/2008\/05\/06\/campagne-de-prv\/\",\"url\":\"https:\/\/blogs.thesocialmedia.com\/leblogmoto\/2008\/05\/06\/campagne-de-prv\/\",\"name\":\"Pr\u00e9vention pour Chris Vermeulen - leblogmoto.com\",\"isPartOf\":{\"@id\":\"https:\/\/blogs.thesocialmedia.com\/leblogmoto\/#website\"},\"primaryImageOfPage\":{\"@id\":\"https:\/\/blogs.thesocialmedia.com\/leblogmoto\/2008\/05\/06\/campagne-de-prv\/#primaryimage\"},\"image\":{\"@id\":\"https:\/\/blogs.thesocialmedia.com\/leblogmoto\/2008\/05\/06\/campagne-de-prv\/#primaryimage\"},\"thumbnailUrl\":\"http:\/\/www.leblogmoto.com\/images\/2008\/05\/05\/vermeulen_road_safe.jpg\",\"datePublished\":\"2008-05-06T02:06:46+00:00\",\"dateModified\":\"2012-07-11T15:46:04+00:00\",\"author\":{\"@id\":\"https:\/\/blogs.thesocialmedia.com\/leblogmoto\/#\/schema\/person\/b496d27c898c29a39678e2425cafb9ae\"},\"breadcrumb\":{\"@id\":\"https:\/\/blogs.thesocialmedia.com\/leblogmoto\/2008\/05\/06\/campagne-de-prv\/#breadcrumb\"},\"inLanguage\":\"fr-FR\",\"potentialAction\":[{\"@type\":\"ReadAction\",\"target\":[\"https:\/\/blogs.thesocialmedia.com\/leblogmoto\/2008\/05\/06\/campagne-de-prv\/\"]}]},{\"@type\":\"ImageObject\",\"inLanguage\":\"fr-FR\",\"@id\":\"https:\/\/blogs.thesocialmedia.com\/leblogmoto\/2008\/05\/06\/campagne-de-prv\/#primaryimage\",\"url\":\"http:\/\/www.leblogmoto.com\/images\/2008\/05\/05\/vermeulen_road_safe.jpg\",\"contentUrl\":\"http:\/\/www.leblogmoto.com\/images\/2008\/05\/05\/vermeulen_road_safe.jpg\"},{\"@type\":\"BreadcrumbList\",\"@id\":\"https:\/\/blogs.thesocialmedia.com\/leblogmoto\/2008\/05\/06\/campagne-de-prv\/#breadcrumb\",\"itemListElement\":[{\"@type\":\"ListItem\",\"position\":1,\"name\":\"Accueil\",\"item\":\"https:\/\/blogs.thesocialmedia.com\/leblogmoto\/\"},{\"@type\":\"ListItem\",\"position\":2,\"name\":\"Pr\u00e9vention pour Chris Vermeulen\"}]},{\"@type\":\"WebSite\",\"@id\":\"https:\/\/blogs.thesocialmedia.com\/leblogmoto\/#website\",\"url\":\"https:\/\/blogs.thesocialmedia.com\/leblogmoto\/\",\"name\":\"leblogmoto\",\"description\":\"Toute l&#039;actualit\u00e9 des 2 roues\",\"potentialAction\":[{\"@type\":\"SearchAction\",\"target\":{\"@type\":\"EntryPoint\",\"urlTemplate\":\"https:\/\/blogs.thesocialmedia.com\/leblogmoto\/?s={search_term_string}\"},\"query-input\":{\"@type\":\"PropertyValueSpecification\",\"valueRequired\":true,\"valueName\":\"search_term_string\"}}],\"inLanguage\":\"fr-FR\"},{\"@type\":\"Person\",\"@id\":\"https:\/\/blogs.thesocialmedia.com\/leblogmoto\/#\/schema\/person\/b496d27c898c29a39678e2425cafb9ae\",\"name\":\"albin le guyader\",\"image\":{\"@type\":\"ImageObject\",\"inLanguage\":\"fr-FR\",\"@id\":\"https:\/\/blogs.thesocialmedia.com\/leblogmoto\/#\/schema\/person\/image\/\",\"url\":\"https:\/\/secure.gravatar.com\/avatar\/?s=96&d=mm&r=g\",\"contentUrl\":\"https:\/\/secure.gravatar.com\/avatar\/?s=96&d=mm&r=g\",\"caption\":\"albin le guyader\"},\"url\":\"https:\/\/blogs.thesocialmedia.com\/leblogmoto\/author\/albin-le-guyader\/\"}]}<\/script>\n<!-- \/ Yoast SEO plugin. -->","yoast_head_json":{"title":"Pr\u00e9vention pour Chris Vermeulen - leblogmoto.com","robots":{"index":"index","follow":"follow","max-snippet":"max-snippet:-1","max-image-preview":"max-image-preview:large","max-video-preview":"max-video-preview:-1"},"canonical":"https:\/\/blogs.thesocialmedia.com\/leblogmoto\/2008\/05\/06\/campagne-de-prv\/","twitter_card":"summary_large_image","twitter_title":"Pr\u00e9vention pour Chris Vermeulen - leblogmoto.com","twitter_description":"Perturb\u00e9 par des statistiques toujours aussi mauvaises concernant les deux roues dans son pays la star australienne du MotoGP s&rsquo;engage aupr\u00e8s des autorit\u00e9s de son pays pour une campagne de pr\u00e9vention&#8230; Poss\u00e9der une moto est en train de devenir une v\u00e9ritable alternative en Australie. Avec son compatriote Casey Stoner ils ont particip\u00e9 \u00e0 l&rsquo;important essor [&hellip;]","twitter_image":"http:\/\/www.leblogmoto.com\/images\/2008\/05\/05\/vermeulen_road_safe.jpg","twitter_misc":{"\u00c9crit par":"albin le guyader","Dur\u00e9e de lecture estim\u00e9e":"1 minute"},"schema":{"@context":"https:\/\/schema.org","@graph":[{"@type":"WebPage","@id":"https:\/\/blogs.thesocialmedia.com\/leblogmoto\/2008\/05\/06\/campagne-de-prv\/","url":"https:\/\/blogs.thesocialmedia.com\/leblogmoto\/2008\/05\/06\/campagne-de-prv\/","name":"Pr\u00e9vention pour Chris Vermeulen - leblogmoto.com","isPartOf":{"@id":"https:\/\/blogs.thesocialmedia.com\/leblogmoto\/#website"},"primaryImageOfPage":{"@id":"https:\/\/blogs.thesocialmedia.com\/leblogmoto\/2008\/05\/06\/campagne-de-prv\/#primaryimage"},"image":{"@id":"https:\/\/blogs.thesocialmedia.com\/leblogmoto\/2008\/05\/06\/campagne-de-prv\/#primaryimage"},"thumbnailUrl":"http:\/\/www.leblogmoto.com\/images\/2008\/05\/05\/vermeulen_road_safe.jpg","datePublished":"2008-05-06T02:06:46+00:00","dateModified":"2012-07-11T15:46:04+00:00","author":{"@id":"https:\/\/blogs.thesocialmedia.com\/leblogmoto\/#\/schema\/person\/b496d27c898c29a39678e2425cafb9ae"},"breadcrumb":{"@id":"https:\/\/blogs.thesocialmedia.com\/leblogmoto\/2008\/05\/06\/campagne-de-prv\/#breadcrumb"},"inLanguage":"fr-FR","potentialAction":[{"@type":"ReadAction","target":["https:\/\/blogs.thesocialmedia.com\/leblogmoto\/2008\/05\/06\/campagne-de-prv\/"]}]},{"@type":"ImageObject","inLanguage":"fr-FR","@id":"https:\/\/blogs.thesocialmedia.com\/leblogmoto\/2008\/05\/06\/campagne-de-prv\/#primaryimage","url":"http:\/\/www.leblogmoto.com\/images\/2008\/05\/05\/vermeulen_road_safe.jpg","contentUrl":"http:\/\/www.leblogmoto.com\/images\/2008\/05\/05\/vermeulen_road_safe.jpg"},{"@type":"BreadcrumbList","@id":"https:\/\/blogs.thesocialmedia.com\/leblogmoto\/2008\/05\/06\/campagne-de-prv\/#breadcrumb","itemListElement":[{"@type":"ListItem","position":1,"name":"Accueil","item":"https:\/\/blogs.thesocialmedia.com\/leblogmoto\/"},{"@type":"ListItem","position":2,"name":"Pr\u00e9vention pour Chris Vermeulen"}]},{"@type":"WebSite","@id":"https:\/\/blogs.thesocialmedia.com\/leblogmoto\/#website","url":"https:\/\/blogs.thesocialmedia.com\/leblogmoto\/","name":"leblogmoto","description":"Toute l&#039;actualit\u00e9 des 2 roues","potentialAction":[{"@type":"SearchAction","target":{"@type":"EntryPoint","urlTemplate":"https:\/\/blogs.thesocialmedia.com\/leblogmoto\/?s={search_term_string}"},"query-input":{"@type":"PropertyValueSpecification","valueRequired":true,"valueName":"search_term_string"}}],"inLanguage":"fr-FR"},{"@type":"Person","@id":"https:\/\/blogs.thesocialmedia.com\/leblogmoto\/#\/schema\/person\/b496d27c898c29a39678e2425cafb9ae","name":"albin le guyader","image":{"@type":"ImageObject","inLanguage":"fr-FR","@id":"https:\/\/blogs.thesocialmedia.com\/leblogmoto\/#\/schema\/person\/image\/","url":"https:\/\/secure.gravatar.com\/avatar\/?s=96&d=mm&r=g","contentUrl":"https:\/\/secure.gravatar.com\/avatar\/?s=96&d=mm&r=g","caption":"albin le guyader"},"url":"https:\/\/blogs.thesocialmedia.com\/leblogmoto\/author\/albin-le-guyader\/"}]}},"_links":{"self":[{"href":"https:\/\/blogs.thesocialmedia.com\/leblogmoto\/wp-json\/wp\/v2\/posts\/709","targetHints":{"allow":["GET"]}}],"collection":[{"href":"https:\/\/blogs.thesocialmedia.com\/leblogmoto\/wp-json\/wp\/v2\/posts"}],"about":[{"href":"https:\/\/blogs.thesocialmedia.com\/leblogmoto\/wp-json\/wp\/v2\/types\/post"}],"author":[{"embeddable":true,"href":"https:\/\/blogs.thesocialmedia.com\/leblogmoto\/wp-json\/wp\/v2\/users\/323"}],"replies":[{"embeddable":true,"href":"https:\/\/blogs.thesocialmedia.com\/leblogmoto\/wp-json\/wp\/v2\/comments?post=709"}],"version-history":[{"count":2,"href":"https:\/\/blogs.thesocialmedia.com\/leblogmoto\/wp-json\/wp\/v2\/posts\/709\/revisions"}],"predecessor-version":[{"id":10666,"href":"https:\/\/blogs.thesocialmedia.com\/leblogmoto\/wp-json\/wp\/v2\/posts\/709\/revisions\/10666"}],"wp:attachment":[{"href":"https:\/\/blogs.thesocialmedia.com\/leblogmoto\/wp-json\/wp\/v2\/media?parent=709"}],"wp:term":[{"taxonomy":"category","embeddable":true,"href":"https:\/\/blogs.thesocialmedia.com\/leblogmoto\/wp-json\/wp\/v2\/categories?post=709"},{"taxonomy":"post_tag","embeddable":true,"href":"https:\/\/blogs.thesocialmedia.com\/leblogmoto\/wp-json\/wp\/v2\/tags?post=709"}],"curies":[{"name":"wp","href":"https:\/\/api.w.org\/{rel}","templated":true}]}}