{"id":713,"date":"2008-05-03T17:57:03","date_gmt":"2008-05-03T17:57:03","guid":{"rendered":"http:\/\/blogs.thesocialmedia.com\/leblogmoto\/2008\/05\/03\/edwards-en-pole\/"},"modified":"2012-07-11T15:45:46","modified_gmt":"2012-07-11T15:45:46","slug":"edwards-en-pole","status":"publish","type":"post","link":"https:\/\/blogs.thesocialmedia.com\/leblogmoto\/2008\/05\/03\/edwards-en-pole\/","title":{"rendered":"Colin Edwards en pole, Lorenzo 4\u00e8me"},"content":{"rendered":"<p><a href=\"http:\/\/blogs.thesocialmedia.com\/leblogmoto\/files\/2012\/07\/edwards1.jpg\"><img loading=\"lazy\" decoding=\"async\" width=\"470\" height=\"448\"  src=\"http:\/\/www.leblogmoto.com\/images\/2008\/05\/03\/edwards.jpg\" alt=\"Edwards\" style=\"margin: 0px 5px 5px 0px;float: left\" \/><\/a> <a href=\"http:\/\/www.leblogmoto.com\/2008\/04\/colin-edwards.html\">Colin Edwards<\/a> a sign\u00e9 le meilleur temps des qualifications pour le Grand Prix de Chine qui aura lieu demain. Il devance Valentino Rossi, Casey Stoner, <a href=\"http:\/\/www.leblogmoto.com\/2008\/04\/lorenzo-vainque.html\">Jorge Lorenzo<\/a>, bless\u00e9 hier lors des essais libres (cf <a href=\"http:\/\/www.leblogmoto.com\/2008\/05\/jorge-lorenzo-a.html\">vid\u00e9o<\/a>) et Dani Pedrosa&#8230;<\/p>\n<p>En 250 cm3 les qualifications ont \u00e9t\u00e9 marqu\u00e9 par une chute quasiment similaire \u00e0 celle de Lorenzo hier et l&rsquo;envol de Yuki Takahashi au dessus de sa Honda.  <\/p>\n<p>Colin Edwards a d\u00e9clar\u00e9 \u00e0 l&rsquo;issue des qualifications: &quot;J&rsquo;ai fait deux tours tr\u00e8s similaires et j&rsquo;ai pens\u00e9 sur le dernier qu&rsquo;il y avait encore un peu de temps \u00e0 gagner, alors j&rsquo;ai ferm\u00e9 les yeux apr\u00e8s le premier virage et me suis dit: &quot;On verra bien ce qui va se passer&quot;&quot;. <\/p>\n<p>Il doit lire le blog moto et s&rsquo;est inspir\u00e9 de la technique de <a href=\"http:\/\/www.leblogmoto.com\/2008\/05\/photos-du-team.html\">Frank du Team Dafy Moto<\/a>&#8230; <\/p>\n<p>A noter la performance de Jorge Lorenzo, 4\u00e8me temps, qui roulera demain avec une cheville cass\u00e9e et qui a encore attir\u00e9 l&rsquo;attention sur lui en inventant une nouvelle figure&#8230;<\/p>\n<p><object width=\"480\" height=\"365\"><param value=\"http:\/\/www.youtube.com\/v\/FfQfypi0ph0&amp;hl=en\" name=\"movie\" \/><param value=\"transparent\" name=\"wmode\" \/><embed width=\"480\" height=\"365\" type=\"application\/x-shockwave-flash\" src=\"http:\/\/www.youtube.com\/v\/FfQfypi0ph0&amp;hl=en\"><\/embed><\/object><\/p>\n","protected":false},"excerpt":{"rendered":"<p>Colin Edwards a sign\u00e9 le meilleur temps des qualifications pour le Grand Prix de Chine qui aura lieu demain. Il devance Valentino Rossi, Casey Stoner, Jorge Lorenzo, bless\u00e9 hier lors des essais libres (cf vid\u00e9o) et Dani Pedrosa&#8230; En 250 cm3 les qualifications ont \u00e9t\u00e9 marqu\u00e9 par une chute quasiment similaire \u00e0 celle de Lorenzo [&hellip;]<\/p>\n","protected":false},"author":323,"featured_media":0,"comment_status":"open","ping_status":"open","sticky":false,"template":"","format":"standard","meta":{"footnotes":""},"categories":[3,22,32,12],"tags":[],"class_list":["post-713","post","type-post","status-publish","format-standard","hentry","category-actualite","category-motogp","category-sport-moto","category-videos"],"yoast_head":"<!-- This site is optimized with the Yoast SEO plugin v26.0 - https:\/\/yoast.com\/wordpress\/plugins\/seo\/ -->\n<title>Colin Edwards en pole, Lorenzo 4\u00e8me - leblogmoto.com<\/title>\n<meta name=\"robots\" content=\"index, follow, max-snippet:-1, max-image-preview:large, max-video-preview:-1\" \/>\n<link rel=\"canonical\" href=\"https:\/\/blogs.thesocialmedia.com\/leblogmoto\/2008\/05\/03\/edwards-en-pole\/\" \/>\n<meta name=\"twitter:card\" content=\"summary_large_image\" \/>\n<meta name=\"twitter:title\" content=\"Colin Edwards en pole, Lorenzo 4\u00e8me - leblogmoto.com\" \/>\n<meta name=\"twitter:description\" content=\"Colin Edwards a sign\u00e9 le meilleur temps des qualifications pour le Grand Prix de Chine qui aura lieu demain. Il devance Valentino Rossi, Casey Stoner, Jorge Lorenzo, bless\u00e9 hier lors des essais libres (cf vid\u00e9o) et Dani Pedrosa&#8230; En 250 cm3 les qualifications ont \u00e9t\u00e9 marqu\u00e9 par une chute quasiment similaire \u00e0 celle de Lorenzo [&hellip;]\" \/>\n<meta name=\"twitter:image\" content=\"http:\/\/www.leblogmoto.com\/images\/2008\/05\/03\/edwards.jpg\" \/>\n<meta name=\"twitter:label1\" content=\"\u00c9crit par\" \/>\n\t<meta name=\"twitter:data1\" content=\"albin le guyader\" \/>\n\t<meta name=\"twitter:label2\" content=\"Dur\u00e9e de lecture estim\u00e9e\" \/>\n\t<meta name=\"twitter:data2\" content=\"1 minute\" \/>\n<script type=\"application\/ld+json\" class=\"yoast-schema-graph\">{\"@context\":\"https:\/\/schema.org\",\"@graph\":[{\"@type\":\"WebPage\",\"@id\":\"https:\/\/blogs.thesocialmedia.com\/leblogmoto\/2008\/05\/03\/edwards-en-pole\/\",\"url\":\"https:\/\/blogs.thesocialmedia.com\/leblogmoto\/2008\/05\/03\/edwards-en-pole\/\",\"name\":\"Colin Edwards en pole, Lorenzo 4\u00e8me - leblogmoto.com\",\"isPartOf\":{\"@id\":\"https:\/\/blogs.thesocialmedia.com\/leblogmoto\/#website\"},\"primaryImageOfPage\":{\"@id\":\"https:\/\/blogs.thesocialmedia.com\/leblogmoto\/2008\/05\/03\/edwards-en-pole\/#primaryimage\"},\"image\":{\"@id\":\"https:\/\/blogs.thesocialmedia.com\/leblogmoto\/2008\/05\/03\/edwards-en-pole\/#primaryimage\"},\"thumbnailUrl\":\"http:\/\/www.leblogmoto.com\/images\/2008\/05\/03\/edwards.jpg\",\"datePublished\":\"2008-05-03T17:57:03+00:00\",\"dateModified\":\"2012-07-11T15:45:46+00:00\",\"author\":{\"@id\":\"https:\/\/blogs.thesocialmedia.com\/leblogmoto\/#\/schema\/person\/b496d27c898c29a39678e2425cafb9ae\"},\"breadcrumb\":{\"@id\":\"https:\/\/blogs.thesocialmedia.com\/leblogmoto\/2008\/05\/03\/edwards-en-pole\/#breadcrumb\"},\"inLanguage\":\"fr-FR\",\"potentialAction\":[{\"@type\":\"ReadAction\",\"target\":[\"https:\/\/blogs.thesocialmedia.com\/leblogmoto\/2008\/05\/03\/edwards-en-pole\/\"]}]},{\"@type\":\"ImageObject\",\"inLanguage\":\"fr-FR\",\"@id\":\"https:\/\/blogs.thesocialmedia.com\/leblogmoto\/2008\/05\/03\/edwards-en-pole\/#primaryimage\",\"url\":\"http:\/\/www.leblogmoto.com\/images\/2008\/05\/03\/edwards.jpg\",\"contentUrl\":\"http:\/\/www.leblogmoto.com\/images\/2008\/05\/03\/edwards.jpg\"},{\"@type\":\"BreadcrumbList\",\"@id\":\"https:\/\/blogs.thesocialmedia.com\/leblogmoto\/2008\/05\/03\/edwards-en-pole\/#breadcrumb\",\"itemListElement\":[{\"@type\":\"ListItem\",\"position\":1,\"name\":\"Accueil\",\"item\":\"https:\/\/blogs.thesocialmedia.com\/leblogmoto\/\"},{\"@type\":\"ListItem\",\"position\":2,\"name\":\"Colin Edwards en pole, Lorenzo 4\u00e8me\"}]},{\"@type\":\"WebSite\",\"@id\":\"https:\/\/blogs.thesocialmedia.com\/leblogmoto\/#website\",\"url\":\"https:\/\/blogs.thesocialmedia.com\/leblogmoto\/\",\"name\":\"leblogmoto\",\"description\":\"Toute l&#039;actualit\u00e9 des 2 roues\",\"potentialAction\":[{\"@type\":\"SearchAction\",\"target\":{\"@type\":\"EntryPoint\",\"urlTemplate\":\"https:\/\/blogs.thesocialmedia.com\/leblogmoto\/?s={search_term_string}\"},\"query-input\":{\"@type\":\"PropertyValueSpecification\",\"valueRequired\":true,\"valueName\":\"search_term_string\"}}],\"inLanguage\":\"fr-FR\"},{\"@type\":\"Person\",\"@id\":\"https:\/\/blogs.thesocialmedia.com\/leblogmoto\/#\/schema\/person\/b496d27c898c29a39678e2425cafb9ae\",\"name\":\"albin le guyader\",\"image\":{\"@type\":\"ImageObject\",\"inLanguage\":\"fr-FR\",\"@id\":\"https:\/\/blogs.thesocialmedia.com\/leblogmoto\/#\/schema\/person\/image\/\",\"url\":\"https:\/\/secure.gravatar.com\/avatar\/?s=96&d=mm&r=g\",\"contentUrl\":\"https:\/\/secure.gravatar.com\/avatar\/?s=96&d=mm&r=g\",\"caption\":\"albin le guyader\"},\"url\":\"https:\/\/blogs.thesocialmedia.com\/leblogmoto\/author\/albin-le-guyader\/\"}]}<\/script>\n<!-- \/ Yoast SEO plugin. -->","yoast_head_json":{"title":"Colin Edwards en pole, Lorenzo 4\u00e8me - leblogmoto.com","robots":{"index":"index","follow":"follow","max-snippet":"max-snippet:-1","max-image-preview":"max-image-preview:large","max-video-preview":"max-video-preview:-1"},"canonical":"https:\/\/blogs.thesocialmedia.com\/leblogmoto\/2008\/05\/03\/edwards-en-pole\/","twitter_card":"summary_large_image","twitter_title":"Colin Edwards en pole, Lorenzo 4\u00e8me - leblogmoto.com","twitter_description":"Colin Edwards a sign\u00e9 le meilleur temps des qualifications pour le Grand Prix de Chine qui aura lieu demain. Il devance Valentino Rossi, Casey Stoner, Jorge Lorenzo, bless\u00e9 hier lors des essais libres (cf vid\u00e9o) et Dani Pedrosa&#8230; En 250 cm3 les qualifications ont \u00e9t\u00e9 marqu\u00e9 par une chute quasiment similaire \u00e0 celle de Lorenzo [&hellip;]","twitter_image":"http:\/\/www.leblogmoto.com\/images\/2008\/05\/03\/edwards.jpg","twitter_misc":{"\u00c9crit par":"albin le guyader","Dur\u00e9e de lecture estim\u00e9e":"1 minute"},"schema":{"@context":"https:\/\/schema.org","@graph":[{"@type":"WebPage","@id":"https:\/\/blogs.thesocialmedia.com\/leblogmoto\/2008\/05\/03\/edwards-en-pole\/","url":"https:\/\/blogs.thesocialmedia.com\/leblogmoto\/2008\/05\/03\/edwards-en-pole\/","name":"Colin Edwards en pole, Lorenzo 4\u00e8me - leblogmoto.com","isPartOf":{"@id":"https:\/\/blogs.thesocialmedia.com\/leblogmoto\/#website"},"primaryImageOfPage":{"@id":"https:\/\/blogs.thesocialmedia.com\/leblogmoto\/2008\/05\/03\/edwards-en-pole\/#primaryimage"},"image":{"@id":"https:\/\/blogs.thesocialmedia.com\/leblogmoto\/2008\/05\/03\/edwards-en-pole\/#primaryimage"},"thumbnailUrl":"http:\/\/www.leblogmoto.com\/images\/2008\/05\/03\/edwards.jpg","datePublished":"2008-05-03T17:57:03+00:00","dateModified":"2012-07-11T15:45:46+00:00","author":{"@id":"https:\/\/blogs.thesocialmedia.com\/leblogmoto\/#\/schema\/person\/b496d27c898c29a39678e2425cafb9ae"},"breadcrumb":{"@id":"https:\/\/blogs.thesocialmedia.com\/leblogmoto\/2008\/05\/03\/edwards-en-pole\/#breadcrumb"},"inLanguage":"fr-FR","potentialAction":[{"@type":"ReadAction","target":["https:\/\/blogs.thesocialmedia.com\/leblogmoto\/2008\/05\/03\/edwards-en-pole\/"]}]},{"@type":"ImageObject","inLanguage":"fr-FR","@id":"https:\/\/blogs.thesocialmedia.com\/leblogmoto\/2008\/05\/03\/edwards-en-pole\/#primaryimage","url":"http:\/\/www.leblogmoto.com\/images\/2008\/05\/03\/edwards.jpg","contentUrl":"http:\/\/www.leblogmoto.com\/images\/2008\/05\/03\/edwards.jpg"},{"@type":"BreadcrumbList","@id":"https:\/\/blogs.thesocialmedia.com\/leblogmoto\/2008\/05\/03\/edwards-en-pole\/#breadcrumb","itemListElement":[{"@type":"ListItem","position":1,"name":"Accueil","item":"https:\/\/blogs.thesocialmedia.com\/leblogmoto\/"},{"@type":"ListItem","position":2,"name":"Colin Edwards en pole, Lorenzo 4\u00e8me"}]},{"@type":"WebSite","@id":"https:\/\/blogs.thesocialmedia.com\/leblogmoto\/#website","url":"https:\/\/blogs.thesocialmedia.com\/leblogmoto\/","name":"leblogmoto","description":"Toute l&#039;actualit\u00e9 des 2 roues","potentialAction":[{"@type":"SearchAction","target":{"@type":"EntryPoint","urlTemplate":"https:\/\/blogs.thesocialmedia.com\/leblogmoto\/?s={search_term_string}"},"query-input":{"@type":"PropertyValueSpecification","valueRequired":true,"valueName":"search_term_string"}}],"inLanguage":"fr-FR"},{"@type":"Person","@id":"https:\/\/blogs.thesocialmedia.com\/leblogmoto\/#\/schema\/person\/b496d27c898c29a39678e2425cafb9ae","name":"albin le guyader","image":{"@type":"ImageObject","inLanguage":"fr-FR","@id":"https:\/\/blogs.thesocialmedia.com\/leblogmoto\/#\/schema\/person\/image\/","url":"https:\/\/secure.gravatar.com\/avatar\/?s=96&d=mm&r=g","contentUrl":"https:\/\/secure.gravatar.com\/avatar\/?s=96&d=mm&r=g","caption":"albin le guyader"},"url":"https:\/\/blogs.thesocialmedia.com\/leblogmoto\/author\/albin-le-guyader\/"}]}},"_links":{"self":[{"href":"https:\/\/blogs.thesocialmedia.com\/leblogmoto\/wp-json\/wp\/v2\/posts\/713","targetHints":{"allow":["GET"]}}],"collection":[{"href":"https:\/\/blogs.thesocialmedia.com\/leblogmoto\/wp-json\/wp\/v2\/posts"}],"about":[{"href":"https:\/\/blogs.thesocialmedia.com\/leblogmoto\/wp-json\/wp\/v2\/types\/post"}],"author":[{"embeddable":true,"href":"https:\/\/blogs.thesocialmedia.com\/leblogmoto\/wp-json\/wp\/v2\/users\/323"}],"replies":[{"embeddable":true,"href":"https:\/\/blogs.thesocialmedia.com\/leblogmoto\/wp-json\/wp\/v2\/comments?post=713"}],"version-history":[{"count":2,"href":"https:\/\/blogs.thesocialmedia.com\/leblogmoto\/wp-json\/wp\/v2\/posts\/713\/revisions"}],"predecessor-version":[{"id":10655,"href":"https:\/\/blogs.thesocialmedia.com\/leblogmoto\/wp-json\/wp\/v2\/posts\/713\/revisions\/10655"}],"wp:attachment":[{"href":"https:\/\/blogs.thesocialmedia.com\/leblogmoto\/wp-json\/wp\/v2\/media?parent=713"}],"wp:term":[{"taxonomy":"category","embeddable":true,"href":"https:\/\/blogs.thesocialmedia.com\/leblogmoto\/wp-json\/wp\/v2\/categories?post=713"},{"taxonomy":"post_tag","embeddable":true,"href":"https:\/\/blogs.thesocialmedia.com\/leblogmoto\/wp-json\/wp\/v2\/tags?post=713"}],"curies":[{"name":"wp","href":"https:\/\/api.w.org\/{rel}","templated":true}]}}