{"id":714,"date":"2008-05-03T04:38:25","date_gmt":"2008-05-03T04:38:25","guid":{"rendered":"http:\/\/blogs.thesocialmedia.com\/leblogmoto\/2008\/05\/03\/quand-ettore-bu\/"},"modified":"2012-07-11T15:45:43","modified_gmt":"2012-07-11T15:45:43","slug":"quand-ettore-bu","status":"publish","type":"post","link":"https:\/\/blogs.thesocialmedia.com\/leblogmoto\/2008\/05\/03\/quand-ettore-bu\/","title":{"rendered":"Quand Ettore Bugatti r\u00eavait de motos&#8230;"},"content":{"rendered":"<p><a href=\"http:\/\/blogs.thesocialmedia.com\/leblogmoto\/files\/2012\/07\/t72a.jpg\"><img loading=\"lazy\" decoding=\"async\" width=\"470\" height=\"288\"  src=\"http:\/\/www.leblogmoto.com\/images\/2008\/05\/02\/t72a.jpg\" alt=\"T72a\" style=\"margin: 0px 5px 5px 0px;float: left\" \/><\/a>Avant le d\u00e9but de la seconde guerre mondiale Ettore Bugatti r\u00e9fl\u00e9chissait s\u00e9rieusement \u00e0 concevoir des deux roues motoris\u00e9s. Voil\u00e0 quelques photos d&rsquo;un prototype unique qu&rsquo;il a poss\u00e9d\u00e9&#8230;<\/p>\n<p><a href=\"http:\/\/blogs.thesocialmedia.com\/leblogmoto\/files\/2012\/07\/t72a_3.jpg\"><img loading=\"lazy\" decoding=\"async\" width=\"470\" height=\"291\"  alt=\"T72a_3\" src=\"http:\/\/www.leblogmoto.com\/images\/2008\/05\/02\/t72a_3.jpg\" style=\"margin: 0px 5px 5px 0px;float: left\" \/><\/a> Con\u00e7u \u00e0 partir d&rsquo;un chassis de v\u00e9lo Peugeot de 1937 Ettore Bugatti lui a greff\u00e9 un moteur T72 de 12,66 cm3 de cylindr\u00e9e. Equip\u00e9 d&rsquo;un <a href=\"http:\/\/blogs.thesocialmedia.com\/leblogmoto\/files\/2012\/07\/la-vido-du-jour.html_.png\">compresseur<\/a> et de deux arbres \u00e0 cames, ce moteur en avance pour l&rsquo;\u00e9poque prend plus de 10000 tr\/mn et d\u00e9veloppe presque un cheval et demi&#8230;<\/p>\n<p><a href=\"http:\/\/clabedan.typepad.com\/.shared\/image.html?\/photos\/uncategorized\/2008\/05\/02\/t72a_2.jpg\"><img loading=\"lazy\" decoding=\"async\" width=\"470\" height=\"340\"  alt=\"T72a_2\" src=\"http:\/\/www.leblogmoto.com\/images\/2008\/05\/02\/t72a_2.jpg\" style=\"margin: 0px 5px 5px 0px;float: left\" \/><\/a><\/p>\n<p>La marque Bugatti a commercialis\u00e9 une centaine de v\u00e9los en tant que fabricant.<\/p>\n<p><\/p>\n<p><a href=\"http:\/\/blogs.thesocialmedia.com\/leblogmoto\/files\/2012\/07\/bugatti_3.jpg\"><img loading=\"lazy\" decoding=\"async\" width=\"470\" height=\"316\"  alt=\"Bugatti_3\" src=\"http:\/\/www.leblogmoto.com\/images\/2008\/05\/02\/bugatti_3.jpg\" style=\"margin: 0px 5px 5px 0px;float: left\" \/><\/a> <\/p>\n<p>Merci \u00e0 Leo Keoshian et Patrick Arnaud pour les photos, disponibles sur le site <a href=\"http:\/\/news.myspace.com\/autos\/motorcycles\/item\/16856565\">Bugatti Revue<\/a><\/p>\n","protected":false},"excerpt":{"rendered":"<p>Avant le d\u00e9but de la seconde guerre mondiale Ettore Bugatti r\u00e9fl\u00e9chissait s\u00e9rieusement \u00e0 concevoir des deux roues motoris\u00e9s. Voil\u00e0 quelques photos d&rsquo;un prototype unique qu&rsquo;il a poss\u00e9d\u00e9&#8230; Con\u00e7u \u00e0 partir d&rsquo;un chassis de v\u00e9lo Peugeot de 1937 Ettore Bugatti lui a greff\u00e9 un moteur T72 de 12,66 cm3 de cylindr\u00e9e. Equip\u00e9 d&rsquo;un compresseur et de [&hellip;]<\/p>\n","protected":false},"author":323,"featured_media":0,"comment_status":"open","ping_status":"open","sticky":false,"template":"","format":"standard","meta":{"footnotes":""},"categories":[9],"tags":[],"class_list":["post-714","post","type-post","status-publish","format-standard","hentry","category-historique"],"yoast_head":"<!-- This site is optimized with the Yoast SEO plugin v26.0 - https:\/\/yoast.com\/wordpress\/plugins\/seo\/ -->\n<title>Quand Ettore Bugatti r\u00eavait de motos... - leblogmoto.com<\/title>\n<meta name=\"robots\" content=\"index, follow, max-snippet:-1, max-image-preview:large, max-video-preview:-1\" \/>\n<link rel=\"canonical\" href=\"https:\/\/blogs.thesocialmedia.com\/leblogmoto\/2008\/05\/03\/quand-ettore-bu\/\" \/>\n<meta name=\"twitter:card\" content=\"summary_large_image\" \/>\n<meta name=\"twitter:title\" content=\"Quand Ettore Bugatti r\u00eavait de motos... - leblogmoto.com\" \/>\n<meta name=\"twitter:description\" content=\"Avant le d\u00e9but de la seconde guerre mondiale Ettore Bugatti r\u00e9fl\u00e9chissait s\u00e9rieusement \u00e0 concevoir des deux roues motoris\u00e9s. Voil\u00e0 quelques photos d&rsquo;un prototype unique qu&rsquo;il a poss\u00e9d\u00e9&#8230; Con\u00e7u \u00e0 partir d&rsquo;un chassis de v\u00e9lo Peugeot de 1937 Ettore Bugatti lui a greff\u00e9 un moteur T72 de 12,66 cm3 de cylindr\u00e9e. Equip\u00e9 d&rsquo;un compresseur et de [&hellip;]\" \/>\n<meta name=\"twitter:image\" content=\"http:\/\/www.leblogmoto.com\/images\/2008\/05\/02\/t72a.jpg\" \/>\n<meta name=\"twitter:label1\" content=\"\u00c9crit par\" \/>\n\t<meta name=\"twitter:data1\" content=\"albin le guyader\" \/>\n\t<meta name=\"twitter:label2\" content=\"Dur\u00e9e de lecture estim\u00e9e\" \/>\n\t<meta name=\"twitter:data2\" content=\"1 minute\" \/>\n<script type=\"application\/ld+json\" class=\"yoast-schema-graph\">{\"@context\":\"https:\/\/schema.org\",\"@graph\":[{\"@type\":\"WebPage\",\"@id\":\"https:\/\/blogs.thesocialmedia.com\/leblogmoto\/2008\/05\/03\/quand-ettore-bu\/\",\"url\":\"https:\/\/blogs.thesocialmedia.com\/leblogmoto\/2008\/05\/03\/quand-ettore-bu\/\",\"name\":\"Quand Ettore Bugatti r\u00eavait de motos... - leblogmoto.com\",\"isPartOf\":{\"@id\":\"https:\/\/blogs.thesocialmedia.com\/leblogmoto\/#website\"},\"primaryImageOfPage\":{\"@id\":\"https:\/\/blogs.thesocialmedia.com\/leblogmoto\/2008\/05\/03\/quand-ettore-bu\/#primaryimage\"},\"image\":{\"@id\":\"https:\/\/blogs.thesocialmedia.com\/leblogmoto\/2008\/05\/03\/quand-ettore-bu\/#primaryimage\"},\"thumbnailUrl\":\"http:\/\/www.leblogmoto.com\/images\/2008\/05\/02\/t72a.jpg\",\"datePublished\":\"2008-05-03T04:38:25+00:00\",\"dateModified\":\"2012-07-11T15:45:43+00:00\",\"author\":{\"@id\":\"https:\/\/blogs.thesocialmedia.com\/leblogmoto\/#\/schema\/person\/b496d27c898c29a39678e2425cafb9ae\"},\"breadcrumb\":{\"@id\":\"https:\/\/blogs.thesocialmedia.com\/leblogmoto\/2008\/05\/03\/quand-ettore-bu\/#breadcrumb\"},\"inLanguage\":\"fr-FR\",\"potentialAction\":[{\"@type\":\"ReadAction\",\"target\":[\"https:\/\/blogs.thesocialmedia.com\/leblogmoto\/2008\/05\/03\/quand-ettore-bu\/\"]}]},{\"@type\":\"ImageObject\",\"inLanguage\":\"fr-FR\",\"@id\":\"https:\/\/blogs.thesocialmedia.com\/leblogmoto\/2008\/05\/03\/quand-ettore-bu\/#primaryimage\",\"url\":\"http:\/\/www.leblogmoto.com\/images\/2008\/05\/02\/t72a.jpg\",\"contentUrl\":\"http:\/\/www.leblogmoto.com\/images\/2008\/05\/02\/t72a.jpg\"},{\"@type\":\"BreadcrumbList\",\"@id\":\"https:\/\/blogs.thesocialmedia.com\/leblogmoto\/2008\/05\/03\/quand-ettore-bu\/#breadcrumb\",\"itemListElement\":[{\"@type\":\"ListItem\",\"position\":1,\"name\":\"Accueil\",\"item\":\"https:\/\/blogs.thesocialmedia.com\/leblogmoto\/\"},{\"@type\":\"ListItem\",\"position\":2,\"name\":\"Quand Ettore Bugatti r\u00eavait de motos&#8230;\"}]},{\"@type\":\"WebSite\",\"@id\":\"https:\/\/blogs.thesocialmedia.com\/leblogmoto\/#website\",\"url\":\"https:\/\/blogs.thesocialmedia.com\/leblogmoto\/\",\"name\":\"leblogmoto\",\"description\":\"Toute l&#039;actualit\u00e9 des 2 roues\",\"potentialAction\":[{\"@type\":\"SearchAction\",\"target\":{\"@type\":\"EntryPoint\",\"urlTemplate\":\"https:\/\/blogs.thesocialmedia.com\/leblogmoto\/?s={search_term_string}\"},\"query-input\":{\"@type\":\"PropertyValueSpecification\",\"valueRequired\":true,\"valueName\":\"search_term_string\"}}],\"inLanguage\":\"fr-FR\"},{\"@type\":\"Person\",\"@id\":\"https:\/\/blogs.thesocialmedia.com\/leblogmoto\/#\/schema\/person\/b496d27c898c29a39678e2425cafb9ae\",\"name\":\"albin le guyader\",\"image\":{\"@type\":\"ImageObject\",\"inLanguage\":\"fr-FR\",\"@id\":\"https:\/\/blogs.thesocialmedia.com\/leblogmoto\/#\/schema\/person\/image\/\",\"url\":\"https:\/\/secure.gravatar.com\/avatar\/?s=96&d=mm&r=g\",\"contentUrl\":\"https:\/\/secure.gravatar.com\/avatar\/?s=96&d=mm&r=g\",\"caption\":\"albin le guyader\"},\"url\":\"https:\/\/blogs.thesocialmedia.com\/leblogmoto\/author\/albin-le-guyader\/\"}]}<\/script>\n<!-- \/ Yoast SEO plugin. -->","yoast_head_json":{"title":"Quand Ettore Bugatti r\u00eavait de motos... - leblogmoto.com","robots":{"index":"index","follow":"follow","max-snippet":"max-snippet:-1","max-image-preview":"max-image-preview:large","max-video-preview":"max-video-preview:-1"},"canonical":"https:\/\/blogs.thesocialmedia.com\/leblogmoto\/2008\/05\/03\/quand-ettore-bu\/","twitter_card":"summary_large_image","twitter_title":"Quand Ettore Bugatti r\u00eavait de motos... - leblogmoto.com","twitter_description":"Avant le d\u00e9but de la seconde guerre mondiale Ettore Bugatti r\u00e9fl\u00e9chissait s\u00e9rieusement \u00e0 concevoir des deux roues motoris\u00e9s. Voil\u00e0 quelques photos d&rsquo;un prototype unique qu&rsquo;il a poss\u00e9d\u00e9&#8230; Con\u00e7u \u00e0 partir d&rsquo;un chassis de v\u00e9lo Peugeot de 1937 Ettore Bugatti lui a greff\u00e9 un moteur T72 de 12,66 cm3 de cylindr\u00e9e. Equip\u00e9 d&rsquo;un compresseur et de [&hellip;]","twitter_image":"http:\/\/www.leblogmoto.com\/images\/2008\/05\/02\/t72a.jpg","twitter_misc":{"\u00c9crit par":"albin le guyader","Dur\u00e9e de lecture estim\u00e9e":"1 minute"},"schema":{"@context":"https:\/\/schema.org","@graph":[{"@type":"WebPage","@id":"https:\/\/blogs.thesocialmedia.com\/leblogmoto\/2008\/05\/03\/quand-ettore-bu\/","url":"https:\/\/blogs.thesocialmedia.com\/leblogmoto\/2008\/05\/03\/quand-ettore-bu\/","name":"Quand Ettore Bugatti r\u00eavait de motos... - leblogmoto.com","isPartOf":{"@id":"https:\/\/blogs.thesocialmedia.com\/leblogmoto\/#website"},"primaryImageOfPage":{"@id":"https:\/\/blogs.thesocialmedia.com\/leblogmoto\/2008\/05\/03\/quand-ettore-bu\/#primaryimage"},"image":{"@id":"https:\/\/blogs.thesocialmedia.com\/leblogmoto\/2008\/05\/03\/quand-ettore-bu\/#primaryimage"},"thumbnailUrl":"http:\/\/www.leblogmoto.com\/images\/2008\/05\/02\/t72a.jpg","datePublished":"2008-05-03T04:38:25+00:00","dateModified":"2012-07-11T15:45:43+00:00","author":{"@id":"https:\/\/blogs.thesocialmedia.com\/leblogmoto\/#\/schema\/person\/b496d27c898c29a39678e2425cafb9ae"},"breadcrumb":{"@id":"https:\/\/blogs.thesocialmedia.com\/leblogmoto\/2008\/05\/03\/quand-ettore-bu\/#breadcrumb"},"inLanguage":"fr-FR","potentialAction":[{"@type":"ReadAction","target":["https:\/\/blogs.thesocialmedia.com\/leblogmoto\/2008\/05\/03\/quand-ettore-bu\/"]}]},{"@type":"ImageObject","inLanguage":"fr-FR","@id":"https:\/\/blogs.thesocialmedia.com\/leblogmoto\/2008\/05\/03\/quand-ettore-bu\/#primaryimage","url":"http:\/\/www.leblogmoto.com\/images\/2008\/05\/02\/t72a.jpg","contentUrl":"http:\/\/www.leblogmoto.com\/images\/2008\/05\/02\/t72a.jpg"},{"@type":"BreadcrumbList","@id":"https:\/\/blogs.thesocialmedia.com\/leblogmoto\/2008\/05\/03\/quand-ettore-bu\/#breadcrumb","itemListElement":[{"@type":"ListItem","position":1,"name":"Accueil","item":"https:\/\/blogs.thesocialmedia.com\/leblogmoto\/"},{"@type":"ListItem","position":2,"name":"Quand Ettore Bugatti r\u00eavait de motos&#8230;"}]},{"@type":"WebSite","@id":"https:\/\/blogs.thesocialmedia.com\/leblogmoto\/#website","url":"https:\/\/blogs.thesocialmedia.com\/leblogmoto\/","name":"leblogmoto","description":"Toute l&#039;actualit\u00e9 des 2 roues","potentialAction":[{"@type":"SearchAction","target":{"@type":"EntryPoint","urlTemplate":"https:\/\/blogs.thesocialmedia.com\/leblogmoto\/?s={search_term_string}"},"query-input":{"@type":"PropertyValueSpecification","valueRequired":true,"valueName":"search_term_string"}}],"inLanguage":"fr-FR"},{"@type":"Person","@id":"https:\/\/blogs.thesocialmedia.com\/leblogmoto\/#\/schema\/person\/b496d27c898c29a39678e2425cafb9ae","name":"albin le guyader","image":{"@type":"ImageObject","inLanguage":"fr-FR","@id":"https:\/\/blogs.thesocialmedia.com\/leblogmoto\/#\/schema\/person\/image\/","url":"https:\/\/secure.gravatar.com\/avatar\/?s=96&d=mm&r=g","contentUrl":"https:\/\/secure.gravatar.com\/avatar\/?s=96&d=mm&r=g","caption":"albin le guyader"},"url":"https:\/\/blogs.thesocialmedia.com\/leblogmoto\/author\/albin-le-guyader\/"}]}},"_links":{"self":[{"href":"https:\/\/blogs.thesocialmedia.com\/leblogmoto\/wp-json\/wp\/v2\/posts\/714","targetHints":{"allow":["GET"]}}],"collection":[{"href":"https:\/\/blogs.thesocialmedia.com\/leblogmoto\/wp-json\/wp\/v2\/posts"}],"about":[{"href":"https:\/\/blogs.thesocialmedia.com\/leblogmoto\/wp-json\/wp\/v2\/types\/post"}],"author":[{"embeddable":true,"href":"https:\/\/blogs.thesocialmedia.com\/leblogmoto\/wp-json\/wp\/v2\/users\/323"}],"replies":[{"embeddable":true,"href":"https:\/\/blogs.thesocialmedia.com\/leblogmoto\/wp-json\/wp\/v2\/comments?post=714"}],"version-history":[{"count":2,"href":"https:\/\/blogs.thesocialmedia.com\/leblogmoto\/wp-json\/wp\/v2\/posts\/714\/revisions"}],"predecessor-version":[{"id":10653,"href":"https:\/\/blogs.thesocialmedia.com\/leblogmoto\/wp-json\/wp\/v2\/posts\/714\/revisions\/10653"}],"wp:attachment":[{"href":"https:\/\/blogs.thesocialmedia.com\/leblogmoto\/wp-json\/wp\/v2\/media?parent=714"}],"wp:term":[{"taxonomy":"category","embeddable":true,"href":"https:\/\/blogs.thesocialmedia.com\/leblogmoto\/wp-json\/wp\/v2\/categories?post=714"},{"taxonomy":"post_tag","embeddable":true,"href":"https:\/\/blogs.thesocialmedia.com\/leblogmoto\/wp-json\/wp\/v2\/tags?post=714"}],"curies":[{"name":"wp","href":"https:\/\/api.w.org\/{rel}","templated":true}]}}