{"id":715,"date":"2008-05-03T03:28:54","date_gmt":"2008-05-03T03:28:54","guid":{"rendered":"http:\/\/blogs.thesocialmedia.com\/leblogmoto\/2008\/05\/03\/cest-en-presque\/"},"modified":"2012-07-11T15:45:33","modified_gmt":"2012-07-11T15:45:33","slug":"cest-en-presque","status":"publish","type":"post","link":"https:\/\/blogs.thesocialmedia.com\/leblogmoto\/2008\/05\/03\/cest-en-presque\/","title":{"rendered":"Le blouson des lumi\u00e8res"},"content":{"rendered":"<p>C\u2019est en presque une tendance que cette utilisation des lumi\u00e8res <a href=\"http:\/\/fr.wikipedia.org\/wiki\/Diode_%C3%A9lectroluminescente\">DEL<\/a> \u00e0 m\u00eame les v\u00eatements. On vous parlait il y a peu de cette \u00e9tudiante am\u00e9ricaine qui avait cr\u00e9\u00e9 des incrustations lumineuses sur blouson, permettant aux cyclistes de signaler leurs intentions.<\/p>\n<p><a href=\"http:\/\/clabedan.typepad.com\/.shared\/image.html?\/photos\/uncategorized\/2008\/05\/02\/luxx2_2.jpg\"><img loading=\"lazy\" decoding=\"async\" width=\"470\" height=\"157\"  alt=\"Luxx2_2\" src=\"http:\/\/www.leblogmoto.com\/images\/2008\/05\/02\/luxx2_2.jpg\" \/><\/a> <\/p>\n<p>Voil\u00e0 qu\u2019un autre \u00e9tudiant, cette fois-ci de la London School of Design, vient de remporter un prix de la <a href=\"http:\/\/www.jamesdysonfoundation.com\/jda\/winner2008.asp\">Fondation James Dyson<\/a> avec un produit similaire. La particularit\u00e9 \u00e9tant que les lumi\u00e8res dans le dos de la veste changent de couleurs selon la v\u00e9locit\u00e9 du cycliste. Vert lorsqu&rsquo;en mouvement et rouge lors des freinages ou \u00e0 l\u2019arr\u00eat. D\u2019autres lumi\u00e8res situ\u00e9es sur l\u2019avant-bras s\u2019allument lorsqu\u2019on l\u00e8ve le bras pour signaler ses intentions. Le plus beau \u00e9tant que tout cela se fait sans interaction entre le porteur de la veste et le syst\u00e8me, ce dernier r\u00e9agissant tout simplement aux mouvements.<\/p>\n<p>Pas de commercialisation en vue pour l\u2019instant, ce qui devrait rassurer notre ami du <a href=\"http:\/\/www.clic-light.com\/\">Clic-Light<\/a> (voir les commentaires <a href=\"http:\/\/www.leblogmoto.com\/2008\/03\/scurit-active-u.html\">de cet article<\/a>), mais ils sont de plus en plus nombreux \u00e0 cr\u00e9er des v\u00eatements lumineux. La technologie des DEL avec leurs encombrements r\u00e9duits et leurs faibles \u00e9missions de chaleurs les rendent attrayantes et flexibles, et ce, pour une foule d\u2019utilisation.<\/p>\n<p>\u00c0 preuve, ces habits de ski lumineux fonctionnant \u00e0 l\u2019\u00e9nergie solaire par <a href=\"http:\/\/www.dezeen.com\/2007\/11\/28\/ski-suits-with-solar-powered-lights-by-willy-bogner\/\">Willy Bogner<\/a>, et pr\u00e9sent\u00e9s \u00e0 Munich en appuis pour la candidature des olympiques d\u2019hiver de 2018. Ou encore ces v\u00eatement de sc\u00e8nes de <a href=\"http:\/\/www.waldemeyer.com\/\">Moritz Waldemeyer<\/a> qui, non seulement participe du spectacle, mais font le spectacle.<\/p>\n<p>Pour l&rsquo;instant, ces id\u00e9es lumineuses n\u2019ont pas encore rejoint l\u2019espace grand public, mais avec l\u2019emphase mise vers des moyens de transport plus \u00e9cologiques et la mont\u00e9e en popularit\u00e9 des deux roues de toutes natures, il n\u2019y a pas de raisons pour que des \u00e9l\u00e9ments de s\u00e9curit\u00e9s de ce genre ne fassent pas rapidement leurs apparitions.<\/p>\n<p><a href=\"http:\/\/clabedan.typepad.com\/.shared\/image.html?\/photos\/uncategorized\/2008\/05\/02\/luxx1.jpg\"><img loading=\"lazy\" decoding=\"async\" width=\"470\" height=\"263\"  alt=\"Luxx1\" src=\"http:\/\/www.leblogmoto.com\/images\/2008\/05\/02\/luxx1.jpg\" \/><\/a> <\/p>\n<p><a href=\"http:\/\/blogs.thesocialmedia.com\/leblogmoto\/files\/2012\/07\/luxx3.jpg\"><img loading=\"lazy\" decoding=\"async\" width=\"470\" height=\"294\"  alt=\"Luxx3\" src=\"http:\/\/www.leblogmoto.com\/images\/2008\/05\/02\/luxx3.jpg\" \/><\/a> <\/p>\n<p><a href=\"http:\/\/blogs.thesocialmedia.com\/leblogmoto\/files\/2012\/07\/3846.jpg\"><img loading=\"lazy\" decoding=\"async\" width=\"470\" height=\"352\"  alt=\"3846\" src=\"http:\/\/www.leblogmoto.com\/images\/2008\/05\/02\/3846.jpg\" \/><\/a> <\/p>\n<p><a href=\"http:\/\/blogs.thesocialmedia.com\/leblogmoto\/files\/2012\/07\/3828.jpg\"><img loading=\"lazy\" decoding=\"async\" width=\"470\" height=\"352\"  alt=\"3828\" src=\"http:\/\/www.leblogmoto.com\/images\/2008\/05\/02\/3828.jpg\" \/><\/a> <\/p>\n<p><a href=\"http:\/\/blogs.thesocialmedia.com\/leblogmoto\/files\/2012\/07\/4064.jpg\"><img loading=\"lazy\" decoding=\"async\" width=\"470\" height=\"352\"  alt=\"4064\" src=\"http:\/\/www.leblogmoto.com\/images\/2008\/05\/02\/4064.jpg\" \/><\/a> <\/p>\n","protected":false},"excerpt":{"rendered":"<p>C\u2019est en presque une tendance que cette utilisation des lumi\u00e8res DEL \u00e0 m\u00eame les v\u00eatements. On vous parlait il y a peu de cette \u00e9tudiante am\u00e9ricaine qui avait cr\u00e9\u00e9 des incrustations lumineuses sur blouson, permettant aux cyclistes de signaler leurs intentions. Voil\u00e0 qu\u2019un autre \u00e9tudiant, cette fois-ci de la London School of Design, vient de [&hellip;]<\/p>\n","protected":false},"author":325,"featured_media":0,"comment_status":"open","ping_status":"open","sticky":false,"template":"","format":"standard","meta":{"footnotes":""},"categories":[3,58,27],"tags":[],"class_list":["post-715","post","type-post","status-publish","format-standard","hentry","category-actualite","category-insolite","category-securite"],"yoast_head":"<!-- This site is optimized with the Yoast SEO plugin v26.0 - https:\/\/yoast.com\/wordpress\/plugins\/seo\/ -->\n<title>Le blouson des lumi\u00e8res - leblogmoto.com<\/title>\n<meta name=\"robots\" content=\"index, follow, max-snippet:-1, max-image-preview:large, max-video-preview:-1\" \/>\n<link rel=\"canonical\" href=\"https:\/\/blogs.thesocialmedia.com\/leblogmoto\/2008\/05\/03\/cest-en-presque\/\" \/>\n<meta name=\"twitter:card\" content=\"summary_large_image\" \/>\n<meta name=\"twitter:title\" content=\"Le blouson des lumi\u00e8res - leblogmoto.com\" \/>\n<meta name=\"twitter:description\" content=\"C\u2019est en presque une tendance que cette utilisation des lumi\u00e8res DEL \u00e0 m\u00eame les v\u00eatements. On vous parlait il y a peu de cette \u00e9tudiante am\u00e9ricaine qui avait cr\u00e9\u00e9 des incrustations lumineuses sur blouson, permettant aux cyclistes de signaler leurs intentions. Voil\u00e0 qu\u2019un autre \u00e9tudiant, cette fois-ci de la London School of Design, vient de [&hellip;]\" \/>\n<meta name=\"twitter:image\" content=\"http:\/\/www.leblogmoto.com\/images\/2008\/05\/02\/luxx2_2.jpg\" \/>\n<meta name=\"twitter:label1\" content=\"\u00c9crit par\" \/>\n\t<meta name=\"twitter:data1\" content=\"jacques lesage\" \/>\n\t<meta name=\"twitter:label2\" content=\"Dur\u00e9e de lecture estim\u00e9e\" \/>\n\t<meta name=\"twitter:data2\" content=\"2 minutes\" \/>\n<script type=\"application\/ld+json\" class=\"yoast-schema-graph\">{\"@context\":\"https:\/\/schema.org\",\"@graph\":[{\"@type\":\"WebPage\",\"@id\":\"https:\/\/blogs.thesocialmedia.com\/leblogmoto\/2008\/05\/03\/cest-en-presque\/\",\"url\":\"https:\/\/blogs.thesocialmedia.com\/leblogmoto\/2008\/05\/03\/cest-en-presque\/\",\"name\":\"Le blouson des lumi\u00e8res - leblogmoto.com\",\"isPartOf\":{\"@id\":\"https:\/\/blogs.thesocialmedia.com\/leblogmoto\/#website\"},\"primaryImageOfPage\":{\"@id\":\"https:\/\/blogs.thesocialmedia.com\/leblogmoto\/2008\/05\/03\/cest-en-presque\/#primaryimage\"},\"image\":{\"@id\":\"https:\/\/blogs.thesocialmedia.com\/leblogmoto\/2008\/05\/03\/cest-en-presque\/#primaryimage\"},\"thumbnailUrl\":\"http:\/\/www.leblogmoto.com\/images\/2008\/05\/02\/luxx2_2.jpg\",\"datePublished\":\"2008-05-03T03:28:54+00:00\",\"dateModified\":\"2012-07-11T15:45:33+00:00\",\"author\":{\"@id\":\"https:\/\/blogs.thesocialmedia.com\/leblogmoto\/#\/schema\/person\/e82a0ca8a9a63d031586097a3ed58526\"},\"breadcrumb\":{\"@id\":\"https:\/\/blogs.thesocialmedia.com\/leblogmoto\/2008\/05\/03\/cest-en-presque\/#breadcrumb\"},\"inLanguage\":\"fr-FR\",\"potentialAction\":[{\"@type\":\"ReadAction\",\"target\":[\"https:\/\/blogs.thesocialmedia.com\/leblogmoto\/2008\/05\/03\/cest-en-presque\/\"]}]},{\"@type\":\"ImageObject\",\"inLanguage\":\"fr-FR\",\"@id\":\"https:\/\/blogs.thesocialmedia.com\/leblogmoto\/2008\/05\/03\/cest-en-presque\/#primaryimage\",\"url\":\"http:\/\/www.leblogmoto.com\/images\/2008\/05\/02\/luxx2_2.jpg\",\"contentUrl\":\"http:\/\/www.leblogmoto.com\/images\/2008\/05\/02\/luxx2_2.jpg\"},{\"@type\":\"BreadcrumbList\",\"@id\":\"https:\/\/blogs.thesocialmedia.com\/leblogmoto\/2008\/05\/03\/cest-en-presque\/#breadcrumb\",\"itemListElement\":[{\"@type\":\"ListItem\",\"position\":1,\"name\":\"Accueil\",\"item\":\"https:\/\/blogs.thesocialmedia.com\/leblogmoto\/\"},{\"@type\":\"ListItem\",\"position\":2,\"name\":\"Le blouson des lumi\u00e8res\"}]},{\"@type\":\"WebSite\",\"@id\":\"https:\/\/blogs.thesocialmedia.com\/leblogmoto\/#website\",\"url\":\"https:\/\/blogs.thesocialmedia.com\/leblogmoto\/\",\"name\":\"leblogmoto\",\"description\":\"Toute l&#039;actualit\u00e9 des 2 roues\",\"potentialAction\":[{\"@type\":\"SearchAction\",\"target\":{\"@type\":\"EntryPoint\",\"urlTemplate\":\"https:\/\/blogs.thesocialmedia.com\/leblogmoto\/?s={search_term_string}\"},\"query-input\":{\"@type\":\"PropertyValueSpecification\",\"valueRequired\":true,\"valueName\":\"search_term_string\"}}],\"inLanguage\":\"fr-FR\"},{\"@type\":\"Person\",\"@id\":\"https:\/\/blogs.thesocialmedia.com\/leblogmoto\/#\/schema\/person\/e82a0ca8a9a63d031586097a3ed58526\",\"name\":\"jacques lesage\",\"image\":{\"@type\":\"ImageObject\",\"inLanguage\":\"fr-FR\",\"@id\":\"https:\/\/blogs.thesocialmedia.com\/leblogmoto\/#\/schema\/person\/image\/\",\"url\":\"https:\/\/secure.gravatar.com\/avatar\/?s=96&d=mm&r=g\",\"contentUrl\":\"https:\/\/secure.gravatar.com\/avatar\/?s=96&d=mm&r=g\",\"caption\":\"jacques lesage\"},\"url\":\"https:\/\/blogs.thesocialmedia.com\/leblogmoto\/author\/jacques-lesage\/\"}]}<\/script>\n<!-- \/ Yoast SEO plugin. -->","yoast_head_json":{"title":"Le blouson des lumi\u00e8res - leblogmoto.com","robots":{"index":"index","follow":"follow","max-snippet":"max-snippet:-1","max-image-preview":"max-image-preview:large","max-video-preview":"max-video-preview:-1"},"canonical":"https:\/\/blogs.thesocialmedia.com\/leblogmoto\/2008\/05\/03\/cest-en-presque\/","twitter_card":"summary_large_image","twitter_title":"Le blouson des lumi\u00e8res - leblogmoto.com","twitter_description":"C\u2019est en presque une tendance que cette utilisation des lumi\u00e8res DEL \u00e0 m\u00eame les v\u00eatements. On vous parlait il y a peu de cette \u00e9tudiante am\u00e9ricaine qui avait cr\u00e9\u00e9 des incrustations lumineuses sur blouson, permettant aux cyclistes de signaler leurs intentions. Voil\u00e0 qu\u2019un autre \u00e9tudiant, cette fois-ci de la London School of Design, vient de [&hellip;]","twitter_image":"http:\/\/www.leblogmoto.com\/images\/2008\/05\/02\/luxx2_2.jpg","twitter_misc":{"\u00c9crit par":"jacques lesage","Dur\u00e9e de lecture estim\u00e9e":"2 minutes"},"schema":{"@context":"https:\/\/schema.org","@graph":[{"@type":"WebPage","@id":"https:\/\/blogs.thesocialmedia.com\/leblogmoto\/2008\/05\/03\/cest-en-presque\/","url":"https:\/\/blogs.thesocialmedia.com\/leblogmoto\/2008\/05\/03\/cest-en-presque\/","name":"Le blouson des lumi\u00e8res - leblogmoto.com","isPartOf":{"@id":"https:\/\/blogs.thesocialmedia.com\/leblogmoto\/#website"},"primaryImageOfPage":{"@id":"https:\/\/blogs.thesocialmedia.com\/leblogmoto\/2008\/05\/03\/cest-en-presque\/#primaryimage"},"image":{"@id":"https:\/\/blogs.thesocialmedia.com\/leblogmoto\/2008\/05\/03\/cest-en-presque\/#primaryimage"},"thumbnailUrl":"http:\/\/www.leblogmoto.com\/images\/2008\/05\/02\/luxx2_2.jpg","datePublished":"2008-05-03T03:28:54+00:00","dateModified":"2012-07-11T15:45:33+00:00","author":{"@id":"https:\/\/blogs.thesocialmedia.com\/leblogmoto\/#\/schema\/person\/e82a0ca8a9a63d031586097a3ed58526"},"breadcrumb":{"@id":"https:\/\/blogs.thesocialmedia.com\/leblogmoto\/2008\/05\/03\/cest-en-presque\/#breadcrumb"},"inLanguage":"fr-FR","potentialAction":[{"@type":"ReadAction","target":["https:\/\/blogs.thesocialmedia.com\/leblogmoto\/2008\/05\/03\/cest-en-presque\/"]}]},{"@type":"ImageObject","inLanguage":"fr-FR","@id":"https:\/\/blogs.thesocialmedia.com\/leblogmoto\/2008\/05\/03\/cest-en-presque\/#primaryimage","url":"http:\/\/www.leblogmoto.com\/images\/2008\/05\/02\/luxx2_2.jpg","contentUrl":"http:\/\/www.leblogmoto.com\/images\/2008\/05\/02\/luxx2_2.jpg"},{"@type":"BreadcrumbList","@id":"https:\/\/blogs.thesocialmedia.com\/leblogmoto\/2008\/05\/03\/cest-en-presque\/#breadcrumb","itemListElement":[{"@type":"ListItem","position":1,"name":"Accueil","item":"https:\/\/blogs.thesocialmedia.com\/leblogmoto\/"},{"@type":"ListItem","position":2,"name":"Le blouson des lumi\u00e8res"}]},{"@type":"WebSite","@id":"https:\/\/blogs.thesocialmedia.com\/leblogmoto\/#website","url":"https:\/\/blogs.thesocialmedia.com\/leblogmoto\/","name":"leblogmoto","description":"Toute l&#039;actualit\u00e9 des 2 roues","potentialAction":[{"@type":"SearchAction","target":{"@type":"EntryPoint","urlTemplate":"https:\/\/blogs.thesocialmedia.com\/leblogmoto\/?s={search_term_string}"},"query-input":{"@type":"PropertyValueSpecification","valueRequired":true,"valueName":"search_term_string"}}],"inLanguage":"fr-FR"},{"@type":"Person","@id":"https:\/\/blogs.thesocialmedia.com\/leblogmoto\/#\/schema\/person\/e82a0ca8a9a63d031586097a3ed58526","name":"jacques lesage","image":{"@type":"ImageObject","inLanguage":"fr-FR","@id":"https:\/\/blogs.thesocialmedia.com\/leblogmoto\/#\/schema\/person\/image\/","url":"https:\/\/secure.gravatar.com\/avatar\/?s=96&d=mm&r=g","contentUrl":"https:\/\/secure.gravatar.com\/avatar\/?s=96&d=mm&r=g","caption":"jacques lesage"},"url":"https:\/\/blogs.thesocialmedia.com\/leblogmoto\/author\/jacques-lesage\/"}]}},"_links":{"self":[{"href":"https:\/\/blogs.thesocialmedia.com\/leblogmoto\/wp-json\/wp\/v2\/posts\/715","targetHints":{"allow":["GET"]}}],"collection":[{"href":"https:\/\/blogs.thesocialmedia.com\/leblogmoto\/wp-json\/wp\/v2\/posts"}],"about":[{"href":"https:\/\/blogs.thesocialmedia.com\/leblogmoto\/wp-json\/wp\/v2\/types\/post"}],"author":[{"embeddable":true,"href":"https:\/\/blogs.thesocialmedia.com\/leblogmoto\/wp-json\/wp\/v2\/users\/325"}],"replies":[{"embeddable":true,"href":"https:\/\/blogs.thesocialmedia.com\/leblogmoto\/wp-json\/wp\/v2\/comments?post=715"}],"version-history":[{"count":2,"href":"https:\/\/blogs.thesocialmedia.com\/leblogmoto\/wp-json\/wp\/v2\/posts\/715\/revisions"}],"predecessor-version":[{"id":10649,"href":"https:\/\/blogs.thesocialmedia.com\/leblogmoto\/wp-json\/wp\/v2\/posts\/715\/revisions\/10649"}],"wp:attachment":[{"href":"https:\/\/blogs.thesocialmedia.com\/leblogmoto\/wp-json\/wp\/v2\/media?parent=715"}],"wp:term":[{"taxonomy":"category","embeddable":true,"href":"https:\/\/blogs.thesocialmedia.com\/leblogmoto\/wp-json\/wp\/v2\/categories?post=715"},{"taxonomy":"post_tag","embeddable":true,"href":"https:\/\/blogs.thesocialmedia.com\/leblogmoto\/wp-json\/wp\/v2\/tags?post=715"}],"curies":[{"name":"wp","href":"https:\/\/api.w.org\/{rel}","templated":true}]}}