{"id":717,"date":"2008-05-02T23:54:33","date_gmt":"2008-05-02T23:54:33","guid":{"rendered":"http:\/\/blogs.thesocialmedia.com\/leblogmoto\/2008\/05\/02\/la-mise-au-poin\/"},"modified":"2012-07-11T15:45:23","modified_gmt":"2012-07-11T15:45:23","slug":"la-mise-au-poin","status":"publish","type":"post","link":"https:\/\/blogs.thesocialmedia.com\/leblogmoto\/2008\/05\/02\/la-mise-au-poin\/","title":{"rendered":"La mise au point de Michael Schumacher sur son avenir en moto."},"content":{"rendered":"<p><a href=\"http:\/\/blogs.thesocialmedia.com\/leblogmoto\/files\/2012\/07\/schumacher4.jpg\"><img loading=\"lazy\" decoding=\"async\" height=\"293\" alt=\"Schumacher4\" src=\"http:\/\/www.leblogmoto.com\/images\/2008\/05\/02\/schumacher4.jpg\" width=\"470\"  \/><\/a><\/p>\n<p>Dans une <a href=\"http:\/\/www.autosport.com\/news\/report.php\/id\/66924\">interview<\/a> au magazine Autosport, l&rsquo;Allemand a r\u00e9pondu aux questions sur la forme actuelle de Ferrari avec laquelle il a d\u00e9croch\u00e9 cinq couronnes et \u00e0 la controverse n\u00e9e de la divulgation de la vid\u00e9o sulfureuse de Max Mosley- sujets qui nous regardent peu sur ce blog il faut bien l&rsquo;avouer. Il a \u00e9galement fait part de son attitude face \u00e0 une possible <em>wild card<\/em> en MotoGP et r\u00e9pondu aux critiques (notamment de l&rsquo;ancien <em>team manager<\/em> de la <em>Scuderia<\/em>, Jean Todt) sur son engagement actuel sur <a href=\"http:\/\/www.youtube.com\/watch?v=OwqAN5Wsju8\">KTM Superduke<\/a> ou sur Triumph comme <a href=\"http:\/\/www.leblogmoto.com\/2008\/04\/michael-schum-1.html\">gentleman cascadeur<\/a>, ou en tant que <a href=\"http:\/\/www.leblogmoto.com\/2008\/04\/michael-schumac.html\">pilote essayeur<\/a> pour Ducati.<\/p>\n<p>Ainsi, il s&rsquo;est voulu poli mais ferme face aux reproches du Fran\u00e7ais, d\u00e9clarant \u00eatre heureux d&rsquo;avoir des amis capables de le critiquer, mais affirmant \u00eatre assez vieux pour savoir ce qu&rsquo;il souhaitait faire et ne pas faire, et renvoyant son implication en comp\u00e9tition moto \u00e0 sa passion pour la course.<\/p>\n<p>Concernant une invitation en MotoGP qui lui serait adress\u00e9e (on a beaucoup parl\u00e9 derni\u00e8rement d&rsquo;\u00e9curies &#8211; priv\u00e9es &#8211; qui seraient heureuses de compl\u00e9ter leur line-up avec Schumi) il dit ne pas \u00eatre int\u00e9ress\u00e9, qu&rsquo;il est seulement l\u00e0 pour le plaisir, et que ce serait jeter le discr\u00e9dit sur les autres concurrents que de s&rsquo;aligner dans cette cat\u00e9gorie (et priver d&rsquo;une place et d&rsquo;un r\u00eave, un jeune pilote comp\u00e9tent, serait-on tent\u00e9 d&rsquo;ajouter). <\/p>\n<p>Voici Michael Schumacher, sans fard et sans frime, il y a un mois sur le circuit de la Bresse, pour Motors TV.<\/p>\n<p><embed src=\"http:\/\/www.youtube.com\/v\/Fpe1KbcrGsc&amp;hl=en\" width=\"425\" height=\"355\" type=\"application\/x-shockwave-flash\"><\/embed> <\/p>\n","protected":false},"excerpt":{"rendered":"<p>Dans une interview au magazine Autosport, l&rsquo;Allemand a r\u00e9pondu aux questions sur la forme actuelle de Ferrari avec laquelle il a d\u00e9croch\u00e9 cinq couronnes et \u00e0 la controverse n\u00e9e de la divulgation de la vid\u00e9o sulfureuse de Max Mosley- sujets qui nous regardent peu sur ce blog il faut bien l&rsquo;avouer. Il a \u00e9galement fait [&hellip;]<\/p>\n","protected":false},"author":324,"featured_media":0,"comment_status":"open","ping_status":"open","sticky":false,"template":"","format":"standard","meta":{"footnotes":""},"categories":[3,22,32,12],"tags":[],"class_list":["post-717","post","type-post","status-publish","format-standard","hentry","category-actualite","category-motogp","category-sport-moto","category-videos"],"yoast_head":"<!-- This site is optimized with the Yoast SEO plugin v26.0 - https:\/\/yoast.com\/wordpress\/plugins\/seo\/ -->\n<title>La mise au point de Michael Schumacher sur son avenir en moto. - leblogmoto.com<\/title>\n<meta name=\"robots\" content=\"index, follow, max-snippet:-1, max-image-preview:large, max-video-preview:-1\" \/>\n<link rel=\"canonical\" href=\"https:\/\/blogs.thesocialmedia.com\/leblogmoto\/2008\/05\/02\/la-mise-au-poin\/\" \/>\n<meta name=\"twitter:card\" content=\"summary_large_image\" \/>\n<meta name=\"twitter:title\" content=\"La mise au point de Michael Schumacher sur son avenir en moto. - leblogmoto.com\" \/>\n<meta name=\"twitter:description\" content=\"Dans une interview au magazine Autosport, l&rsquo;Allemand a r\u00e9pondu aux questions sur la forme actuelle de Ferrari avec laquelle il a d\u00e9croch\u00e9 cinq couronnes et \u00e0 la controverse n\u00e9e de la divulgation de la vid\u00e9o sulfureuse de Max Mosley- sujets qui nous regardent peu sur ce blog il faut bien l&rsquo;avouer. Il a \u00e9galement fait [&hellip;]\" \/>\n<meta name=\"twitter:image\" content=\"http:\/\/www.leblogmoto.com\/images\/2008\/05\/02\/schumacher4.jpg\" \/>\n<meta name=\"twitter:label1\" content=\"\u00c9crit par\" \/>\n\t<meta name=\"twitter:data1\" content=\"benoit rieu\" \/>\n\t<meta name=\"twitter:label2\" content=\"Dur\u00e9e de lecture estim\u00e9e\" \/>\n\t<meta name=\"twitter:data2\" content=\"1 minute\" \/>\n<script type=\"application\/ld+json\" class=\"yoast-schema-graph\">{\"@context\":\"https:\/\/schema.org\",\"@graph\":[{\"@type\":\"WebPage\",\"@id\":\"https:\/\/blogs.thesocialmedia.com\/leblogmoto\/2008\/05\/02\/la-mise-au-poin\/\",\"url\":\"https:\/\/blogs.thesocialmedia.com\/leblogmoto\/2008\/05\/02\/la-mise-au-poin\/\",\"name\":\"La mise au point de Michael Schumacher sur son avenir en moto. - leblogmoto.com\",\"isPartOf\":{\"@id\":\"https:\/\/blogs.thesocialmedia.com\/leblogmoto\/#website\"},\"primaryImageOfPage\":{\"@id\":\"https:\/\/blogs.thesocialmedia.com\/leblogmoto\/2008\/05\/02\/la-mise-au-poin\/#primaryimage\"},\"image\":{\"@id\":\"https:\/\/blogs.thesocialmedia.com\/leblogmoto\/2008\/05\/02\/la-mise-au-poin\/#primaryimage\"},\"thumbnailUrl\":\"http:\/\/www.leblogmoto.com\/images\/2008\/05\/02\/schumacher4.jpg\",\"datePublished\":\"2008-05-02T23:54:33+00:00\",\"dateModified\":\"2012-07-11T15:45:23+00:00\",\"author\":{\"@id\":\"https:\/\/blogs.thesocialmedia.com\/leblogmoto\/#\/schema\/person\/18bfe773e5725ed6d24f743da805362a\"},\"breadcrumb\":{\"@id\":\"https:\/\/blogs.thesocialmedia.com\/leblogmoto\/2008\/05\/02\/la-mise-au-poin\/#breadcrumb\"},\"inLanguage\":\"fr-FR\",\"potentialAction\":[{\"@type\":\"ReadAction\",\"target\":[\"https:\/\/blogs.thesocialmedia.com\/leblogmoto\/2008\/05\/02\/la-mise-au-poin\/\"]}]},{\"@type\":\"ImageObject\",\"inLanguage\":\"fr-FR\",\"@id\":\"https:\/\/blogs.thesocialmedia.com\/leblogmoto\/2008\/05\/02\/la-mise-au-poin\/#primaryimage\",\"url\":\"http:\/\/www.leblogmoto.com\/images\/2008\/05\/02\/schumacher4.jpg\",\"contentUrl\":\"http:\/\/www.leblogmoto.com\/images\/2008\/05\/02\/schumacher4.jpg\"},{\"@type\":\"BreadcrumbList\",\"@id\":\"https:\/\/blogs.thesocialmedia.com\/leblogmoto\/2008\/05\/02\/la-mise-au-poin\/#breadcrumb\",\"itemListElement\":[{\"@type\":\"ListItem\",\"position\":1,\"name\":\"Accueil\",\"item\":\"https:\/\/blogs.thesocialmedia.com\/leblogmoto\/\"},{\"@type\":\"ListItem\",\"position\":2,\"name\":\"La mise au point de Michael Schumacher sur son avenir en moto.\"}]},{\"@type\":\"WebSite\",\"@id\":\"https:\/\/blogs.thesocialmedia.com\/leblogmoto\/#website\",\"url\":\"https:\/\/blogs.thesocialmedia.com\/leblogmoto\/\",\"name\":\"leblogmoto\",\"description\":\"Toute l&#039;actualit\u00e9 des 2 roues\",\"potentialAction\":[{\"@type\":\"SearchAction\",\"target\":{\"@type\":\"EntryPoint\",\"urlTemplate\":\"https:\/\/blogs.thesocialmedia.com\/leblogmoto\/?s={search_term_string}\"},\"query-input\":{\"@type\":\"PropertyValueSpecification\",\"valueRequired\":true,\"valueName\":\"search_term_string\"}}],\"inLanguage\":\"fr-FR\"},{\"@type\":\"Person\",\"@id\":\"https:\/\/blogs.thesocialmedia.com\/leblogmoto\/#\/schema\/person\/18bfe773e5725ed6d24f743da805362a\",\"name\":\"benoit rieu\",\"image\":{\"@type\":\"ImageObject\",\"inLanguage\":\"fr-FR\",\"@id\":\"https:\/\/blogs.thesocialmedia.com\/leblogmoto\/#\/schema\/person\/image\/\",\"url\":\"https:\/\/secure.gravatar.com\/avatar\/?s=96&d=mm&r=g\",\"contentUrl\":\"https:\/\/secure.gravatar.com\/avatar\/?s=96&d=mm&r=g\",\"caption\":\"benoit rieu\"},\"url\":\"https:\/\/blogs.thesocialmedia.com\/leblogmoto\/author\/benoit-rieu\/\"}]}<\/script>\n<!-- \/ Yoast SEO plugin. -->","yoast_head_json":{"title":"La mise au point de Michael Schumacher sur son avenir en moto. - leblogmoto.com","robots":{"index":"index","follow":"follow","max-snippet":"max-snippet:-1","max-image-preview":"max-image-preview:large","max-video-preview":"max-video-preview:-1"},"canonical":"https:\/\/blogs.thesocialmedia.com\/leblogmoto\/2008\/05\/02\/la-mise-au-poin\/","twitter_card":"summary_large_image","twitter_title":"La mise au point de Michael Schumacher sur son avenir en moto. - leblogmoto.com","twitter_description":"Dans une interview au magazine Autosport, l&rsquo;Allemand a r\u00e9pondu aux questions sur la forme actuelle de Ferrari avec laquelle il a d\u00e9croch\u00e9 cinq couronnes et \u00e0 la controverse n\u00e9e de la divulgation de la vid\u00e9o sulfureuse de Max Mosley- sujets qui nous regardent peu sur ce blog il faut bien l&rsquo;avouer. Il a \u00e9galement fait [&hellip;]","twitter_image":"http:\/\/www.leblogmoto.com\/images\/2008\/05\/02\/schumacher4.jpg","twitter_misc":{"\u00c9crit par":"benoit rieu","Dur\u00e9e de lecture estim\u00e9e":"1 minute"},"schema":{"@context":"https:\/\/schema.org","@graph":[{"@type":"WebPage","@id":"https:\/\/blogs.thesocialmedia.com\/leblogmoto\/2008\/05\/02\/la-mise-au-poin\/","url":"https:\/\/blogs.thesocialmedia.com\/leblogmoto\/2008\/05\/02\/la-mise-au-poin\/","name":"La mise au point de Michael Schumacher sur son avenir en moto. - leblogmoto.com","isPartOf":{"@id":"https:\/\/blogs.thesocialmedia.com\/leblogmoto\/#website"},"primaryImageOfPage":{"@id":"https:\/\/blogs.thesocialmedia.com\/leblogmoto\/2008\/05\/02\/la-mise-au-poin\/#primaryimage"},"image":{"@id":"https:\/\/blogs.thesocialmedia.com\/leblogmoto\/2008\/05\/02\/la-mise-au-poin\/#primaryimage"},"thumbnailUrl":"http:\/\/www.leblogmoto.com\/images\/2008\/05\/02\/schumacher4.jpg","datePublished":"2008-05-02T23:54:33+00:00","dateModified":"2012-07-11T15:45:23+00:00","author":{"@id":"https:\/\/blogs.thesocialmedia.com\/leblogmoto\/#\/schema\/person\/18bfe773e5725ed6d24f743da805362a"},"breadcrumb":{"@id":"https:\/\/blogs.thesocialmedia.com\/leblogmoto\/2008\/05\/02\/la-mise-au-poin\/#breadcrumb"},"inLanguage":"fr-FR","potentialAction":[{"@type":"ReadAction","target":["https:\/\/blogs.thesocialmedia.com\/leblogmoto\/2008\/05\/02\/la-mise-au-poin\/"]}]},{"@type":"ImageObject","inLanguage":"fr-FR","@id":"https:\/\/blogs.thesocialmedia.com\/leblogmoto\/2008\/05\/02\/la-mise-au-poin\/#primaryimage","url":"http:\/\/www.leblogmoto.com\/images\/2008\/05\/02\/schumacher4.jpg","contentUrl":"http:\/\/www.leblogmoto.com\/images\/2008\/05\/02\/schumacher4.jpg"},{"@type":"BreadcrumbList","@id":"https:\/\/blogs.thesocialmedia.com\/leblogmoto\/2008\/05\/02\/la-mise-au-poin\/#breadcrumb","itemListElement":[{"@type":"ListItem","position":1,"name":"Accueil","item":"https:\/\/blogs.thesocialmedia.com\/leblogmoto\/"},{"@type":"ListItem","position":2,"name":"La mise au point de Michael Schumacher sur son avenir en moto."}]},{"@type":"WebSite","@id":"https:\/\/blogs.thesocialmedia.com\/leblogmoto\/#website","url":"https:\/\/blogs.thesocialmedia.com\/leblogmoto\/","name":"leblogmoto","description":"Toute l&#039;actualit\u00e9 des 2 roues","potentialAction":[{"@type":"SearchAction","target":{"@type":"EntryPoint","urlTemplate":"https:\/\/blogs.thesocialmedia.com\/leblogmoto\/?s={search_term_string}"},"query-input":{"@type":"PropertyValueSpecification","valueRequired":true,"valueName":"search_term_string"}}],"inLanguage":"fr-FR"},{"@type":"Person","@id":"https:\/\/blogs.thesocialmedia.com\/leblogmoto\/#\/schema\/person\/18bfe773e5725ed6d24f743da805362a","name":"benoit rieu","image":{"@type":"ImageObject","inLanguage":"fr-FR","@id":"https:\/\/blogs.thesocialmedia.com\/leblogmoto\/#\/schema\/person\/image\/","url":"https:\/\/secure.gravatar.com\/avatar\/?s=96&d=mm&r=g","contentUrl":"https:\/\/secure.gravatar.com\/avatar\/?s=96&d=mm&r=g","caption":"benoit rieu"},"url":"https:\/\/blogs.thesocialmedia.com\/leblogmoto\/author\/benoit-rieu\/"}]}},"_links":{"self":[{"href":"https:\/\/blogs.thesocialmedia.com\/leblogmoto\/wp-json\/wp\/v2\/posts\/717","targetHints":{"allow":["GET"]}}],"collection":[{"href":"https:\/\/blogs.thesocialmedia.com\/leblogmoto\/wp-json\/wp\/v2\/posts"}],"about":[{"href":"https:\/\/blogs.thesocialmedia.com\/leblogmoto\/wp-json\/wp\/v2\/types\/post"}],"author":[{"embeddable":true,"href":"https:\/\/blogs.thesocialmedia.com\/leblogmoto\/wp-json\/wp\/v2\/users\/324"}],"replies":[{"embeddable":true,"href":"https:\/\/blogs.thesocialmedia.com\/leblogmoto\/wp-json\/wp\/v2\/comments?post=717"}],"version-history":[{"count":2,"href":"https:\/\/blogs.thesocialmedia.com\/leblogmoto\/wp-json\/wp\/v2\/posts\/717\/revisions"}],"predecessor-version":[{"id":10644,"href":"https:\/\/blogs.thesocialmedia.com\/leblogmoto\/wp-json\/wp\/v2\/posts\/717\/revisions\/10644"}],"wp:attachment":[{"href":"https:\/\/blogs.thesocialmedia.com\/leblogmoto\/wp-json\/wp\/v2\/media?parent=717"}],"wp:term":[{"taxonomy":"category","embeddable":true,"href":"https:\/\/blogs.thesocialmedia.com\/leblogmoto\/wp-json\/wp\/v2\/categories?post=717"},{"taxonomy":"post_tag","embeddable":true,"href":"https:\/\/blogs.thesocialmedia.com\/leblogmoto\/wp-json\/wp\/v2\/tags?post=717"}],"curies":[{"name":"wp","href":"https:\/\/api.w.org\/{rel}","templated":true}]}}