{"id":718,"date":"2008-05-02T23:53:27","date_gmt":"2008-05-02T23:53:27","guid":{"rendered":"http:\/\/blogs.thesocialmedia.com\/leblogmoto\/2008\/05\/02\/le-code-de-la-r\/"},"modified":"2012-07-11T15:45:20","modified_gmt":"2012-07-11T15:45:20","slug":"le-code-de-la-r","status":"publish","type":"post","link":"https:\/\/blogs.thesocialmedia.com\/leblogmoto\/2008\/05\/02\/le-code-de-la-r\/","title":{"rendered":"Le code de la route serait enseign\u00e9 d\u00e8s le lyc\u00e9e."},"content":{"rendered":"<p><a href=\"http:\/\/blogs.thesocialmedia.com\/leblogmoto\/files\/2012\/07\/code_route.jpg\"><img loading=\"lazy\" decoding=\"async\" height=\"323\" alt=\"Code_route\" src=\"http:\/\/www.leblogmoto.com\/images\/2008\/05\/02\/code_route.jpg\" width=\"470\"  \/><\/a> <\/p>\n<p>Le secr\u00e9taire d&rsquo;Etat aux transports re\u00e7oit actuellement les professionnels du permis de conduire et jusqu&rsquo;\u00e0 la mi-mai (esp\u00e9rons qu&rsquo;il n&rsquo;a pas oubli\u00e9 les pro des deux-roues). A cette \u00e9ch\u00e9ance, Dominique Bussereau promet &#8211; sans rire &#8211; un <a href=\"http:\/\/www.lefigaro.fr\/flash-actu\/2008\/04\/23\/01011-20080423FILWWW00404-rapport-mi-mai-sur-le-permis-de-conduire-.php\">rapport<\/a> sur la r\u00e9forme du permis de conduire &quot;qui va d\u00e9coiffer&quot; comme il a annonc\u00e9 sur RMC et BFM-TV. Parmi les dispositions phares, l&rsquo;enseignement du <a href=\"http:\/\/www.liberation.fr\/vous\/322794.FR.php\">code de la route au lyc\u00e9e<\/a> sera vraisemblablement une des pr\u00e9conisations envisag\u00e9es. <\/p>\n<p>Cependant ajoute t&rsquo;il, &quot;il faudra trouver un moyen, si on retient cette id\u00e9e, que toutes les formes d&rsquo;apprentissage professionnel, et pas simplement le lyc\u00e9e ou le coll\u00e8ge, soient retenues&quot; et, &quot;\u00e9galement, de v\u00e9rifier, au moment du passage du permis, si cette connaissance a bien \u00e9t\u00e9 acquise&quot;, en prenant l&rsquo;exemple d&rsquo;un jeune qui a eu les cours de Code en seconde et passe son permis \u00e0 27 ans. <\/p>\n<p>On peut lui rappeler qu&rsquo;il n&rsquo;a pas \u00e0 s&rsquo;inqui\u00e9ter et que les dispositions l\u00e9gales et r\u00e8glementaires pr\u00e9voient cela (dans un autre domaine certes): c&rsquo;est en effet une chose qui arrive fr\u00e9quemment chez les titulaires en premier lieu du code et du permis B qui souhaitent plus tard passer le permis moto. L&rsquo;obtention (\u00e0 nouveau !) du code \u00e9tant obligatoire apr\u00e8s 5 ans* si l&rsquo;on souhaite d\u00e9crocher le second permis.<\/p>\n<p><em>*en pratique, c&rsquo;est le cas du titulaire du permis voiture \u00e0 18 ans, s&rsquo;alignant pour le permis moto \u00e0 25 balais.<\/em><\/p>\n<p><em>via Liberation et Lefigaro.fr<\/em><\/p>\n<p><em>Merci au <a href=\"http:\/\/blog.dmasson.com\/index.php\/2007\/10\/17\/code-de-la-route-sur-ds\/\">blog<\/a> de David Masson pour l&rsquo;inspiration photo.<\/em><\/p>\n<p><em><\/em><\/p>\n","protected":false},"excerpt":{"rendered":"<p>Le secr\u00e9taire d&rsquo;Etat aux transports re\u00e7oit actuellement les professionnels du permis de conduire et jusqu&rsquo;\u00e0 la mi-mai (esp\u00e9rons qu&rsquo;il n&rsquo;a pas oubli\u00e9 les pro des deux-roues). A cette \u00e9ch\u00e9ance, Dominique Bussereau promet &#8211; sans rire &#8211; un rapport sur la r\u00e9forme du permis de conduire &quot;qui va d\u00e9coiffer&quot; comme il a annonc\u00e9 sur RMC et [&hellip;]<\/p>\n","protected":false},"author":324,"featured_media":0,"comment_status":"open","ping_status":"open","sticky":false,"template":"","format":"standard","meta":{"footnotes":""},"categories":[3,27],"tags":[],"class_list":["post-718","post","type-post","status-publish","format-standard","hentry","category-actualite","category-securite"],"yoast_head":"<!-- This site is optimized with the Yoast SEO plugin v26.0 - https:\/\/yoast.com\/wordpress\/plugins\/seo\/ -->\n<title>Le code de la route serait enseign\u00e9 d\u00e8s le lyc\u00e9e. - leblogmoto.com<\/title>\n<meta name=\"robots\" content=\"index, follow, max-snippet:-1, max-image-preview:large, max-video-preview:-1\" \/>\n<link rel=\"canonical\" href=\"https:\/\/blogs.thesocialmedia.com\/leblogmoto\/2008\/05\/02\/le-code-de-la-r\/\" \/>\n<meta name=\"twitter:card\" content=\"summary_large_image\" \/>\n<meta name=\"twitter:title\" content=\"Le code de la route serait enseign\u00e9 d\u00e8s le lyc\u00e9e. - leblogmoto.com\" \/>\n<meta name=\"twitter:description\" content=\"Le secr\u00e9taire d&rsquo;Etat aux transports re\u00e7oit actuellement les professionnels du permis de conduire et jusqu&rsquo;\u00e0 la mi-mai (esp\u00e9rons qu&rsquo;il n&rsquo;a pas oubli\u00e9 les pro des deux-roues). A cette \u00e9ch\u00e9ance, Dominique Bussereau promet &#8211; sans rire &#8211; un rapport sur la r\u00e9forme du permis de conduire &quot;qui va d\u00e9coiffer&quot; comme il a annonc\u00e9 sur RMC et [&hellip;]\" \/>\n<meta name=\"twitter:image\" content=\"http:\/\/www.leblogmoto.com\/images\/2008\/05\/02\/code_route.jpg\" \/>\n<meta name=\"twitter:label1\" content=\"\u00c9crit par\" \/>\n\t<meta name=\"twitter:data1\" content=\"benoit rieu\" \/>\n\t<meta name=\"twitter:label2\" content=\"Dur\u00e9e de lecture estim\u00e9e\" \/>\n\t<meta name=\"twitter:data2\" content=\"1 minute\" \/>\n<script type=\"application\/ld+json\" class=\"yoast-schema-graph\">{\"@context\":\"https:\/\/schema.org\",\"@graph\":[{\"@type\":\"WebPage\",\"@id\":\"https:\/\/blogs.thesocialmedia.com\/leblogmoto\/2008\/05\/02\/le-code-de-la-r\/\",\"url\":\"https:\/\/blogs.thesocialmedia.com\/leblogmoto\/2008\/05\/02\/le-code-de-la-r\/\",\"name\":\"Le code de la route serait enseign\u00e9 d\u00e8s le lyc\u00e9e. - leblogmoto.com\",\"isPartOf\":{\"@id\":\"https:\/\/blogs.thesocialmedia.com\/leblogmoto\/#website\"},\"primaryImageOfPage\":{\"@id\":\"https:\/\/blogs.thesocialmedia.com\/leblogmoto\/2008\/05\/02\/le-code-de-la-r\/#primaryimage\"},\"image\":{\"@id\":\"https:\/\/blogs.thesocialmedia.com\/leblogmoto\/2008\/05\/02\/le-code-de-la-r\/#primaryimage\"},\"thumbnailUrl\":\"http:\/\/www.leblogmoto.com\/images\/2008\/05\/02\/code_route.jpg\",\"datePublished\":\"2008-05-02T23:53:27+00:00\",\"dateModified\":\"2012-07-11T15:45:20+00:00\",\"author\":{\"@id\":\"https:\/\/blogs.thesocialmedia.com\/leblogmoto\/#\/schema\/person\/18bfe773e5725ed6d24f743da805362a\"},\"breadcrumb\":{\"@id\":\"https:\/\/blogs.thesocialmedia.com\/leblogmoto\/2008\/05\/02\/le-code-de-la-r\/#breadcrumb\"},\"inLanguage\":\"fr-FR\",\"potentialAction\":[{\"@type\":\"ReadAction\",\"target\":[\"https:\/\/blogs.thesocialmedia.com\/leblogmoto\/2008\/05\/02\/le-code-de-la-r\/\"]}]},{\"@type\":\"ImageObject\",\"inLanguage\":\"fr-FR\",\"@id\":\"https:\/\/blogs.thesocialmedia.com\/leblogmoto\/2008\/05\/02\/le-code-de-la-r\/#primaryimage\",\"url\":\"http:\/\/www.leblogmoto.com\/images\/2008\/05\/02\/code_route.jpg\",\"contentUrl\":\"http:\/\/www.leblogmoto.com\/images\/2008\/05\/02\/code_route.jpg\"},{\"@type\":\"BreadcrumbList\",\"@id\":\"https:\/\/blogs.thesocialmedia.com\/leblogmoto\/2008\/05\/02\/le-code-de-la-r\/#breadcrumb\",\"itemListElement\":[{\"@type\":\"ListItem\",\"position\":1,\"name\":\"Accueil\",\"item\":\"https:\/\/blogs.thesocialmedia.com\/leblogmoto\/\"},{\"@type\":\"ListItem\",\"position\":2,\"name\":\"Le code de la route serait enseign\u00e9 d\u00e8s le lyc\u00e9e.\"}]},{\"@type\":\"WebSite\",\"@id\":\"https:\/\/blogs.thesocialmedia.com\/leblogmoto\/#website\",\"url\":\"https:\/\/blogs.thesocialmedia.com\/leblogmoto\/\",\"name\":\"leblogmoto\",\"description\":\"Toute l&#039;actualit\u00e9 des 2 roues\",\"potentialAction\":[{\"@type\":\"SearchAction\",\"target\":{\"@type\":\"EntryPoint\",\"urlTemplate\":\"https:\/\/blogs.thesocialmedia.com\/leblogmoto\/?s={search_term_string}\"},\"query-input\":{\"@type\":\"PropertyValueSpecification\",\"valueRequired\":true,\"valueName\":\"search_term_string\"}}],\"inLanguage\":\"fr-FR\"},{\"@type\":\"Person\",\"@id\":\"https:\/\/blogs.thesocialmedia.com\/leblogmoto\/#\/schema\/person\/18bfe773e5725ed6d24f743da805362a\",\"name\":\"benoit rieu\",\"image\":{\"@type\":\"ImageObject\",\"inLanguage\":\"fr-FR\",\"@id\":\"https:\/\/blogs.thesocialmedia.com\/leblogmoto\/#\/schema\/person\/image\/\",\"url\":\"https:\/\/secure.gravatar.com\/avatar\/?s=96&d=mm&r=g\",\"contentUrl\":\"https:\/\/secure.gravatar.com\/avatar\/?s=96&d=mm&r=g\",\"caption\":\"benoit rieu\"},\"url\":\"https:\/\/blogs.thesocialmedia.com\/leblogmoto\/author\/benoit-rieu\/\"}]}<\/script>\n<!-- \/ Yoast SEO plugin. -->","yoast_head_json":{"title":"Le code de la route serait enseign\u00e9 d\u00e8s le lyc\u00e9e. - leblogmoto.com","robots":{"index":"index","follow":"follow","max-snippet":"max-snippet:-1","max-image-preview":"max-image-preview:large","max-video-preview":"max-video-preview:-1"},"canonical":"https:\/\/blogs.thesocialmedia.com\/leblogmoto\/2008\/05\/02\/le-code-de-la-r\/","twitter_card":"summary_large_image","twitter_title":"Le code de la route serait enseign\u00e9 d\u00e8s le lyc\u00e9e. - leblogmoto.com","twitter_description":"Le secr\u00e9taire d&rsquo;Etat aux transports re\u00e7oit actuellement les professionnels du permis de conduire et jusqu&rsquo;\u00e0 la mi-mai (esp\u00e9rons qu&rsquo;il n&rsquo;a pas oubli\u00e9 les pro des deux-roues). A cette \u00e9ch\u00e9ance, Dominique Bussereau promet &#8211; sans rire &#8211; un rapport sur la r\u00e9forme du permis de conduire &quot;qui va d\u00e9coiffer&quot; comme il a annonc\u00e9 sur RMC et [&hellip;]","twitter_image":"http:\/\/www.leblogmoto.com\/images\/2008\/05\/02\/code_route.jpg","twitter_misc":{"\u00c9crit par":"benoit rieu","Dur\u00e9e de lecture estim\u00e9e":"1 minute"},"schema":{"@context":"https:\/\/schema.org","@graph":[{"@type":"WebPage","@id":"https:\/\/blogs.thesocialmedia.com\/leblogmoto\/2008\/05\/02\/le-code-de-la-r\/","url":"https:\/\/blogs.thesocialmedia.com\/leblogmoto\/2008\/05\/02\/le-code-de-la-r\/","name":"Le code de la route serait enseign\u00e9 d\u00e8s le lyc\u00e9e. - leblogmoto.com","isPartOf":{"@id":"https:\/\/blogs.thesocialmedia.com\/leblogmoto\/#website"},"primaryImageOfPage":{"@id":"https:\/\/blogs.thesocialmedia.com\/leblogmoto\/2008\/05\/02\/le-code-de-la-r\/#primaryimage"},"image":{"@id":"https:\/\/blogs.thesocialmedia.com\/leblogmoto\/2008\/05\/02\/le-code-de-la-r\/#primaryimage"},"thumbnailUrl":"http:\/\/www.leblogmoto.com\/images\/2008\/05\/02\/code_route.jpg","datePublished":"2008-05-02T23:53:27+00:00","dateModified":"2012-07-11T15:45:20+00:00","author":{"@id":"https:\/\/blogs.thesocialmedia.com\/leblogmoto\/#\/schema\/person\/18bfe773e5725ed6d24f743da805362a"},"breadcrumb":{"@id":"https:\/\/blogs.thesocialmedia.com\/leblogmoto\/2008\/05\/02\/le-code-de-la-r\/#breadcrumb"},"inLanguage":"fr-FR","potentialAction":[{"@type":"ReadAction","target":["https:\/\/blogs.thesocialmedia.com\/leblogmoto\/2008\/05\/02\/le-code-de-la-r\/"]}]},{"@type":"ImageObject","inLanguage":"fr-FR","@id":"https:\/\/blogs.thesocialmedia.com\/leblogmoto\/2008\/05\/02\/le-code-de-la-r\/#primaryimage","url":"http:\/\/www.leblogmoto.com\/images\/2008\/05\/02\/code_route.jpg","contentUrl":"http:\/\/www.leblogmoto.com\/images\/2008\/05\/02\/code_route.jpg"},{"@type":"BreadcrumbList","@id":"https:\/\/blogs.thesocialmedia.com\/leblogmoto\/2008\/05\/02\/le-code-de-la-r\/#breadcrumb","itemListElement":[{"@type":"ListItem","position":1,"name":"Accueil","item":"https:\/\/blogs.thesocialmedia.com\/leblogmoto\/"},{"@type":"ListItem","position":2,"name":"Le code de la route serait enseign\u00e9 d\u00e8s le lyc\u00e9e."}]},{"@type":"WebSite","@id":"https:\/\/blogs.thesocialmedia.com\/leblogmoto\/#website","url":"https:\/\/blogs.thesocialmedia.com\/leblogmoto\/","name":"leblogmoto","description":"Toute l&#039;actualit\u00e9 des 2 roues","potentialAction":[{"@type":"SearchAction","target":{"@type":"EntryPoint","urlTemplate":"https:\/\/blogs.thesocialmedia.com\/leblogmoto\/?s={search_term_string}"},"query-input":{"@type":"PropertyValueSpecification","valueRequired":true,"valueName":"search_term_string"}}],"inLanguage":"fr-FR"},{"@type":"Person","@id":"https:\/\/blogs.thesocialmedia.com\/leblogmoto\/#\/schema\/person\/18bfe773e5725ed6d24f743da805362a","name":"benoit rieu","image":{"@type":"ImageObject","inLanguage":"fr-FR","@id":"https:\/\/blogs.thesocialmedia.com\/leblogmoto\/#\/schema\/person\/image\/","url":"https:\/\/secure.gravatar.com\/avatar\/?s=96&d=mm&r=g","contentUrl":"https:\/\/secure.gravatar.com\/avatar\/?s=96&d=mm&r=g","caption":"benoit rieu"},"url":"https:\/\/blogs.thesocialmedia.com\/leblogmoto\/author\/benoit-rieu\/"}]}},"_links":{"self":[{"href":"https:\/\/blogs.thesocialmedia.com\/leblogmoto\/wp-json\/wp\/v2\/posts\/718","targetHints":{"allow":["GET"]}}],"collection":[{"href":"https:\/\/blogs.thesocialmedia.com\/leblogmoto\/wp-json\/wp\/v2\/posts"}],"about":[{"href":"https:\/\/blogs.thesocialmedia.com\/leblogmoto\/wp-json\/wp\/v2\/types\/post"}],"author":[{"embeddable":true,"href":"https:\/\/blogs.thesocialmedia.com\/leblogmoto\/wp-json\/wp\/v2\/users\/324"}],"replies":[{"embeddable":true,"href":"https:\/\/blogs.thesocialmedia.com\/leblogmoto\/wp-json\/wp\/v2\/comments?post=718"}],"version-history":[{"count":2,"href":"https:\/\/blogs.thesocialmedia.com\/leblogmoto\/wp-json\/wp\/v2\/posts\/718\/revisions"}],"predecessor-version":[{"id":10642,"href":"https:\/\/blogs.thesocialmedia.com\/leblogmoto\/wp-json\/wp\/v2\/posts\/718\/revisions\/10642"}],"wp:attachment":[{"href":"https:\/\/blogs.thesocialmedia.com\/leblogmoto\/wp-json\/wp\/v2\/media?parent=718"}],"wp:term":[{"taxonomy":"category","embeddable":true,"href":"https:\/\/blogs.thesocialmedia.com\/leblogmoto\/wp-json\/wp\/v2\/categories?post=718"},{"taxonomy":"post_tag","embeddable":true,"href":"https:\/\/blogs.thesocialmedia.com\/leblogmoto\/wp-json\/wp\/v2\/tags?post=718"}],"curies":[{"name":"wp","href":"https:\/\/api.w.org\/{rel}","templated":true}]}}