{"id":720,"date":"2008-05-02T17:57:30","date_gmt":"2008-05-02T17:57:30","guid":{"rendered":"http:\/\/blogs.thesocialmedia.com\/leblogmoto\/2008\/05\/02\/david-jefferies-2\/"},"modified":"2012-07-11T15:45:13","modified_gmt":"2012-07-11T15:45:13","slug":"david-jefferies-2","status":"publish","type":"post","link":"https:\/\/blogs.thesocialmedia.com\/leblogmoto\/2008\/05\/02\/david-jefferies-2\/","title":{"rendered":"David Jefferies en cam\u00e9ra embarqu\u00e9e"},"content":{"rendered":"<p><a href=\"http:\/\/blogs.thesocialmedia.com\/leblogmoto\/files\/2012\/07\/david_jefferies.jpg\"><img loading=\"lazy\" decoding=\"async\" width=\"470\" height=\"353\"  alt=\"David_jefferies\" src=\"http:\/\/www.leblogmoto.com\/images\/2008\/05\/02\/david_jefferies.jpg\" style=\"margin: 0px 5px 5px 0px;float: left\" \/><\/a> La cam\u00e9ra embarqu\u00e9e du jour nous enm\u00e8ne pendant 20 minutes sur la Suzuki GSXR 1000 de David Jefferies sur l&rsquo;Ile de Man lors du Tourist Trophy 2002. Il a remport\u00e9 9 fois le Tourist Trophy avant de chuter lourdement pendant les essais libres le 29 mai 2003 \u00e0 plus de 250 km\/h et de perdre la vie&#8230;<\/p>\n<div><object width=\"480\" height=\"365\"><param value=\"http:\/\/www.dailymotion.com\/swf\/xbzz9&amp;v3=1&amp;related=1\" name=\"movie\" \/><param value=\"true\" name=\"allowFullScreen\" \/><param value=\"always\" name=\"allowScriptAccess\" \/><embed width=\"480\" height=\"365\" type=\"application\/x-shockwave-flash\" src=\"http:\/\/www.dailymotion.com\/swf\/xbzz9&amp;v3=1&amp;related=1\"><\/embed><\/object><br \/><strong>&nbsp;<\/strong><em><a href=\"http:\/\/www.dailymotion.com\/michto93\"><br \/><\/a><\/em><\/div>\n<p> Entre les diff\u00e9rentes courses qui s&rsquo;\u00e9talent sur presque une semaine la route est ouverte, en sens unique, pour les amateurs. <\/p>\n<p><object width=\"480\" height=\"365\"><param name=\"movie\" value=\"http:\/\/www.youtube.com\/v\/SOnCWTXcvOM&amp;hl=en\" \/><param name=\"wmode\" value=\"transparent\" \/><embed width=\"480\" height=\"365\" src=\"http:\/\/www.youtube.com\/v\/SOnCWTXcvOM&amp;hl=en\" type=\"application\/x-shockwave-flash\"><\/embed><\/object><\/p>\n<p><object width=\"480\" height=\"365\"><param value=\"http:\/\/www.youtube.com\/v\/4OwBXlycV88&amp;hl=en\" name=\"movie\" \/><param value=\"transparent\" name=\"wmode\" \/><embed width=\"480\" height=\"365\" type=\"application\/x-shockwave-flash\" src=\"http:\/\/www.youtube.com\/v\/4OwBXlycV88&amp;hl=en\"><\/embed><\/object> <\/p>\n<p>A lire \u00e9galement: <a href=\"http:\/\/www.leblogmoto.com\/2007\/05\/centenaire_du_t.html\">Centenaire du Tourist Trophy<\/a><\/p>\n","protected":false},"excerpt":{"rendered":"<p>La cam\u00e9ra embarqu\u00e9e du jour nous enm\u00e8ne pendant 20 minutes sur la Suzuki GSXR 1000 de David Jefferies sur l&rsquo;Ile de Man lors du Tourist Trophy 2002. Il a remport\u00e9 9 fois le Tourist Trophy avant de chuter lourdement pendant les essais libres le 29 mai 2003 \u00e0 plus de 250 km\/h et de perdre [&hellip;]<\/p>\n","protected":false},"author":323,"featured_media":0,"comment_status":"open","ping_status":"open","sticky":false,"template":"","format":"standard","meta":{"footnotes":""},"categories":[32,51],"tags":[],"class_list":["post-720","post","type-post","status-publish","format-standard","hentry","category-sport-moto","category-suzuki"],"yoast_head":"<!-- This site is optimized with the Yoast SEO plugin v26.0 - https:\/\/yoast.com\/wordpress\/plugins\/seo\/ -->\n<title>David Jefferies en cam\u00e9ra embarqu\u00e9e - leblogmoto.com<\/title>\n<meta name=\"robots\" content=\"index, follow, max-snippet:-1, max-image-preview:large, max-video-preview:-1\" \/>\n<link rel=\"canonical\" href=\"https:\/\/blogs.thesocialmedia.com\/leblogmoto\/2008\/05\/02\/david-jefferies-2\/\" \/>\n<meta name=\"twitter:card\" content=\"summary_large_image\" \/>\n<meta name=\"twitter:title\" content=\"David Jefferies en cam\u00e9ra embarqu\u00e9e - leblogmoto.com\" \/>\n<meta name=\"twitter:description\" content=\"La cam\u00e9ra embarqu\u00e9e du jour nous enm\u00e8ne pendant 20 minutes sur la Suzuki GSXR 1000 de David Jefferies sur l&rsquo;Ile de Man lors du Tourist Trophy 2002. Il a remport\u00e9 9 fois le Tourist Trophy avant de chuter lourdement pendant les essais libres le 29 mai 2003 \u00e0 plus de 250 km\/h et de perdre [&hellip;]\" \/>\n<meta name=\"twitter:image\" content=\"http:\/\/www.leblogmoto.com\/images\/2008\/05\/02\/david_jefferies.jpg\" \/>\n<meta name=\"twitter:label1\" content=\"\u00c9crit par\" \/>\n\t<meta name=\"twitter:data1\" content=\"albin le guyader\" \/>\n<script type=\"application\/ld+json\" class=\"yoast-schema-graph\">{\"@context\":\"https:\/\/schema.org\",\"@graph\":[{\"@type\":\"WebPage\",\"@id\":\"https:\/\/blogs.thesocialmedia.com\/leblogmoto\/2008\/05\/02\/david-jefferies-2\/\",\"url\":\"https:\/\/blogs.thesocialmedia.com\/leblogmoto\/2008\/05\/02\/david-jefferies-2\/\",\"name\":\"David Jefferies en cam\u00e9ra embarqu\u00e9e - leblogmoto.com\",\"isPartOf\":{\"@id\":\"https:\/\/blogs.thesocialmedia.com\/leblogmoto\/#website\"},\"primaryImageOfPage\":{\"@id\":\"https:\/\/blogs.thesocialmedia.com\/leblogmoto\/2008\/05\/02\/david-jefferies-2\/#primaryimage\"},\"image\":{\"@id\":\"https:\/\/blogs.thesocialmedia.com\/leblogmoto\/2008\/05\/02\/david-jefferies-2\/#primaryimage\"},\"thumbnailUrl\":\"http:\/\/www.leblogmoto.com\/images\/2008\/05\/02\/david_jefferies.jpg\",\"datePublished\":\"2008-05-02T17:57:30+00:00\",\"dateModified\":\"2012-07-11T15:45:13+00:00\",\"author\":{\"@id\":\"https:\/\/blogs.thesocialmedia.com\/leblogmoto\/#\/schema\/person\/b496d27c898c29a39678e2425cafb9ae\"},\"breadcrumb\":{\"@id\":\"https:\/\/blogs.thesocialmedia.com\/leblogmoto\/2008\/05\/02\/david-jefferies-2\/#breadcrumb\"},\"inLanguage\":\"fr-FR\",\"potentialAction\":[{\"@type\":\"ReadAction\",\"target\":[\"https:\/\/blogs.thesocialmedia.com\/leblogmoto\/2008\/05\/02\/david-jefferies-2\/\"]}]},{\"@type\":\"ImageObject\",\"inLanguage\":\"fr-FR\",\"@id\":\"https:\/\/blogs.thesocialmedia.com\/leblogmoto\/2008\/05\/02\/david-jefferies-2\/#primaryimage\",\"url\":\"http:\/\/www.leblogmoto.com\/images\/2008\/05\/02\/david_jefferies.jpg\",\"contentUrl\":\"http:\/\/www.leblogmoto.com\/images\/2008\/05\/02\/david_jefferies.jpg\"},{\"@type\":\"BreadcrumbList\",\"@id\":\"https:\/\/blogs.thesocialmedia.com\/leblogmoto\/2008\/05\/02\/david-jefferies-2\/#breadcrumb\",\"itemListElement\":[{\"@type\":\"ListItem\",\"position\":1,\"name\":\"Accueil\",\"item\":\"https:\/\/blogs.thesocialmedia.com\/leblogmoto\/\"},{\"@type\":\"ListItem\",\"position\":2,\"name\":\"David Jefferies en cam\u00e9ra embarqu\u00e9e\"}]},{\"@type\":\"WebSite\",\"@id\":\"https:\/\/blogs.thesocialmedia.com\/leblogmoto\/#website\",\"url\":\"https:\/\/blogs.thesocialmedia.com\/leblogmoto\/\",\"name\":\"leblogmoto\",\"description\":\"Toute l&#039;actualit\u00e9 des 2 roues\",\"potentialAction\":[{\"@type\":\"SearchAction\",\"target\":{\"@type\":\"EntryPoint\",\"urlTemplate\":\"https:\/\/blogs.thesocialmedia.com\/leblogmoto\/?s={search_term_string}\"},\"query-input\":{\"@type\":\"PropertyValueSpecification\",\"valueRequired\":true,\"valueName\":\"search_term_string\"}}],\"inLanguage\":\"fr-FR\"},{\"@type\":\"Person\",\"@id\":\"https:\/\/blogs.thesocialmedia.com\/leblogmoto\/#\/schema\/person\/b496d27c898c29a39678e2425cafb9ae\",\"name\":\"albin le guyader\",\"image\":{\"@type\":\"ImageObject\",\"inLanguage\":\"fr-FR\",\"@id\":\"https:\/\/blogs.thesocialmedia.com\/leblogmoto\/#\/schema\/person\/image\/\",\"url\":\"https:\/\/secure.gravatar.com\/avatar\/?s=96&d=mm&r=g\",\"contentUrl\":\"https:\/\/secure.gravatar.com\/avatar\/?s=96&d=mm&r=g\",\"caption\":\"albin le guyader\"},\"url\":\"https:\/\/blogs.thesocialmedia.com\/leblogmoto\/author\/albin-le-guyader\/\"}]}<\/script>\n<!-- \/ Yoast SEO plugin. -->","yoast_head_json":{"title":"David Jefferies en cam\u00e9ra embarqu\u00e9e - leblogmoto.com","robots":{"index":"index","follow":"follow","max-snippet":"max-snippet:-1","max-image-preview":"max-image-preview:large","max-video-preview":"max-video-preview:-1"},"canonical":"https:\/\/blogs.thesocialmedia.com\/leblogmoto\/2008\/05\/02\/david-jefferies-2\/","twitter_card":"summary_large_image","twitter_title":"David Jefferies en cam\u00e9ra embarqu\u00e9e - leblogmoto.com","twitter_description":"La cam\u00e9ra embarqu\u00e9e du jour nous enm\u00e8ne pendant 20 minutes sur la Suzuki GSXR 1000 de David Jefferies sur l&rsquo;Ile de Man lors du Tourist Trophy 2002. Il a remport\u00e9 9 fois le Tourist Trophy avant de chuter lourdement pendant les essais libres le 29 mai 2003 \u00e0 plus de 250 km\/h et de perdre [&hellip;]","twitter_image":"http:\/\/www.leblogmoto.com\/images\/2008\/05\/02\/david_jefferies.jpg","twitter_misc":{"\u00c9crit par":"albin le guyader"},"schema":{"@context":"https:\/\/schema.org","@graph":[{"@type":"WebPage","@id":"https:\/\/blogs.thesocialmedia.com\/leblogmoto\/2008\/05\/02\/david-jefferies-2\/","url":"https:\/\/blogs.thesocialmedia.com\/leblogmoto\/2008\/05\/02\/david-jefferies-2\/","name":"David Jefferies en cam\u00e9ra embarqu\u00e9e - leblogmoto.com","isPartOf":{"@id":"https:\/\/blogs.thesocialmedia.com\/leblogmoto\/#website"},"primaryImageOfPage":{"@id":"https:\/\/blogs.thesocialmedia.com\/leblogmoto\/2008\/05\/02\/david-jefferies-2\/#primaryimage"},"image":{"@id":"https:\/\/blogs.thesocialmedia.com\/leblogmoto\/2008\/05\/02\/david-jefferies-2\/#primaryimage"},"thumbnailUrl":"http:\/\/www.leblogmoto.com\/images\/2008\/05\/02\/david_jefferies.jpg","datePublished":"2008-05-02T17:57:30+00:00","dateModified":"2012-07-11T15:45:13+00:00","author":{"@id":"https:\/\/blogs.thesocialmedia.com\/leblogmoto\/#\/schema\/person\/b496d27c898c29a39678e2425cafb9ae"},"breadcrumb":{"@id":"https:\/\/blogs.thesocialmedia.com\/leblogmoto\/2008\/05\/02\/david-jefferies-2\/#breadcrumb"},"inLanguage":"fr-FR","potentialAction":[{"@type":"ReadAction","target":["https:\/\/blogs.thesocialmedia.com\/leblogmoto\/2008\/05\/02\/david-jefferies-2\/"]}]},{"@type":"ImageObject","inLanguage":"fr-FR","@id":"https:\/\/blogs.thesocialmedia.com\/leblogmoto\/2008\/05\/02\/david-jefferies-2\/#primaryimage","url":"http:\/\/www.leblogmoto.com\/images\/2008\/05\/02\/david_jefferies.jpg","contentUrl":"http:\/\/www.leblogmoto.com\/images\/2008\/05\/02\/david_jefferies.jpg"},{"@type":"BreadcrumbList","@id":"https:\/\/blogs.thesocialmedia.com\/leblogmoto\/2008\/05\/02\/david-jefferies-2\/#breadcrumb","itemListElement":[{"@type":"ListItem","position":1,"name":"Accueil","item":"https:\/\/blogs.thesocialmedia.com\/leblogmoto\/"},{"@type":"ListItem","position":2,"name":"David Jefferies en cam\u00e9ra embarqu\u00e9e"}]},{"@type":"WebSite","@id":"https:\/\/blogs.thesocialmedia.com\/leblogmoto\/#website","url":"https:\/\/blogs.thesocialmedia.com\/leblogmoto\/","name":"leblogmoto","description":"Toute l&#039;actualit\u00e9 des 2 roues","potentialAction":[{"@type":"SearchAction","target":{"@type":"EntryPoint","urlTemplate":"https:\/\/blogs.thesocialmedia.com\/leblogmoto\/?s={search_term_string}"},"query-input":{"@type":"PropertyValueSpecification","valueRequired":true,"valueName":"search_term_string"}}],"inLanguage":"fr-FR"},{"@type":"Person","@id":"https:\/\/blogs.thesocialmedia.com\/leblogmoto\/#\/schema\/person\/b496d27c898c29a39678e2425cafb9ae","name":"albin le guyader","image":{"@type":"ImageObject","inLanguage":"fr-FR","@id":"https:\/\/blogs.thesocialmedia.com\/leblogmoto\/#\/schema\/person\/image\/","url":"https:\/\/secure.gravatar.com\/avatar\/?s=96&d=mm&r=g","contentUrl":"https:\/\/secure.gravatar.com\/avatar\/?s=96&d=mm&r=g","caption":"albin le guyader"},"url":"https:\/\/blogs.thesocialmedia.com\/leblogmoto\/author\/albin-le-guyader\/"}]}},"_links":{"self":[{"href":"https:\/\/blogs.thesocialmedia.com\/leblogmoto\/wp-json\/wp\/v2\/posts\/720","targetHints":{"allow":["GET"]}}],"collection":[{"href":"https:\/\/blogs.thesocialmedia.com\/leblogmoto\/wp-json\/wp\/v2\/posts"}],"about":[{"href":"https:\/\/blogs.thesocialmedia.com\/leblogmoto\/wp-json\/wp\/v2\/types\/post"}],"author":[{"embeddable":true,"href":"https:\/\/blogs.thesocialmedia.com\/leblogmoto\/wp-json\/wp\/v2\/users\/323"}],"replies":[{"embeddable":true,"href":"https:\/\/blogs.thesocialmedia.com\/leblogmoto\/wp-json\/wp\/v2\/comments?post=720"}],"version-history":[{"count":2,"href":"https:\/\/blogs.thesocialmedia.com\/leblogmoto\/wp-json\/wp\/v2\/posts\/720\/revisions"}],"predecessor-version":[{"id":10637,"href":"https:\/\/blogs.thesocialmedia.com\/leblogmoto\/wp-json\/wp\/v2\/posts\/720\/revisions\/10637"}],"wp:attachment":[{"href":"https:\/\/blogs.thesocialmedia.com\/leblogmoto\/wp-json\/wp\/v2\/media?parent=720"}],"wp:term":[{"taxonomy":"category","embeddable":true,"href":"https:\/\/blogs.thesocialmedia.com\/leblogmoto\/wp-json\/wp\/v2\/categories?post=720"},{"taxonomy":"post_tag","embeddable":true,"href":"https:\/\/blogs.thesocialmedia.com\/leblogmoto\/wp-json\/wp\/v2\/tags?post=720"}],"curies":[{"name":"wp","href":"https:\/\/api.w.org\/{rel}","templated":true}]}}