{"id":721,"date":"2008-05-02T02:57:16","date_gmt":"2008-05-02T02:57:16","guid":{"rendered":"http:\/\/blogs.thesocialmedia.com\/leblogmoto\/2008\/05\/02\/album-du-vendre-11\/"},"modified":"2012-07-11T15:45:09","modified_gmt":"2012-07-11T15:45:09","slug":"album-du-vendre-11","status":"publish","type":"post","link":"https:\/\/blogs.thesocialmedia.com\/leblogmoto\/2008\/05\/02\/album-du-vendre-11\/","title":{"rendered":"Album du vendredi, Le dimanche ils se couchent"},"content":{"rendered":"<p><a href=\"http:\/\/blogs.thesocialmedia.com\/leblogmoto\/files\/2012\/07\/album1.jpg\"><img loading=\"lazy\" decoding=\"async\" width=\"470\" height=\"312\"  alt=\"Album1\" src=\"http:\/\/www.leblogmoto.com\/images\/2008\/05\/01\/album1.jpg\" \/><\/a> <\/p>\n<p>En course automobile, c\u2019est le d\u00e9rapage, de pr\u00e9f\u00e9rence contr\u00f4l\u00e9, mais en moto, c\u2019est l\u2019apex de la courbe ou le pilote, en parall\u00e8le avec la piste, est \u00e0 la limite de l\u2019adh\u00e9rence, que le miracle ou la catastrophe fait le spectacle, comme ci-dessus pour la derni\u00e8re.<br \/>Mais pour cet Album du vendredi, 4 artistes du miracle, tous champions et avec suffisamment de victoires pour justifier \u00e0 eux seuls de nouvelles \u00e9ditions du livre des records.<\/p>\n<p>Voici donc en images et avec la mani\u00e8re, l\u2019Italien <a href=\"http:\/\/www.yamaha-racing.com\/Racing\/motogp\/rider_team\/rossi.jsp\">Valentino Rossi<\/a>, les deux Australiens <a href=\"http:\/\/teamsuzuki.com\/RoadRacing\/showbio.aspx?id=742c297f-f27e-403d-bf91-c818fbe67a52\">Mat Mladin<\/a> et <a href=\"http:\/\/www.caseystoner.com.au\/\">Casey Stoner<\/a>, puis le Qu\u00e9b\u00e9cois <a href=\"http:\/\/www.hondaredriders.com\/roadracing\/riderbio.asp?RiderID=090111c080125f6a&amp;TeamID=090111c080125f07&amp;bhcp=1\">Miguel Duhamel<\/a>.<\/p>\n<p><a href=\"http:\/\/clabedan.typepad.com\/.shared\/image.html?\/photos\/uncategorized\/2008\/05\/01\/rossi1.jpg\"><img loading=\"lazy\" decoding=\"async\" width=\"470\" height=\"312\"  alt=\"Rossi1\" src=\"http:\/\/www.leblogmoto.com\/images\/2008\/05\/01\/rossi1.jpg\" \/><\/a> <\/p>\n<p><a href=\"http:\/\/blogs.thesocialmedia.com\/leblogmoto\/files\/2012\/07\/duhamel11.jpg\"><img loading=\"lazy\" decoding=\"async\" width=\"470\" height=\"312\"  alt=\"Duhamel1\" src=\"http:\/\/www.leblogmoto.com\/images\/2008\/05\/01\/duhamel1.jpg\" \/><\/a> <\/p>\n<p><a href=\"http:\/\/blogs.thesocialmedia.com\/leblogmoto\/files\/2012\/07\/mladin1.jpg\"><img loading=\"lazy\" decoding=\"async\" width=\"470\" height=\"312\"  alt=\"Mladin1\" src=\"http:\/\/www.leblogmoto.com\/images\/2008\/05\/01\/mladin1.jpg\" \/><\/a> <\/p>\n<p><a href=\"http:\/\/blogs.thesocialmedia.com\/leblogmoto\/files\/2012\/07\/stoner1.jpg\"><img loading=\"lazy\" decoding=\"async\" width=\"470\" height=\"326\"  alt=\"Stoner1\" src=\"http:\/\/www.leblogmoto.com\/images\/2008\/05\/01\/stoner1.jpg\" \/><\/a> <\/p>\n<p><a href=\"http:\/\/blogs.thesocialmedia.com\/leblogmoto\/files\/2012\/07\/rossi21.jpg\"><img loading=\"lazy\" decoding=\"async\" width=\"470\" height=\"312\"  alt=\"Rossi2\" src=\"http:\/\/www.leblogmoto.com\/images\/2008\/05\/01\/rossi2.jpg\" \/><\/a> <\/p>\n<p><a href=\"http:\/\/blogs.thesocialmedia.com\/leblogmoto\/files\/2012\/07\/duhamel2.jpg\"><img loading=\"lazy\" decoding=\"async\" width=\"470\" height=\"346\"  alt=\"Duhamel2\" src=\"http:\/\/www.leblogmoto.com\/images\/2008\/05\/01\/duhamel2.jpg\" \/><\/a> <\/p>\n<p><a href=\"http:\/\/blogs.thesocialmedia.com\/leblogmoto\/files\/2012\/07\/mladin2.jpg\"><img loading=\"lazy\" decoding=\"async\" width=\"470\" height=\"312\"  alt=\"Mladin2\" src=\"http:\/\/www.leblogmoto.com\/images\/2008\/05\/01\/mladin2.jpg\" \/><\/a> <\/p>\n<p><a href=\"http:\/\/blogs.thesocialmedia.com\/leblogmoto\/files\/2012\/07\/stoner2.jpg\"><img loading=\"lazy\" decoding=\"async\" width=\"470\" height=\"324\"  alt=\"Stoner2\" src=\"http:\/\/www.leblogmoto.com\/images\/2008\/05\/01\/stoner2.jpg\" \/><\/a> <\/p>\n<p><a href=\"http:\/\/blogs.thesocialmedia.com\/leblogmoto\/files\/2012\/07\/rossi31.jpg\"><img loading=\"lazy\" decoding=\"async\" width=\"470\" height=\"327\"  alt=\"Rossi3\" src=\"http:\/\/www.leblogmoto.com\/images\/2008\/05\/01\/rossi3.jpg\" \/><\/a> <\/p>\n<p><a href=\"http:\/\/blogs.thesocialmedia.com\/leblogmoto\/files\/2012\/07\/duhamel3.jpg\"><img loading=\"lazy\" decoding=\"async\" width=\"470\" height=\"312\"  alt=\"Duhamel3\" src=\"http:\/\/www.leblogmoto.com\/images\/2008\/05\/01\/duhamel3.jpg\" \/><\/a> <\/p>\n<p><a href=\"http:\/\/blogs.thesocialmedia.com\/leblogmoto\/files\/2012\/07\/mladin3.jpg\"><img loading=\"lazy\" decoding=\"async\" width=\"470\" height=\"311\"  alt=\"Mladin3\" src=\"http:\/\/www.leblogmoto.com\/images\/2008\/05\/01\/mladin3.jpg\" \/><\/a> <\/p>\n<p><a href=\"http:\/\/blogs.thesocialmedia.com\/leblogmoto\/files\/2012\/07\/stoner3.jpg\"><img loading=\"lazy\" decoding=\"async\" width=\"470\" height=\"321\"  alt=\"Stoner3\" src=\"http:\/\/www.leblogmoto.com\/images\/2008\/05\/01\/stoner3.jpg\" \/><\/a> <\/p>\n<p><a href=\"http:\/\/blogs.thesocialmedia.com\/leblogmoto\/files\/2012\/07\/rossi41.jpg\"><img loading=\"lazy\" decoding=\"async\" width=\"470\" height=\"311\"  alt=\"Rossi4\" src=\"http:\/\/www.leblogmoto.com\/images\/2008\/05\/01\/rossi4.jpg\" \/><\/a> <\/p>\n<p><a href=\"http:\/\/blogs.thesocialmedia.com\/leblogmoto\/files\/2012\/07\/duhamel4.jpg\"><img loading=\"lazy\" decoding=\"async\" width=\"470\" height=\"312\"  alt=\"Duhamel4\" src=\"http:\/\/www.leblogmoto.com\/images\/2008\/05\/01\/duhamel4.jpg\" \/><\/a> <\/p>\n<p><a href=\"http:\/\/blogs.thesocialmedia.com\/leblogmoto\/files\/2012\/07\/mladin4.jpg\"><img loading=\"lazy\" decoding=\"async\" width=\"470\" height=\"312\"  alt=\"Mladin4\" src=\"http:\/\/www.leblogmoto.com\/images\/2008\/05\/01\/mladin4.jpg\" \/><\/a> <\/p>\n<p><a href=\"http:\/\/blogs.thesocialmedia.com\/leblogmoto\/files\/2012\/07\/stoner4.jpg\"><img loading=\"lazy\" decoding=\"async\" width=\"470\" height=\"327\"  alt=\"Stoner4\" src=\"http:\/\/www.leblogmoto.com\/images\/2008\/05\/01\/stoner4.jpg\" \/><\/a> <\/p>\n","protected":false},"excerpt":{"rendered":"<p>En course automobile, c\u2019est le d\u00e9rapage, de pr\u00e9f\u00e9rence contr\u00f4l\u00e9, mais en moto, c\u2019est l\u2019apex de la courbe ou le pilote, en parall\u00e8le avec la piste, est \u00e0 la limite de l\u2019adh\u00e9rence, que le miracle ou la catastrophe fait le spectacle, comme ci-dessus pour la derni\u00e8re.Mais pour cet Album du vendredi, 4 artistes du miracle, tous [&hellip;]<\/p>\n","protected":false},"author":325,"featured_media":0,"comment_status":"open","ping_status":"open","sticky":false,"template":"","format":"standard","meta":{"footnotes":""},"categories":[41,14,22,46,51,44],"tags":[],"class_list":["post-721","post","type-post","status-publish","format-standard","hentry","category-ducati","category-honda","category-motogp","category-superbike","category-suzuki","category-yamaha"],"yoast_head":"<!-- This site is optimized with the Yoast SEO plugin v26.0 - https:\/\/yoast.com\/wordpress\/plugins\/seo\/ -->\n<title>Album du vendredi, Le dimanche ils se couchent - leblogmoto.com<\/title>\n<meta name=\"robots\" content=\"index, follow, max-snippet:-1, max-image-preview:large, max-video-preview:-1\" \/>\n<link rel=\"canonical\" href=\"https:\/\/blogs.thesocialmedia.com\/leblogmoto\/2008\/05\/02\/album-du-vendre-11\/\" \/>\n<meta name=\"twitter:card\" content=\"summary_large_image\" \/>\n<meta name=\"twitter:title\" content=\"Album du vendredi, Le dimanche ils se couchent - leblogmoto.com\" \/>\n<meta name=\"twitter:description\" content=\"En course automobile, c\u2019est le d\u00e9rapage, de pr\u00e9f\u00e9rence contr\u00f4l\u00e9, mais en moto, c\u2019est l\u2019apex de la courbe ou le pilote, en parall\u00e8le avec la piste, est \u00e0 la limite de l\u2019adh\u00e9rence, que le miracle ou la catastrophe fait le spectacle, comme ci-dessus pour la derni\u00e8re.Mais pour cet Album du vendredi, 4 artistes du miracle, tous [&hellip;]\" \/>\n<meta name=\"twitter:image\" content=\"http:\/\/www.leblogmoto.com\/images\/2008\/05\/01\/album1.jpg\" \/>\n<meta name=\"twitter:label1\" content=\"\u00c9crit par\" \/>\n\t<meta name=\"twitter:data1\" content=\"jacques lesage\" \/>\n\t<meta name=\"twitter:label2\" content=\"Dur\u00e9e de lecture estim\u00e9e\" \/>\n\t<meta name=\"twitter:data2\" content=\"1 minute\" \/>\n<script type=\"application\/ld+json\" class=\"yoast-schema-graph\">{\"@context\":\"https:\/\/schema.org\",\"@graph\":[{\"@type\":\"WebPage\",\"@id\":\"https:\/\/blogs.thesocialmedia.com\/leblogmoto\/2008\/05\/02\/album-du-vendre-11\/\",\"url\":\"https:\/\/blogs.thesocialmedia.com\/leblogmoto\/2008\/05\/02\/album-du-vendre-11\/\",\"name\":\"Album du vendredi, Le dimanche ils se couchent - leblogmoto.com\",\"isPartOf\":{\"@id\":\"https:\/\/blogs.thesocialmedia.com\/leblogmoto\/#website\"},\"primaryImageOfPage\":{\"@id\":\"https:\/\/blogs.thesocialmedia.com\/leblogmoto\/2008\/05\/02\/album-du-vendre-11\/#primaryimage\"},\"image\":{\"@id\":\"https:\/\/blogs.thesocialmedia.com\/leblogmoto\/2008\/05\/02\/album-du-vendre-11\/#primaryimage\"},\"thumbnailUrl\":\"http:\/\/www.leblogmoto.com\/images\/2008\/05\/01\/album1.jpg\",\"datePublished\":\"2008-05-02T02:57:16+00:00\",\"dateModified\":\"2012-07-11T15:45:09+00:00\",\"author\":{\"@id\":\"https:\/\/blogs.thesocialmedia.com\/leblogmoto\/#\/schema\/person\/e82a0ca8a9a63d031586097a3ed58526\"},\"breadcrumb\":{\"@id\":\"https:\/\/blogs.thesocialmedia.com\/leblogmoto\/2008\/05\/02\/album-du-vendre-11\/#breadcrumb\"},\"inLanguage\":\"fr-FR\",\"potentialAction\":[{\"@type\":\"ReadAction\",\"target\":[\"https:\/\/blogs.thesocialmedia.com\/leblogmoto\/2008\/05\/02\/album-du-vendre-11\/\"]}]},{\"@type\":\"ImageObject\",\"inLanguage\":\"fr-FR\",\"@id\":\"https:\/\/blogs.thesocialmedia.com\/leblogmoto\/2008\/05\/02\/album-du-vendre-11\/#primaryimage\",\"url\":\"http:\/\/www.leblogmoto.com\/images\/2008\/05\/01\/album1.jpg\",\"contentUrl\":\"http:\/\/www.leblogmoto.com\/images\/2008\/05\/01\/album1.jpg\"},{\"@type\":\"BreadcrumbList\",\"@id\":\"https:\/\/blogs.thesocialmedia.com\/leblogmoto\/2008\/05\/02\/album-du-vendre-11\/#breadcrumb\",\"itemListElement\":[{\"@type\":\"ListItem\",\"position\":1,\"name\":\"Accueil\",\"item\":\"https:\/\/blogs.thesocialmedia.com\/leblogmoto\/\"},{\"@type\":\"ListItem\",\"position\":2,\"name\":\"Album du vendredi, Le dimanche ils se couchent\"}]},{\"@type\":\"WebSite\",\"@id\":\"https:\/\/blogs.thesocialmedia.com\/leblogmoto\/#website\",\"url\":\"https:\/\/blogs.thesocialmedia.com\/leblogmoto\/\",\"name\":\"leblogmoto\",\"description\":\"Toute l&#039;actualit\u00e9 des 2 roues\",\"potentialAction\":[{\"@type\":\"SearchAction\",\"target\":{\"@type\":\"EntryPoint\",\"urlTemplate\":\"https:\/\/blogs.thesocialmedia.com\/leblogmoto\/?s={search_term_string}\"},\"query-input\":{\"@type\":\"PropertyValueSpecification\",\"valueRequired\":true,\"valueName\":\"search_term_string\"}}],\"inLanguage\":\"fr-FR\"},{\"@type\":\"Person\",\"@id\":\"https:\/\/blogs.thesocialmedia.com\/leblogmoto\/#\/schema\/person\/e82a0ca8a9a63d031586097a3ed58526\",\"name\":\"jacques lesage\",\"image\":{\"@type\":\"ImageObject\",\"inLanguage\":\"fr-FR\",\"@id\":\"https:\/\/blogs.thesocialmedia.com\/leblogmoto\/#\/schema\/person\/image\/\",\"url\":\"https:\/\/secure.gravatar.com\/avatar\/?s=96&d=mm&r=g\",\"contentUrl\":\"https:\/\/secure.gravatar.com\/avatar\/?s=96&d=mm&r=g\",\"caption\":\"jacques lesage\"},\"url\":\"https:\/\/blogs.thesocialmedia.com\/leblogmoto\/author\/jacques-lesage\/\"}]}<\/script>\n<!-- \/ Yoast SEO plugin. -->","yoast_head_json":{"title":"Album du vendredi, Le dimanche ils se couchent - leblogmoto.com","robots":{"index":"index","follow":"follow","max-snippet":"max-snippet:-1","max-image-preview":"max-image-preview:large","max-video-preview":"max-video-preview:-1"},"canonical":"https:\/\/blogs.thesocialmedia.com\/leblogmoto\/2008\/05\/02\/album-du-vendre-11\/","twitter_card":"summary_large_image","twitter_title":"Album du vendredi, Le dimanche ils se couchent - leblogmoto.com","twitter_description":"En course automobile, c\u2019est le d\u00e9rapage, de pr\u00e9f\u00e9rence contr\u00f4l\u00e9, mais en moto, c\u2019est l\u2019apex de la courbe ou le pilote, en parall\u00e8le avec la piste, est \u00e0 la limite de l\u2019adh\u00e9rence, que le miracle ou la catastrophe fait le spectacle, comme ci-dessus pour la derni\u00e8re.Mais pour cet Album du vendredi, 4 artistes du miracle, tous [&hellip;]","twitter_image":"http:\/\/www.leblogmoto.com\/images\/2008\/05\/01\/album1.jpg","twitter_misc":{"\u00c9crit par":"jacques lesage","Dur\u00e9e de lecture estim\u00e9e":"1 minute"},"schema":{"@context":"https:\/\/schema.org","@graph":[{"@type":"WebPage","@id":"https:\/\/blogs.thesocialmedia.com\/leblogmoto\/2008\/05\/02\/album-du-vendre-11\/","url":"https:\/\/blogs.thesocialmedia.com\/leblogmoto\/2008\/05\/02\/album-du-vendre-11\/","name":"Album du vendredi, Le dimanche ils se couchent - leblogmoto.com","isPartOf":{"@id":"https:\/\/blogs.thesocialmedia.com\/leblogmoto\/#website"},"primaryImageOfPage":{"@id":"https:\/\/blogs.thesocialmedia.com\/leblogmoto\/2008\/05\/02\/album-du-vendre-11\/#primaryimage"},"image":{"@id":"https:\/\/blogs.thesocialmedia.com\/leblogmoto\/2008\/05\/02\/album-du-vendre-11\/#primaryimage"},"thumbnailUrl":"http:\/\/www.leblogmoto.com\/images\/2008\/05\/01\/album1.jpg","datePublished":"2008-05-02T02:57:16+00:00","dateModified":"2012-07-11T15:45:09+00:00","author":{"@id":"https:\/\/blogs.thesocialmedia.com\/leblogmoto\/#\/schema\/person\/e82a0ca8a9a63d031586097a3ed58526"},"breadcrumb":{"@id":"https:\/\/blogs.thesocialmedia.com\/leblogmoto\/2008\/05\/02\/album-du-vendre-11\/#breadcrumb"},"inLanguage":"fr-FR","potentialAction":[{"@type":"ReadAction","target":["https:\/\/blogs.thesocialmedia.com\/leblogmoto\/2008\/05\/02\/album-du-vendre-11\/"]}]},{"@type":"ImageObject","inLanguage":"fr-FR","@id":"https:\/\/blogs.thesocialmedia.com\/leblogmoto\/2008\/05\/02\/album-du-vendre-11\/#primaryimage","url":"http:\/\/www.leblogmoto.com\/images\/2008\/05\/01\/album1.jpg","contentUrl":"http:\/\/www.leblogmoto.com\/images\/2008\/05\/01\/album1.jpg"},{"@type":"BreadcrumbList","@id":"https:\/\/blogs.thesocialmedia.com\/leblogmoto\/2008\/05\/02\/album-du-vendre-11\/#breadcrumb","itemListElement":[{"@type":"ListItem","position":1,"name":"Accueil","item":"https:\/\/blogs.thesocialmedia.com\/leblogmoto\/"},{"@type":"ListItem","position":2,"name":"Album du vendredi, Le dimanche ils se couchent"}]},{"@type":"WebSite","@id":"https:\/\/blogs.thesocialmedia.com\/leblogmoto\/#website","url":"https:\/\/blogs.thesocialmedia.com\/leblogmoto\/","name":"leblogmoto","description":"Toute l&#039;actualit\u00e9 des 2 roues","potentialAction":[{"@type":"SearchAction","target":{"@type":"EntryPoint","urlTemplate":"https:\/\/blogs.thesocialmedia.com\/leblogmoto\/?s={search_term_string}"},"query-input":{"@type":"PropertyValueSpecification","valueRequired":true,"valueName":"search_term_string"}}],"inLanguage":"fr-FR"},{"@type":"Person","@id":"https:\/\/blogs.thesocialmedia.com\/leblogmoto\/#\/schema\/person\/e82a0ca8a9a63d031586097a3ed58526","name":"jacques lesage","image":{"@type":"ImageObject","inLanguage":"fr-FR","@id":"https:\/\/blogs.thesocialmedia.com\/leblogmoto\/#\/schema\/person\/image\/","url":"https:\/\/secure.gravatar.com\/avatar\/?s=96&d=mm&r=g","contentUrl":"https:\/\/secure.gravatar.com\/avatar\/?s=96&d=mm&r=g","caption":"jacques lesage"},"url":"https:\/\/blogs.thesocialmedia.com\/leblogmoto\/author\/jacques-lesage\/"}]}},"_links":{"self":[{"href":"https:\/\/blogs.thesocialmedia.com\/leblogmoto\/wp-json\/wp\/v2\/posts\/721","targetHints":{"allow":["GET"]}}],"collection":[{"href":"https:\/\/blogs.thesocialmedia.com\/leblogmoto\/wp-json\/wp\/v2\/posts"}],"about":[{"href":"https:\/\/blogs.thesocialmedia.com\/leblogmoto\/wp-json\/wp\/v2\/types\/post"}],"author":[{"embeddable":true,"href":"https:\/\/blogs.thesocialmedia.com\/leblogmoto\/wp-json\/wp\/v2\/users\/325"}],"replies":[{"embeddable":true,"href":"https:\/\/blogs.thesocialmedia.com\/leblogmoto\/wp-json\/wp\/v2\/comments?post=721"}],"version-history":[{"count":2,"href":"https:\/\/blogs.thesocialmedia.com\/leblogmoto\/wp-json\/wp\/v2\/posts\/721\/revisions"}],"predecessor-version":[{"id":10635,"href":"https:\/\/blogs.thesocialmedia.com\/leblogmoto\/wp-json\/wp\/v2\/posts\/721\/revisions\/10635"}],"wp:attachment":[{"href":"https:\/\/blogs.thesocialmedia.com\/leblogmoto\/wp-json\/wp\/v2\/media?parent=721"}],"wp:term":[{"taxonomy":"category","embeddable":true,"href":"https:\/\/blogs.thesocialmedia.com\/leblogmoto\/wp-json\/wp\/v2\/categories?post=721"},{"taxonomy":"post_tag","embeddable":true,"href":"https:\/\/blogs.thesocialmedia.com\/leblogmoto\/wp-json\/wp\/v2\/tags?post=721"}],"curies":[{"name":"wp","href":"https:\/\/api.w.org\/{rel}","templated":true}]}}