{"id":722,"date":"2008-05-01T22:54:13","date_gmt":"2008-05-01T22:54:13","guid":{"rendered":"http:\/\/blogs.thesocialmedia.com\/leblogmoto\/2008\/05\/01\/le-5me-salon-de\/"},"modified":"2012-07-11T15:44:30","modified_gmt":"2012-07-11T15:44:30","slug":"le-5me-salon-de","status":"publish","type":"post","link":"https:\/\/blogs.thesocialmedia.com\/leblogmoto\/2008\/05\/01\/le-5me-salon-de\/","title":{"rendered":"Le cinqui\u00e8me salon de Moscou en images."},"content":{"rendered":"<p><a href=\"http:\/\/blogs.thesocialmedia.com\/leblogmoto\/files\/2012\/07\/new_3518_0b.jpg\"><img loading=\"lazy\" decoding=\"async\" height=\"282\" alt=\"New_3518_0b\" src=\"http:\/\/www.leblogmoto.com\/images\/2008\/05\/01\/new_3518_0b.jpg\" width=\"470\"  \/><\/a><\/p>\n<p>Nous vous avions parl\u00e9 il y a quelques semaines de la pr\u00e9sence \u00e0 Moscou du <a href=\"http:\/\/blogs.thesocialmedia.com\/leblogmoto\/files\/2012\/07\/le-trike-stilet.html_.png\">trike Stilet<\/a> dont l&rsquo;impressionnante motorisation en V8 n&rsquo;avait d&rsquo;\u00e9gale que sa tristesse digne d&rsquo;un rafiot abandonn\u00e9 sur pied \u00e0 Vladivostok. Le site <a href=\"http:\/\/en.motonews.ru\/news.moto?id=3518&amp;catid=&amp;sort_cat=\">motonews.ru<\/a> publie les photos de cette manifestation en \u00e9vitant &#8211; et on l&rsquo;en remercie &#8211; de nous abreuver d&rsquo;images de scooters chinois <em>cheap<\/em>: leurs constructeurs s&rsquo;\u00e9taient rendus en masse au salon moscovite. Notez la fascination des Russes pour les h\u00f4tesses de salon d\u00e9guis\u00e9es en infirmi\u00e8res. On ne saurait les en bl\u00e2mer.<\/p>\n<p>On esp\u00e8re juste qu&rsquo;un vent (de r\u00e9forme) et une brise (de libert\u00e9 d&rsquo;opinion) fassent virevolter leur blouse. Pour le reste, les organisateurs ont tr\u00e8s bon go\u00fbt: Suzuki, Harley, Benelli, Buell, et des sportives routi\u00e8res, des roadsters, des cruisers, des trikes (dont le Stilet encore),et un&#8230; quadrike. <\/p>\n<p>C&rsquo;est un n\u00e9ologisme cr\u00e9\u00e9 pour l&rsquo;occasion, mais je ne savais pas trop comment appeler la toute derni\u00e8re charrue d\u00e9guis\u00e9e en chopper sur cette page. <\/p>\n<p><a href=\"http:\/\/clabedan.typepad.com\/.shared\/image.html?\/photos\/uncategorized\/2008\/05\/01\/new_3518_9b.jpg\"><img loading=\"lazy\" decoding=\"async\" height=\"282\" alt=\"New_3518_9b\" src=\"http:\/\/www.leblogmoto.com\/images\/2008\/05\/01\/new_3518_9b.jpg\" width=\"470\"  \/><\/a> <\/p>\n<p><a href=\"http:\/\/blogs.thesocialmedia.com\/leblogmoto\/files\/2012\/07\/new_3518_3b.jpg\"><img loading=\"lazy\" decoding=\"async\" height=\"282\" alt=\"New_3518_3b\" src=\"http:\/\/www.leblogmoto.com\/images\/2008\/05\/01\/new_3518_3b.jpg\" width=\"470\"  \/><\/a> <\/p>\n<p><a href=\"http:\/\/blogs.thesocialmedia.com\/leblogmoto\/files\/2012\/07\/new_3518_8b.jpg\"><img loading=\"lazy\" decoding=\"async\" height=\"282\" alt=\"New_3518_8b\" src=\"http:\/\/www.leblogmoto.com\/images\/2008\/05\/01\/new_3518_8b.jpg\" width=\"470\"  \/><\/a> <\/p>\n<p><a href=\"http:\/\/blogs.thesocialmedia.com\/leblogmoto\/files\/2012\/07\/new_3518_11b.jpg\"><img loading=\"lazy\" decoding=\"async\" height=\"282\" alt=\"New_3518_11b\" src=\"http:\/\/www.leblogmoto.com\/images\/2008\/05\/01\/new_3518_11b.jpg\" width=\"470\"  \/><\/a><\/p>\n<p><a href=\"http:\/\/blogs.thesocialmedia.com\/leblogmoto\/files\/2012\/07\/new_3518_1b.jpg\"><img loading=\"lazy\" decoding=\"async\" height=\"282\" alt=\"New_3518_1b\" src=\"http:\/\/www.leblogmoto.com\/images\/2008\/05\/01\/new_3518_1b.jpg\" width=\"470\"  \/><\/a><\/p>\n<p><a href=\"http:\/\/blogs.thesocialmedia.com\/leblogmoto\/files\/2012\/07\/new_3518_12b.jpg\"><img loading=\"lazy\" decoding=\"async\" height=\"282\" alt=\"New_3518_12b\" src=\"http:\/\/www.leblogmoto.com\/images\/2008\/05\/01\/new_3518_12b.jpg\" width=\"470\"  \/><\/a><\/p>\n<p><a href=\"http:\/\/blogs.thesocialmedia.com\/leblogmoto\/files\/2012\/07\/new_3518_2b.jpg\"><img loading=\"lazy\" decoding=\"async\" height=\"282\" alt=\"New_3518_2b\" src=\"http:\/\/www.leblogmoto.com\/images\/2008\/05\/01\/new_3518_2b.jpg\" width=\"470\"  \/><\/a> <\/p>\n<p><a href=\"http:\/\/blogs.thesocialmedia.com\/leblogmoto\/files\/2012\/07\/new_3518_10b.jpg\"><img loading=\"lazy\" decoding=\"async\" height=\"282\" alt=\"New_3518_10b\" src=\"http:\/\/www.leblogmoto.com\/images\/2008\/05\/01\/new_3518_10b.jpg\" width=\"470\"  \/><\/a><\/p>\n<p><a href=\"http:\/\/blogs.thesocialmedia.com\/leblogmoto\/files\/2012\/07\/new_3518_7b.jpg\"><img loading=\"lazy\" decoding=\"async\" height=\"282\" alt=\"New_3518_7b\" src=\"http:\/\/www.leblogmoto.com\/images\/2008\/05\/01\/new_3518_7b.jpg\" width=\"470\"  \/><\/a><\/p>\n<p><a href=\"http:\/\/blogs.thesocialmedia.com\/leblogmoto\/files\/2012\/07\/new_3518_6b.jpg\"><img loading=\"lazy\" decoding=\"async\" height=\"282\" alt=\"New_3518_6b\" src=\"http:\/\/www.leblogmoto.com\/images\/2008\/05\/01\/new_3518_6b.jpg\" width=\"470\"  \/><\/a><\/p>\n<p><a href=\"http:\/\/blogs.thesocialmedia.com\/leblogmoto\/files\/2012\/07\/new_3518_4b.jpg\"><img loading=\"lazy\" decoding=\"async\" height=\"282\" alt=\"New_3518_4b\" src=\"http:\/\/www.leblogmoto.com\/images\/2008\/05\/01\/new_3518_4b.jpg\" width=\"470\"  \/><\/a>&nbsp; &nbsp;&nbsp; &nbsp; <\/p>\n","protected":false},"excerpt":{"rendered":"<p>Nous vous avions parl\u00e9 il y a quelques semaines de la pr\u00e9sence \u00e0 Moscou du trike Stilet dont l&rsquo;impressionnante motorisation en V8 n&rsquo;avait d&rsquo;\u00e9gale que sa tristesse digne d&rsquo;un rafiot abandonn\u00e9 sur pied \u00e0 Vladivostok. Le site motonews.ru publie les photos de cette manifestation en \u00e9vitant &#8211; et on l&rsquo;en remercie &#8211; de nous abreuver [&hellip;]<\/p>\n","protected":false},"author":324,"featured_media":0,"comment_status":"open","ping_status":"open","sticky":false,"template":"","format":"standard","meta":{"footnotes":""},"categories":[84,47,29,36,51,52],"tags":[],"class_list":["post-722","post","type-post","status-publish","format-standard","hentry","category-benelli","category-buell","category-harley-davidson","category-salons","category-suzuki","category-trike"],"yoast_head":"<!-- This site is optimized with the Yoast SEO plugin v26.0 - https:\/\/yoast.com\/wordpress\/plugins\/seo\/ -->\n<title>Le cinqui\u00e8me salon de Moscou en images. - leblogmoto.com<\/title>\n<meta name=\"robots\" content=\"index, follow, max-snippet:-1, max-image-preview:large, max-video-preview:-1\" \/>\n<link rel=\"canonical\" href=\"https:\/\/blogs.thesocialmedia.com\/leblogmoto\/2008\/05\/01\/le-5me-salon-de\/\" \/>\n<meta name=\"twitter:card\" content=\"summary_large_image\" \/>\n<meta name=\"twitter:title\" content=\"Le cinqui\u00e8me salon de Moscou en images. - leblogmoto.com\" \/>\n<meta name=\"twitter:description\" content=\"Nous vous avions parl\u00e9 il y a quelques semaines de la pr\u00e9sence \u00e0 Moscou du trike Stilet dont l&rsquo;impressionnante motorisation en V8 n&rsquo;avait d&rsquo;\u00e9gale que sa tristesse digne d&rsquo;un rafiot abandonn\u00e9 sur pied \u00e0 Vladivostok. Le site motonews.ru publie les photos de cette manifestation en \u00e9vitant &#8211; et on l&rsquo;en remercie &#8211; de nous abreuver [&hellip;]\" \/>\n<meta name=\"twitter:image\" content=\"http:\/\/www.leblogmoto.com\/images\/2008\/05\/01\/new_3518_0b.jpg\" \/>\n<meta name=\"twitter:label1\" content=\"\u00c9crit par\" \/>\n\t<meta name=\"twitter:data1\" content=\"benoit rieu\" \/>\n\t<meta name=\"twitter:label2\" content=\"Dur\u00e9e de lecture estim\u00e9e\" \/>\n\t<meta name=\"twitter:data2\" content=\"1 minute\" \/>\n<script type=\"application\/ld+json\" class=\"yoast-schema-graph\">{\"@context\":\"https:\/\/schema.org\",\"@graph\":[{\"@type\":\"WebPage\",\"@id\":\"https:\/\/blogs.thesocialmedia.com\/leblogmoto\/2008\/05\/01\/le-5me-salon-de\/\",\"url\":\"https:\/\/blogs.thesocialmedia.com\/leblogmoto\/2008\/05\/01\/le-5me-salon-de\/\",\"name\":\"Le cinqui\u00e8me salon de Moscou en images. - leblogmoto.com\",\"isPartOf\":{\"@id\":\"https:\/\/blogs.thesocialmedia.com\/leblogmoto\/#website\"},\"primaryImageOfPage\":{\"@id\":\"https:\/\/blogs.thesocialmedia.com\/leblogmoto\/2008\/05\/01\/le-5me-salon-de\/#primaryimage\"},\"image\":{\"@id\":\"https:\/\/blogs.thesocialmedia.com\/leblogmoto\/2008\/05\/01\/le-5me-salon-de\/#primaryimage\"},\"thumbnailUrl\":\"http:\/\/www.leblogmoto.com\/images\/2008\/05\/01\/new_3518_0b.jpg\",\"datePublished\":\"2008-05-01T22:54:13+00:00\",\"dateModified\":\"2012-07-11T15:44:30+00:00\",\"author\":{\"@id\":\"https:\/\/blogs.thesocialmedia.com\/leblogmoto\/#\/schema\/person\/18bfe773e5725ed6d24f743da805362a\"},\"breadcrumb\":{\"@id\":\"https:\/\/blogs.thesocialmedia.com\/leblogmoto\/2008\/05\/01\/le-5me-salon-de\/#breadcrumb\"},\"inLanguage\":\"fr-FR\",\"potentialAction\":[{\"@type\":\"ReadAction\",\"target\":[\"https:\/\/blogs.thesocialmedia.com\/leblogmoto\/2008\/05\/01\/le-5me-salon-de\/\"]}]},{\"@type\":\"ImageObject\",\"inLanguage\":\"fr-FR\",\"@id\":\"https:\/\/blogs.thesocialmedia.com\/leblogmoto\/2008\/05\/01\/le-5me-salon-de\/#primaryimage\",\"url\":\"http:\/\/www.leblogmoto.com\/images\/2008\/05\/01\/new_3518_0b.jpg\",\"contentUrl\":\"http:\/\/www.leblogmoto.com\/images\/2008\/05\/01\/new_3518_0b.jpg\"},{\"@type\":\"BreadcrumbList\",\"@id\":\"https:\/\/blogs.thesocialmedia.com\/leblogmoto\/2008\/05\/01\/le-5me-salon-de\/#breadcrumb\",\"itemListElement\":[{\"@type\":\"ListItem\",\"position\":1,\"name\":\"Accueil\",\"item\":\"https:\/\/blogs.thesocialmedia.com\/leblogmoto\/\"},{\"@type\":\"ListItem\",\"position\":2,\"name\":\"Le cinqui\u00e8me salon de Moscou en images.\"}]},{\"@type\":\"WebSite\",\"@id\":\"https:\/\/blogs.thesocialmedia.com\/leblogmoto\/#website\",\"url\":\"https:\/\/blogs.thesocialmedia.com\/leblogmoto\/\",\"name\":\"leblogmoto\",\"description\":\"Toute l&#039;actualit\u00e9 des 2 roues\",\"potentialAction\":[{\"@type\":\"SearchAction\",\"target\":{\"@type\":\"EntryPoint\",\"urlTemplate\":\"https:\/\/blogs.thesocialmedia.com\/leblogmoto\/?s={search_term_string}\"},\"query-input\":{\"@type\":\"PropertyValueSpecification\",\"valueRequired\":true,\"valueName\":\"search_term_string\"}}],\"inLanguage\":\"fr-FR\"},{\"@type\":\"Person\",\"@id\":\"https:\/\/blogs.thesocialmedia.com\/leblogmoto\/#\/schema\/person\/18bfe773e5725ed6d24f743da805362a\",\"name\":\"benoit rieu\",\"image\":{\"@type\":\"ImageObject\",\"inLanguage\":\"fr-FR\",\"@id\":\"https:\/\/blogs.thesocialmedia.com\/leblogmoto\/#\/schema\/person\/image\/\",\"url\":\"https:\/\/secure.gravatar.com\/avatar\/?s=96&d=mm&r=g\",\"contentUrl\":\"https:\/\/secure.gravatar.com\/avatar\/?s=96&d=mm&r=g\",\"caption\":\"benoit rieu\"},\"url\":\"https:\/\/blogs.thesocialmedia.com\/leblogmoto\/author\/benoit-rieu\/\"}]}<\/script>\n<!-- \/ Yoast SEO plugin. -->","yoast_head_json":{"title":"Le cinqui\u00e8me salon de Moscou en images. - leblogmoto.com","robots":{"index":"index","follow":"follow","max-snippet":"max-snippet:-1","max-image-preview":"max-image-preview:large","max-video-preview":"max-video-preview:-1"},"canonical":"https:\/\/blogs.thesocialmedia.com\/leblogmoto\/2008\/05\/01\/le-5me-salon-de\/","twitter_card":"summary_large_image","twitter_title":"Le cinqui\u00e8me salon de Moscou en images. - leblogmoto.com","twitter_description":"Nous vous avions parl\u00e9 il y a quelques semaines de la pr\u00e9sence \u00e0 Moscou du trike Stilet dont l&rsquo;impressionnante motorisation en V8 n&rsquo;avait d&rsquo;\u00e9gale que sa tristesse digne d&rsquo;un rafiot abandonn\u00e9 sur pied \u00e0 Vladivostok. Le site motonews.ru publie les photos de cette manifestation en \u00e9vitant &#8211; et on l&rsquo;en remercie &#8211; de nous abreuver [&hellip;]","twitter_image":"http:\/\/www.leblogmoto.com\/images\/2008\/05\/01\/new_3518_0b.jpg","twitter_misc":{"\u00c9crit par":"benoit rieu","Dur\u00e9e de lecture estim\u00e9e":"1 minute"},"schema":{"@context":"https:\/\/schema.org","@graph":[{"@type":"WebPage","@id":"https:\/\/blogs.thesocialmedia.com\/leblogmoto\/2008\/05\/01\/le-5me-salon-de\/","url":"https:\/\/blogs.thesocialmedia.com\/leblogmoto\/2008\/05\/01\/le-5me-salon-de\/","name":"Le cinqui\u00e8me salon de Moscou en images. - leblogmoto.com","isPartOf":{"@id":"https:\/\/blogs.thesocialmedia.com\/leblogmoto\/#website"},"primaryImageOfPage":{"@id":"https:\/\/blogs.thesocialmedia.com\/leblogmoto\/2008\/05\/01\/le-5me-salon-de\/#primaryimage"},"image":{"@id":"https:\/\/blogs.thesocialmedia.com\/leblogmoto\/2008\/05\/01\/le-5me-salon-de\/#primaryimage"},"thumbnailUrl":"http:\/\/www.leblogmoto.com\/images\/2008\/05\/01\/new_3518_0b.jpg","datePublished":"2008-05-01T22:54:13+00:00","dateModified":"2012-07-11T15:44:30+00:00","author":{"@id":"https:\/\/blogs.thesocialmedia.com\/leblogmoto\/#\/schema\/person\/18bfe773e5725ed6d24f743da805362a"},"breadcrumb":{"@id":"https:\/\/blogs.thesocialmedia.com\/leblogmoto\/2008\/05\/01\/le-5me-salon-de\/#breadcrumb"},"inLanguage":"fr-FR","potentialAction":[{"@type":"ReadAction","target":["https:\/\/blogs.thesocialmedia.com\/leblogmoto\/2008\/05\/01\/le-5me-salon-de\/"]}]},{"@type":"ImageObject","inLanguage":"fr-FR","@id":"https:\/\/blogs.thesocialmedia.com\/leblogmoto\/2008\/05\/01\/le-5me-salon-de\/#primaryimage","url":"http:\/\/www.leblogmoto.com\/images\/2008\/05\/01\/new_3518_0b.jpg","contentUrl":"http:\/\/www.leblogmoto.com\/images\/2008\/05\/01\/new_3518_0b.jpg"},{"@type":"BreadcrumbList","@id":"https:\/\/blogs.thesocialmedia.com\/leblogmoto\/2008\/05\/01\/le-5me-salon-de\/#breadcrumb","itemListElement":[{"@type":"ListItem","position":1,"name":"Accueil","item":"https:\/\/blogs.thesocialmedia.com\/leblogmoto\/"},{"@type":"ListItem","position":2,"name":"Le cinqui\u00e8me salon de Moscou en images."}]},{"@type":"WebSite","@id":"https:\/\/blogs.thesocialmedia.com\/leblogmoto\/#website","url":"https:\/\/blogs.thesocialmedia.com\/leblogmoto\/","name":"leblogmoto","description":"Toute l&#039;actualit\u00e9 des 2 roues","potentialAction":[{"@type":"SearchAction","target":{"@type":"EntryPoint","urlTemplate":"https:\/\/blogs.thesocialmedia.com\/leblogmoto\/?s={search_term_string}"},"query-input":{"@type":"PropertyValueSpecification","valueRequired":true,"valueName":"search_term_string"}}],"inLanguage":"fr-FR"},{"@type":"Person","@id":"https:\/\/blogs.thesocialmedia.com\/leblogmoto\/#\/schema\/person\/18bfe773e5725ed6d24f743da805362a","name":"benoit rieu","image":{"@type":"ImageObject","inLanguage":"fr-FR","@id":"https:\/\/blogs.thesocialmedia.com\/leblogmoto\/#\/schema\/person\/image\/","url":"https:\/\/secure.gravatar.com\/avatar\/?s=96&d=mm&r=g","contentUrl":"https:\/\/secure.gravatar.com\/avatar\/?s=96&d=mm&r=g","caption":"benoit rieu"},"url":"https:\/\/blogs.thesocialmedia.com\/leblogmoto\/author\/benoit-rieu\/"}]}},"_links":{"self":[{"href":"https:\/\/blogs.thesocialmedia.com\/leblogmoto\/wp-json\/wp\/v2\/posts\/722","targetHints":{"allow":["GET"]}}],"collection":[{"href":"https:\/\/blogs.thesocialmedia.com\/leblogmoto\/wp-json\/wp\/v2\/posts"}],"about":[{"href":"https:\/\/blogs.thesocialmedia.com\/leblogmoto\/wp-json\/wp\/v2\/types\/post"}],"author":[{"embeddable":true,"href":"https:\/\/blogs.thesocialmedia.com\/leblogmoto\/wp-json\/wp\/v2\/users\/324"}],"replies":[{"embeddable":true,"href":"https:\/\/blogs.thesocialmedia.com\/leblogmoto\/wp-json\/wp\/v2\/comments?post=722"}],"version-history":[{"count":2,"href":"https:\/\/blogs.thesocialmedia.com\/leblogmoto\/wp-json\/wp\/v2\/posts\/722\/revisions"}],"predecessor-version":[{"id":10618,"href":"https:\/\/blogs.thesocialmedia.com\/leblogmoto\/wp-json\/wp\/v2\/posts\/722\/revisions\/10618"}],"wp:attachment":[{"href":"https:\/\/blogs.thesocialmedia.com\/leblogmoto\/wp-json\/wp\/v2\/media?parent=722"}],"wp:term":[{"taxonomy":"category","embeddable":true,"href":"https:\/\/blogs.thesocialmedia.com\/leblogmoto\/wp-json\/wp\/v2\/categories?post=722"},{"taxonomy":"post_tag","embeddable":true,"href":"https:\/\/blogs.thesocialmedia.com\/leblogmoto\/wp-json\/wp\/v2\/tags?post=722"}],"curies":[{"name":"wp","href":"https:\/\/api.w.org\/{rel}","templated":true}]}}