{"id":723,"date":"2008-05-01T22:47:32","date_gmt":"2008-05-01T22:47:32","guid":{"rendered":"http:\/\/blogs.thesocialmedia.com\/leblogmoto\/2008\/05\/01\/la-police-croat\/"},"modified":"2012-07-11T15:43:51","modified_gmt":"2012-07-11T15:43:51","slug":"la-police-croat","status":"publish","type":"post","link":"https:\/\/blogs.thesocialmedia.com\/leblogmoto\/2008\/05\/01\/la-police-croat\/","title":{"rendered":"La police croate ne doit pas appr\u00e9cier qu&rsquo;on lui \u00e9chappe."},"content":{"rendered":"<p><a href=\"http:\/\/blogs.thesocialmedia.com\/leblogmoto\/files\/2012\/07\/crotiapolice2_2.jpg\"><img loading=\"lazy\" decoding=\"async\" height=\"670\" alt=\"Crotiapolice2_2\" src=\"http:\/\/www.leblogmoto.com\/images\/2008\/05\/01\/crotiapolice2_2.jpg\" width=\"470\"  \/><\/a><\/p>\n<p>C&rsquo;est pour cela qu&rsquo;elle utilise cette CBR sans doute. Une moto bien \u00e9quip\u00e9e comme le montrent ces clich\u00e9s: ordinateur de bord, panneau lumineux fa\u00e7on DDE, radio (je pr\u00e9sume), et une cam\u00e9ra arri\u00e8re (et je vous parie qu&rsquo;elle n&rsquo;est pas utilis\u00e9e en tant que cam\u00e9ra de recul comme sur certaines berlines !). On pourrait croire \u00e0 une image photoshopp\u00e9e, mais <a href=\"http:\/\/news.motorbiker.org\/blogs.nsf\/dx\/uniformed-bikers-croatia-motorcycle-police---woow.htm\">Mike Werner<\/a>, notre ami ducatiste normand qui nous lit chaque matin (c&rsquo;est lui qui le dit), assure qu&rsquo;il ne s&rsquo;agit pas d&rsquo;un <em>fake<\/em>. Selon un commentaire laiss\u00e9 sur son <em>thread<\/em>, le mot <em>proba<\/em> sur la plaque d&rsquo;immatriculation indiquerait qu&rsquo;il s&rsquo;agit d&rsquo;un v\u00e9hicule test.<\/p>\n<p>La faible usure des consommables (regardez le pneu AR) et l&rsquo;utilisation d&rsquo;un simple autocollant comme immatriculation semblent aller dans ce sens.<\/p>\n<p><a href=\"http:\/\/clabedan.typepad.com\/.shared\/image.html?\/photos\/uncategorized\/2008\/05\/01\/crotiapolice1.jpg\"><img loading=\"lazy\" decoding=\"async\" height=\"410\" alt=\"Crotiapolice1\" src=\"http:\/\/www.leblogmoto.com\/images\/2008\/05\/01\/crotiapolice1.jpg\" width=\"470\"  \/><\/a><\/p>\n<p><a href=\"http:\/\/blogs.thesocialmedia.com\/leblogmoto\/files\/2012\/07\/crotiapolice3.jpg\"><img loading=\"lazy\" decoding=\"async\" height=\"632\" alt=\"Crotiapolice3\" src=\"http:\/\/www.leblogmoto.com\/images\/2008\/05\/01\/crotiapolice3.jpg\" width=\"470\"  \/><\/a>&nbsp; <\/p>\n","protected":false},"excerpt":{"rendered":"<p>C&rsquo;est pour cela qu&rsquo;elle utilise cette CBR sans doute. Une moto bien \u00e9quip\u00e9e comme le montrent ces clich\u00e9s: ordinateur de bord, panneau lumineux fa\u00e7on DDE, radio (je pr\u00e9sume), et une cam\u00e9ra arri\u00e8re (et je vous parie qu&rsquo;elle n&rsquo;est pas utilis\u00e9e en tant que cam\u00e9ra de recul comme sur certaines berlines !). On pourrait croire \u00e0 [&hellip;]<\/p>\n","protected":false},"author":324,"featured_media":0,"comment_status":"open","ping_status":"open","sticky":false,"template":"","format":"standard","meta":{"footnotes":""},"categories":[14,58,27],"tags":[],"class_list":["post-723","post","type-post","status-publish","format-standard","hentry","category-honda","category-insolite","category-securite"],"yoast_head":"<!-- This site is optimized with the Yoast SEO plugin v26.0 - https:\/\/yoast.com\/wordpress\/plugins\/seo\/ -->\n<title>La police croate ne doit pas appr\u00e9cier qu&#039;on lui \u00e9chappe. - leblogmoto.com<\/title>\n<meta name=\"robots\" content=\"index, follow, max-snippet:-1, max-image-preview:large, max-video-preview:-1\" \/>\n<link rel=\"canonical\" href=\"https:\/\/blogs.thesocialmedia.com\/leblogmoto\/2008\/05\/01\/la-police-croat\/\" \/>\n<meta name=\"twitter:card\" content=\"summary_large_image\" \/>\n<meta name=\"twitter:title\" content=\"La police croate ne doit pas appr\u00e9cier qu&#039;on lui \u00e9chappe. - leblogmoto.com\" \/>\n<meta name=\"twitter:description\" content=\"C&rsquo;est pour cela qu&rsquo;elle utilise cette CBR sans doute. Une moto bien \u00e9quip\u00e9e comme le montrent ces clich\u00e9s: ordinateur de bord, panneau lumineux fa\u00e7on DDE, radio (je pr\u00e9sume), et une cam\u00e9ra arri\u00e8re (et je vous parie qu&rsquo;elle n&rsquo;est pas utilis\u00e9e en tant que cam\u00e9ra de recul comme sur certaines berlines !). On pourrait croire \u00e0 [&hellip;]\" \/>\n<meta name=\"twitter:image\" content=\"http:\/\/www.leblogmoto.com\/images\/2008\/05\/01\/crotiapolice2_2.jpg\" \/>\n<meta name=\"twitter:label1\" content=\"\u00c9crit par\" \/>\n\t<meta name=\"twitter:data1\" content=\"benoit rieu\" \/>\n\t<meta name=\"twitter:label2\" content=\"Dur\u00e9e de lecture estim\u00e9e\" \/>\n\t<meta name=\"twitter:data2\" content=\"1 minute\" \/>\n<script type=\"application\/ld+json\" class=\"yoast-schema-graph\">{\"@context\":\"https:\/\/schema.org\",\"@graph\":[{\"@type\":\"WebPage\",\"@id\":\"https:\/\/blogs.thesocialmedia.com\/leblogmoto\/2008\/05\/01\/la-police-croat\/\",\"url\":\"https:\/\/blogs.thesocialmedia.com\/leblogmoto\/2008\/05\/01\/la-police-croat\/\",\"name\":\"La police croate ne doit pas appr\u00e9cier qu'on lui \u00e9chappe. - leblogmoto.com\",\"isPartOf\":{\"@id\":\"https:\/\/blogs.thesocialmedia.com\/leblogmoto\/#website\"},\"primaryImageOfPage\":{\"@id\":\"https:\/\/blogs.thesocialmedia.com\/leblogmoto\/2008\/05\/01\/la-police-croat\/#primaryimage\"},\"image\":{\"@id\":\"https:\/\/blogs.thesocialmedia.com\/leblogmoto\/2008\/05\/01\/la-police-croat\/#primaryimage\"},\"thumbnailUrl\":\"http:\/\/www.leblogmoto.com\/images\/2008\/05\/01\/crotiapolice2_2.jpg\",\"datePublished\":\"2008-05-01T22:47:32+00:00\",\"dateModified\":\"2012-07-11T15:43:51+00:00\",\"author\":{\"@id\":\"https:\/\/blogs.thesocialmedia.com\/leblogmoto\/#\/schema\/person\/18bfe773e5725ed6d24f743da805362a\"},\"breadcrumb\":{\"@id\":\"https:\/\/blogs.thesocialmedia.com\/leblogmoto\/2008\/05\/01\/la-police-croat\/#breadcrumb\"},\"inLanguage\":\"fr-FR\",\"potentialAction\":[{\"@type\":\"ReadAction\",\"target\":[\"https:\/\/blogs.thesocialmedia.com\/leblogmoto\/2008\/05\/01\/la-police-croat\/\"]}]},{\"@type\":\"ImageObject\",\"inLanguage\":\"fr-FR\",\"@id\":\"https:\/\/blogs.thesocialmedia.com\/leblogmoto\/2008\/05\/01\/la-police-croat\/#primaryimage\",\"url\":\"http:\/\/www.leblogmoto.com\/images\/2008\/05\/01\/crotiapolice2_2.jpg\",\"contentUrl\":\"http:\/\/www.leblogmoto.com\/images\/2008\/05\/01\/crotiapolice2_2.jpg\"},{\"@type\":\"BreadcrumbList\",\"@id\":\"https:\/\/blogs.thesocialmedia.com\/leblogmoto\/2008\/05\/01\/la-police-croat\/#breadcrumb\",\"itemListElement\":[{\"@type\":\"ListItem\",\"position\":1,\"name\":\"Accueil\",\"item\":\"https:\/\/blogs.thesocialmedia.com\/leblogmoto\/\"},{\"@type\":\"ListItem\",\"position\":2,\"name\":\"La police croate ne doit pas appr\u00e9cier qu&rsquo;on lui \u00e9chappe.\"}]},{\"@type\":\"WebSite\",\"@id\":\"https:\/\/blogs.thesocialmedia.com\/leblogmoto\/#website\",\"url\":\"https:\/\/blogs.thesocialmedia.com\/leblogmoto\/\",\"name\":\"leblogmoto\",\"description\":\"Toute l&#039;actualit\u00e9 des 2 roues\",\"potentialAction\":[{\"@type\":\"SearchAction\",\"target\":{\"@type\":\"EntryPoint\",\"urlTemplate\":\"https:\/\/blogs.thesocialmedia.com\/leblogmoto\/?s={search_term_string}\"},\"query-input\":{\"@type\":\"PropertyValueSpecification\",\"valueRequired\":true,\"valueName\":\"search_term_string\"}}],\"inLanguage\":\"fr-FR\"},{\"@type\":\"Person\",\"@id\":\"https:\/\/blogs.thesocialmedia.com\/leblogmoto\/#\/schema\/person\/18bfe773e5725ed6d24f743da805362a\",\"name\":\"benoit rieu\",\"image\":{\"@type\":\"ImageObject\",\"inLanguage\":\"fr-FR\",\"@id\":\"https:\/\/blogs.thesocialmedia.com\/leblogmoto\/#\/schema\/person\/image\/\",\"url\":\"https:\/\/secure.gravatar.com\/avatar\/?s=96&d=mm&r=g\",\"contentUrl\":\"https:\/\/secure.gravatar.com\/avatar\/?s=96&d=mm&r=g\",\"caption\":\"benoit rieu\"},\"url\":\"https:\/\/blogs.thesocialmedia.com\/leblogmoto\/author\/benoit-rieu\/\"}]}<\/script>\n<!-- \/ Yoast SEO plugin. -->","yoast_head_json":{"title":"La police croate ne doit pas appr\u00e9cier qu'on lui \u00e9chappe. - leblogmoto.com","robots":{"index":"index","follow":"follow","max-snippet":"max-snippet:-1","max-image-preview":"max-image-preview:large","max-video-preview":"max-video-preview:-1"},"canonical":"https:\/\/blogs.thesocialmedia.com\/leblogmoto\/2008\/05\/01\/la-police-croat\/","twitter_card":"summary_large_image","twitter_title":"La police croate ne doit pas appr\u00e9cier qu'on lui \u00e9chappe. - leblogmoto.com","twitter_description":"C&rsquo;est pour cela qu&rsquo;elle utilise cette CBR sans doute. Une moto bien \u00e9quip\u00e9e comme le montrent ces clich\u00e9s: ordinateur de bord, panneau lumineux fa\u00e7on DDE, radio (je pr\u00e9sume), et une cam\u00e9ra arri\u00e8re (et je vous parie qu&rsquo;elle n&rsquo;est pas utilis\u00e9e en tant que cam\u00e9ra de recul comme sur certaines berlines !). On pourrait croire \u00e0 [&hellip;]","twitter_image":"http:\/\/www.leblogmoto.com\/images\/2008\/05\/01\/crotiapolice2_2.jpg","twitter_misc":{"\u00c9crit par":"benoit rieu","Dur\u00e9e de lecture estim\u00e9e":"1 minute"},"schema":{"@context":"https:\/\/schema.org","@graph":[{"@type":"WebPage","@id":"https:\/\/blogs.thesocialmedia.com\/leblogmoto\/2008\/05\/01\/la-police-croat\/","url":"https:\/\/blogs.thesocialmedia.com\/leblogmoto\/2008\/05\/01\/la-police-croat\/","name":"La police croate ne doit pas appr\u00e9cier qu'on lui \u00e9chappe. - leblogmoto.com","isPartOf":{"@id":"https:\/\/blogs.thesocialmedia.com\/leblogmoto\/#website"},"primaryImageOfPage":{"@id":"https:\/\/blogs.thesocialmedia.com\/leblogmoto\/2008\/05\/01\/la-police-croat\/#primaryimage"},"image":{"@id":"https:\/\/blogs.thesocialmedia.com\/leblogmoto\/2008\/05\/01\/la-police-croat\/#primaryimage"},"thumbnailUrl":"http:\/\/www.leblogmoto.com\/images\/2008\/05\/01\/crotiapolice2_2.jpg","datePublished":"2008-05-01T22:47:32+00:00","dateModified":"2012-07-11T15:43:51+00:00","author":{"@id":"https:\/\/blogs.thesocialmedia.com\/leblogmoto\/#\/schema\/person\/18bfe773e5725ed6d24f743da805362a"},"breadcrumb":{"@id":"https:\/\/blogs.thesocialmedia.com\/leblogmoto\/2008\/05\/01\/la-police-croat\/#breadcrumb"},"inLanguage":"fr-FR","potentialAction":[{"@type":"ReadAction","target":["https:\/\/blogs.thesocialmedia.com\/leblogmoto\/2008\/05\/01\/la-police-croat\/"]}]},{"@type":"ImageObject","inLanguage":"fr-FR","@id":"https:\/\/blogs.thesocialmedia.com\/leblogmoto\/2008\/05\/01\/la-police-croat\/#primaryimage","url":"http:\/\/www.leblogmoto.com\/images\/2008\/05\/01\/crotiapolice2_2.jpg","contentUrl":"http:\/\/www.leblogmoto.com\/images\/2008\/05\/01\/crotiapolice2_2.jpg"},{"@type":"BreadcrumbList","@id":"https:\/\/blogs.thesocialmedia.com\/leblogmoto\/2008\/05\/01\/la-police-croat\/#breadcrumb","itemListElement":[{"@type":"ListItem","position":1,"name":"Accueil","item":"https:\/\/blogs.thesocialmedia.com\/leblogmoto\/"},{"@type":"ListItem","position":2,"name":"La police croate ne doit pas appr\u00e9cier qu&rsquo;on lui \u00e9chappe."}]},{"@type":"WebSite","@id":"https:\/\/blogs.thesocialmedia.com\/leblogmoto\/#website","url":"https:\/\/blogs.thesocialmedia.com\/leblogmoto\/","name":"leblogmoto","description":"Toute l&#039;actualit\u00e9 des 2 roues","potentialAction":[{"@type":"SearchAction","target":{"@type":"EntryPoint","urlTemplate":"https:\/\/blogs.thesocialmedia.com\/leblogmoto\/?s={search_term_string}"},"query-input":{"@type":"PropertyValueSpecification","valueRequired":true,"valueName":"search_term_string"}}],"inLanguage":"fr-FR"},{"@type":"Person","@id":"https:\/\/blogs.thesocialmedia.com\/leblogmoto\/#\/schema\/person\/18bfe773e5725ed6d24f743da805362a","name":"benoit rieu","image":{"@type":"ImageObject","inLanguage":"fr-FR","@id":"https:\/\/blogs.thesocialmedia.com\/leblogmoto\/#\/schema\/person\/image\/","url":"https:\/\/secure.gravatar.com\/avatar\/?s=96&d=mm&r=g","contentUrl":"https:\/\/secure.gravatar.com\/avatar\/?s=96&d=mm&r=g","caption":"benoit rieu"},"url":"https:\/\/blogs.thesocialmedia.com\/leblogmoto\/author\/benoit-rieu\/"}]}},"_links":{"self":[{"href":"https:\/\/blogs.thesocialmedia.com\/leblogmoto\/wp-json\/wp\/v2\/posts\/723","targetHints":{"allow":["GET"]}}],"collection":[{"href":"https:\/\/blogs.thesocialmedia.com\/leblogmoto\/wp-json\/wp\/v2\/posts"}],"about":[{"href":"https:\/\/blogs.thesocialmedia.com\/leblogmoto\/wp-json\/wp\/v2\/types\/post"}],"author":[{"embeddable":true,"href":"https:\/\/blogs.thesocialmedia.com\/leblogmoto\/wp-json\/wp\/v2\/users\/324"}],"replies":[{"embeddable":true,"href":"https:\/\/blogs.thesocialmedia.com\/leblogmoto\/wp-json\/wp\/v2\/comments?post=723"}],"version-history":[{"count":2,"href":"https:\/\/blogs.thesocialmedia.com\/leblogmoto\/wp-json\/wp\/v2\/posts\/723\/revisions"}],"predecessor-version":[{"id":10606,"href":"https:\/\/blogs.thesocialmedia.com\/leblogmoto\/wp-json\/wp\/v2\/posts\/723\/revisions\/10606"}],"wp:attachment":[{"href":"https:\/\/blogs.thesocialmedia.com\/leblogmoto\/wp-json\/wp\/v2\/media?parent=723"}],"wp:term":[{"taxonomy":"category","embeddable":true,"href":"https:\/\/blogs.thesocialmedia.com\/leblogmoto\/wp-json\/wp\/v2\/categories?post=723"},{"taxonomy":"post_tag","embeddable":true,"href":"https:\/\/blogs.thesocialmedia.com\/leblogmoto\/wp-json\/wp\/v2\/tags?post=723"}],"curies":[{"name":"wp","href":"https:\/\/api.w.org\/{rel}","templated":true}]}}