{"id":725,"date":"2008-05-01T02:13:16","date_gmt":"2008-05-01T02:13:16","guid":{"rendered":"http:\/\/blogs.thesocialmedia.com\/leblogmoto\/2008\/05\/01\/photos-du-team\/"},"modified":"2012-07-11T15:43:48","modified_gmt":"2012-07-11T15:43:48","slug":"photos-du-team","status":"publish","type":"post","link":"https:\/\/blogs.thesocialmedia.com\/leblogmoto\/2008\/05\/01\/photos-du-team\/","title":{"rendered":"Photos du Team Dafy Moto en course"},"content":{"rendered":"<p><a href=\"http:\/\/blogs.thesocialmedia.com\/leblogmoto\/files\/2012\/07\/adrien.jpg\"><img loading=\"lazy\" decoding=\"async\" width=\"470\" height=\"563\"  alt=\"Adrien\" src=\"http:\/\/www.leblogmoto.com\/images\/2008\/04\/30\/adrien.jpg\" style=\"margin: 0px 5px 5px 0px;float: left\" \/><\/a> Aujourd&rsquo;hui quelques photos de la machine et de ses pilotes lors de la course. Veuillez noter la m\u00e9thode particuli\u00e8re de Franck qui ferme les yeux au freinage de la courbe Dunlop au milieu des graviers r\u00e9pandus sur la piste&#8230;<a href=\"http:\/\/blogs.thesocialmedia.com\/leblogmoto\/files\/2012\/07\/37_race.jpg\"><br \/><\/a> <\/p>\n<p><a href=\"http:\/\/blogs.thesocialmedia.com\/leblogmoto\/files\/2012\/07\/37_race.jpg\"><img loading=\"lazy\" decoding=\"async\" width=\"470\" height=\"312\"  src=\"http:\/\/www.leblogmoto.com\/images\/2008\/04\/28\/37_race.jpg\" alt=\"37_race\" style=\"margin: 0px 5px 5px 0px;float: left\" \/><\/a> <\/p>\n<div style=\"width: 480px;text-align: center\"><embed width=\"480\" height=\"360\" type=\"application\/x-shockwave-flash\" src=\"http:\/\/w248.photobucket.com\/pbwidget.swf?pbwurl=http:\/\/w248.photobucket.com\/albums\/gg180\/ebipbip\/TEAM DAFY MOTO CIRCUIT\/577b6b10.pbw\"><\/embed><a href=\"http:\/\/s248.photobucket.com\/albums\/gg180\/ebipbip\/TEAM%20DAFY%20MOTO%20CIRCUIT\/?action=view&amp;current=577b6b10.pbw\" target=\"_blank\"><br \/><\/a><\/div>\n<p>Cr\u00e9dits Photos: <a href=\"http:\/\/www.leblogmoto.com\/2008\/04\/24-heures-du--8.html\">Christian Hamel<\/a><\/p>\n<div><object width=\"480\" height=\"367\"><param name=\"movie\" value=\"http:\/\/www.dailymotion.com\/swf\/x59m9s&amp;v3=1&amp;related=1\" \/><param name=\"allowFullScreen\" value=\"true\" \/><param name=\"allowScriptAccess\" value=\"always\" \/><embed width=\"480\" height=\"367\" src=\"http:\/\/www.dailymotion.com\/swf\/x59m9s&amp;v3=1&amp;related=1\" type=\"application\/x-shockwave-flash\"><\/embed><\/object><em><a href=\"http:\/\/www.dailymotion.com\/Quart2Tours\"><br \/><\/a><\/em><\/div>\n","protected":false},"excerpt":{"rendered":"<p>Aujourd&rsquo;hui quelques photos de la machine et de ses pilotes lors de la course. Veuillez noter la m\u00e9thode particuli\u00e8re de Franck qui ferme les yeux au freinage de la courbe Dunlop au milieu des graviers r\u00e9pandus sur la piste&#8230; Cr\u00e9dits Photos: Christian Hamel<\/p>\n","protected":false},"author":323,"featured_media":0,"comment_status":"open","ping_status":"open","sticky":false,"template":"","format":"standard","meta":{"footnotes":""},"categories":[32],"tags":[],"class_list":["post-725","post","type-post","status-publish","format-standard","hentry","category-sport-moto"],"yoast_head":"<!-- This site is optimized with the Yoast SEO plugin v26.0 - https:\/\/yoast.com\/wordpress\/plugins\/seo\/ -->\n<title>Photos du Team Dafy Moto en course - leblogmoto.com<\/title>\n<meta name=\"robots\" content=\"index, follow, max-snippet:-1, max-image-preview:large, max-video-preview:-1\" \/>\n<link rel=\"canonical\" href=\"https:\/\/blogs.thesocialmedia.com\/leblogmoto\/2008\/05\/01\/photos-du-team\/\" \/>\n<meta name=\"twitter:card\" content=\"summary_large_image\" \/>\n<meta name=\"twitter:title\" content=\"Photos du Team Dafy Moto en course - leblogmoto.com\" \/>\n<meta name=\"twitter:description\" content=\"Aujourd&rsquo;hui quelques photos de la machine et de ses pilotes lors de la course. Veuillez noter la m\u00e9thode particuli\u00e8re de Franck qui ferme les yeux au freinage de la courbe Dunlop au milieu des graviers r\u00e9pandus sur la piste&#8230; Cr\u00e9dits Photos: Christian Hamel\" \/>\n<meta name=\"twitter:image\" content=\"http:\/\/www.leblogmoto.com\/images\/2008\/04\/30\/adrien.jpg\" \/>\n<meta name=\"twitter:label1\" content=\"\u00c9crit par\" \/>\n\t<meta name=\"twitter:data1\" content=\"albin le guyader\" \/>\n<script type=\"application\/ld+json\" class=\"yoast-schema-graph\">{\"@context\":\"https:\/\/schema.org\",\"@graph\":[{\"@type\":\"WebPage\",\"@id\":\"https:\/\/blogs.thesocialmedia.com\/leblogmoto\/2008\/05\/01\/photos-du-team\/\",\"url\":\"https:\/\/blogs.thesocialmedia.com\/leblogmoto\/2008\/05\/01\/photos-du-team\/\",\"name\":\"Photos du Team Dafy Moto en course - leblogmoto.com\",\"isPartOf\":{\"@id\":\"https:\/\/blogs.thesocialmedia.com\/leblogmoto\/#website\"},\"primaryImageOfPage\":{\"@id\":\"https:\/\/blogs.thesocialmedia.com\/leblogmoto\/2008\/05\/01\/photos-du-team\/#primaryimage\"},\"image\":{\"@id\":\"https:\/\/blogs.thesocialmedia.com\/leblogmoto\/2008\/05\/01\/photos-du-team\/#primaryimage\"},\"thumbnailUrl\":\"http:\/\/www.leblogmoto.com\/images\/2008\/04\/30\/adrien.jpg\",\"datePublished\":\"2008-05-01T02:13:16+00:00\",\"dateModified\":\"2012-07-11T15:43:48+00:00\",\"author\":{\"@id\":\"https:\/\/blogs.thesocialmedia.com\/leblogmoto\/#\/schema\/person\/b496d27c898c29a39678e2425cafb9ae\"},\"breadcrumb\":{\"@id\":\"https:\/\/blogs.thesocialmedia.com\/leblogmoto\/2008\/05\/01\/photos-du-team\/#breadcrumb\"},\"inLanguage\":\"fr-FR\",\"potentialAction\":[{\"@type\":\"ReadAction\",\"target\":[\"https:\/\/blogs.thesocialmedia.com\/leblogmoto\/2008\/05\/01\/photos-du-team\/\"]}]},{\"@type\":\"ImageObject\",\"inLanguage\":\"fr-FR\",\"@id\":\"https:\/\/blogs.thesocialmedia.com\/leblogmoto\/2008\/05\/01\/photos-du-team\/#primaryimage\",\"url\":\"http:\/\/www.leblogmoto.com\/images\/2008\/04\/30\/adrien.jpg\",\"contentUrl\":\"http:\/\/www.leblogmoto.com\/images\/2008\/04\/30\/adrien.jpg\"},{\"@type\":\"BreadcrumbList\",\"@id\":\"https:\/\/blogs.thesocialmedia.com\/leblogmoto\/2008\/05\/01\/photos-du-team\/#breadcrumb\",\"itemListElement\":[{\"@type\":\"ListItem\",\"position\":1,\"name\":\"Accueil\",\"item\":\"https:\/\/blogs.thesocialmedia.com\/leblogmoto\/\"},{\"@type\":\"ListItem\",\"position\":2,\"name\":\"Photos du Team Dafy Moto en course\"}]},{\"@type\":\"WebSite\",\"@id\":\"https:\/\/blogs.thesocialmedia.com\/leblogmoto\/#website\",\"url\":\"https:\/\/blogs.thesocialmedia.com\/leblogmoto\/\",\"name\":\"leblogmoto\",\"description\":\"Toute l&#039;actualit\u00e9 des 2 roues\",\"potentialAction\":[{\"@type\":\"SearchAction\",\"target\":{\"@type\":\"EntryPoint\",\"urlTemplate\":\"https:\/\/blogs.thesocialmedia.com\/leblogmoto\/?s={search_term_string}\"},\"query-input\":{\"@type\":\"PropertyValueSpecification\",\"valueRequired\":true,\"valueName\":\"search_term_string\"}}],\"inLanguage\":\"fr-FR\"},{\"@type\":\"Person\",\"@id\":\"https:\/\/blogs.thesocialmedia.com\/leblogmoto\/#\/schema\/person\/b496d27c898c29a39678e2425cafb9ae\",\"name\":\"albin le guyader\",\"image\":{\"@type\":\"ImageObject\",\"inLanguage\":\"fr-FR\",\"@id\":\"https:\/\/blogs.thesocialmedia.com\/leblogmoto\/#\/schema\/person\/image\/\",\"url\":\"https:\/\/secure.gravatar.com\/avatar\/?s=96&d=mm&r=g\",\"contentUrl\":\"https:\/\/secure.gravatar.com\/avatar\/?s=96&d=mm&r=g\",\"caption\":\"albin le guyader\"},\"url\":\"https:\/\/blogs.thesocialmedia.com\/leblogmoto\/author\/albin-le-guyader\/\"}]}<\/script>\n<!-- \/ Yoast SEO plugin. -->","yoast_head_json":{"title":"Photos du Team Dafy Moto en course - leblogmoto.com","robots":{"index":"index","follow":"follow","max-snippet":"max-snippet:-1","max-image-preview":"max-image-preview:large","max-video-preview":"max-video-preview:-1"},"canonical":"https:\/\/blogs.thesocialmedia.com\/leblogmoto\/2008\/05\/01\/photos-du-team\/","twitter_card":"summary_large_image","twitter_title":"Photos du Team Dafy Moto en course - leblogmoto.com","twitter_description":"Aujourd&rsquo;hui quelques photos de la machine et de ses pilotes lors de la course. Veuillez noter la m\u00e9thode particuli\u00e8re de Franck qui ferme les yeux au freinage de la courbe Dunlop au milieu des graviers r\u00e9pandus sur la piste&#8230; Cr\u00e9dits Photos: Christian Hamel","twitter_image":"http:\/\/www.leblogmoto.com\/images\/2008\/04\/30\/adrien.jpg","twitter_misc":{"\u00c9crit par":"albin le guyader"},"schema":{"@context":"https:\/\/schema.org","@graph":[{"@type":"WebPage","@id":"https:\/\/blogs.thesocialmedia.com\/leblogmoto\/2008\/05\/01\/photos-du-team\/","url":"https:\/\/blogs.thesocialmedia.com\/leblogmoto\/2008\/05\/01\/photos-du-team\/","name":"Photos du Team Dafy Moto en course - leblogmoto.com","isPartOf":{"@id":"https:\/\/blogs.thesocialmedia.com\/leblogmoto\/#website"},"primaryImageOfPage":{"@id":"https:\/\/blogs.thesocialmedia.com\/leblogmoto\/2008\/05\/01\/photos-du-team\/#primaryimage"},"image":{"@id":"https:\/\/blogs.thesocialmedia.com\/leblogmoto\/2008\/05\/01\/photos-du-team\/#primaryimage"},"thumbnailUrl":"http:\/\/www.leblogmoto.com\/images\/2008\/04\/30\/adrien.jpg","datePublished":"2008-05-01T02:13:16+00:00","dateModified":"2012-07-11T15:43:48+00:00","author":{"@id":"https:\/\/blogs.thesocialmedia.com\/leblogmoto\/#\/schema\/person\/b496d27c898c29a39678e2425cafb9ae"},"breadcrumb":{"@id":"https:\/\/blogs.thesocialmedia.com\/leblogmoto\/2008\/05\/01\/photos-du-team\/#breadcrumb"},"inLanguage":"fr-FR","potentialAction":[{"@type":"ReadAction","target":["https:\/\/blogs.thesocialmedia.com\/leblogmoto\/2008\/05\/01\/photos-du-team\/"]}]},{"@type":"ImageObject","inLanguage":"fr-FR","@id":"https:\/\/blogs.thesocialmedia.com\/leblogmoto\/2008\/05\/01\/photos-du-team\/#primaryimage","url":"http:\/\/www.leblogmoto.com\/images\/2008\/04\/30\/adrien.jpg","contentUrl":"http:\/\/www.leblogmoto.com\/images\/2008\/04\/30\/adrien.jpg"},{"@type":"BreadcrumbList","@id":"https:\/\/blogs.thesocialmedia.com\/leblogmoto\/2008\/05\/01\/photos-du-team\/#breadcrumb","itemListElement":[{"@type":"ListItem","position":1,"name":"Accueil","item":"https:\/\/blogs.thesocialmedia.com\/leblogmoto\/"},{"@type":"ListItem","position":2,"name":"Photos du Team Dafy Moto en course"}]},{"@type":"WebSite","@id":"https:\/\/blogs.thesocialmedia.com\/leblogmoto\/#website","url":"https:\/\/blogs.thesocialmedia.com\/leblogmoto\/","name":"leblogmoto","description":"Toute l&#039;actualit\u00e9 des 2 roues","potentialAction":[{"@type":"SearchAction","target":{"@type":"EntryPoint","urlTemplate":"https:\/\/blogs.thesocialmedia.com\/leblogmoto\/?s={search_term_string}"},"query-input":{"@type":"PropertyValueSpecification","valueRequired":true,"valueName":"search_term_string"}}],"inLanguage":"fr-FR"},{"@type":"Person","@id":"https:\/\/blogs.thesocialmedia.com\/leblogmoto\/#\/schema\/person\/b496d27c898c29a39678e2425cafb9ae","name":"albin le guyader","image":{"@type":"ImageObject","inLanguage":"fr-FR","@id":"https:\/\/blogs.thesocialmedia.com\/leblogmoto\/#\/schema\/person\/image\/","url":"https:\/\/secure.gravatar.com\/avatar\/?s=96&d=mm&r=g","contentUrl":"https:\/\/secure.gravatar.com\/avatar\/?s=96&d=mm&r=g","caption":"albin le guyader"},"url":"https:\/\/blogs.thesocialmedia.com\/leblogmoto\/author\/albin-le-guyader\/"}]}},"_links":{"self":[{"href":"https:\/\/blogs.thesocialmedia.com\/leblogmoto\/wp-json\/wp\/v2\/posts\/725","targetHints":{"allow":["GET"]}}],"collection":[{"href":"https:\/\/blogs.thesocialmedia.com\/leblogmoto\/wp-json\/wp\/v2\/posts"}],"about":[{"href":"https:\/\/blogs.thesocialmedia.com\/leblogmoto\/wp-json\/wp\/v2\/types\/post"}],"author":[{"embeddable":true,"href":"https:\/\/blogs.thesocialmedia.com\/leblogmoto\/wp-json\/wp\/v2\/users\/323"}],"replies":[{"embeddable":true,"href":"https:\/\/blogs.thesocialmedia.com\/leblogmoto\/wp-json\/wp\/v2\/comments?post=725"}],"version-history":[{"count":2,"href":"https:\/\/blogs.thesocialmedia.com\/leblogmoto\/wp-json\/wp\/v2\/posts\/725\/revisions"}],"predecessor-version":[{"id":10603,"href":"https:\/\/blogs.thesocialmedia.com\/leblogmoto\/wp-json\/wp\/v2\/posts\/725\/revisions\/10603"}],"wp:attachment":[{"href":"https:\/\/blogs.thesocialmedia.com\/leblogmoto\/wp-json\/wp\/v2\/media?parent=725"}],"wp:term":[{"taxonomy":"category","embeddable":true,"href":"https:\/\/blogs.thesocialmedia.com\/leblogmoto\/wp-json\/wp\/v2\/categories?post=725"},{"taxonomy":"post_tag","embeddable":true,"href":"https:\/\/blogs.thesocialmedia.com\/leblogmoto\/wp-json\/wp\/v2\/tags?post=725"}],"curies":[{"name":"wp","href":"https:\/\/api.w.org\/{rel}","templated":true}]}}