{"id":727,"date":"2008-04-30T23:59:18","date_gmt":"2008-04-30T23:59:18","guid":{"rendered":"http:\/\/blogs.thesocialmedia.com\/leblogmoto\/2008\/04\/30\/immatriculation-2\/"},"modified":"2012-07-11T15:43:39","modified_gmt":"2012-07-11T15:43:39","slug":"immatriculation-2","status":"publish","type":"post","link":"https:\/\/blogs.thesocialmedia.com\/leblogmoto\/2008\/04\/30\/immatriculation-2\/","title":{"rendered":"Immatriculation, les d\u00e9partements se rebiffent."},"content":{"rendered":"<p><a href=\"http:\/\/blogs.thesocialmedia.com\/leblogmoto\/files\/2012\/07\/moto_sportive_ktm_rc8_j1.jpg\"><img loading=\"lazy\" decoding=\"async\" height=\"393\" alt=\"Moto_sportive_ktm_rc8_j\" src=\"http:\/\/www.leblogmoto.com\/images\/2008\/04\/30\/moto_sportive_ktm_rc8_j.jpg\" width=\"470\"  \/><\/a> <\/p>\n<p>Quelle plaque pour orner et surtout identifier cette <a href=\"http:\/\/blogs.thesocialmedia.com\/leblogmoto\/files\/2012\/07\/session-de-ratt.html_2.png\">KTM RC8<\/a> de l&rsquo;heureux motard fran\u00e7ais qui la poss\u00e8dera ? Le collectif &quot;Jamais sans mon d\u00e9partement&quot;, dont le but est de garder les num\u00e9ros de ces collectivit\u00e9s locales sur les plaques min\u00e9ralogiques, compte bien remettre en cause le nouveau SIV*. En jeu: la suppression de la mention obligatoire du d\u00e9partement apr\u00e8s le premier janvier 2009, date de l&rsquo;entr\u00e9e en vigueur de la r\u00e9forme.<\/p>\n<p>Pour cela, ce groupe a \u00e9crit une lettre adress\u00e9e <a href=\"http:\/\/www.lefigaro.fr\/actualites\/2008\/04\/30\/01001-20080430ARTFIG00012-plaques-mineralogiquesla-fronde-s-amplifie.php\">aujourd&rsquo;hui<\/a> au Minist\u00e8re de l&rsquo;Int\u00e9rieur pour faire valoir son point de vue, sans grande chance d&rsquo;\u00eatre entendu. <\/p>\n<p>Au del\u00e0 de la fiert\u00e9 d&rsquo;appartenance locale** (64 % des Fran\u00e7ais se disent attach\u00e9s \u00e0 cette mention sur le v\u00e9hicule) on peut se demander si ces parlementaires ne m\u00e8nent pas l\u00e0 <a href=\"http:\/\/www.liberation.fr\/actualite\/societe\/323986.FR.php\">un combat d&rsquo;arri\u00e8re-garde<\/a>, sachant que le proprio du v\u00e9hicule pourra conserver le num\u00e9ro de d\u00e9partement de son choix, en plus des lettres et chiffres obligatoires.<\/p>\n<p><a href=\"http:\/\/clabedan.typepad.com\/.shared\/image.html?\/photos\/uncategorized\/2008\/04\/30\/aa229aa.png\"><img loading=\"lazy\" decoding=\"async\" height=\"97\" alt=\"Aa229aa\" src=\"http:\/\/www.leblogmoto.com\/images\/2008\/04\/30\/aa229aa.png\" width=\"470\"  \/><\/a> <\/p>\n<p>Ici une plaque d&rsquo;automobile, sur une seule ligne donc, avec le nouveau SIV.<\/p>\n<p>Quant aux deux-roues, vu la taille des plaques, et les PV souvent dress\u00e9s pour leur dimension trop r\u00e9duite***, on se demande si la future surabondance de num\u00e9ros ne nous fera pas revenir \u00e0 la plaque de garde boue-avant \u00e0 l&rsquo;ancienne&#8230;<\/p>\n<p><em>*Syst\u00e8me d&rsquo;Immatriculation des V\u00e9hicules.<\/em><\/p>\n<p><em>**vive les 31, les 81 et les 06 ! C&rsquo;\u00e9tait un message perso.<\/em><\/p>\n<p><em>***sa surface doit \u00eatre de 200 cm2 et son lettrage doit aussi respecter certaines r\u00e8gles, sinon: amende de 4\u00e8me classe avec immobilisation du v\u00e9hicule.<\/em><\/p>\n<p><em>source de la news: Liberation et LeFigaro.fr<\/em><\/p>\n","protected":false},"excerpt":{"rendered":"<p>Quelle plaque pour orner et surtout identifier cette KTM RC8 de l&rsquo;heureux motard fran\u00e7ais qui la poss\u00e8dera ? Le collectif &quot;Jamais sans mon d\u00e9partement&quot;, dont le but est de garder les num\u00e9ros de ces collectivit\u00e9s locales sur les plaques min\u00e9ralogiques, compte bien remettre en cause le nouveau SIV*. En jeu: la suppression de la mention [&hellip;]<\/p>\n","protected":false},"author":324,"featured_media":0,"comment_status":"open","ping_status":"open","sticky":false,"template":"","format":"standard","meta":{"footnotes":""},"categories":[3,17,27],"tags":[],"class_list":["post-727","post","type-post","status-publish","format-standard","hentry","category-actualite","category-divers","category-securite"],"yoast_head":"<!-- This site is optimized with the Yoast SEO plugin v26.0 - https:\/\/yoast.com\/wordpress\/plugins\/seo\/ -->\n<title>Immatriculation, les d\u00e9partements se rebiffent. - leblogmoto.com<\/title>\n<meta name=\"robots\" content=\"index, follow, max-snippet:-1, max-image-preview:large, max-video-preview:-1\" \/>\n<link rel=\"canonical\" href=\"https:\/\/blogs.thesocialmedia.com\/leblogmoto\/2008\/04\/30\/immatriculation-2\/\" \/>\n<meta name=\"twitter:card\" content=\"summary_large_image\" \/>\n<meta name=\"twitter:title\" content=\"Immatriculation, les d\u00e9partements se rebiffent. - leblogmoto.com\" \/>\n<meta name=\"twitter:description\" content=\"Quelle plaque pour orner et surtout identifier cette KTM RC8 de l&rsquo;heureux motard fran\u00e7ais qui la poss\u00e8dera ? Le collectif &quot;Jamais sans mon d\u00e9partement&quot;, dont le but est de garder les num\u00e9ros de ces collectivit\u00e9s locales sur les plaques min\u00e9ralogiques, compte bien remettre en cause le nouveau SIV*. En jeu: la suppression de la mention [&hellip;]\" \/>\n<meta name=\"twitter:image\" content=\"http:\/\/www.leblogmoto.com\/images\/2008\/04\/30\/moto_sportive_ktm_rc8_j.jpg\" \/>\n<meta name=\"twitter:label1\" content=\"\u00c9crit par\" \/>\n\t<meta name=\"twitter:data1\" content=\"benoit rieu\" \/>\n\t<meta name=\"twitter:label2\" content=\"Dur\u00e9e de lecture estim\u00e9e\" \/>\n\t<meta name=\"twitter:data2\" content=\"1 minute\" \/>\n<script type=\"application\/ld+json\" class=\"yoast-schema-graph\">{\"@context\":\"https:\/\/schema.org\",\"@graph\":[{\"@type\":\"WebPage\",\"@id\":\"https:\/\/blogs.thesocialmedia.com\/leblogmoto\/2008\/04\/30\/immatriculation-2\/\",\"url\":\"https:\/\/blogs.thesocialmedia.com\/leblogmoto\/2008\/04\/30\/immatriculation-2\/\",\"name\":\"Immatriculation, les d\u00e9partements se rebiffent. - leblogmoto.com\",\"isPartOf\":{\"@id\":\"https:\/\/blogs.thesocialmedia.com\/leblogmoto\/#website\"},\"primaryImageOfPage\":{\"@id\":\"https:\/\/blogs.thesocialmedia.com\/leblogmoto\/2008\/04\/30\/immatriculation-2\/#primaryimage\"},\"image\":{\"@id\":\"https:\/\/blogs.thesocialmedia.com\/leblogmoto\/2008\/04\/30\/immatriculation-2\/#primaryimage\"},\"thumbnailUrl\":\"http:\/\/www.leblogmoto.com\/images\/2008\/04\/30\/moto_sportive_ktm_rc8_j.jpg\",\"datePublished\":\"2008-04-30T23:59:18+00:00\",\"dateModified\":\"2012-07-11T15:43:39+00:00\",\"author\":{\"@id\":\"https:\/\/blogs.thesocialmedia.com\/leblogmoto\/#\/schema\/person\/18bfe773e5725ed6d24f743da805362a\"},\"breadcrumb\":{\"@id\":\"https:\/\/blogs.thesocialmedia.com\/leblogmoto\/2008\/04\/30\/immatriculation-2\/#breadcrumb\"},\"inLanguage\":\"fr-FR\",\"potentialAction\":[{\"@type\":\"ReadAction\",\"target\":[\"https:\/\/blogs.thesocialmedia.com\/leblogmoto\/2008\/04\/30\/immatriculation-2\/\"]}]},{\"@type\":\"ImageObject\",\"inLanguage\":\"fr-FR\",\"@id\":\"https:\/\/blogs.thesocialmedia.com\/leblogmoto\/2008\/04\/30\/immatriculation-2\/#primaryimage\",\"url\":\"http:\/\/www.leblogmoto.com\/images\/2008\/04\/30\/moto_sportive_ktm_rc8_j.jpg\",\"contentUrl\":\"http:\/\/www.leblogmoto.com\/images\/2008\/04\/30\/moto_sportive_ktm_rc8_j.jpg\"},{\"@type\":\"BreadcrumbList\",\"@id\":\"https:\/\/blogs.thesocialmedia.com\/leblogmoto\/2008\/04\/30\/immatriculation-2\/#breadcrumb\",\"itemListElement\":[{\"@type\":\"ListItem\",\"position\":1,\"name\":\"Accueil\",\"item\":\"https:\/\/blogs.thesocialmedia.com\/leblogmoto\/\"},{\"@type\":\"ListItem\",\"position\":2,\"name\":\"Immatriculation, les d\u00e9partements se rebiffent.\"}]},{\"@type\":\"WebSite\",\"@id\":\"https:\/\/blogs.thesocialmedia.com\/leblogmoto\/#website\",\"url\":\"https:\/\/blogs.thesocialmedia.com\/leblogmoto\/\",\"name\":\"leblogmoto\",\"description\":\"Toute l&#039;actualit\u00e9 des 2 roues\",\"potentialAction\":[{\"@type\":\"SearchAction\",\"target\":{\"@type\":\"EntryPoint\",\"urlTemplate\":\"https:\/\/blogs.thesocialmedia.com\/leblogmoto\/?s={search_term_string}\"},\"query-input\":{\"@type\":\"PropertyValueSpecification\",\"valueRequired\":true,\"valueName\":\"search_term_string\"}}],\"inLanguage\":\"fr-FR\"},{\"@type\":\"Person\",\"@id\":\"https:\/\/blogs.thesocialmedia.com\/leblogmoto\/#\/schema\/person\/18bfe773e5725ed6d24f743da805362a\",\"name\":\"benoit rieu\",\"image\":{\"@type\":\"ImageObject\",\"inLanguage\":\"fr-FR\",\"@id\":\"https:\/\/blogs.thesocialmedia.com\/leblogmoto\/#\/schema\/person\/image\/\",\"url\":\"https:\/\/secure.gravatar.com\/avatar\/?s=96&d=mm&r=g\",\"contentUrl\":\"https:\/\/secure.gravatar.com\/avatar\/?s=96&d=mm&r=g\",\"caption\":\"benoit rieu\"},\"url\":\"https:\/\/blogs.thesocialmedia.com\/leblogmoto\/author\/benoit-rieu\/\"}]}<\/script>\n<!-- \/ Yoast SEO plugin. -->","yoast_head_json":{"title":"Immatriculation, les d\u00e9partements se rebiffent. - leblogmoto.com","robots":{"index":"index","follow":"follow","max-snippet":"max-snippet:-1","max-image-preview":"max-image-preview:large","max-video-preview":"max-video-preview:-1"},"canonical":"https:\/\/blogs.thesocialmedia.com\/leblogmoto\/2008\/04\/30\/immatriculation-2\/","twitter_card":"summary_large_image","twitter_title":"Immatriculation, les d\u00e9partements se rebiffent. - leblogmoto.com","twitter_description":"Quelle plaque pour orner et surtout identifier cette KTM RC8 de l&rsquo;heureux motard fran\u00e7ais qui la poss\u00e8dera ? Le collectif &quot;Jamais sans mon d\u00e9partement&quot;, dont le but est de garder les num\u00e9ros de ces collectivit\u00e9s locales sur les plaques min\u00e9ralogiques, compte bien remettre en cause le nouveau SIV*. En jeu: la suppression de la mention [&hellip;]","twitter_image":"http:\/\/www.leblogmoto.com\/images\/2008\/04\/30\/moto_sportive_ktm_rc8_j.jpg","twitter_misc":{"\u00c9crit par":"benoit rieu","Dur\u00e9e de lecture estim\u00e9e":"1 minute"},"schema":{"@context":"https:\/\/schema.org","@graph":[{"@type":"WebPage","@id":"https:\/\/blogs.thesocialmedia.com\/leblogmoto\/2008\/04\/30\/immatriculation-2\/","url":"https:\/\/blogs.thesocialmedia.com\/leblogmoto\/2008\/04\/30\/immatriculation-2\/","name":"Immatriculation, les d\u00e9partements se rebiffent. - leblogmoto.com","isPartOf":{"@id":"https:\/\/blogs.thesocialmedia.com\/leblogmoto\/#website"},"primaryImageOfPage":{"@id":"https:\/\/blogs.thesocialmedia.com\/leblogmoto\/2008\/04\/30\/immatriculation-2\/#primaryimage"},"image":{"@id":"https:\/\/blogs.thesocialmedia.com\/leblogmoto\/2008\/04\/30\/immatriculation-2\/#primaryimage"},"thumbnailUrl":"http:\/\/www.leblogmoto.com\/images\/2008\/04\/30\/moto_sportive_ktm_rc8_j.jpg","datePublished":"2008-04-30T23:59:18+00:00","dateModified":"2012-07-11T15:43:39+00:00","author":{"@id":"https:\/\/blogs.thesocialmedia.com\/leblogmoto\/#\/schema\/person\/18bfe773e5725ed6d24f743da805362a"},"breadcrumb":{"@id":"https:\/\/blogs.thesocialmedia.com\/leblogmoto\/2008\/04\/30\/immatriculation-2\/#breadcrumb"},"inLanguage":"fr-FR","potentialAction":[{"@type":"ReadAction","target":["https:\/\/blogs.thesocialmedia.com\/leblogmoto\/2008\/04\/30\/immatriculation-2\/"]}]},{"@type":"ImageObject","inLanguage":"fr-FR","@id":"https:\/\/blogs.thesocialmedia.com\/leblogmoto\/2008\/04\/30\/immatriculation-2\/#primaryimage","url":"http:\/\/www.leblogmoto.com\/images\/2008\/04\/30\/moto_sportive_ktm_rc8_j.jpg","contentUrl":"http:\/\/www.leblogmoto.com\/images\/2008\/04\/30\/moto_sportive_ktm_rc8_j.jpg"},{"@type":"BreadcrumbList","@id":"https:\/\/blogs.thesocialmedia.com\/leblogmoto\/2008\/04\/30\/immatriculation-2\/#breadcrumb","itemListElement":[{"@type":"ListItem","position":1,"name":"Accueil","item":"https:\/\/blogs.thesocialmedia.com\/leblogmoto\/"},{"@type":"ListItem","position":2,"name":"Immatriculation, les d\u00e9partements se rebiffent."}]},{"@type":"WebSite","@id":"https:\/\/blogs.thesocialmedia.com\/leblogmoto\/#website","url":"https:\/\/blogs.thesocialmedia.com\/leblogmoto\/","name":"leblogmoto","description":"Toute l&#039;actualit\u00e9 des 2 roues","potentialAction":[{"@type":"SearchAction","target":{"@type":"EntryPoint","urlTemplate":"https:\/\/blogs.thesocialmedia.com\/leblogmoto\/?s={search_term_string}"},"query-input":{"@type":"PropertyValueSpecification","valueRequired":true,"valueName":"search_term_string"}}],"inLanguage":"fr-FR"},{"@type":"Person","@id":"https:\/\/blogs.thesocialmedia.com\/leblogmoto\/#\/schema\/person\/18bfe773e5725ed6d24f743da805362a","name":"benoit rieu","image":{"@type":"ImageObject","inLanguage":"fr-FR","@id":"https:\/\/blogs.thesocialmedia.com\/leblogmoto\/#\/schema\/person\/image\/","url":"https:\/\/secure.gravatar.com\/avatar\/?s=96&d=mm&r=g","contentUrl":"https:\/\/secure.gravatar.com\/avatar\/?s=96&d=mm&r=g","caption":"benoit rieu"},"url":"https:\/\/blogs.thesocialmedia.com\/leblogmoto\/author\/benoit-rieu\/"}]}},"_links":{"self":[{"href":"https:\/\/blogs.thesocialmedia.com\/leblogmoto\/wp-json\/wp\/v2\/posts\/727","targetHints":{"allow":["GET"]}}],"collection":[{"href":"https:\/\/blogs.thesocialmedia.com\/leblogmoto\/wp-json\/wp\/v2\/posts"}],"about":[{"href":"https:\/\/blogs.thesocialmedia.com\/leblogmoto\/wp-json\/wp\/v2\/types\/post"}],"author":[{"embeddable":true,"href":"https:\/\/blogs.thesocialmedia.com\/leblogmoto\/wp-json\/wp\/v2\/users\/324"}],"replies":[{"embeddable":true,"href":"https:\/\/blogs.thesocialmedia.com\/leblogmoto\/wp-json\/wp\/v2\/comments?post=727"}],"version-history":[{"count":2,"href":"https:\/\/blogs.thesocialmedia.com\/leblogmoto\/wp-json\/wp\/v2\/posts\/727\/revisions"}],"predecessor-version":[{"id":10598,"href":"https:\/\/blogs.thesocialmedia.com\/leblogmoto\/wp-json\/wp\/v2\/posts\/727\/revisions\/10598"}],"wp:attachment":[{"href":"https:\/\/blogs.thesocialmedia.com\/leblogmoto\/wp-json\/wp\/v2\/media?parent=727"}],"wp:term":[{"taxonomy":"category","embeddable":true,"href":"https:\/\/blogs.thesocialmedia.com\/leblogmoto\/wp-json\/wp\/v2\/categories?post=727"},{"taxonomy":"post_tag","embeddable":true,"href":"https:\/\/blogs.thesocialmedia.com\/leblogmoto\/wp-json\/wp\/v2\/tags?post=727"}],"curies":[{"name":"wp","href":"https:\/\/api.w.org\/{rel}","templated":true}]}}