{"id":728,"date":"2008-04-30T06:34:13","date_gmt":"2008-04-30T06:34:13","guid":{"rendered":"http:\/\/blogs.thesocialmedia.com\/leblogmoto\/2008\/04\/30\/un-livre-pour-b\/"},"modified":"2012-07-11T15:43:37","modified_gmt":"2012-07-11T15:43:37","slug":"un-livre-pour-b","status":"publish","type":"post","link":"https:\/\/blogs.thesocialmedia.com\/leblogmoto\/2008\/04\/30\/un-livre-pour-b\/","title":{"rendered":"Un livre pour une marque \u00e0 l&rsquo;avant-garde depuis 25 ans."},"content":{"rendered":"<p><a href=\"http:\/\/blogs.thesocialmedia.com\/leblogmoto\/files\/2012\/07\/25_ans_de_buell.jpg\"><img loading=\"lazy\" decoding=\"async\" height=\"575\" alt=\"25_ans_de_buell\" src=\"http:\/\/www.leblogmoto.com\/images\/2008\/04\/29\/25_ans_de_buell.jpg\" width=\"470\"  \/><\/a><\/p>\n<p>La <a href=\"http:\/\/www.buell.com\/fr_fr\/home.asp\">Buell<\/a> Inc., innovatrice ?&nbsp; Mais qu&rsquo;attendre d&rsquo;autre d&rsquo;un ing\u00e9nieur-ch\u00e2ssis, qui plus est tr\u00e8s bon pilote* quand il prend les r\u00eanes d&rsquo;un constructeur moto ? L&rsquo;ouvrage, tout chaud (seulement dispo en <a href=\"http:\/\/www.amazon.fr\/25-Years-Buell-Court-Canfield\/dp\/1884313744\/ref=sr_1_1?ie=UTF8&amp;s=english-books&amp;qid=1209525754&amp;sr=8-1\">pr\u00e9-commande<\/a> pour 19 \u20ac), retrace l&rsquo;envol de la marque jusqu&rsquo;aux mod\u00e8les actuels, en passant par le retour au nid sous l&rsquo;aile protectrice de son <em>alma mater<\/em>, Harley Davidson. Mais Erik, jusqu&rsquo;\u00e0 sa gamme XB (o\u00f9 les moteurs deviennent sp\u00e9cifiques \u00e0 Buell), n&rsquo;a pas seulement retravaill\u00e9 les moulbifs des Sportsters du g\u00e9ant de Milwaukee.<\/p>\n<p>Il a \u00e9galement \u00e9t\u00e9 le premier \u00e0 \u00e9quiper une moto de s\u00e9rie d&rsquo;une fourche avant invers\u00e9e, et ce n&rsquo;est pas tout, car la liste de ses solutions techniques originales est longue: du r\u00e9servoir-cadre au bras oscillant abritant l&rsquo;huile-moteur, l&rsquo;\u00e9chappement sous le moteur et les disques de freins p\u00e9rim\u00e9triques.<\/p>\n<p>Les auteurs du livre, comme les r\u00e9dacteurs de votre blog (clin d&rsquo;oeil), sont des passionn\u00e9s et des amateurs de la premi\u00e8re heure: Dave Gess a \u00e9t\u00e9 le photographe publicitaire de la firme depuis sa naissance en 1983 et pendant 15 ans. <\/p>\n<p><a href=\"http:\/\/clabedan.typepad.com\/.shared\/image.html?\/photos\/uncategorized\/2008\/04\/29\/moto_buell_rs_1200.jpg\"><img loading=\"lazy\" decoding=\"async\" height=\"352\" alt=\"Moto_buell_rs_1200\" src=\"http:\/\/www.leblogmoto.com\/images\/2008\/04\/29\/moto_buell_rs_1200.jpg\" width=\"470\"  \/><\/a><\/p>\n<p>M\u00eame s&rsquo;il n&rsquo;a acquis sa premi\u00e8re b\u00e9cane, une RS-1200, comme celle sur la photo, qu&rsquo;en 1990, Court Canfield suit la compagnie depuis la m\u00eame p\u00e9riode &quot;quand on pouvait encore tenir des r\u00e9unions d&rsquo;amateurs de Buell dans une cabine t\u00e9l\u00e9phonique&quot;, selon ses propres mots.<\/p>\n<p>Il est vrai qu&rsquo;entre temps, et je ne parle m\u00eame pas du &quot;mono-unique-exemplaire&quot; de la RW 750, la production annuelle est pass\u00e9e d&rsquo;une centaines de motos \u00e0 10.000 actuellement. Mais on en restera l\u00e0 pour aujourd&rsquo;hui, on en garde un peu sous le pied, car le quart de si\u00e8cle de cette A<em>ll American Girl<\/em> (ou presque**), ne sera c\u00e9l\u00e9br\u00e9 officiellement que cet \u00e9t\u00e9.<\/p>\n<p><em>*il a sign\u00e9 le temps de qualification le plus rapide pour un d\u00e9butant lors de la course Daytona 200, \u00e0 la fin des seventies.<\/em><\/p>\n<p><em>**Pour la sportive 1125R, reconnaissable entre mille avec ses \u00e9normes \u00e9copes lat\u00e9rales, Buell est pass\u00e9e du bicylindre en V \u00e0 45\u00b0 au V-twin \u00e0 74\u00b0 de l&rsquo;Autrichien Rotax.<\/em><\/p>\n<p><em><a href=\"http:\/\/blogs.thesocialmedia.com\/leblogmoto\/files\/2012\/07\/buell_1125r_22.jpg\"><img loading=\"lazy\" decoding=\"async\" height=\"326\" alt=\"Buell_1125r_2\" src=\"http:\/\/www.leblogmoto.com\/images\/2008\/04\/29\/buell_1125r_2.jpg\" width=\"470\"  \/><\/a><\/em><\/p>\n<p><em>source: nous.<\/em><\/p>\n<p><em>cr\u00e9dits photos: photo constructeur et Motorcycle USA pour la 1125R.<\/em><\/p>\n","protected":false},"excerpt":{"rendered":"<p>La Buell Inc., innovatrice ?&nbsp; Mais qu&rsquo;attendre d&rsquo;autre d&rsquo;un ing\u00e9nieur-ch\u00e2ssis, qui plus est tr\u00e8s bon pilote* quand il prend les r\u00eanes d&rsquo;un constructeur moto ? L&rsquo;ouvrage, tout chaud (seulement dispo en pr\u00e9-commande pour 19 \u20ac), retrace l&rsquo;envol de la marque jusqu&rsquo;aux mod\u00e8les actuels, en passant par le retour au nid sous l&rsquo;aile protectrice de son [&hellip;]<\/p>\n","protected":false},"author":324,"featured_media":0,"comment_status":"open","ping_status":"open","sticky":false,"template":"","format":"standard","meta":{"footnotes":""},"categories":[49,47,29,15,68],"tags":[],"class_list":["post-728","post","type-post","status-publish","format-standard","hentry","category-actualites-entreprise","category-buell","category-harley-davidson","category-livres","category-rotax"],"yoast_head":"<!-- This site is optimized with the Yoast SEO plugin v26.0 - https:\/\/yoast.com\/wordpress\/plugins\/seo\/ -->\n<title>Un livre pour une marque \u00e0 l&#039;avant-garde depuis 25 ans. - leblogmoto.com<\/title>\n<meta name=\"robots\" content=\"index, follow, max-snippet:-1, max-image-preview:large, max-video-preview:-1\" \/>\n<link rel=\"canonical\" href=\"https:\/\/blogs.thesocialmedia.com\/leblogmoto\/2008\/04\/30\/un-livre-pour-b\/\" \/>\n<meta name=\"twitter:card\" content=\"summary_large_image\" \/>\n<meta name=\"twitter:title\" content=\"Un livre pour une marque \u00e0 l&#039;avant-garde depuis 25 ans. - leblogmoto.com\" \/>\n<meta name=\"twitter:description\" content=\"La Buell Inc., innovatrice ?&nbsp; Mais qu&rsquo;attendre d&rsquo;autre d&rsquo;un ing\u00e9nieur-ch\u00e2ssis, qui plus est tr\u00e8s bon pilote* quand il prend les r\u00eanes d&rsquo;un constructeur moto ? L&rsquo;ouvrage, tout chaud (seulement dispo en pr\u00e9-commande pour 19 \u20ac), retrace l&rsquo;envol de la marque jusqu&rsquo;aux mod\u00e8les actuels, en passant par le retour au nid sous l&rsquo;aile protectrice de son [&hellip;]\" \/>\n<meta name=\"twitter:image\" content=\"http:\/\/www.leblogmoto.com\/images\/2008\/04\/29\/25_ans_de_buell.jpg\" \/>\n<meta name=\"twitter:label1\" content=\"\u00c9crit par\" \/>\n\t<meta name=\"twitter:data1\" content=\"benoit rieu\" \/>\n\t<meta name=\"twitter:label2\" content=\"Dur\u00e9e de lecture estim\u00e9e\" \/>\n\t<meta name=\"twitter:data2\" content=\"2 minutes\" \/>\n<script type=\"application\/ld+json\" class=\"yoast-schema-graph\">{\"@context\":\"https:\/\/schema.org\",\"@graph\":[{\"@type\":\"WebPage\",\"@id\":\"https:\/\/blogs.thesocialmedia.com\/leblogmoto\/2008\/04\/30\/un-livre-pour-b\/\",\"url\":\"https:\/\/blogs.thesocialmedia.com\/leblogmoto\/2008\/04\/30\/un-livre-pour-b\/\",\"name\":\"Un livre pour une marque \u00e0 l'avant-garde depuis 25 ans. - leblogmoto.com\",\"isPartOf\":{\"@id\":\"https:\/\/blogs.thesocialmedia.com\/leblogmoto\/#website\"},\"primaryImageOfPage\":{\"@id\":\"https:\/\/blogs.thesocialmedia.com\/leblogmoto\/2008\/04\/30\/un-livre-pour-b\/#primaryimage\"},\"image\":{\"@id\":\"https:\/\/blogs.thesocialmedia.com\/leblogmoto\/2008\/04\/30\/un-livre-pour-b\/#primaryimage\"},\"thumbnailUrl\":\"http:\/\/www.leblogmoto.com\/images\/2008\/04\/29\/25_ans_de_buell.jpg\",\"datePublished\":\"2008-04-30T06:34:13+00:00\",\"dateModified\":\"2012-07-11T15:43:37+00:00\",\"author\":{\"@id\":\"https:\/\/blogs.thesocialmedia.com\/leblogmoto\/#\/schema\/person\/18bfe773e5725ed6d24f743da805362a\"},\"breadcrumb\":{\"@id\":\"https:\/\/blogs.thesocialmedia.com\/leblogmoto\/2008\/04\/30\/un-livre-pour-b\/#breadcrumb\"},\"inLanguage\":\"fr-FR\",\"potentialAction\":[{\"@type\":\"ReadAction\",\"target\":[\"https:\/\/blogs.thesocialmedia.com\/leblogmoto\/2008\/04\/30\/un-livre-pour-b\/\"]}]},{\"@type\":\"ImageObject\",\"inLanguage\":\"fr-FR\",\"@id\":\"https:\/\/blogs.thesocialmedia.com\/leblogmoto\/2008\/04\/30\/un-livre-pour-b\/#primaryimage\",\"url\":\"http:\/\/www.leblogmoto.com\/images\/2008\/04\/29\/25_ans_de_buell.jpg\",\"contentUrl\":\"http:\/\/www.leblogmoto.com\/images\/2008\/04\/29\/25_ans_de_buell.jpg\"},{\"@type\":\"BreadcrumbList\",\"@id\":\"https:\/\/blogs.thesocialmedia.com\/leblogmoto\/2008\/04\/30\/un-livre-pour-b\/#breadcrumb\",\"itemListElement\":[{\"@type\":\"ListItem\",\"position\":1,\"name\":\"Accueil\",\"item\":\"https:\/\/blogs.thesocialmedia.com\/leblogmoto\/\"},{\"@type\":\"ListItem\",\"position\":2,\"name\":\"Un livre pour une marque \u00e0 l&rsquo;avant-garde depuis 25 ans.\"}]},{\"@type\":\"WebSite\",\"@id\":\"https:\/\/blogs.thesocialmedia.com\/leblogmoto\/#website\",\"url\":\"https:\/\/blogs.thesocialmedia.com\/leblogmoto\/\",\"name\":\"leblogmoto\",\"description\":\"Toute l&#039;actualit\u00e9 des 2 roues\",\"potentialAction\":[{\"@type\":\"SearchAction\",\"target\":{\"@type\":\"EntryPoint\",\"urlTemplate\":\"https:\/\/blogs.thesocialmedia.com\/leblogmoto\/?s={search_term_string}\"},\"query-input\":{\"@type\":\"PropertyValueSpecification\",\"valueRequired\":true,\"valueName\":\"search_term_string\"}}],\"inLanguage\":\"fr-FR\"},{\"@type\":\"Person\",\"@id\":\"https:\/\/blogs.thesocialmedia.com\/leblogmoto\/#\/schema\/person\/18bfe773e5725ed6d24f743da805362a\",\"name\":\"benoit rieu\",\"image\":{\"@type\":\"ImageObject\",\"inLanguage\":\"fr-FR\",\"@id\":\"https:\/\/blogs.thesocialmedia.com\/leblogmoto\/#\/schema\/person\/image\/\",\"url\":\"https:\/\/secure.gravatar.com\/avatar\/?s=96&d=mm&r=g\",\"contentUrl\":\"https:\/\/secure.gravatar.com\/avatar\/?s=96&d=mm&r=g\",\"caption\":\"benoit rieu\"},\"url\":\"https:\/\/blogs.thesocialmedia.com\/leblogmoto\/author\/benoit-rieu\/\"}]}<\/script>\n<!-- \/ Yoast SEO plugin. -->","yoast_head_json":{"title":"Un livre pour une marque \u00e0 l'avant-garde depuis 25 ans. - leblogmoto.com","robots":{"index":"index","follow":"follow","max-snippet":"max-snippet:-1","max-image-preview":"max-image-preview:large","max-video-preview":"max-video-preview:-1"},"canonical":"https:\/\/blogs.thesocialmedia.com\/leblogmoto\/2008\/04\/30\/un-livre-pour-b\/","twitter_card":"summary_large_image","twitter_title":"Un livre pour une marque \u00e0 l'avant-garde depuis 25 ans. - leblogmoto.com","twitter_description":"La Buell Inc., innovatrice ?&nbsp; Mais qu&rsquo;attendre d&rsquo;autre d&rsquo;un ing\u00e9nieur-ch\u00e2ssis, qui plus est tr\u00e8s bon pilote* quand il prend les r\u00eanes d&rsquo;un constructeur moto ? L&rsquo;ouvrage, tout chaud (seulement dispo en pr\u00e9-commande pour 19 \u20ac), retrace l&rsquo;envol de la marque jusqu&rsquo;aux mod\u00e8les actuels, en passant par le retour au nid sous l&rsquo;aile protectrice de son [&hellip;]","twitter_image":"http:\/\/www.leblogmoto.com\/images\/2008\/04\/29\/25_ans_de_buell.jpg","twitter_misc":{"\u00c9crit par":"benoit rieu","Dur\u00e9e de lecture estim\u00e9e":"2 minutes"},"schema":{"@context":"https:\/\/schema.org","@graph":[{"@type":"WebPage","@id":"https:\/\/blogs.thesocialmedia.com\/leblogmoto\/2008\/04\/30\/un-livre-pour-b\/","url":"https:\/\/blogs.thesocialmedia.com\/leblogmoto\/2008\/04\/30\/un-livre-pour-b\/","name":"Un livre pour une marque \u00e0 l'avant-garde depuis 25 ans. - leblogmoto.com","isPartOf":{"@id":"https:\/\/blogs.thesocialmedia.com\/leblogmoto\/#website"},"primaryImageOfPage":{"@id":"https:\/\/blogs.thesocialmedia.com\/leblogmoto\/2008\/04\/30\/un-livre-pour-b\/#primaryimage"},"image":{"@id":"https:\/\/blogs.thesocialmedia.com\/leblogmoto\/2008\/04\/30\/un-livre-pour-b\/#primaryimage"},"thumbnailUrl":"http:\/\/www.leblogmoto.com\/images\/2008\/04\/29\/25_ans_de_buell.jpg","datePublished":"2008-04-30T06:34:13+00:00","dateModified":"2012-07-11T15:43:37+00:00","author":{"@id":"https:\/\/blogs.thesocialmedia.com\/leblogmoto\/#\/schema\/person\/18bfe773e5725ed6d24f743da805362a"},"breadcrumb":{"@id":"https:\/\/blogs.thesocialmedia.com\/leblogmoto\/2008\/04\/30\/un-livre-pour-b\/#breadcrumb"},"inLanguage":"fr-FR","potentialAction":[{"@type":"ReadAction","target":["https:\/\/blogs.thesocialmedia.com\/leblogmoto\/2008\/04\/30\/un-livre-pour-b\/"]}]},{"@type":"ImageObject","inLanguage":"fr-FR","@id":"https:\/\/blogs.thesocialmedia.com\/leblogmoto\/2008\/04\/30\/un-livre-pour-b\/#primaryimage","url":"http:\/\/www.leblogmoto.com\/images\/2008\/04\/29\/25_ans_de_buell.jpg","contentUrl":"http:\/\/www.leblogmoto.com\/images\/2008\/04\/29\/25_ans_de_buell.jpg"},{"@type":"BreadcrumbList","@id":"https:\/\/blogs.thesocialmedia.com\/leblogmoto\/2008\/04\/30\/un-livre-pour-b\/#breadcrumb","itemListElement":[{"@type":"ListItem","position":1,"name":"Accueil","item":"https:\/\/blogs.thesocialmedia.com\/leblogmoto\/"},{"@type":"ListItem","position":2,"name":"Un livre pour une marque \u00e0 l&rsquo;avant-garde depuis 25 ans."}]},{"@type":"WebSite","@id":"https:\/\/blogs.thesocialmedia.com\/leblogmoto\/#website","url":"https:\/\/blogs.thesocialmedia.com\/leblogmoto\/","name":"leblogmoto","description":"Toute l&#039;actualit\u00e9 des 2 roues","potentialAction":[{"@type":"SearchAction","target":{"@type":"EntryPoint","urlTemplate":"https:\/\/blogs.thesocialmedia.com\/leblogmoto\/?s={search_term_string}"},"query-input":{"@type":"PropertyValueSpecification","valueRequired":true,"valueName":"search_term_string"}}],"inLanguage":"fr-FR"},{"@type":"Person","@id":"https:\/\/blogs.thesocialmedia.com\/leblogmoto\/#\/schema\/person\/18bfe773e5725ed6d24f743da805362a","name":"benoit rieu","image":{"@type":"ImageObject","inLanguage":"fr-FR","@id":"https:\/\/blogs.thesocialmedia.com\/leblogmoto\/#\/schema\/person\/image\/","url":"https:\/\/secure.gravatar.com\/avatar\/?s=96&d=mm&r=g","contentUrl":"https:\/\/secure.gravatar.com\/avatar\/?s=96&d=mm&r=g","caption":"benoit rieu"},"url":"https:\/\/blogs.thesocialmedia.com\/leblogmoto\/author\/benoit-rieu\/"}]}},"_links":{"self":[{"href":"https:\/\/blogs.thesocialmedia.com\/leblogmoto\/wp-json\/wp\/v2\/posts\/728","targetHints":{"allow":["GET"]}}],"collection":[{"href":"https:\/\/blogs.thesocialmedia.com\/leblogmoto\/wp-json\/wp\/v2\/posts"}],"about":[{"href":"https:\/\/blogs.thesocialmedia.com\/leblogmoto\/wp-json\/wp\/v2\/types\/post"}],"author":[{"embeddable":true,"href":"https:\/\/blogs.thesocialmedia.com\/leblogmoto\/wp-json\/wp\/v2\/users\/324"}],"replies":[{"embeddable":true,"href":"https:\/\/blogs.thesocialmedia.com\/leblogmoto\/wp-json\/wp\/v2\/comments?post=728"}],"version-history":[{"count":2,"href":"https:\/\/blogs.thesocialmedia.com\/leblogmoto\/wp-json\/wp\/v2\/posts\/728\/revisions"}],"predecessor-version":[{"id":10596,"href":"https:\/\/blogs.thesocialmedia.com\/leblogmoto\/wp-json\/wp\/v2\/posts\/728\/revisions\/10596"}],"wp:attachment":[{"href":"https:\/\/blogs.thesocialmedia.com\/leblogmoto\/wp-json\/wp\/v2\/media?parent=728"}],"wp:term":[{"taxonomy":"category","embeddable":true,"href":"https:\/\/blogs.thesocialmedia.com\/leblogmoto\/wp-json\/wp\/v2\/categories?post=728"},{"taxonomy":"post_tag","embeddable":true,"href":"https:\/\/blogs.thesocialmedia.com\/leblogmoto\/wp-json\/wp\/v2\/tags?post=728"}],"curies":[{"name":"wp","href":"https:\/\/api.w.org\/{rel}","templated":true}]}}