{"id":729,"date":"2008-04-30T04:26:03","date_gmt":"2008-04-30T04:26:03","guid":{"rendered":"http:\/\/blogs.thesocialmedia.com\/leblogmoto\/2008\/04\/30\/uno-prise-deux\/"},"modified":"2012-07-11T15:43:30","modified_gmt":"2012-07-11T15:43:30","slug":"uno-prise-deux","status":"publish","type":"post","link":"https:\/\/blogs.thesocialmedia.com\/leblogmoto\/2008\/04\/30\/uno-prise-deux\/","title":{"rendered":"UNO, prise deux"},"content":{"rendered":"<p><a href=\"http:\/\/blogs.thesocialmedia.com\/leblogmoto\/files\/2012\/07\/uno2.jpg\"><img loading=\"lazy\" decoding=\"async\" width=\"470\" height=\"303\"  src=\"http:\/\/www.leblogmoto.com\/images\/2008\/04\/29\/uno2.jpg\" alt=\"Uno2\" \/><\/a> <\/p>\n<p>Je vous <a href=\"http:\/\/blogs.thesocialmedia.com\/leblogmoto\/files\/2012\/07\/uno-deux-roues.html_.png\">en parlais<\/a> il y a moins de deux semaines de ce <a href=\"http:\/\/www.the-uno-tomorrows-transportation.com\/Home_Page.html\">UNO<\/a>, cette moto cr\u00e9\u00e9e par Benjamin J. Poss Gulak et dont le principal attrait est d&rsquo;avoir ses deux roues l&rsquo;une \u00e0 c\u00f4t\u00e9 de l&rsquo;autre dans l&rsquo;axe central, et que l&rsquo;on propulse comme un <a href=\"http:\/\/www.segway.com\/\">Segway<\/a>.<br \/>Ces images prisent lors du Salon de la moto de Toronto cet hiver viennent de faire leurs apparitions, et donne une meilleure id\u00e9e du prototype.<\/p>\n<p>Le jeune homme de 18 ans fut l&rsquo;une des vedettes de ce Salon, o\u00f9 l&rsquo;invit\u00e9 d&rsquo;honneur \u00e9tait <a href=\"http:\/\/www.youtube.com\/watch?v=QQZkYumJdE8\">Russell Mitchell<\/a>. D&rsquo;ailleurs, cette image de Mitchell sur le UNO est tout simplement savoureuse. Ce qui m&rsquo;am\u00e8ne \u00e0 reprendre cette expression entendue \u00e0 la radio l&rsquo;autre jour, et qui semble bien d\u00e9crire l&rsquo;\u00e9tat d&rsquo;esprit dans lequel se trouve le jeune Ben sur la photo, aussi excit\u00e9 qu&rsquo;une jeune religieuse touch\u00e9e par le pape.<\/p>\n<p><a href=\"http:\/\/clabedan.typepad.com\/.shared\/image.html?\/photos\/uncategorized\/2008\/04\/29\/461.jpg\"><img loading=\"lazy\" decoding=\"async\" width=\"470\" height=\"365\"  src=\"http:\/\/www.leblogmoto.com\/images\/2008\/04\/29\/461.jpg\" alt=\"461\" \/><\/a> <\/p>\n<p><a href=\"http:\/\/blogs.thesocialmedia.com\/leblogmoto\/files\/2012\/07\/605.jpg\"><img loading=\"lazy\" decoding=\"async\" width=\"470\" height=\"299\"  src=\"http:\/\/www.leblogmoto.com\/images\/2008\/04\/29\/605.jpg\" alt=\"605\" \/><\/a> <\/p>\n<p><a href=\"http:\/\/blogs.thesocialmedia.com\/leblogmoto\/files\/2012\/07\/613.jpg\"><img loading=\"lazy\" decoding=\"async\" width=\"470\" height=\"368\"  src=\"http:\/\/www.leblogmoto.com\/images\/2008\/04\/29\/613.jpg\" alt=\"613\" \/><\/a> <\/p>\n<p><a href=\"http:\/\/blogs.thesocialmedia.com\/leblogmoto\/files\/2012\/07\/628.jpg\"><img loading=\"lazy\" decoding=\"async\" width=\"470\" height=\"301\"  src=\"http:\/\/www.leblogmoto.com\/images\/2008\/04\/29\/628.jpg\" alt=\"628\" \/><\/a> <\/p>\n<p><a href=\"http:\/\/blogs.thesocialmedia.com\/leblogmoto\/files\/2012\/07\/651.jpg\"><img loading=\"lazy\" decoding=\"async\" width=\"470\" height=\"354\"  src=\"http:\/\/www.leblogmoto.com\/images\/2008\/04\/29\/651.jpg\" alt=\"651\" \/><\/a> <\/p>\n<p><a href=\"http:\/\/blogs.thesocialmedia.com\/leblogmoto\/files\/2012\/07\/654.jpg\"><img loading=\"lazy\" decoding=\"async\" width=\"470\" height=\"312\"  src=\"http:\/\/www.leblogmoto.com\/images\/2008\/04\/29\/654.jpg\" alt=\"654\" \/><\/a> <\/p>\n<p><a href=\"http:\/\/blogs.thesocialmedia.com\/leblogmoto\/files\/2012\/07\/uno_body.jpg\"><img loading=\"lazy\" decoding=\"async\" width=\"470\" height=\"352\"  src=\"http:\/\/www.leblogmoto.com\/images\/2008\/04\/29\/uno_body.jpg\" alt=\"Uno_body\" \/><\/a> <\/p>\n","protected":false},"excerpt":{"rendered":"<p>Je vous en parlais il y a moins de deux semaines de ce UNO, cette moto cr\u00e9\u00e9e par Benjamin J. Poss Gulak et dont le principal attrait est d&rsquo;avoir ses deux roues l&rsquo;une \u00e0 c\u00f4t\u00e9 de l&rsquo;autre dans l&rsquo;axe central, et que l&rsquo;on propulse comme un Segway.Ces images prisent lors du Salon de la moto [&hellip;]<\/p>\n","protected":false},"author":325,"featured_media":0,"comment_status":"open","ping_status":"open","sticky":false,"template":"","format":"standard","meta":{"footnotes":""},"categories":[30,33],"tags":[],"class_list":["post-729","post","type-post","status-publish","format-standard","hentry","category-bio-carburantsvehicules-propres","category-concept-bike"],"yoast_head":"<!-- This site is optimized with the Yoast SEO plugin v26.0 - https:\/\/yoast.com\/wordpress\/plugins\/seo\/ -->\n<title>UNO, prise deux - leblogmoto.com<\/title>\n<meta name=\"robots\" content=\"index, follow, max-snippet:-1, max-image-preview:large, max-video-preview:-1\" \/>\n<link rel=\"canonical\" href=\"https:\/\/blogs.thesocialmedia.com\/leblogmoto\/2008\/04\/30\/uno-prise-deux\/\" \/>\n<meta name=\"twitter:card\" content=\"summary_large_image\" \/>\n<meta name=\"twitter:title\" content=\"UNO, prise deux - leblogmoto.com\" \/>\n<meta name=\"twitter:description\" content=\"Je vous en parlais il y a moins de deux semaines de ce UNO, cette moto cr\u00e9\u00e9e par Benjamin J. Poss Gulak et dont le principal attrait est d&rsquo;avoir ses deux roues l&rsquo;une \u00e0 c\u00f4t\u00e9 de l&rsquo;autre dans l&rsquo;axe central, et que l&rsquo;on propulse comme un Segway.Ces images prisent lors du Salon de la moto [&hellip;]\" \/>\n<meta name=\"twitter:image\" content=\"http:\/\/www.leblogmoto.com\/images\/2008\/04\/29\/uno2.jpg\" \/>\n<meta name=\"twitter:label1\" content=\"\u00c9crit par\" \/>\n\t<meta name=\"twitter:data1\" content=\"jacques lesage\" \/>\n\t<meta name=\"twitter:label2\" content=\"Dur\u00e9e de lecture estim\u00e9e\" \/>\n\t<meta name=\"twitter:data2\" content=\"1 minute\" \/>\n<script type=\"application\/ld+json\" class=\"yoast-schema-graph\">{\"@context\":\"https:\/\/schema.org\",\"@graph\":[{\"@type\":\"WebPage\",\"@id\":\"https:\/\/blogs.thesocialmedia.com\/leblogmoto\/2008\/04\/30\/uno-prise-deux\/\",\"url\":\"https:\/\/blogs.thesocialmedia.com\/leblogmoto\/2008\/04\/30\/uno-prise-deux\/\",\"name\":\"UNO, prise deux - leblogmoto.com\",\"isPartOf\":{\"@id\":\"https:\/\/blogs.thesocialmedia.com\/leblogmoto\/#website\"},\"primaryImageOfPage\":{\"@id\":\"https:\/\/blogs.thesocialmedia.com\/leblogmoto\/2008\/04\/30\/uno-prise-deux\/#primaryimage\"},\"image\":{\"@id\":\"https:\/\/blogs.thesocialmedia.com\/leblogmoto\/2008\/04\/30\/uno-prise-deux\/#primaryimage\"},\"thumbnailUrl\":\"http:\/\/www.leblogmoto.com\/images\/2008\/04\/29\/uno2.jpg\",\"datePublished\":\"2008-04-30T04:26:03+00:00\",\"dateModified\":\"2012-07-11T15:43:30+00:00\",\"author\":{\"@id\":\"https:\/\/blogs.thesocialmedia.com\/leblogmoto\/#\/schema\/person\/e82a0ca8a9a63d031586097a3ed58526\"},\"breadcrumb\":{\"@id\":\"https:\/\/blogs.thesocialmedia.com\/leblogmoto\/2008\/04\/30\/uno-prise-deux\/#breadcrumb\"},\"inLanguage\":\"fr-FR\",\"potentialAction\":[{\"@type\":\"ReadAction\",\"target\":[\"https:\/\/blogs.thesocialmedia.com\/leblogmoto\/2008\/04\/30\/uno-prise-deux\/\"]}]},{\"@type\":\"ImageObject\",\"inLanguage\":\"fr-FR\",\"@id\":\"https:\/\/blogs.thesocialmedia.com\/leblogmoto\/2008\/04\/30\/uno-prise-deux\/#primaryimage\",\"url\":\"http:\/\/www.leblogmoto.com\/images\/2008\/04\/29\/uno2.jpg\",\"contentUrl\":\"http:\/\/www.leblogmoto.com\/images\/2008\/04\/29\/uno2.jpg\"},{\"@type\":\"BreadcrumbList\",\"@id\":\"https:\/\/blogs.thesocialmedia.com\/leblogmoto\/2008\/04\/30\/uno-prise-deux\/#breadcrumb\",\"itemListElement\":[{\"@type\":\"ListItem\",\"position\":1,\"name\":\"Accueil\",\"item\":\"https:\/\/blogs.thesocialmedia.com\/leblogmoto\/\"},{\"@type\":\"ListItem\",\"position\":2,\"name\":\"UNO, prise deux\"}]},{\"@type\":\"WebSite\",\"@id\":\"https:\/\/blogs.thesocialmedia.com\/leblogmoto\/#website\",\"url\":\"https:\/\/blogs.thesocialmedia.com\/leblogmoto\/\",\"name\":\"leblogmoto\",\"description\":\"Toute l&#039;actualit\u00e9 des 2 roues\",\"potentialAction\":[{\"@type\":\"SearchAction\",\"target\":{\"@type\":\"EntryPoint\",\"urlTemplate\":\"https:\/\/blogs.thesocialmedia.com\/leblogmoto\/?s={search_term_string}\"},\"query-input\":{\"@type\":\"PropertyValueSpecification\",\"valueRequired\":true,\"valueName\":\"search_term_string\"}}],\"inLanguage\":\"fr-FR\"},{\"@type\":\"Person\",\"@id\":\"https:\/\/blogs.thesocialmedia.com\/leblogmoto\/#\/schema\/person\/e82a0ca8a9a63d031586097a3ed58526\",\"name\":\"jacques lesage\",\"image\":{\"@type\":\"ImageObject\",\"inLanguage\":\"fr-FR\",\"@id\":\"https:\/\/blogs.thesocialmedia.com\/leblogmoto\/#\/schema\/person\/image\/\",\"url\":\"https:\/\/secure.gravatar.com\/avatar\/?s=96&d=mm&r=g\",\"contentUrl\":\"https:\/\/secure.gravatar.com\/avatar\/?s=96&d=mm&r=g\",\"caption\":\"jacques lesage\"},\"url\":\"https:\/\/blogs.thesocialmedia.com\/leblogmoto\/author\/jacques-lesage\/\"}]}<\/script>\n<!-- \/ Yoast SEO plugin. -->","yoast_head_json":{"title":"UNO, prise deux - leblogmoto.com","robots":{"index":"index","follow":"follow","max-snippet":"max-snippet:-1","max-image-preview":"max-image-preview:large","max-video-preview":"max-video-preview:-1"},"canonical":"https:\/\/blogs.thesocialmedia.com\/leblogmoto\/2008\/04\/30\/uno-prise-deux\/","twitter_card":"summary_large_image","twitter_title":"UNO, prise deux - leblogmoto.com","twitter_description":"Je vous en parlais il y a moins de deux semaines de ce UNO, cette moto cr\u00e9\u00e9e par Benjamin J. Poss Gulak et dont le principal attrait est d&rsquo;avoir ses deux roues l&rsquo;une \u00e0 c\u00f4t\u00e9 de l&rsquo;autre dans l&rsquo;axe central, et que l&rsquo;on propulse comme un Segway.Ces images prisent lors du Salon de la moto [&hellip;]","twitter_image":"http:\/\/www.leblogmoto.com\/images\/2008\/04\/29\/uno2.jpg","twitter_misc":{"\u00c9crit par":"jacques lesage","Dur\u00e9e de lecture estim\u00e9e":"1 minute"},"schema":{"@context":"https:\/\/schema.org","@graph":[{"@type":"WebPage","@id":"https:\/\/blogs.thesocialmedia.com\/leblogmoto\/2008\/04\/30\/uno-prise-deux\/","url":"https:\/\/blogs.thesocialmedia.com\/leblogmoto\/2008\/04\/30\/uno-prise-deux\/","name":"UNO, prise deux - leblogmoto.com","isPartOf":{"@id":"https:\/\/blogs.thesocialmedia.com\/leblogmoto\/#website"},"primaryImageOfPage":{"@id":"https:\/\/blogs.thesocialmedia.com\/leblogmoto\/2008\/04\/30\/uno-prise-deux\/#primaryimage"},"image":{"@id":"https:\/\/blogs.thesocialmedia.com\/leblogmoto\/2008\/04\/30\/uno-prise-deux\/#primaryimage"},"thumbnailUrl":"http:\/\/www.leblogmoto.com\/images\/2008\/04\/29\/uno2.jpg","datePublished":"2008-04-30T04:26:03+00:00","dateModified":"2012-07-11T15:43:30+00:00","author":{"@id":"https:\/\/blogs.thesocialmedia.com\/leblogmoto\/#\/schema\/person\/e82a0ca8a9a63d031586097a3ed58526"},"breadcrumb":{"@id":"https:\/\/blogs.thesocialmedia.com\/leblogmoto\/2008\/04\/30\/uno-prise-deux\/#breadcrumb"},"inLanguage":"fr-FR","potentialAction":[{"@type":"ReadAction","target":["https:\/\/blogs.thesocialmedia.com\/leblogmoto\/2008\/04\/30\/uno-prise-deux\/"]}]},{"@type":"ImageObject","inLanguage":"fr-FR","@id":"https:\/\/blogs.thesocialmedia.com\/leblogmoto\/2008\/04\/30\/uno-prise-deux\/#primaryimage","url":"http:\/\/www.leblogmoto.com\/images\/2008\/04\/29\/uno2.jpg","contentUrl":"http:\/\/www.leblogmoto.com\/images\/2008\/04\/29\/uno2.jpg"},{"@type":"BreadcrumbList","@id":"https:\/\/blogs.thesocialmedia.com\/leblogmoto\/2008\/04\/30\/uno-prise-deux\/#breadcrumb","itemListElement":[{"@type":"ListItem","position":1,"name":"Accueil","item":"https:\/\/blogs.thesocialmedia.com\/leblogmoto\/"},{"@type":"ListItem","position":2,"name":"UNO, prise deux"}]},{"@type":"WebSite","@id":"https:\/\/blogs.thesocialmedia.com\/leblogmoto\/#website","url":"https:\/\/blogs.thesocialmedia.com\/leblogmoto\/","name":"leblogmoto","description":"Toute l&#039;actualit\u00e9 des 2 roues","potentialAction":[{"@type":"SearchAction","target":{"@type":"EntryPoint","urlTemplate":"https:\/\/blogs.thesocialmedia.com\/leblogmoto\/?s={search_term_string}"},"query-input":{"@type":"PropertyValueSpecification","valueRequired":true,"valueName":"search_term_string"}}],"inLanguage":"fr-FR"},{"@type":"Person","@id":"https:\/\/blogs.thesocialmedia.com\/leblogmoto\/#\/schema\/person\/e82a0ca8a9a63d031586097a3ed58526","name":"jacques lesage","image":{"@type":"ImageObject","inLanguage":"fr-FR","@id":"https:\/\/blogs.thesocialmedia.com\/leblogmoto\/#\/schema\/person\/image\/","url":"https:\/\/secure.gravatar.com\/avatar\/?s=96&d=mm&r=g","contentUrl":"https:\/\/secure.gravatar.com\/avatar\/?s=96&d=mm&r=g","caption":"jacques lesage"},"url":"https:\/\/blogs.thesocialmedia.com\/leblogmoto\/author\/jacques-lesage\/"}]}},"_links":{"self":[{"href":"https:\/\/blogs.thesocialmedia.com\/leblogmoto\/wp-json\/wp\/v2\/posts\/729","targetHints":{"allow":["GET"]}}],"collection":[{"href":"https:\/\/blogs.thesocialmedia.com\/leblogmoto\/wp-json\/wp\/v2\/posts"}],"about":[{"href":"https:\/\/blogs.thesocialmedia.com\/leblogmoto\/wp-json\/wp\/v2\/types\/post"}],"author":[{"embeddable":true,"href":"https:\/\/blogs.thesocialmedia.com\/leblogmoto\/wp-json\/wp\/v2\/users\/325"}],"replies":[{"embeddable":true,"href":"https:\/\/blogs.thesocialmedia.com\/leblogmoto\/wp-json\/wp\/v2\/comments?post=729"}],"version-history":[{"count":2,"href":"https:\/\/blogs.thesocialmedia.com\/leblogmoto\/wp-json\/wp\/v2\/posts\/729\/revisions"}],"predecessor-version":[{"id":10593,"href":"https:\/\/blogs.thesocialmedia.com\/leblogmoto\/wp-json\/wp\/v2\/posts\/729\/revisions\/10593"}],"wp:attachment":[{"href":"https:\/\/blogs.thesocialmedia.com\/leblogmoto\/wp-json\/wp\/v2\/media?parent=729"}],"wp:term":[{"taxonomy":"category","embeddable":true,"href":"https:\/\/blogs.thesocialmedia.com\/leblogmoto\/wp-json\/wp\/v2\/categories?post=729"},{"taxonomy":"post_tag","embeddable":true,"href":"https:\/\/blogs.thesocialmedia.com\/leblogmoto\/wp-json\/wp\/v2\/tags?post=729"}],"curies":[{"name":"wp","href":"https:\/\/api.w.org\/{rel}","templated":true}]}}