{"id":732,"date":"2008-04-29T07:37:32","date_gmt":"2008-04-29T07:37:32","guid":{"rendered":"http:\/\/blogs.thesocialmedia.com\/leblogmoto\/2008\/04\/29\/david-casteu\/"},"modified":"2012-07-11T15:42:58","modified_gmt":"2012-07-11T15:42:58","slug":"david-casteu","status":"publish","type":"post","link":"https:\/\/blogs.thesocialmedia.com\/leblogmoto\/2008\/04\/29\/david-casteu\/","title":{"rendered":"David Casteu remporte le premier rally Dakar Series."},"content":{"rendered":"<p><a href=\"http:\/\/blogs.thesocialmedia.com\/leblogmoto\/files\/2012\/07\/rec08jtomasellijpg240462028529.jpg\"><img loading=\"lazy\" decoding=\"async\" height=\"313\" alt=\"Rec08jtomasellijpg240462028529\" src=\"http:\/\/www.leblogmoto.com\/images\/2008\/04\/28\/rec08jtomasellijpg240462028529.jpg\" width=\"470\"  \/><\/a><\/p>\n<p>D&rsquo;abord, cette joie indescriptible en franchissant la ligne d&rsquo;arriv\u00e9e de la 7\u00e8me \u00e9tape \u00e0 Veszprem. La &quot;joie du scaphandrier&quot; comme l&rsquo;appelait Phil Read pour d\u00e9crire tous les pilotes en combarde et casques dont les \u00e9motions transparaissent m\u00eame encore harnach\u00e9s dans leur protection de cuir, nomex, aramide et carbone. Puis succ\u00e8de un geste apais\u00e9 du pilote officiel KTM vers le ciel: &quot;Pour Fabrizio Meoni&quot; comme <a href=\"http:\/\/www.casteu.fr\/\">David Casteu<\/a> l&rsquo;expliquera plus tard (derni\u00e8res photos). <\/p>\n<p>Le pilote italien et francophile, double vainqueur du Dakar et quadruple vainqueur des Rallye de Tunisie et du Rallye d&rsquo;Egypte lui avait<em> &quot;donn\u00e9 le go\u00fbt du rally-raid et inculqu\u00e9 le respect de l\u2019esprit de cette discipline.<\/em> Et il ajoute<em> &quot;Il \u00e9tait quelqu\u2019un de tr\u00e8s important pour moi et j\u2019ai beaucoup d\u2019images, de souvenirs avec lui. Nous avons perdu un grand Monsieur* et je pense souvent \u00e0 lui\u2026&quot;<\/em><\/p>\n<p>Mais il lui appartient aussi en propre, ce Rallye d&rsquo;Europe Centrale (trac\u00e9 en bas de page). Car il permet au Ni\u00e7ois d&rsquo;origine et Varois d&rsquo;adoption de faire mentir sa r\u00e9putation de pilote surdou\u00e9 et tr\u00e8s gentil mais au mental friable**. <\/p>\n<p>Il prouve qu&rsquo;\u00eatre touche-\u00e0-tout (il coiffe aussi bien les casquettes d&rsquo;entrepreneur que de pilote) peut se conjuguer avec la r\u00e9ussite, en grimpant sur la plus haute marche du podium apr\u00e8s des \u00e9tapes tr\u00e8s techniques en Roumanie et en Hongrie.<\/p>\n<p>Au classement g\u00e9n\u00e9ral ce jeune papa de 34 ans devance son ami Lopez Chaleco et Alain Duclos, qui compl\u00e8te le podium. Jose Manuel Pellicer sur une Yamaha esseul\u00e9e dans une vague orange termine quatri\u00e8me et Cyril Despres, finit quant \u00e0 lui cinqui\u00e8me, toujours sur Katoche.<\/p>\n<p>En attendant, ASO (Amaury Sport Organisation) propri\u00e9taire de l&rsquo;Equipe, du Tour de France et du rallye Dakar a su faire oublier l&rsquo;annonce par son directeur Etienne Lavigne de l&rsquo;annulation du plus c\u00e9l\u00e8bre des rallye-raid pour cette ann\u00e9e. <\/p>\n<p>Et ceci malgr\u00e9 les impond\u00e9rables: les fortes chutes de neige en Roumanie ayant contraint les organisateurs \u00e0 concentrer le trac\u00e9, qui devait s&rsquo;\u00e9tendre sur 3000 Km en tout, \u00e0 l&rsquo;origine. Pour la suite, rendez-vous dans une semaine en Sardaigne (FIM). Un calendrier \u00e9cartel\u00e9 entre \u00e9preuves FIM, NPO, JVD et ASO.<\/p>\n<p><em>*alors qu&rsquo;il effectuait ce qu&rsquo;il promettait \u00eatre son dernier Dakar en 2005, <a href=\"http:\/\/www.fabriziomeoni.it\/fm\/ns.asp\">Fabrizio Meoni<\/a> est d\u00e9c\u00e9d\u00e9 d&rsquo;une h\u00e9morragie apr\u00e8s une grave chute. C&rsquo;est idiot mais je me rappelle encore des larmes et de la tristesse indicible de G\u00e9rard Holtz ce jour-l\u00e0 sur France 2.<\/em><\/p>\n<p><em>**deux fois vice-champion du monde des Rallyes Tout-Terrain quand m\u00eame.<\/em><\/p>\n<p><a href=\"http:\/\/clabedan.typepad.com\/.shared\/image.html?\/photos\/uncategorized\/2008\/04\/28\/rec08jtomasellijpg240462028829.jpg\"><img loading=\"lazy\" decoding=\"async\" height=\"313\" alt=\"Rec08jtomasellijpg240462028829\" src=\"http:\/\/www.leblogmoto.com\/images\/2008\/04\/28\/rec08jtomasellijpg240462028829.jpg\" width=\"470\"  \/><\/a> <\/p>\n<p><a href=\"http:\/\/blogs.thesocialmedia.com\/leblogmoto\/files\/2012\/07\/rec08jtomasellijpg2404620282529.jpg\"><img loading=\"lazy\" decoding=\"async\" height=\"313\" alt=\"Rec08jtomasellijpg2404620282529\" src=\"http:\/\/www.leblogmoto.com\/images\/2008\/04\/28\/rec08jtomasellijpg2404620282529.jpg\" width=\"470\"  \/><\/a><\/p>\n<p><a href=\"http:\/\/blogs.thesocialmedia.com\/leblogmoto\/files\/2012\/07\/rec08jtomasellijpg2404620282729.jpg\"><img loading=\"lazy\" decoding=\"async\" height=\"313\" alt=\"Rec08jtomasellijpg2404620282729\" src=\"http:\/\/www.leblogmoto.com\/images\/2008\/04\/28\/rec08jtomasellijpg2404620282729.jpg\" width=\"470\"  \/><\/a><\/p>\n<p><a href=\"http:\/\/blogs.thesocialmedia.com\/leblogmoto\/files\/2012\/07\/rec08jtomasellijpg2404620282329.jpg\"><img loading=\"lazy\" decoding=\"async\" height=\"313\" alt=\"Rec08jtomasellijpg2404620282329\" src=\"http:\/\/www.leblogmoto.com\/images\/2008\/04\/28\/rec08jtomasellijpg2404620282329.jpg\" width=\"470\"  \/><\/a><\/p>\n<p><a href=\"http:\/\/blogs.thesocialmedia.com\/leblogmoto\/files\/2012\/07\/rec08jtomasellijpg240462028229.jpg\"><img loading=\"lazy\" decoding=\"async\" height=\"313\" alt=\"Rec08jtomasellijpg240462028229\" src=\"http:\/\/www.leblogmoto.com\/images\/2008\/04\/28\/rec08jtomasellijpg240462028229.jpg\" width=\"470\"  \/><\/a><\/p>\n<p><a href=\"http:\/\/blogs.thesocialmedia.com\/leblogmoto\/files\/2012\/07\/rec08jtomasellijpg2404620281329.jpg\"><img loading=\"lazy\" decoding=\"async\" height=\"313\" alt=\"Rec08jtomasellijpg2404620281329\" src=\"http:\/\/www.leblogmoto.com\/images\/2008\/04\/28\/rec08jtomasellijpg2404620281329.jpg\" width=\"470\"  \/><\/a><\/p>\n<p><a href=\"http:\/\/blogs.thesocialmedia.com\/leblogmoto\/files\/2012\/07\/rec08jtomasellijpg2404620281429.jpg\"><img loading=\"lazy\" decoding=\"async\" height=\"313\" alt=\"Rec08jtomasellijpg2404620281429\" src=\"http:\/\/www.leblogmoto.com\/images\/2008\/04\/28\/rec08jtomasellijpg2404620281429.jpg\" width=\"470\"  \/><\/a> <\/p>\n<p><a href=\"http:\/\/blogs.thesocialmedia.com\/leblogmoto\/files\/2012\/07\/rec08jtomasellijpg2404620281529.jpg\"><img loading=\"lazy\" decoding=\"async\" height=\"313\" alt=\"Rec08jtomasellijpg2404620281529\" src=\"http:\/\/www.leblogmoto.com\/images\/2008\/04\/28\/rec08jtomasellijpg2404620281529.jpg\" width=\"470\"  \/><\/a><\/p>\n<p><a href=\"http:\/\/blogs.thesocialmedia.com\/leblogmoto\/files\/2012\/07\/centraleuroperally.jpg\"><img loading=\"lazy\" decoding=\"async\" height=\"323\" alt=\"Centraleuroperally\" src=\"http:\/\/www.leblogmoto.com\/images\/2008\/04\/28\/centraleuroperally.jpg\" width=\"470\"  \/><\/a> <\/p>\n<p>cr\u00e9dit photos: J.Tomaselli pour le <a href=\"http:\/\/www.casteu.fr\/\">site<\/a> de David Casteu.<\/p>\n","protected":false},"excerpt":{"rendered":"<p>D&rsquo;abord, cette joie indescriptible en franchissant la ligne d&rsquo;arriv\u00e9e de la 7\u00e8me \u00e9tape \u00e0 Veszprem. La &quot;joie du scaphandrier&quot; comme l&rsquo;appelait Phil Read pour d\u00e9crire tous les pilotes en combarde et casques dont les \u00e9motions transparaissent m\u00eame encore harnach\u00e9s dans leur protection de cuir, nomex, aramide et carbone. Puis succ\u00e8de un geste apais\u00e9 du pilote [&hellip;]<\/p>\n","protected":false},"author":324,"featured_media":0,"comment_status":"open","ping_status":"open","sticky":false,"template":"","format":"standard","meta":{"footnotes":""},"categories":[3,13,59,39,32],"tags":[],"class_list":["post-732","post","type-post","status-publish","format-standard","hentry","category-actualite","category-aventure","category-dakar","category-ktm","category-sport-moto"],"yoast_head":"<!-- This site is optimized with the Yoast SEO plugin v26.0 - https:\/\/yoast.com\/wordpress\/plugins\/seo\/ -->\n<title>David Casteu remporte le premier rally Dakar Series. - leblogmoto.com<\/title>\n<meta name=\"robots\" content=\"index, follow, max-snippet:-1, max-image-preview:large, max-video-preview:-1\" \/>\n<link rel=\"canonical\" href=\"https:\/\/blogs.thesocialmedia.com\/leblogmoto\/2008\/04\/29\/david-casteu\/\" \/>\n<meta name=\"twitter:card\" content=\"summary_large_image\" \/>\n<meta name=\"twitter:title\" content=\"David Casteu remporte le premier rally Dakar Series. - leblogmoto.com\" \/>\n<meta name=\"twitter:description\" content=\"D&rsquo;abord, cette joie indescriptible en franchissant la ligne d&rsquo;arriv\u00e9e de la 7\u00e8me \u00e9tape \u00e0 Veszprem. La &quot;joie du scaphandrier&quot; comme l&rsquo;appelait Phil Read pour d\u00e9crire tous les pilotes en combarde et casques dont les \u00e9motions transparaissent m\u00eame encore harnach\u00e9s dans leur protection de cuir, nomex, aramide et carbone. Puis succ\u00e8de un geste apais\u00e9 du pilote [&hellip;]\" \/>\n<meta name=\"twitter:image\" content=\"http:\/\/www.leblogmoto.com\/images\/2008\/04\/28\/rec08jtomasellijpg240462028529.jpg\" \/>\n<meta name=\"twitter:label1\" content=\"\u00c9crit par\" \/>\n\t<meta name=\"twitter:data1\" content=\"benoit rieu\" \/>\n\t<meta name=\"twitter:label2\" content=\"Dur\u00e9e de lecture estim\u00e9e\" \/>\n\t<meta name=\"twitter:data2\" content=\"2 minutes\" \/>\n<script type=\"application\/ld+json\" class=\"yoast-schema-graph\">{\"@context\":\"https:\/\/schema.org\",\"@graph\":[{\"@type\":\"WebPage\",\"@id\":\"https:\/\/blogs.thesocialmedia.com\/leblogmoto\/2008\/04\/29\/david-casteu\/\",\"url\":\"https:\/\/blogs.thesocialmedia.com\/leblogmoto\/2008\/04\/29\/david-casteu\/\",\"name\":\"David Casteu remporte le premier rally Dakar Series. - leblogmoto.com\",\"isPartOf\":{\"@id\":\"https:\/\/blogs.thesocialmedia.com\/leblogmoto\/#website\"},\"primaryImageOfPage\":{\"@id\":\"https:\/\/blogs.thesocialmedia.com\/leblogmoto\/2008\/04\/29\/david-casteu\/#primaryimage\"},\"image\":{\"@id\":\"https:\/\/blogs.thesocialmedia.com\/leblogmoto\/2008\/04\/29\/david-casteu\/#primaryimage\"},\"thumbnailUrl\":\"http:\/\/www.leblogmoto.com\/images\/2008\/04\/28\/rec08jtomasellijpg240462028529.jpg\",\"datePublished\":\"2008-04-29T07:37:32+00:00\",\"dateModified\":\"2012-07-11T15:42:58+00:00\",\"author\":{\"@id\":\"https:\/\/blogs.thesocialmedia.com\/leblogmoto\/#\/schema\/person\/18bfe773e5725ed6d24f743da805362a\"},\"breadcrumb\":{\"@id\":\"https:\/\/blogs.thesocialmedia.com\/leblogmoto\/2008\/04\/29\/david-casteu\/#breadcrumb\"},\"inLanguage\":\"fr-FR\",\"potentialAction\":[{\"@type\":\"ReadAction\",\"target\":[\"https:\/\/blogs.thesocialmedia.com\/leblogmoto\/2008\/04\/29\/david-casteu\/\"]}]},{\"@type\":\"ImageObject\",\"inLanguage\":\"fr-FR\",\"@id\":\"https:\/\/blogs.thesocialmedia.com\/leblogmoto\/2008\/04\/29\/david-casteu\/#primaryimage\",\"url\":\"http:\/\/www.leblogmoto.com\/images\/2008\/04\/28\/rec08jtomasellijpg240462028529.jpg\",\"contentUrl\":\"http:\/\/www.leblogmoto.com\/images\/2008\/04\/28\/rec08jtomasellijpg240462028529.jpg\"},{\"@type\":\"BreadcrumbList\",\"@id\":\"https:\/\/blogs.thesocialmedia.com\/leblogmoto\/2008\/04\/29\/david-casteu\/#breadcrumb\",\"itemListElement\":[{\"@type\":\"ListItem\",\"position\":1,\"name\":\"Accueil\",\"item\":\"https:\/\/blogs.thesocialmedia.com\/leblogmoto\/\"},{\"@type\":\"ListItem\",\"position\":2,\"name\":\"David Casteu remporte le premier rally Dakar Series.\"}]},{\"@type\":\"WebSite\",\"@id\":\"https:\/\/blogs.thesocialmedia.com\/leblogmoto\/#website\",\"url\":\"https:\/\/blogs.thesocialmedia.com\/leblogmoto\/\",\"name\":\"leblogmoto\",\"description\":\"Toute l&#039;actualit\u00e9 des 2 roues\",\"potentialAction\":[{\"@type\":\"SearchAction\",\"target\":{\"@type\":\"EntryPoint\",\"urlTemplate\":\"https:\/\/blogs.thesocialmedia.com\/leblogmoto\/?s={search_term_string}\"},\"query-input\":{\"@type\":\"PropertyValueSpecification\",\"valueRequired\":true,\"valueName\":\"search_term_string\"}}],\"inLanguage\":\"fr-FR\"},{\"@type\":\"Person\",\"@id\":\"https:\/\/blogs.thesocialmedia.com\/leblogmoto\/#\/schema\/person\/18bfe773e5725ed6d24f743da805362a\",\"name\":\"benoit rieu\",\"image\":{\"@type\":\"ImageObject\",\"inLanguage\":\"fr-FR\",\"@id\":\"https:\/\/blogs.thesocialmedia.com\/leblogmoto\/#\/schema\/person\/image\/\",\"url\":\"https:\/\/secure.gravatar.com\/avatar\/?s=96&d=mm&r=g\",\"contentUrl\":\"https:\/\/secure.gravatar.com\/avatar\/?s=96&d=mm&r=g\",\"caption\":\"benoit rieu\"},\"url\":\"https:\/\/blogs.thesocialmedia.com\/leblogmoto\/author\/benoit-rieu\/\"}]}<\/script>\n<!-- \/ Yoast SEO plugin. -->","yoast_head_json":{"title":"David Casteu remporte le premier rally Dakar Series. - leblogmoto.com","robots":{"index":"index","follow":"follow","max-snippet":"max-snippet:-1","max-image-preview":"max-image-preview:large","max-video-preview":"max-video-preview:-1"},"canonical":"https:\/\/blogs.thesocialmedia.com\/leblogmoto\/2008\/04\/29\/david-casteu\/","twitter_card":"summary_large_image","twitter_title":"David Casteu remporte le premier rally Dakar Series. - leblogmoto.com","twitter_description":"D&rsquo;abord, cette joie indescriptible en franchissant la ligne d&rsquo;arriv\u00e9e de la 7\u00e8me \u00e9tape \u00e0 Veszprem. La &quot;joie du scaphandrier&quot; comme l&rsquo;appelait Phil Read pour d\u00e9crire tous les pilotes en combarde et casques dont les \u00e9motions transparaissent m\u00eame encore harnach\u00e9s dans leur protection de cuir, nomex, aramide et carbone. Puis succ\u00e8de un geste apais\u00e9 du pilote [&hellip;]","twitter_image":"http:\/\/www.leblogmoto.com\/images\/2008\/04\/28\/rec08jtomasellijpg240462028529.jpg","twitter_misc":{"\u00c9crit par":"benoit rieu","Dur\u00e9e de lecture estim\u00e9e":"2 minutes"},"schema":{"@context":"https:\/\/schema.org","@graph":[{"@type":"WebPage","@id":"https:\/\/blogs.thesocialmedia.com\/leblogmoto\/2008\/04\/29\/david-casteu\/","url":"https:\/\/blogs.thesocialmedia.com\/leblogmoto\/2008\/04\/29\/david-casteu\/","name":"David Casteu remporte le premier rally Dakar Series. - leblogmoto.com","isPartOf":{"@id":"https:\/\/blogs.thesocialmedia.com\/leblogmoto\/#website"},"primaryImageOfPage":{"@id":"https:\/\/blogs.thesocialmedia.com\/leblogmoto\/2008\/04\/29\/david-casteu\/#primaryimage"},"image":{"@id":"https:\/\/blogs.thesocialmedia.com\/leblogmoto\/2008\/04\/29\/david-casteu\/#primaryimage"},"thumbnailUrl":"http:\/\/www.leblogmoto.com\/images\/2008\/04\/28\/rec08jtomasellijpg240462028529.jpg","datePublished":"2008-04-29T07:37:32+00:00","dateModified":"2012-07-11T15:42:58+00:00","author":{"@id":"https:\/\/blogs.thesocialmedia.com\/leblogmoto\/#\/schema\/person\/18bfe773e5725ed6d24f743da805362a"},"breadcrumb":{"@id":"https:\/\/blogs.thesocialmedia.com\/leblogmoto\/2008\/04\/29\/david-casteu\/#breadcrumb"},"inLanguage":"fr-FR","potentialAction":[{"@type":"ReadAction","target":["https:\/\/blogs.thesocialmedia.com\/leblogmoto\/2008\/04\/29\/david-casteu\/"]}]},{"@type":"ImageObject","inLanguage":"fr-FR","@id":"https:\/\/blogs.thesocialmedia.com\/leblogmoto\/2008\/04\/29\/david-casteu\/#primaryimage","url":"http:\/\/www.leblogmoto.com\/images\/2008\/04\/28\/rec08jtomasellijpg240462028529.jpg","contentUrl":"http:\/\/www.leblogmoto.com\/images\/2008\/04\/28\/rec08jtomasellijpg240462028529.jpg"},{"@type":"BreadcrumbList","@id":"https:\/\/blogs.thesocialmedia.com\/leblogmoto\/2008\/04\/29\/david-casteu\/#breadcrumb","itemListElement":[{"@type":"ListItem","position":1,"name":"Accueil","item":"https:\/\/blogs.thesocialmedia.com\/leblogmoto\/"},{"@type":"ListItem","position":2,"name":"David Casteu remporte le premier rally Dakar Series."}]},{"@type":"WebSite","@id":"https:\/\/blogs.thesocialmedia.com\/leblogmoto\/#website","url":"https:\/\/blogs.thesocialmedia.com\/leblogmoto\/","name":"leblogmoto","description":"Toute l&#039;actualit\u00e9 des 2 roues","potentialAction":[{"@type":"SearchAction","target":{"@type":"EntryPoint","urlTemplate":"https:\/\/blogs.thesocialmedia.com\/leblogmoto\/?s={search_term_string}"},"query-input":{"@type":"PropertyValueSpecification","valueRequired":true,"valueName":"search_term_string"}}],"inLanguage":"fr-FR"},{"@type":"Person","@id":"https:\/\/blogs.thesocialmedia.com\/leblogmoto\/#\/schema\/person\/18bfe773e5725ed6d24f743da805362a","name":"benoit rieu","image":{"@type":"ImageObject","inLanguage":"fr-FR","@id":"https:\/\/blogs.thesocialmedia.com\/leblogmoto\/#\/schema\/person\/image\/","url":"https:\/\/secure.gravatar.com\/avatar\/?s=96&d=mm&r=g","contentUrl":"https:\/\/secure.gravatar.com\/avatar\/?s=96&d=mm&r=g","caption":"benoit rieu"},"url":"https:\/\/blogs.thesocialmedia.com\/leblogmoto\/author\/benoit-rieu\/"}]}},"_links":{"self":[{"href":"https:\/\/blogs.thesocialmedia.com\/leblogmoto\/wp-json\/wp\/v2\/posts\/732","targetHints":{"allow":["GET"]}}],"collection":[{"href":"https:\/\/blogs.thesocialmedia.com\/leblogmoto\/wp-json\/wp\/v2\/posts"}],"about":[{"href":"https:\/\/blogs.thesocialmedia.com\/leblogmoto\/wp-json\/wp\/v2\/types\/post"}],"author":[{"embeddable":true,"href":"https:\/\/blogs.thesocialmedia.com\/leblogmoto\/wp-json\/wp\/v2\/users\/324"}],"replies":[{"embeddable":true,"href":"https:\/\/blogs.thesocialmedia.com\/leblogmoto\/wp-json\/wp\/v2\/comments?post=732"}],"version-history":[{"count":2,"href":"https:\/\/blogs.thesocialmedia.com\/leblogmoto\/wp-json\/wp\/v2\/posts\/732\/revisions"}],"predecessor-version":[{"id":10579,"href":"https:\/\/blogs.thesocialmedia.com\/leblogmoto\/wp-json\/wp\/v2\/posts\/732\/revisions\/10579"}],"wp:attachment":[{"href":"https:\/\/blogs.thesocialmedia.com\/leblogmoto\/wp-json\/wp\/v2\/media?parent=732"}],"wp:term":[{"taxonomy":"category","embeddable":true,"href":"https:\/\/blogs.thesocialmedia.com\/leblogmoto\/wp-json\/wp\/v2\/categories?post=732"},{"taxonomy":"post_tag","embeddable":true,"href":"https:\/\/blogs.thesocialmedia.com\/leblogmoto\/wp-json\/wp\/v2\/tags?post=732"}],"curies":[{"name":"wp","href":"https:\/\/api.w.org\/{rel}","templated":true}]}}