{"id":735,"date":"2008-04-29T00:55:42","date_gmt":"2008-04-29T00:55:42","guid":{"rendered":"http:\/\/blogs.thesocialmedia.com\/leblogmoto\/2008\/04\/29\/lquipe-dafy-mot\/"},"modified":"2012-07-11T15:42:08","modified_gmt":"2012-07-11T15:42:08","slug":"lquipe-dafy-mot","status":"publish","type":"post","link":"https:\/\/blogs.thesocialmedia.com\/leblogmoto\/2008\/04\/29\/lquipe-dafy-mot\/","title":{"rendered":"24 Heures du Mans: l&rsquo;\u00e9quipe Dafy Moto Cognage"},"content":{"rendered":"<p><a href=\"http:\/\/blogs.thesocialmedia.com\/leblogmoto\/files\/2012\/07\/cognage.jpg\"><img loading=\"lazy\" decoding=\"async\" width=\"470\" height=\"353\"  alt=\"Cognage\" src=\"http:\/\/www.leblogmoto.com\/images\/2008\/04\/28\/cognage.jpg\" style=\"margin: 0px 5px 5px 0px;float: left\" \/><\/a>Une semaine apr\u00e8s la fin de la course des <a href=\"http:\/\/www.leblogmoto.com\/sport_moto\/index.html\">24 Heures du Mans<\/a> nous en sommes encore au tri des centaines de photos et vid\u00e9os r\u00e9alis\u00e9es au sein du <a href=\"http:\/\/www.leblogmoto.com\/2008\/04\/24-heures-du--7.html\">Team Dafy Moto Cognage<\/a>. Aujourd&rsquo;hui pr\u00e9sentation tardive de l&rsquo;\u00e9quipe qui a termin\u00e9 25\u00e8me de la course et 17\u00e8me de la cat\u00e9gorie EWC&#8230;<\/p>\n<p>Commen\u00e7ons par les pilotes avec, de gauche \u00e0 droite, Freddy (le 4\u00e8me pilote), Adrien, Franck et Gregory qui s&rsquo;est teint les cheveux en rose pour l&rsquo;occasion&#8230; <a href=\"http:\/\/clabedan.typepad.com\/.shared\/image.html?\/photos\/uncategorized\/2008\/04\/28\/cognage_2.jpg\"><img loading=\"lazy\" decoding=\"async\" width=\"470\" height=\"353\"  src=\"http:\/\/www.leblogmoto.com\/images\/2008\/04\/28\/cognage_2.jpg\" alt=\"Cognage_2\" style=\"margin: 0px 5px 5px 0px;float: left\" \/><\/a><\/p>\n<p>Pour encadrer les pilotes mais surtout les plus de 20 personnes de l&rsquo;organisation c&rsquo;est Rachel, la femme de Gregory, qui rev\u00eat la casquette de Team manager. Elle s&rsquo;est charg\u00e9e avec l&rsquo;aide de Renaud durant 99% de la course de &quot;panneauter&quot; les infos aux pilotes depuis la gu\u00e9rite situ\u00e9e pr\u00e8s de la piste&#8230;<\/p>\n<p>Charg\u00e9s du ravitaillement de la machine en carburant (<a href=\"http:\/\/blogs.thesocialmedia.com\/leblogmoto\/files\/2012\/07\/365-euros-le-li.html_.png\">l&rsquo;E10 \u00e0 3,65 euros le litre<\/a>), Jean Michel et Jean Claude sous les yeux bienveillants de Jacky et de son exctincteur.<a href=\"http:\/\/clabedan.typepad.com\/.shared\/image.html?\/photos\/uncategorized\/2008\/04\/28\/cognage_5.jpg\"><img loading=\"lazy\" decoding=\"async\" width=\"470\" height=\"353\"  src=\"http:\/\/www.leblogmoto.com\/images\/2008\/04\/28\/cognage_5.jpg\" alt=\"Cognage_5\" style=\"margin: 0px 5px 5px 0px;float: left\" \/><\/a> <\/p>\n<p> <\/p>\n<p>Responsables des changements de pneus et de la bonne marche de la machine les m\u00e9caniciens, Rodolphe, Michael et Gilles, sont encadr\u00e9s par l&rsquo;exp\u00e9riment\u00e9 chef m\u00e9cano, Biz&#8230;<\/p>\n<p><a href=\"http:\/\/blogs.thesocialmedia.com\/leblogmoto\/files\/2012\/07\/cognage_14.jpg\"><img loading=\"lazy\" decoding=\"async\" width=\"470\" height=\"312\"  alt=\"Cognage_14\" src=\"http:\/\/www.leblogmoto.com\/images\/2008\/04\/28\/cognage_14.jpg\" style=\"margin: 0px 5px 5px 0px;float: left\" \/><\/a> <\/p>\n<p><a href=\"http:\/\/blogs.thesocialmedia.com\/leblogmoto\/files\/2012\/07\/cognage_3.jpg\"><img loading=\"lazy\" decoding=\"async\" width=\"470\" height=\"353\"  src=\"http:\/\/www.leblogmoto.com\/images\/2008\/04\/28\/cognage_3.jpg\" alt=\"Cognage_3\" style=\"margin: 0px 5px 5px 0px;float: left\" \/><\/a><\/p>\n<p><a href=\"http:\/\/blogs.thesocialmedia.com\/leblogmoto\/files\/2012\/07\/cognage_10.jpg\"><br \/><\/a><\/p>\n<p> <\/p>\n<p>Pour la gestion des pneus ce sont Mike, le barbu de l&rsquo;\u00e9quipe, et Armelle qui ont effectu\u00e9 des incessants allers et&nbsp; retours entre le stand et l&rsquo;atelier Michelin.<\/p>\n<p><a href=\"http:\/\/clabedan.typepad.com\/.shared\/image.html?\/photos\/uncategorized\/2008\/04\/28\/cognage_7.jpg\"><img loading=\"lazy\" decoding=\"async\" width=\"470\" height=\"353\"  alt=\"Cognage_7\" src=\"http:\/\/www.leblogmoto.com\/images\/2008\/04\/28\/cognage_7.jpg\" style=\"margin: 0px 5px 5px 0px;float: left\" \/><\/a> <\/p>\n<p> Responsables du choix des gommes, de la pr\u00e9paration des jantes et du placement des pneus dans leurs couvertures avant le relais suivant&#8230;&nbsp; <\/p>\n<p><a href=\"http:\/\/blogs.thesocialmedia.com\/leblogmoto\/files\/2012\/07\/cognage_3.jpg\"><br \/><\/a><\/p>\n<p> <\/p>\n<p><a href=\"http:\/\/clabedan.typepad.com\/.shared\/image.html?\/photos\/uncategorized\/2008\/04\/28\/cognage_6.jpg\"><img loading=\"lazy\" decoding=\"async\" width=\"470\" height=\"353\"  alt=\"Cognage_6\" src=\"http:\/\/www.leblogmoto.com\/images\/2008\/04\/28\/cognage_6.jpg\" style=\"margin: 0px 5px 5px 0px;float: left\" \/><\/a> Pr\u00e9sent en permanence pendant les 24 heures de course sur la ligne des stands c&rsquo;est Robert qui tenait le panneau du box et surveillait les rentr\u00e9es aux stands non pr\u00e9vues. A sa gauche, Nono, le chef de stand, qui supervisait les \u00e9v\u00e9nements \u00e0 venir. Ci dessous en pleine interview pour la cha\u00eene Eurosport par Christian Lavieille&#8230; <\/p>\n<p><a href=\"http:\/\/blogs.thesocialmedia.com\/leblogmoto\/files\/2012\/07\/cognage_15.jpg\"><img loading=\"lazy\" decoding=\"async\" width=\"470\" height=\"312\"  src=\"http:\/\/www.leblogmoto.com\/images\/2008\/04\/28\/cognage_15.jpg\" alt=\"Cognage_15\" style=\"margin: 0px 5px 5px 0px;float: left\" \/><\/a> <\/p>\n<p>Le chef de stand est le chef de la fourmili\u00e8re. Responsable de la machine, il note scrupuleusement sur un ordinateur portable chacune des interventions. Ravitaillements en&nbsp; carburant, changements de plaquettes ou de pneus pour usure ou m\u00e9t\u00e9o, compl\u00e9ments d&rsquo;huile moteur ou encore r\u00e9glage de la courbe d&rsquo;allumage du moteur&#8230;&nbsp;  <\/p>\n<p><a href=\"http:\/\/blogs.thesocialmedia.com\/leblogmoto\/files\/2012\/07\/cognage_12.jpg\"><img loading=\"lazy\" decoding=\"async\" width=\"470\" height=\"353\"  src=\"http:\/\/www.leblogmoto.com\/images\/2008\/04\/28\/cognage_12.jpg\" alt=\"Cognage_12\" style=\"margin: 0px 5px 5px 0px;float: left\" \/><\/a> <\/p>\n<p><a href=\"http:\/\/blogs.thesocialmedia.com\/leblogmoto\/files\/2012\/07\/cognage_10.jpg\"><br \/><\/a><\/p>\n<p>Responsable du physique et du moral des pilotes, j&rsquo;ai mis 3 heures \u00e0 me rendre compte du boulot \u00e9norme du kin\u00e9 de l&rsquo;\u00e9quipe, C\u00e9dric. En plus de poser des pansements de protection (straps) autour des doigts des pilotes avant chacun de leurs relais (pour \u00e9viter tendinites, cloques ou ampoules) il a pass\u00e9 la plupart du week end sur la table de massage de son camion \u00e0 soigner les douleurs musculaires des pilotes&#8230;<\/p>\n<p><a href=\"http:\/\/clabedan.typepad.com\/.shared\/image.html?\/photos\/uncategorized\/2008\/04\/28\/cognage_13.jpg\"><img loading=\"lazy\" decoding=\"async\" width=\"470\" height=\"353\"  src=\"http:\/\/www.leblogmoto.com\/images\/2008\/04\/28\/cognage_13.jpg\" alt=\"Cognage_13\" style=\"margin: 0px 5px 5px 0px;float: left\" \/><\/a> <\/p>\n<p> William, au second plan sur la photo ci dessous,&nbsp; le responsable des partenariats et des sponsors \u00e9tait charg\u00e9 de l&rsquo;accueil.&nbsp; <\/p>\n<p><a href=\"http:\/\/blogs.thesocialmedia.com\/leblogmoto\/files\/2012\/07\/william.jpg\"><img loading=\"lazy\" decoding=\"async\" width=\"470\" height=\"404\"  alt=\"William\" src=\"http:\/\/www.leblogmoto.com\/images\/2008\/04\/28\/william.jpg\" style=\"margin: 0px 5px 5px 0px;float: left\" \/><\/a><\/p>\n<p><a href=\"http:\/\/blogs.thesocialmedia.com\/leblogmoto\/files\/2012\/07\/lucette_3.jpg\"><img loading=\"lazy\" decoding=\"async\" width=\"300\" height=\"451\"  src=\"http:\/\/www.leblogmoto.com\/images\/2008\/04\/28\/lucette_3.jpg\" alt=\"Lucette_3\" style=\"margin: 0px 5px 5px 0px;float: left\" \/><\/a> Charg\u00e9e du ravitaillement de toute l&rsquo;\u00e9quipe et des diff\u00e9rents invit\u00e9s, hommage \u00e0 Lucette, la maman de Gregory qui assur\u00e9e l&rsquo;intendance pour la quarantaine de personnes pr\u00e9sentes sur le stand. Merci aussi \u00e0 <a href=\"http:\/\/blogs.thesocialmedia.com\/leblogmoto\/files\/2012\/07\/24-heures-du-8.html_.png\">Christian Hamel <\/a>qui a r\u00e9alis\u00e9 la plupart des photos en course.<\/p>\n<p> <\/p>\n<p><a href=\"http:\/\/clabedan.typepad.com\/.shared\/image.html?\/photos\/uncategorized\/2008\/04\/28\/papa_adrien.jpg\"><img loading=\"lazy\" decoding=\"async\" width=\"470\" height=\"353\"  alt=\"Papa_adrien\" src=\"http:\/\/www.leblogmoto.com\/images\/2008\/04\/28\/papa_adrien.jpg\" style=\"margin: 0px 5px 5px 0px;float: left\" \/><\/a> <\/p>\n<p><a href=\"http:\/\/clabedan.typepad.com\/.shared\/image.html?\/photos\/uncategorized\/2008\/04\/28\/papa_adrien.jpg\"><br \/><\/a> <\/p>\n<p><a href=\"http:\/\/clabedan.typepad.com\/.shared\/image.html?\/photos\/uncategorized\/2008\/04\/28\/cognage_9.jpg\"><br \/> <\/a><\/p>\n<p><a href=\"http:\/\/blogs.thesocialmedia.com\/leblogmoto\/files\/2012\/07\/cognage_10.jpg\"><br \/><\/a><\/p>\n<p>Perdu au milieu d&rsquo;une horde de nationalistes Vouvraysiens, le papa d&rsquo;Adrien a tent\u00e9 de promouvoir, en vain, les bulles de la Vall\u00e9e de la Marne&#8230; <\/p>\n<div><object width=\"480\" height=\"367\"><param name=\"movie\" value=\"http:\/\/www.dailymotion.com\/swf\/x58t34&amp;v3=1&amp;related=1\" \/><param name=\"allowFullScreen\" value=\"true\" \/><param name=\"allowScriptAccess\" value=\"always\" \/><embed width=\"480\" height=\"367\" src=\"http:\/\/www.dailymotion.com\/swf\/x58t34&amp;v3=1&amp;related=1\" type=\"application\/x-shockwave-flash\"><\/embed><\/object><br \/><strong>&nbsp;<\/strong><em><a href=\"http:\/\/www.dailymotion.com\/Quart2Tours\"><br \/><\/a><\/em><\/div>\n","protected":false},"excerpt":{"rendered":"<p>Une semaine apr\u00e8s la fin de la course des 24 Heures du Mans nous en sommes encore au tri des centaines de photos et vid\u00e9os r\u00e9alis\u00e9es au sein du Team Dafy Moto Cognage. Aujourd&rsquo;hui pr\u00e9sentation tardive de l&rsquo;\u00e9quipe qui a termin\u00e9 25\u00e8me de la course et 17\u00e8me de la cat\u00e9gorie EWC&#8230; Commen\u00e7ons par les pilotes [&hellip;]<\/p>\n","protected":false},"author":323,"featured_media":0,"comment_status":"open","ping_status":"open","sticky":false,"template":"","format":"standard","meta":{"footnotes":""},"categories":[32],"tags":[],"class_list":["post-735","post","type-post","status-publish","format-standard","hentry","category-sport-moto"],"yoast_head":"<!-- This site is optimized with the Yoast SEO plugin v26.0 - https:\/\/yoast.com\/wordpress\/plugins\/seo\/ -->\n<title>24 Heures du Mans: l&#039;\u00e9quipe Dafy Moto Cognage - leblogmoto.com<\/title>\n<meta name=\"robots\" content=\"index, follow, max-snippet:-1, max-image-preview:large, max-video-preview:-1\" \/>\n<link rel=\"canonical\" href=\"https:\/\/blogs.thesocialmedia.com\/leblogmoto\/2008\/04\/29\/lquipe-dafy-mot\/\" \/>\n<meta name=\"twitter:card\" content=\"summary_large_image\" \/>\n<meta name=\"twitter:title\" content=\"24 Heures du Mans: l&#039;\u00e9quipe Dafy Moto Cognage - leblogmoto.com\" \/>\n<meta name=\"twitter:description\" content=\"Une semaine apr\u00e8s la fin de la course des 24 Heures du Mans nous en sommes encore au tri des centaines de photos et vid\u00e9os r\u00e9alis\u00e9es au sein du Team Dafy Moto Cognage. Aujourd&rsquo;hui pr\u00e9sentation tardive de l&rsquo;\u00e9quipe qui a termin\u00e9 25\u00e8me de la course et 17\u00e8me de la cat\u00e9gorie EWC&#8230; Commen\u00e7ons par les pilotes [&hellip;]\" \/>\n<meta name=\"twitter:image\" content=\"http:\/\/www.leblogmoto.com\/images\/2008\/04\/28\/cognage.jpg\" \/>\n<meta name=\"twitter:label1\" content=\"\u00c9crit par\" \/>\n\t<meta name=\"twitter:data1\" content=\"albin le guyader\" \/>\n\t<meta name=\"twitter:label2\" content=\"Dur\u00e9e de lecture estim\u00e9e\" \/>\n\t<meta name=\"twitter:data2\" content=\"3 minutes\" \/>\n<script type=\"application\/ld+json\" class=\"yoast-schema-graph\">{\"@context\":\"https:\/\/schema.org\",\"@graph\":[{\"@type\":\"WebPage\",\"@id\":\"https:\/\/blogs.thesocialmedia.com\/leblogmoto\/2008\/04\/29\/lquipe-dafy-mot\/\",\"url\":\"https:\/\/blogs.thesocialmedia.com\/leblogmoto\/2008\/04\/29\/lquipe-dafy-mot\/\",\"name\":\"24 Heures du Mans: l'\u00e9quipe Dafy Moto Cognage - leblogmoto.com\",\"isPartOf\":{\"@id\":\"https:\/\/blogs.thesocialmedia.com\/leblogmoto\/#website\"},\"primaryImageOfPage\":{\"@id\":\"https:\/\/blogs.thesocialmedia.com\/leblogmoto\/2008\/04\/29\/lquipe-dafy-mot\/#primaryimage\"},\"image\":{\"@id\":\"https:\/\/blogs.thesocialmedia.com\/leblogmoto\/2008\/04\/29\/lquipe-dafy-mot\/#primaryimage\"},\"thumbnailUrl\":\"http:\/\/www.leblogmoto.com\/images\/2008\/04\/28\/cognage.jpg\",\"datePublished\":\"2008-04-29T00:55:42+00:00\",\"dateModified\":\"2012-07-11T15:42:08+00:00\",\"author\":{\"@id\":\"https:\/\/blogs.thesocialmedia.com\/leblogmoto\/#\/schema\/person\/b496d27c898c29a39678e2425cafb9ae\"},\"breadcrumb\":{\"@id\":\"https:\/\/blogs.thesocialmedia.com\/leblogmoto\/2008\/04\/29\/lquipe-dafy-mot\/#breadcrumb\"},\"inLanguage\":\"fr-FR\",\"potentialAction\":[{\"@type\":\"ReadAction\",\"target\":[\"https:\/\/blogs.thesocialmedia.com\/leblogmoto\/2008\/04\/29\/lquipe-dafy-mot\/\"]}]},{\"@type\":\"ImageObject\",\"inLanguage\":\"fr-FR\",\"@id\":\"https:\/\/blogs.thesocialmedia.com\/leblogmoto\/2008\/04\/29\/lquipe-dafy-mot\/#primaryimage\",\"url\":\"http:\/\/www.leblogmoto.com\/images\/2008\/04\/28\/cognage.jpg\",\"contentUrl\":\"http:\/\/www.leblogmoto.com\/images\/2008\/04\/28\/cognage.jpg\"},{\"@type\":\"BreadcrumbList\",\"@id\":\"https:\/\/blogs.thesocialmedia.com\/leblogmoto\/2008\/04\/29\/lquipe-dafy-mot\/#breadcrumb\",\"itemListElement\":[{\"@type\":\"ListItem\",\"position\":1,\"name\":\"Accueil\",\"item\":\"https:\/\/blogs.thesocialmedia.com\/leblogmoto\/\"},{\"@type\":\"ListItem\",\"position\":2,\"name\":\"24 Heures du Mans: l&rsquo;\u00e9quipe Dafy Moto Cognage\"}]},{\"@type\":\"WebSite\",\"@id\":\"https:\/\/blogs.thesocialmedia.com\/leblogmoto\/#website\",\"url\":\"https:\/\/blogs.thesocialmedia.com\/leblogmoto\/\",\"name\":\"leblogmoto\",\"description\":\"Toute l&#039;actualit\u00e9 des 2 roues\",\"potentialAction\":[{\"@type\":\"SearchAction\",\"target\":{\"@type\":\"EntryPoint\",\"urlTemplate\":\"https:\/\/blogs.thesocialmedia.com\/leblogmoto\/?s={search_term_string}\"},\"query-input\":{\"@type\":\"PropertyValueSpecification\",\"valueRequired\":true,\"valueName\":\"search_term_string\"}}],\"inLanguage\":\"fr-FR\"},{\"@type\":\"Person\",\"@id\":\"https:\/\/blogs.thesocialmedia.com\/leblogmoto\/#\/schema\/person\/b496d27c898c29a39678e2425cafb9ae\",\"name\":\"albin le guyader\",\"image\":{\"@type\":\"ImageObject\",\"inLanguage\":\"fr-FR\",\"@id\":\"https:\/\/blogs.thesocialmedia.com\/leblogmoto\/#\/schema\/person\/image\/\",\"url\":\"https:\/\/secure.gravatar.com\/avatar\/?s=96&d=mm&r=g\",\"contentUrl\":\"https:\/\/secure.gravatar.com\/avatar\/?s=96&d=mm&r=g\",\"caption\":\"albin le guyader\"},\"url\":\"https:\/\/blogs.thesocialmedia.com\/leblogmoto\/author\/albin-le-guyader\/\"}]}<\/script>\n<!-- \/ Yoast SEO plugin. -->","yoast_head_json":{"title":"24 Heures du Mans: l'\u00e9quipe Dafy Moto Cognage - leblogmoto.com","robots":{"index":"index","follow":"follow","max-snippet":"max-snippet:-1","max-image-preview":"max-image-preview:large","max-video-preview":"max-video-preview:-1"},"canonical":"https:\/\/blogs.thesocialmedia.com\/leblogmoto\/2008\/04\/29\/lquipe-dafy-mot\/","twitter_card":"summary_large_image","twitter_title":"24 Heures du Mans: l'\u00e9quipe Dafy Moto Cognage - leblogmoto.com","twitter_description":"Une semaine apr\u00e8s la fin de la course des 24 Heures du Mans nous en sommes encore au tri des centaines de photos et vid\u00e9os r\u00e9alis\u00e9es au sein du Team Dafy Moto Cognage. Aujourd&rsquo;hui pr\u00e9sentation tardive de l&rsquo;\u00e9quipe qui a termin\u00e9 25\u00e8me de la course et 17\u00e8me de la cat\u00e9gorie EWC&#8230; Commen\u00e7ons par les pilotes [&hellip;]","twitter_image":"http:\/\/www.leblogmoto.com\/images\/2008\/04\/28\/cognage.jpg","twitter_misc":{"\u00c9crit par":"albin le guyader","Dur\u00e9e de lecture estim\u00e9e":"3 minutes"},"schema":{"@context":"https:\/\/schema.org","@graph":[{"@type":"WebPage","@id":"https:\/\/blogs.thesocialmedia.com\/leblogmoto\/2008\/04\/29\/lquipe-dafy-mot\/","url":"https:\/\/blogs.thesocialmedia.com\/leblogmoto\/2008\/04\/29\/lquipe-dafy-mot\/","name":"24 Heures du Mans: l'\u00e9quipe Dafy Moto Cognage - leblogmoto.com","isPartOf":{"@id":"https:\/\/blogs.thesocialmedia.com\/leblogmoto\/#website"},"primaryImageOfPage":{"@id":"https:\/\/blogs.thesocialmedia.com\/leblogmoto\/2008\/04\/29\/lquipe-dafy-mot\/#primaryimage"},"image":{"@id":"https:\/\/blogs.thesocialmedia.com\/leblogmoto\/2008\/04\/29\/lquipe-dafy-mot\/#primaryimage"},"thumbnailUrl":"http:\/\/www.leblogmoto.com\/images\/2008\/04\/28\/cognage.jpg","datePublished":"2008-04-29T00:55:42+00:00","dateModified":"2012-07-11T15:42:08+00:00","author":{"@id":"https:\/\/blogs.thesocialmedia.com\/leblogmoto\/#\/schema\/person\/b496d27c898c29a39678e2425cafb9ae"},"breadcrumb":{"@id":"https:\/\/blogs.thesocialmedia.com\/leblogmoto\/2008\/04\/29\/lquipe-dafy-mot\/#breadcrumb"},"inLanguage":"fr-FR","potentialAction":[{"@type":"ReadAction","target":["https:\/\/blogs.thesocialmedia.com\/leblogmoto\/2008\/04\/29\/lquipe-dafy-mot\/"]}]},{"@type":"ImageObject","inLanguage":"fr-FR","@id":"https:\/\/blogs.thesocialmedia.com\/leblogmoto\/2008\/04\/29\/lquipe-dafy-mot\/#primaryimage","url":"http:\/\/www.leblogmoto.com\/images\/2008\/04\/28\/cognage.jpg","contentUrl":"http:\/\/www.leblogmoto.com\/images\/2008\/04\/28\/cognage.jpg"},{"@type":"BreadcrumbList","@id":"https:\/\/blogs.thesocialmedia.com\/leblogmoto\/2008\/04\/29\/lquipe-dafy-mot\/#breadcrumb","itemListElement":[{"@type":"ListItem","position":1,"name":"Accueil","item":"https:\/\/blogs.thesocialmedia.com\/leblogmoto\/"},{"@type":"ListItem","position":2,"name":"24 Heures du Mans: l&rsquo;\u00e9quipe Dafy Moto Cognage"}]},{"@type":"WebSite","@id":"https:\/\/blogs.thesocialmedia.com\/leblogmoto\/#website","url":"https:\/\/blogs.thesocialmedia.com\/leblogmoto\/","name":"leblogmoto","description":"Toute l&#039;actualit\u00e9 des 2 roues","potentialAction":[{"@type":"SearchAction","target":{"@type":"EntryPoint","urlTemplate":"https:\/\/blogs.thesocialmedia.com\/leblogmoto\/?s={search_term_string}"},"query-input":{"@type":"PropertyValueSpecification","valueRequired":true,"valueName":"search_term_string"}}],"inLanguage":"fr-FR"},{"@type":"Person","@id":"https:\/\/blogs.thesocialmedia.com\/leblogmoto\/#\/schema\/person\/b496d27c898c29a39678e2425cafb9ae","name":"albin le guyader","image":{"@type":"ImageObject","inLanguage":"fr-FR","@id":"https:\/\/blogs.thesocialmedia.com\/leblogmoto\/#\/schema\/person\/image\/","url":"https:\/\/secure.gravatar.com\/avatar\/?s=96&d=mm&r=g","contentUrl":"https:\/\/secure.gravatar.com\/avatar\/?s=96&d=mm&r=g","caption":"albin le guyader"},"url":"https:\/\/blogs.thesocialmedia.com\/leblogmoto\/author\/albin-le-guyader\/"}]}},"_links":{"self":[{"href":"https:\/\/blogs.thesocialmedia.com\/leblogmoto\/wp-json\/wp\/v2\/posts\/735","targetHints":{"allow":["GET"]}}],"collection":[{"href":"https:\/\/blogs.thesocialmedia.com\/leblogmoto\/wp-json\/wp\/v2\/posts"}],"about":[{"href":"https:\/\/blogs.thesocialmedia.com\/leblogmoto\/wp-json\/wp\/v2\/types\/post"}],"author":[{"embeddable":true,"href":"https:\/\/blogs.thesocialmedia.com\/leblogmoto\/wp-json\/wp\/v2\/users\/323"}],"replies":[{"embeddable":true,"href":"https:\/\/blogs.thesocialmedia.com\/leblogmoto\/wp-json\/wp\/v2\/comments?post=735"}],"version-history":[{"count":2,"href":"https:\/\/blogs.thesocialmedia.com\/leblogmoto\/wp-json\/wp\/v2\/posts\/735\/revisions"}],"predecessor-version":[{"id":10564,"href":"https:\/\/blogs.thesocialmedia.com\/leblogmoto\/wp-json\/wp\/v2\/posts\/735\/revisions\/10564"}],"wp:attachment":[{"href":"https:\/\/blogs.thesocialmedia.com\/leblogmoto\/wp-json\/wp\/v2\/media?parent=735"}],"wp:term":[{"taxonomy":"category","embeddable":true,"href":"https:\/\/blogs.thesocialmedia.com\/leblogmoto\/wp-json\/wp\/v2\/categories?post=735"},{"taxonomy":"post_tag","embeddable":true,"href":"https:\/\/blogs.thesocialmedia.com\/leblogmoto\/wp-json\/wp\/v2\/tags?post=735"}],"curies":[{"name":"wp","href":"https:\/\/api.w.org\/{rel}","templated":true}]}}