{"id":736,"date":"2008-04-28T07:34:39","date_gmt":"2008-04-28T07:34:39","guid":{"rendered":"http:\/\/blogs.thesocialmedia.com\/leblogmoto\/2008\/04\/28\/sub-g1\/"},"modified":"2012-07-11T15:41:34","modified_gmt":"2012-07-11T15:41:34","slug":"sub-g1","status":"publish","type":"post","link":"https:\/\/blogs.thesocialmedia.com\/leblogmoto\/2008\/04\/28\/sub-g1\/","title":{"rendered":"Le Sub G1 et son bon vieux TL V-twin de Suzuki."},"content":{"rendered":"<p><a href=\"http:\/\/blogs.thesocialmedia.com\/leblogmoto\/files\/2012\/07\/06_subg1.jpg\"><img loading=\"lazy\" decoding=\"async\" height=\"705\" alt=\"06_subg1\" src=\"http:\/\/www.leblogmoto.com\/images\/2008\/04\/22\/06_subg1.jpg\" width=\"470\"  \/><\/a><\/p>\n<p>Le (tr\u00e8s) fameux bicylindre en V des tant d\u00e9cri\u00e9es TLR et TLS 1000* a trouv\u00e9 preneur avec le Sub G1, v\u00e9hicule \u00e0 trois roues qui s&rsquo;appr\u00eate \u00e0 \u00eatre vendu en kit. Ces superbes Suzuki furent assassin\u00e9es par la critique \u00e0 leur sortie pour cause de guidonnage intempestif sur les premiers mod\u00e8les, ce qui ne les emp\u00eache pas d&rsquo;\u00eatre ch\u00e9ries par une meute de <a href=\"http:\/\/www.chez.com\/suzuki\/\">fid\u00e8les<\/a> toujours <a href=\"http:\/\/www.chez.com\/slingshot\/index.htm\">vivace<\/a>. La quintessence** de ces b\u00e9canes &#8211; leur superbe moulin &#8211; a donc trouv\u00e9 un r\u00e9ceptacle, un \u00e9crin m\u00eame, avec cette cr\u00e9ation de trois amis passionn\u00e9s de m\u00e9canique et de design.<\/p>\n<p>Les derniers mod\u00e8les de TLR (derni\u00e8re photo en bas de page) datent de 2002, et les b\u00e9canes, que ce soit la S comme la R, n&rsquo;eurent que peu de succ\u00e8s en France, m\u00eame si son succ\u00e8s d&rsquo;estime actuel est tout sauf n\u00e9gligeable. <\/p>\n<p>La b\u00e9cane cr\u00e9\u00e9e \u00e0 l&rsquo;origine pour disputer \u00e0 Ducati les premi\u00e8res places en Superbike s&rsquo;est r\u00e9v\u00e9l\u00e9e trop lourde pour la comp\u00e9tition (197 Kg \u00e0 sec, et 230 Kg tous pleins faits pour le mod\u00e8le dispo en concession). Le large gabarit lui m\u00eame \u00e9tait g\u00eanant \u00e0 emmener. Quant \u00e0 son mono-amortisseur tant honni&#8230; Mais on aura certainement l&rsquo;occasion de s&rsquo;arr\u00eater un peu plus sur ces mod\u00e8les une autre fois, ils le m\u00e9ritent.<\/p>\n<p>Pour en revenir au Sub G1, ce v\u00e9hicule n&rsquo;est pas si nouveau puisque sa conception date d&rsquo;il y a trois ans, bien que la <a href=\"http:\/\/www.motorauthority.com\/news\/concept-cars\/sub-g1-three-wheel-roadster\/\">d\u00e9cision de le vendre en kit<\/a> soit toute r\u00e9cente. Gageons que les 996cc d\u00e9veloppant 135 chevaux ne seront pas de trop pour animer cet original v\u00e9hicule pr\u00e9vu pour les routes ouvertes.<\/p>\n<p>C&rsquo;est d&rsquo;ailleurs pour lui assurer un int\u00e9ressant rapport poids-puissance qu&rsquo;il a \u00e9t\u00e9 con\u00e7u enti\u00e8rement en mat\u00e9riaux composites. Avec la d\u00e9cision prise de le commercialiser, les trois mod\u00e8les originaux que l&rsquo;on voit ici risquent donc bien de voir leur famille s&rsquo;agrandir. <\/p>\n<p>C&rsquo;est tout le mal que l&rsquo;on souhaite aux personnes menant un projet si audacieux et par corollaire forc\u00e9ment un peu&#8230; casse-gueule.<\/p>\n<p><em>*plus la TLR (double injection) que la TLS (simple injection), elles sont aussi appel\u00e9es TL 1000 R et TL 1000 S.<\/em><\/p>\n<p><em>**ajoutez \u00e0 cela un comportement routier vous donnant l&rsquo;impression de conduire sur un rail, en raison notamment de l&rsquo;inertie de la machine, du moment o\u00f9 on ne la malm\u00e8ne pas trop en courbe.<\/em><\/p>\n<p><em><a href=\"http:\/\/clabedan.typepad.com\/.shared\/image.html?\/photos\/uncategorized\/2008\/04\/27\/2008_sub_g1_main01.jpg\"><img loading=\"lazy\" decoding=\"async\" height=\"226\" alt=\"2008_sub_g1_main01\" src=\"http:\/\/www.leblogmoto.com\/images\/2008\/04\/27\/2008_sub_g1_main01.jpg\" width=\"470\"  \/><\/a> <\/em><\/p>\n<p><a href=\"http:\/\/www.autoblog.com\/2008\/03\/13\/sub-g1-three-wheeler-makes-commuting-an-exciting-risky-affair\/\"><\/a><a href=\"http:\/\/clabedan.typepad.com\/.shared\/image.html?\/photos\/uncategorized\/2008\/04\/27\/02_subg1.jpg\"><img loading=\"lazy\" decoding=\"async\" height=\"352\" alt=\"02_subg1\" src=\"http:\/\/www.leblogmoto.com\/images\/2008\/04\/27\/02_subg1.jpg\" width=\"470\"  \/><\/a> <\/p>\n<p><a href=\"http:\/\/www.autoblog.com\/2008\/03\/13\/sub-g1-three-wheeler-makes-commuting-an-exciting-risky-affair\/\"><\/a><a href=\"http:\/\/clabedan.typepad.com\/.shared\/image.html?\/photos\/uncategorized\/2008\/04\/27\/01_subg1.jpg\"><img loading=\"lazy\" decoding=\"async\" height=\"629\" alt=\"01_subg1\" src=\"http:\/\/www.leblogmoto.com\/images\/2008\/04\/27\/01_subg1.jpg\" width=\"470\"  \/><\/a> <\/p>\n<p><a href=\"http:\/\/www.autoblog.com\/2008\/03\/13\/sub-g1-three-wheeler-makes-commuting-an-exciting-risky-affair\/\"><\/a><a href=\"http:\/\/clabedan.typepad.com\/.shared\/image.html?\/photos\/uncategorized\/2008\/04\/27\/00_subg1.jpg\"><img loading=\"lazy\" decoding=\"async\" height=\"352\" alt=\"00_subg1\" src=\"http:\/\/www.leblogmoto.com\/images\/2008\/04\/27\/00_subg1.jpg\" width=\"470\"  \/><\/a> <\/p>\n<p><a href=\"http:\/\/blogs.thesocialmedia.com\/leblogmoto\/files\/2012\/07\/03_subg1_2.jpg\"><img loading=\"lazy\" decoding=\"async\" height=\"352\" alt=\"03_subg1_2\" src=\"http:\/\/www.leblogmoto.com\/images\/2008\/04\/27\/03_subg1_2.jpg\" width=\"470\"  \/><\/a> <\/p>\n<p><a href=\"http:\/\/blogs.thesocialmedia.com\/leblogmoto\/files\/2012\/07\/05_subg1.jpg\"><img loading=\"lazy\" decoding=\"async\" height=\"352\" alt=\"05_subg1\" src=\"http:\/\/www.leblogmoto.com\/images\/2008\/04\/27\/05_subg1.jpg\" width=\"470\"  \/><\/a> <\/p>\n<p><a href=\"http:\/\/blogs.thesocialmedia.com\/leblogmoto\/files\/2012\/07\/04_subg1.jpg\"><img loading=\"lazy\" decoding=\"async\" height=\"352\" alt=\"04_subg1\" src=\"http:\/\/www.leblogmoto.com\/images\/2008\/04\/27\/04_subg1.jpg\" width=\"470\"  \/><\/a> <\/p>\n<p><a href=\"http:\/\/blogs.thesocialmedia.com\/leblogmoto\/files\/2012\/07\/tl1000r_hi.jpg\"><img loading=\"lazy\" decoding=\"async\" height=\"383\" alt=\"Tl1000r_hi\" src=\"http:\/\/www.leblogmoto.com\/images\/2008\/04\/27\/tl1000r_hi.jpg\" width=\"470\"  \/><\/a><\/p>\n<p><a href=\"http:\/\/www.motorauthority.com\/news\/concept-cars\/sub-g1-three-wheel-roadster\/\"><em>via Motor Authority<\/em><\/a> <\/p>\n","protected":false},"excerpt":{"rendered":"<p>Le (tr\u00e8s) fameux bicylindre en V des tant d\u00e9cri\u00e9es TLR et TLS 1000* a trouv\u00e9 preneur avec le Sub G1, v\u00e9hicule \u00e0 trois roues qui s&rsquo;appr\u00eate \u00e0 \u00eatre vendu en kit. Ces superbes Suzuki furent assassin\u00e9es par la critique \u00e0 leur sortie pour cause de guidonnage intempestif sur les premiers mod\u00e8les, ce qui ne les [&hellip;]<\/p>\n","protected":false},"author":324,"featured_media":0,"comment_status":"open","ping_status":"open","sticky":false,"template":"","format":"standard","meta":{"footnotes":""},"categories":[49,51,52],"tags":[],"class_list":["post-736","post","type-post","status-publish","format-standard","hentry","category-actualites-entreprise","category-suzuki","category-trike"],"yoast_head":"<!-- This site is optimized with the Yoast SEO plugin v26.0 - https:\/\/yoast.com\/wordpress\/plugins\/seo\/ -->\n<title>Le Sub G1 et son bon vieux TL V-twin de Suzuki. - leblogmoto.com<\/title>\n<meta name=\"robots\" content=\"index, follow, max-snippet:-1, max-image-preview:large, max-video-preview:-1\" \/>\n<link rel=\"canonical\" href=\"https:\/\/blogs.thesocialmedia.com\/leblogmoto\/2008\/04\/28\/sub-g1\/\" \/>\n<meta name=\"twitter:card\" content=\"summary_large_image\" \/>\n<meta name=\"twitter:title\" content=\"Le Sub G1 et son bon vieux TL V-twin de Suzuki. - leblogmoto.com\" \/>\n<meta name=\"twitter:description\" content=\"Le (tr\u00e8s) fameux bicylindre en V des tant d\u00e9cri\u00e9es TLR et TLS 1000* a trouv\u00e9 preneur avec le Sub G1, v\u00e9hicule \u00e0 trois roues qui s&rsquo;appr\u00eate \u00e0 \u00eatre vendu en kit. Ces superbes Suzuki furent assassin\u00e9es par la critique \u00e0 leur sortie pour cause de guidonnage intempestif sur les premiers mod\u00e8les, ce qui ne les [&hellip;]\" \/>\n<meta name=\"twitter:image\" content=\"http:\/\/www.leblogmoto.com\/images\/2008\/04\/22\/06_subg1.jpg\" \/>\n<meta name=\"twitter:label1\" content=\"\u00c9crit par\" \/>\n\t<meta name=\"twitter:data1\" content=\"benoit rieu\" \/>\n\t<meta name=\"twitter:label2\" content=\"Dur\u00e9e de lecture estim\u00e9e\" \/>\n\t<meta name=\"twitter:data2\" content=\"2 minutes\" \/>\n<script type=\"application\/ld+json\" class=\"yoast-schema-graph\">{\"@context\":\"https:\/\/schema.org\",\"@graph\":[{\"@type\":\"WebPage\",\"@id\":\"https:\/\/blogs.thesocialmedia.com\/leblogmoto\/2008\/04\/28\/sub-g1\/\",\"url\":\"https:\/\/blogs.thesocialmedia.com\/leblogmoto\/2008\/04\/28\/sub-g1\/\",\"name\":\"Le Sub G1 et son bon vieux TL V-twin de Suzuki. - leblogmoto.com\",\"isPartOf\":{\"@id\":\"https:\/\/blogs.thesocialmedia.com\/leblogmoto\/#website\"},\"primaryImageOfPage\":{\"@id\":\"https:\/\/blogs.thesocialmedia.com\/leblogmoto\/2008\/04\/28\/sub-g1\/#primaryimage\"},\"image\":{\"@id\":\"https:\/\/blogs.thesocialmedia.com\/leblogmoto\/2008\/04\/28\/sub-g1\/#primaryimage\"},\"thumbnailUrl\":\"http:\/\/www.leblogmoto.com\/images\/2008\/04\/22\/06_subg1.jpg\",\"datePublished\":\"2008-04-28T07:34:39+00:00\",\"dateModified\":\"2012-07-11T15:41:34+00:00\",\"author\":{\"@id\":\"https:\/\/blogs.thesocialmedia.com\/leblogmoto\/#\/schema\/person\/18bfe773e5725ed6d24f743da805362a\"},\"breadcrumb\":{\"@id\":\"https:\/\/blogs.thesocialmedia.com\/leblogmoto\/2008\/04\/28\/sub-g1\/#breadcrumb\"},\"inLanguage\":\"fr-FR\",\"potentialAction\":[{\"@type\":\"ReadAction\",\"target\":[\"https:\/\/blogs.thesocialmedia.com\/leblogmoto\/2008\/04\/28\/sub-g1\/\"]}]},{\"@type\":\"ImageObject\",\"inLanguage\":\"fr-FR\",\"@id\":\"https:\/\/blogs.thesocialmedia.com\/leblogmoto\/2008\/04\/28\/sub-g1\/#primaryimage\",\"url\":\"http:\/\/www.leblogmoto.com\/images\/2008\/04\/22\/06_subg1.jpg\",\"contentUrl\":\"http:\/\/www.leblogmoto.com\/images\/2008\/04\/22\/06_subg1.jpg\"},{\"@type\":\"BreadcrumbList\",\"@id\":\"https:\/\/blogs.thesocialmedia.com\/leblogmoto\/2008\/04\/28\/sub-g1\/#breadcrumb\",\"itemListElement\":[{\"@type\":\"ListItem\",\"position\":1,\"name\":\"Accueil\",\"item\":\"https:\/\/blogs.thesocialmedia.com\/leblogmoto\/\"},{\"@type\":\"ListItem\",\"position\":2,\"name\":\"Le Sub G1 et son bon vieux TL V-twin de Suzuki.\"}]},{\"@type\":\"WebSite\",\"@id\":\"https:\/\/blogs.thesocialmedia.com\/leblogmoto\/#website\",\"url\":\"https:\/\/blogs.thesocialmedia.com\/leblogmoto\/\",\"name\":\"leblogmoto\",\"description\":\"Toute l&#039;actualit\u00e9 des 2 roues\",\"potentialAction\":[{\"@type\":\"SearchAction\",\"target\":{\"@type\":\"EntryPoint\",\"urlTemplate\":\"https:\/\/blogs.thesocialmedia.com\/leblogmoto\/?s={search_term_string}\"},\"query-input\":{\"@type\":\"PropertyValueSpecification\",\"valueRequired\":true,\"valueName\":\"search_term_string\"}}],\"inLanguage\":\"fr-FR\"},{\"@type\":\"Person\",\"@id\":\"https:\/\/blogs.thesocialmedia.com\/leblogmoto\/#\/schema\/person\/18bfe773e5725ed6d24f743da805362a\",\"name\":\"benoit rieu\",\"image\":{\"@type\":\"ImageObject\",\"inLanguage\":\"fr-FR\",\"@id\":\"https:\/\/blogs.thesocialmedia.com\/leblogmoto\/#\/schema\/person\/image\/\",\"url\":\"https:\/\/secure.gravatar.com\/avatar\/?s=96&d=mm&r=g\",\"contentUrl\":\"https:\/\/secure.gravatar.com\/avatar\/?s=96&d=mm&r=g\",\"caption\":\"benoit rieu\"},\"url\":\"https:\/\/blogs.thesocialmedia.com\/leblogmoto\/author\/benoit-rieu\/\"}]}<\/script>\n<!-- \/ Yoast SEO plugin. -->","yoast_head_json":{"title":"Le Sub G1 et son bon vieux TL V-twin de Suzuki. - leblogmoto.com","robots":{"index":"index","follow":"follow","max-snippet":"max-snippet:-1","max-image-preview":"max-image-preview:large","max-video-preview":"max-video-preview:-1"},"canonical":"https:\/\/blogs.thesocialmedia.com\/leblogmoto\/2008\/04\/28\/sub-g1\/","twitter_card":"summary_large_image","twitter_title":"Le Sub G1 et son bon vieux TL V-twin de Suzuki. - leblogmoto.com","twitter_description":"Le (tr\u00e8s) fameux bicylindre en V des tant d\u00e9cri\u00e9es TLR et TLS 1000* a trouv\u00e9 preneur avec le Sub G1, v\u00e9hicule \u00e0 trois roues qui s&rsquo;appr\u00eate \u00e0 \u00eatre vendu en kit. Ces superbes Suzuki furent assassin\u00e9es par la critique \u00e0 leur sortie pour cause de guidonnage intempestif sur les premiers mod\u00e8les, ce qui ne les [&hellip;]","twitter_image":"http:\/\/www.leblogmoto.com\/images\/2008\/04\/22\/06_subg1.jpg","twitter_misc":{"\u00c9crit par":"benoit rieu","Dur\u00e9e de lecture estim\u00e9e":"2 minutes"},"schema":{"@context":"https:\/\/schema.org","@graph":[{"@type":"WebPage","@id":"https:\/\/blogs.thesocialmedia.com\/leblogmoto\/2008\/04\/28\/sub-g1\/","url":"https:\/\/blogs.thesocialmedia.com\/leblogmoto\/2008\/04\/28\/sub-g1\/","name":"Le Sub G1 et son bon vieux TL V-twin de Suzuki. - leblogmoto.com","isPartOf":{"@id":"https:\/\/blogs.thesocialmedia.com\/leblogmoto\/#website"},"primaryImageOfPage":{"@id":"https:\/\/blogs.thesocialmedia.com\/leblogmoto\/2008\/04\/28\/sub-g1\/#primaryimage"},"image":{"@id":"https:\/\/blogs.thesocialmedia.com\/leblogmoto\/2008\/04\/28\/sub-g1\/#primaryimage"},"thumbnailUrl":"http:\/\/www.leblogmoto.com\/images\/2008\/04\/22\/06_subg1.jpg","datePublished":"2008-04-28T07:34:39+00:00","dateModified":"2012-07-11T15:41:34+00:00","author":{"@id":"https:\/\/blogs.thesocialmedia.com\/leblogmoto\/#\/schema\/person\/18bfe773e5725ed6d24f743da805362a"},"breadcrumb":{"@id":"https:\/\/blogs.thesocialmedia.com\/leblogmoto\/2008\/04\/28\/sub-g1\/#breadcrumb"},"inLanguage":"fr-FR","potentialAction":[{"@type":"ReadAction","target":["https:\/\/blogs.thesocialmedia.com\/leblogmoto\/2008\/04\/28\/sub-g1\/"]}]},{"@type":"ImageObject","inLanguage":"fr-FR","@id":"https:\/\/blogs.thesocialmedia.com\/leblogmoto\/2008\/04\/28\/sub-g1\/#primaryimage","url":"http:\/\/www.leblogmoto.com\/images\/2008\/04\/22\/06_subg1.jpg","contentUrl":"http:\/\/www.leblogmoto.com\/images\/2008\/04\/22\/06_subg1.jpg"},{"@type":"BreadcrumbList","@id":"https:\/\/blogs.thesocialmedia.com\/leblogmoto\/2008\/04\/28\/sub-g1\/#breadcrumb","itemListElement":[{"@type":"ListItem","position":1,"name":"Accueil","item":"https:\/\/blogs.thesocialmedia.com\/leblogmoto\/"},{"@type":"ListItem","position":2,"name":"Le Sub G1 et son bon vieux TL V-twin de Suzuki."}]},{"@type":"WebSite","@id":"https:\/\/blogs.thesocialmedia.com\/leblogmoto\/#website","url":"https:\/\/blogs.thesocialmedia.com\/leblogmoto\/","name":"leblogmoto","description":"Toute l&#039;actualit\u00e9 des 2 roues","potentialAction":[{"@type":"SearchAction","target":{"@type":"EntryPoint","urlTemplate":"https:\/\/blogs.thesocialmedia.com\/leblogmoto\/?s={search_term_string}"},"query-input":{"@type":"PropertyValueSpecification","valueRequired":true,"valueName":"search_term_string"}}],"inLanguage":"fr-FR"},{"@type":"Person","@id":"https:\/\/blogs.thesocialmedia.com\/leblogmoto\/#\/schema\/person\/18bfe773e5725ed6d24f743da805362a","name":"benoit rieu","image":{"@type":"ImageObject","inLanguage":"fr-FR","@id":"https:\/\/blogs.thesocialmedia.com\/leblogmoto\/#\/schema\/person\/image\/","url":"https:\/\/secure.gravatar.com\/avatar\/?s=96&d=mm&r=g","contentUrl":"https:\/\/secure.gravatar.com\/avatar\/?s=96&d=mm&r=g","caption":"benoit rieu"},"url":"https:\/\/blogs.thesocialmedia.com\/leblogmoto\/author\/benoit-rieu\/"}]}},"_links":{"self":[{"href":"https:\/\/blogs.thesocialmedia.com\/leblogmoto\/wp-json\/wp\/v2\/posts\/736","targetHints":{"allow":["GET"]}}],"collection":[{"href":"https:\/\/blogs.thesocialmedia.com\/leblogmoto\/wp-json\/wp\/v2\/posts"}],"about":[{"href":"https:\/\/blogs.thesocialmedia.com\/leblogmoto\/wp-json\/wp\/v2\/types\/post"}],"author":[{"embeddable":true,"href":"https:\/\/blogs.thesocialmedia.com\/leblogmoto\/wp-json\/wp\/v2\/users\/324"}],"replies":[{"embeddable":true,"href":"https:\/\/blogs.thesocialmedia.com\/leblogmoto\/wp-json\/wp\/v2\/comments?post=736"}],"version-history":[{"count":2,"href":"https:\/\/blogs.thesocialmedia.com\/leblogmoto\/wp-json\/wp\/v2\/posts\/736\/revisions"}],"predecessor-version":[{"id":10553,"href":"https:\/\/blogs.thesocialmedia.com\/leblogmoto\/wp-json\/wp\/v2\/posts\/736\/revisions\/10553"}],"wp:attachment":[{"href":"https:\/\/blogs.thesocialmedia.com\/leblogmoto\/wp-json\/wp\/v2\/media?parent=736"}],"wp:term":[{"taxonomy":"category","embeddable":true,"href":"https:\/\/blogs.thesocialmedia.com\/leblogmoto\/wp-json\/wp\/v2\/categories?post=736"},{"taxonomy":"post_tag","embeddable":true,"href":"https:\/\/blogs.thesocialmedia.com\/leblogmoto\/wp-json\/wp\/v2\/tags?post=736"}],"curies":[{"name":"wp","href":"https:\/\/api.w.org\/{rel}","templated":true}]}}