{"id":74,"date":"2009-07-06T23:50:39","date_gmt":"2009-07-06T23:50:39","guid":{"rendered":"http:\/\/blogs.thesocialmedia.com\/leblogmoto\/2009\/07\/06\/avis-aux-amateurs-aises-m-schumacher-vend-sa-desmo\/"},"modified":"2012-07-11T17:35:53","modified_gmt":"2012-07-11T17:35:53","slug":"avis-aux-amateurs-aises-m-schumacher-vend-sa-desmo","status":"publish","type":"post","link":"https:\/\/blogs.thesocialmedia.com\/leblogmoto\/2009\/07\/06\/avis-aux-amateurs-aises-m-schumacher-vend-sa-desmo\/","title":{"rendered":"Avis aux amateurs, M. Schumacher vend Desmo et Hypermotard."},"content":{"rendered":"<p><a href=\"http:\/\/blogs.thesocialmedia.com\/leblogmoto\/files\/2012\/07\/6a00d83451b18369e2011571cbb352970b-popup.png\"><img decoding=\"async\" alt=\"Moto Sportive Desmosedici RR Annonce Schumi\" class=\"at-xid-6a00d83451b18369e2011571cbb352970b \" src=\"http:\/\/blogs.thesocialmedia.com\/leblogmoto\/files\/2012\/07\/6a00d83451b18369e2011571cbb352970b-500wi.jpg\" style=\"width: 470px\" \/><\/a> <\/p>\n<p>L&#039;annonce N\u00b0 2536793 du site helv\u00e9tique Anibis, n&#039;est pas pass\u00e9e inaper\u00e7ue aupr\u00e8s du blog de langue anglaise <a href=\"http:\/\/www.visordown.com\/motorcyclenews\/view\/schumacher_desmosedici_goes_on_sale\/7420.html\">Viserdown<\/a>. Le septuple champion du monde de Formule 1, oui mieux que Vale dans la cat\u00e9gorie supr\u00eame (du moins avant la fin de cette ann\u00e9e), se s\u00e9pare de ses joujoux. R\u00e9cemment reconverti dans la course moto, et conseiller pour la Scuderia Ferrari lors des Grand Prix, il met \u00e0 la vente un Hypermotard avec seulement 31 kilom\u00e8tres au compteur pour 17.000 Francs suisses, soit 11.206 de nos euros. Et une Desmosedici RR, la version route du bolide de course, que le pilote allemand a \u00e9trenn\u00e9 sur \u00e0 peine 52 Km, au prix de 88.000 CHF ou 58.010 \u20ac. Mais le montant peut \u00eatre discut\u00e9 pr\u00e9cise l&#039;annonce. Notez que Michael <a href=\"http:\/\/www.leblogmoto.com\/2008\/04\/michael-schum-1.html\">Schumache<\/a>r avait \u00e9t\u00e9 particuli\u00e8rement bien servi par la marque de Borgo Panigale en prenant possession de la Desmo N\u00b08, sur 1500 exemplaires. Si vous le souhaitez vous pouvez en sus, louer sa demeure \u00e0 Vufflens-le-Ch\u00e2teau pour 29.000 CHF soit 19.117 \u20ac&#8230; par mois.<\/p>\n<\/p>\n<p>   &#160; <\/p>\n<p><span style=\"text-decoration: underline\"><a href=\"http:\/\/clabedan.typepad.com\/.a\/6a00d83451b18369e2011570d6eb66970c-popup\"><img decoding=\"async\" alt=\"Moto Supermot Ducati Hypermotard Annonce Schumi\" class=\"at-xid-6a00d83451b18369e2011570d6eb66970c \" src=\"http:\/\/blogs.thesocialmedia.com\/leblogmoto\/files\/2012\/07\/6a00d83451b18369e2011570d6eb66970c-500wi.jpg\" style=\"width: 470px\" \/><\/a> <\/span><\/p>\n","protected":false},"excerpt":{"rendered":"<p>L&#039;annonce N\u00b0 2536793 du site helv\u00e9tique Anibis, n&#039;est pas pass\u00e9e inaper\u00e7ue aupr\u00e8s du blog de langue anglaise Viserdown. Le septuple champion du monde de Formule 1, oui mieux que Vale dans la cat\u00e9gorie supr\u00eame (du moins avant la fin de cette ann\u00e9e), se s\u00e9pare de ses joujoux. R\u00e9cemment reconverti dans la course moto, et conseiller [&hellip;]<\/p>\n","protected":false},"author":324,"featured_media":14024,"comment_status":"open","ping_status":"open","sticky":false,"template":"","format":"standard","meta":{"footnotes":""},"categories":[3,41,32,55],"tags":[],"class_list":["post-74","post","type-post","status-publish","format-standard","has-post-thumbnail","hentry","category-actualite","category-ducati","category-sport-moto","category-sports"],"yoast_head":"<!-- This site is optimized with the Yoast SEO plugin v26.0 - https:\/\/yoast.com\/wordpress\/plugins\/seo\/ -->\n<title>Avis aux amateurs, M. Schumacher vend Desmo et Hypermotard. - leblogmoto.com<\/title>\n<meta name=\"robots\" content=\"index, follow, max-snippet:-1, max-image-preview:large, max-video-preview:-1\" \/>\n<link rel=\"canonical\" href=\"https:\/\/blogs.thesocialmedia.com\/leblogmoto\/2009\/07\/06\/avis-aux-amateurs-aises-m-schumacher-vend-sa-desmo\/\" \/>\n<meta name=\"twitter:card\" content=\"summary_large_image\" \/>\n<meta name=\"twitter:title\" content=\"Avis aux amateurs, M. Schumacher vend Desmo et Hypermotard. - leblogmoto.com\" \/>\n<meta name=\"twitter:description\" content=\"L&#039;annonce N\u00b0 2536793 du site helv\u00e9tique Anibis, n&#039;est pas pass\u00e9e inaper\u00e7ue aupr\u00e8s du blog de langue anglaise Viserdown. Le septuple champion du monde de Formule 1, oui mieux que Vale dans la cat\u00e9gorie supr\u00eame (du moins avant la fin de cette ann\u00e9e), se s\u00e9pare de ses joujoux. R\u00e9cemment reconverti dans la course moto, et conseiller [&hellip;]\" \/>\n<meta name=\"twitter:image\" content=\"https:\/\/blogs.thesocialmedia.com\/leblogmoto\/files\/2012\/07\/6a00d83451b18369e2011571cbb352970b-500wi.jpg\" \/>\n<meta name=\"twitter:label1\" content=\"\u00c9crit par\" \/>\n\t<meta name=\"twitter:data1\" content=\"benoit rieu\" \/>\n\t<meta name=\"twitter:label2\" content=\"Dur\u00e9e de lecture estim\u00e9e\" \/>\n\t<meta name=\"twitter:data2\" content=\"1 minute\" \/>\n<script type=\"application\/ld+json\" class=\"yoast-schema-graph\">{\"@context\":\"https:\/\/schema.org\",\"@graph\":[{\"@type\":\"WebPage\",\"@id\":\"https:\/\/blogs.thesocialmedia.com\/leblogmoto\/2009\/07\/06\/avis-aux-amateurs-aises-m-schumacher-vend-sa-desmo\/\",\"url\":\"https:\/\/blogs.thesocialmedia.com\/leblogmoto\/2009\/07\/06\/avis-aux-amateurs-aises-m-schumacher-vend-sa-desmo\/\",\"name\":\"Avis aux amateurs, M. Schumacher vend Desmo et Hypermotard. - leblogmoto.com\",\"isPartOf\":{\"@id\":\"https:\/\/blogs.thesocialmedia.com\/leblogmoto\/#website\"},\"primaryImageOfPage\":{\"@id\":\"https:\/\/blogs.thesocialmedia.com\/leblogmoto\/2009\/07\/06\/avis-aux-amateurs-aises-m-schumacher-vend-sa-desmo\/#primaryimage\"},\"image\":{\"@id\":\"https:\/\/blogs.thesocialmedia.com\/leblogmoto\/2009\/07\/06\/avis-aux-amateurs-aises-m-schumacher-vend-sa-desmo\/#primaryimage\"},\"thumbnailUrl\":\"https:\/\/blogs.thesocialmedia.com\/leblogmoto\/files\/2012\/07\/6a00d83451b18369e2011571cbb352970b-500wi.jpg\",\"datePublished\":\"2009-07-06T23:50:39+00:00\",\"dateModified\":\"2012-07-11T17:35:53+00:00\",\"author\":{\"@id\":\"https:\/\/blogs.thesocialmedia.com\/leblogmoto\/#\/schema\/person\/18bfe773e5725ed6d24f743da805362a\"},\"breadcrumb\":{\"@id\":\"https:\/\/blogs.thesocialmedia.com\/leblogmoto\/2009\/07\/06\/avis-aux-amateurs-aises-m-schumacher-vend-sa-desmo\/#breadcrumb\"},\"inLanguage\":\"fr-FR\",\"potentialAction\":[{\"@type\":\"ReadAction\",\"target\":[\"https:\/\/blogs.thesocialmedia.com\/leblogmoto\/2009\/07\/06\/avis-aux-amateurs-aises-m-schumacher-vend-sa-desmo\/\"]}]},{\"@type\":\"ImageObject\",\"inLanguage\":\"fr-FR\",\"@id\":\"https:\/\/blogs.thesocialmedia.com\/leblogmoto\/2009\/07\/06\/avis-aux-amateurs-aises-m-schumacher-vend-sa-desmo\/#primaryimage\",\"url\":\"https:\/\/blogs.thesocialmedia.com\/leblogmoto\/files\/2012\/07\/6a00d83451b18369e2011571cbb352970b-500wi.jpg\",\"contentUrl\":\"https:\/\/blogs.thesocialmedia.com\/leblogmoto\/files\/2012\/07\/6a00d83451b18369e2011571cbb352970b-500wi.jpg\",\"width\":\"500\",\"height\":\"282\"},{\"@type\":\"BreadcrumbList\",\"@id\":\"https:\/\/blogs.thesocialmedia.com\/leblogmoto\/2009\/07\/06\/avis-aux-amateurs-aises-m-schumacher-vend-sa-desmo\/#breadcrumb\",\"itemListElement\":[{\"@type\":\"ListItem\",\"position\":1,\"name\":\"Accueil\",\"item\":\"https:\/\/blogs.thesocialmedia.com\/leblogmoto\/\"},{\"@type\":\"ListItem\",\"position\":2,\"name\":\"Avis aux amateurs, M. Schumacher vend Desmo et Hypermotard.\"}]},{\"@type\":\"WebSite\",\"@id\":\"https:\/\/blogs.thesocialmedia.com\/leblogmoto\/#website\",\"url\":\"https:\/\/blogs.thesocialmedia.com\/leblogmoto\/\",\"name\":\"leblogmoto\",\"description\":\"Toute l&#039;actualit\u00e9 des 2 roues\",\"potentialAction\":[{\"@type\":\"SearchAction\",\"target\":{\"@type\":\"EntryPoint\",\"urlTemplate\":\"https:\/\/blogs.thesocialmedia.com\/leblogmoto\/?s={search_term_string}\"},\"query-input\":{\"@type\":\"PropertyValueSpecification\",\"valueRequired\":true,\"valueName\":\"search_term_string\"}}],\"inLanguage\":\"fr-FR\"},{\"@type\":\"Person\",\"@id\":\"https:\/\/blogs.thesocialmedia.com\/leblogmoto\/#\/schema\/person\/18bfe773e5725ed6d24f743da805362a\",\"name\":\"benoit rieu\",\"image\":{\"@type\":\"ImageObject\",\"inLanguage\":\"fr-FR\",\"@id\":\"https:\/\/blogs.thesocialmedia.com\/leblogmoto\/#\/schema\/person\/image\/\",\"url\":\"https:\/\/secure.gravatar.com\/avatar\/?s=96&d=mm&r=g\",\"contentUrl\":\"https:\/\/secure.gravatar.com\/avatar\/?s=96&d=mm&r=g\",\"caption\":\"benoit rieu\"},\"url\":\"https:\/\/blogs.thesocialmedia.com\/leblogmoto\/author\/benoit-rieu\/\"}]}<\/script>\n<!-- \/ Yoast SEO plugin. -->","yoast_head_json":{"title":"Avis aux amateurs, M. Schumacher vend Desmo et Hypermotard. - leblogmoto.com","robots":{"index":"index","follow":"follow","max-snippet":"max-snippet:-1","max-image-preview":"max-image-preview:large","max-video-preview":"max-video-preview:-1"},"canonical":"https:\/\/blogs.thesocialmedia.com\/leblogmoto\/2009\/07\/06\/avis-aux-amateurs-aises-m-schumacher-vend-sa-desmo\/","twitter_card":"summary_large_image","twitter_title":"Avis aux amateurs, M. Schumacher vend Desmo et Hypermotard. - leblogmoto.com","twitter_description":"L&#039;annonce N\u00b0 2536793 du site helv\u00e9tique Anibis, n&#039;est pas pass\u00e9e inaper\u00e7ue aupr\u00e8s du blog de langue anglaise Viserdown. Le septuple champion du monde de Formule 1, oui mieux que Vale dans la cat\u00e9gorie supr\u00eame (du moins avant la fin de cette ann\u00e9e), se s\u00e9pare de ses joujoux. R\u00e9cemment reconverti dans la course moto, et conseiller [&hellip;]","twitter_image":"https:\/\/blogs.thesocialmedia.com\/leblogmoto\/files\/2012\/07\/6a00d83451b18369e2011571cbb352970b-500wi.jpg","twitter_misc":{"\u00c9crit par":"benoit rieu","Dur\u00e9e de lecture estim\u00e9e":"1 minute"},"schema":{"@context":"https:\/\/schema.org","@graph":[{"@type":"WebPage","@id":"https:\/\/blogs.thesocialmedia.com\/leblogmoto\/2009\/07\/06\/avis-aux-amateurs-aises-m-schumacher-vend-sa-desmo\/","url":"https:\/\/blogs.thesocialmedia.com\/leblogmoto\/2009\/07\/06\/avis-aux-amateurs-aises-m-schumacher-vend-sa-desmo\/","name":"Avis aux amateurs, M. Schumacher vend Desmo et Hypermotard. - leblogmoto.com","isPartOf":{"@id":"https:\/\/blogs.thesocialmedia.com\/leblogmoto\/#website"},"primaryImageOfPage":{"@id":"https:\/\/blogs.thesocialmedia.com\/leblogmoto\/2009\/07\/06\/avis-aux-amateurs-aises-m-schumacher-vend-sa-desmo\/#primaryimage"},"image":{"@id":"https:\/\/blogs.thesocialmedia.com\/leblogmoto\/2009\/07\/06\/avis-aux-amateurs-aises-m-schumacher-vend-sa-desmo\/#primaryimage"},"thumbnailUrl":"https:\/\/blogs.thesocialmedia.com\/leblogmoto\/files\/2012\/07\/6a00d83451b18369e2011571cbb352970b-500wi.jpg","datePublished":"2009-07-06T23:50:39+00:00","dateModified":"2012-07-11T17:35:53+00:00","author":{"@id":"https:\/\/blogs.thesocialmedia.com\/leblogmoto\/#\/schema\/person\/18bfe773e5725ed6d24f743da805362a"},"breadcrumb":{"@id":"https:\/\/blogs.thesocialmedia.com\/leblogmoto\/2009\/07\/06\/avis-aux-amateurs-aises-m-schumacher-vend-sa-desmo\/#breadcrumb"},"inLanguage":"fr-FR","potentialAction":[{"@type":"ReadAction","target":["https:\/\/blogs.thesocialmedia.com\/leblogmoto\/2009\/07\/06\/avis-aux-amateurs-aises-m-schumacher-vend-sa-desmo\/"]}]},{"@type":"ImageObject","inLanguage":"fr-FR","@id":"https:\/\/blogs.thesocialmedia.com\/leblogmoto\/2009\/07\/06\/avis-aux-amateurs-aises-m-schumacher-vend-sa-desmo\/#primaryimage","url":"https:\/\/blogs.thesocialmedia.com\/leblogmoto\/files\/2012\/07\/6a00d83451b18369e2011571cbb352970b-500wi.jpg","contentUrl":"https:\/\/blogs.thesocialmedia.com\/leblogmoto\/files\/2012\/07\/6a00d83451b18369e2011571cbb352970b-500wi.jpg","width":"500","height":"282"},{"@type":"BreadcrumbList","@id":"https:\/\/blogs.thesocialmedia.com\/leblogmoto\/2009\/07\/06\/avis-aux-amateurs-aises-m-schumacher-vend-sa-desmo\/#breadcrumb","itemListElement":[{"@type":"ListItem","position":1,"name":"Accueil","item":"https:\/\/blogs.thesocialmedia.com\/leblogmoto\/"},{"@type":"ListItem","position":2,"name":"Avis aux amateurs, M. Schumacher vend Desmo et Hypermotard."}]},{"@type":"WebSite","@id":"https:\/\/blogs.thesocialmedia.com\/leblogmoto\/#website","url":"https:\/\/blogs.thesocialmedia.com\/leblogmoto\/","name":"leblogmoto","description":"Toute l&#039;actualit\u00e9 des 2 roues","potentialAction":[{"@type":"SearchAction","target":{"@type":"EntryPoint","urlTemplate":"https:\/\/blogs.thesocialmedia.com\/leblogmoto\/?s={search_term_string}"},"query-input":{"@type":"PropertyValueSpecification","valueRequired":true,"valueName":"search_term_string"}}],"inLanguage":"fr-FR"},{"@type":"Person","@id":"https:\/\/blogs.thesocialmedia.com\/leblogmoto\/#\/schema\/person\/18bfe773e5725ed6d24f743da805362a","name":"benoit rieu","image":{"@type":"ImageObject","inLanguage":"fr-FR","@id":"https:\/\/blogs.thesocialmedia.com\/leblogmoto\/#\/schema\/person\/image\/","url":"https:\/\/secure.gravatar.com\/avatar\/?s=96&d=mm&r=g","contentUrl":"https:\/\/secure.gravatar.com\/avatar\/?s=96&d=mm&r=g","caption":"benoit rieu"},"url":"https:\/\/blogs.thesocialmedia.com\/leblogmoto\/author\/benoit-rieu\/"}]}},"_links":{"self":[{"href":"https:\/\/blogs.thesocialmedia.com\/leblogmoto\/wp-json\/wp\/v2\/posts\/74","targetHints":{"allow":["GET"]}}],"collection":[{"href":"https:\/\/blogs.thesocialmedia.com\/leblogmoto\/wp-json\/wp\/v2\/posts"}],"about":[{"href":"https:\/\/blogs.thesocialmedia.com\/leblogmoto\/wp-json\/wp\/v2\/types\/post"}],"author":[{"embeddable":true,"href":"https:\/\/blogs.thesocialmedia.com\/leblogmoto\/wp-json\/wp\/v2\/users\/324"}],"replies":[{"embeddable":true,"href":"https:\/\/blogs.thesocialmedia.com\/leblogmoto\/wp-json\/wp\/v2\/comments?post=74"}],"version-history":[{"count":2,"href":"https:\/\/blogs.thesocialmedia.com\/leblogmoto\/wp-json\/wp\/v2\/posts\/74\/revisions"}],"predecessor-version":[{"id":14027,"href":"https:\/\/blogs.thesocialmedia.com\/leblogmoto\/wp-json\/wp\/v2\/posts\/74\/revisions\/14027"}],"wp:featuredmedia":[{"embeddable":true,"href":"https:\/\/blogs.thesocialmedia.com\/leblogmoto\/wp-json\/wp\/v2\/media\/14024"}],"wp:attachment":[{"href":"https:\/\/blogs.thesocialmedia.com\/leblogmoto\/wp-json\/wp\/v2\/media?parent=74"}],"wp:term":[{"taxonomy":"category","embeddable":true,"href":"https:\/\/blogs.thesocialmedia.com\/leblogmoto\/wp-json\/wp\/v2\/categories?post=74"},{"taxonomy":"post_tag","embeddable":true,"href":"https:\/\/blogs.thesocialmedia.com\/leblogmoto\/wp-json\/wp\/v2\/tags?post=74"}],"curies":[{"name":"wp","href":"https:\/\/api.w.org\/{rel}","templated":true}]}}