{"id":743,"date":"2008-04-25T02:40:49","date_gmt":"2008-04-25T02:40:49","guid":{"rendered":"http:\/\/blogs.thesocialmedia.com\/leblogmoto\/2008\/04\/25\/album-du-vend-3-11\/"},"modified":"2012-07-11T15:41:02","modified_gmt":"2012-07-11T15:41:02","slug":"album-du-vend-3-11","status":"publish","type":"post","link":"https:\/\/blogs.thesocialmedia.com\/leblogmoto\/2008\/04\/25\/album-du-vend-3-11\/","title":{"rendered":"Album du vendredi, Vers un futur radieux"},"content":{"rendered":"<p><a href=\"http:\/\/blogs.thesocialmedia.com\/leblogmoto\/files\/2012\/07\/futur9.jpg\"><img loading=\"lazy\" decoding=\"async\" width=\"470\" height=\"271\"  src=\"http:\/\/www.leblogmoto.com\/images\/2008\/04\/24\/futur9.jpg\" alt=\"Futur9\" \/><\/a> <\/p>\n<p>La plus belle moto est celle qui n&rsquo;existe pas encore. C&rsquo;est bien ce qui pousse les constructeurs \u00e0 investir beaucoup d&rsquo;\u00e9nergie dans les monstres de Salons que sont les prototypes.<br \/>Mieux encore est le d\u00e9lire enthousiaste du motard inventif et industrieux qui cr\u00e9e lui-m\u00eame la machine de ses r\u00eaves.<\/p>\n<p>Mais puisqu&rsquo;on ne choisit pas sa douance, et que pour le simple mortel bien heureux de pouvoir uniquement tenir en \u00e9quilibre sur deux roues, le travail des artistes qui inventent des futurs probables et improbables est une v\u00e9ritable machine \u00e0 r\u00eaves.<\/p>\n<p>Voici donc une s\u00e9lection de motos \u00e0 deux roues, une roue et pas de roue du tout, que, j&rsquo;imagine, on nommera encore moto dans cet avenir lointain ou utopique.<\/p>\n<p>Le site <a href=\"http:\/\/www.coroflot.com\/public\/individual_browse.asp\">Coroflot<\/a> est une mine d&rsquo;or pour qui s&rsquo;int\u00e9resse \u00e0 la communaut\u00e9 des cr\u00e9ateurs et \u00e0 leurs travaux. Quelques projets ci-dessous ont \u00e9t\u00e9 trouv\u00e9s sur ce site.<\/p>\n<p><a href=\"http:\/\/clabedan.typepad.com\/.shared\/image.html?\/photos\/uncategorized\/2008\/04\/24\/futur13.jpg\"><img loading=\"lazy\" decoding=\"async\" width=\"470\" height=\"270\"  src=\"http:\/\/www.leblogmoto.com\/images\/2008\/04\/24\/futur13.jpg\" alt=\"Futur13\" \/><\/a> <\/p>\n<p><a href=\"http:\/\/blogs.thesocialmedia.com\/leblogmoto\/files\/2012\/07\/futur11.jpg\"><img loading=\"lazy\" decoding=\"async\" width=\"470\" height=\"331\"  src=\"http:\/\/www.leblogmoto.com\/images\/2008\/04\/24\/futur11.jpg\" alt=\"Futur11\" \/><\/a> <\/p>\n<p><a href=\"http:\/\/blogs.thesocialmedia.com\/leblogmoto\/files\/2012\/07\/futur10.jpg\"><img loading=\"lazy\" decoding=\"async\" width=\"470\" height=\"278\"  src=\"http:\/\/www.leblogmoto.com\/images\/2008\/04\/24\/futur10.jpg\" alt=\"Futur10\" \/><\/a> <\/p>\n<p><a href=\"http:\/\/blogs.thesocialmedia.com\/leblogmoto\/files\/2012\/07\/futur12.jpg\"><img loading=\"lazy\" decoding=\"async\" width=\"470\" height=\"251\"  src=\"http:\/\/www.leblogmoto.com\/images\/2008\/04\/24\/futur12.jpg\" alt=\"Futur12\" \/><\/a> <\/p>\n<p><a href=\"http:\/\/blogs.thesocialmedia.com\/leblogmoto\/files\/2012\/07\/futur14.jpg\"><img loading=\"lazy\" decoding=\"async\" width=\"470\" height=\"329\"  src=\"http:\/\/www.leblogmoto.com\/images\/2008\/04\/24\/futur14.jpg\" alt=\"Futur14\" \/><\/a> <\/p>\n<p><a href=\"http:\/\/blogs.thesocialmedia.com\/leblogmoto\/files\/2012\/07\/futur4.jpg\"><img loading=\"lazy\" decoding=\"async\" width=\"470\" height=\"250\"  src=\"http:\/\/www.leblogmoto.com\/images\/2008\/04\/24\/futur4.jpg\" alt=\"Futur4\" \/><\/a> <\/p>\n<p><a href=\"http:\/\/blogs.thesocialmedia.com\/leblogmoto\/files\/2012\/07\/futur1.jpg\"><img loading=\"lazy\" decoding=\"async\" width=\"470\" height=\"309\"  src=\"http:\/\/www.leblogmoto.com\/images\/2008\/04\/24\/futur1.jpg\" alt=\"Futur1\" \/><\/a> <\/p>\n<p><a href=\"http:\/\/blogs.thesocialmedia.com\/leblogmoto\/files\/2012\/07\/futur5.jpg\"><img loading=\"lazy\" decoding=\"async\" width=\"470\" height=\"283\"  src=\"http:\/\/www.leblogmoto.com\/images\/2008\/04\/24\/futur5.jpg\" alt=\"Futur5\" \/><\/a> <\/p>\n<p><a href=\"http:\/\/blogs.thesocialmedia.com\/leblogmoto\/files\/2012\/07\/futur7.jpg\"><img loading=\"lazy\" decoding=\"async\" width=\"470\" height=\"312\"  src=\"http:\/\/www.leblogmoto.com\/images\/2008\/04\/24\/futur7.jpg\" alt=\"Futur7\" \/><\/a> <\/p>\n<p><a href=\"http:\/\/blogs.thesocialmedia.com\/leblogmoto\/files\/2012\/07\/futur8.jpg\"><img loading=\"lazy\" decoding=\"async\" width=\"470\" height=\"362\"  src=\"http:\/\/www.leblogmoto.com\/images\/2008\/04\/24\/futur8.jpg\" alt=\"Futur8\" \/><\/a> <\/p>\n<p><a href=\"http:\/\/blogs.thesocialmedia.com\/leblogmoto\/files\/2012\/07\/futur3.jpg\"><img loading=\"lazy\" decoding=\"async\" width=\"470\" height=\"316\"  src=\"http:\/\/www.leblogmoto.com\/images\/2008\/04\/24\/futur3.jpg\" alt=\"Futur3\" \/><\/a> <\/p>\n<p><a href=\"http:\/\/blogs.thesocialmedia.com\/leblogmoto\/files\/2012\/07\/futur2.jpg\"><img loading=\"lazy\" decoding=\"async\" width=\"469\" height=\"168\"  src=\"http:\/\/www.leblogmoto.com\/images\/2008\/04\/24\/futur2.jpg\" alt=\"Futur2\" \/><\/a> <\/p>\n","protected":false},"excerpt":{"rendered":"<p>La plus belle moto est celle qui n&rsquo;existe pas encore. C&rsquo;est bien ce qui pousse les constructeurs \u00e0 investir beaucoup d&rsquo;\u00e9nergie dans les monstres de Salons que sont les prototypes.Mieux encore est le d\u00e9lire enthousiaste du motard inventif et industrieux qui cr\u00e9e lui-m\u00eame la machine de ses r\u00eaves. Mais puisqu&rsquo;on ne choisit pas sa douance, [&hellip;]<\/p>\n","protected":false},"author":325,"featured_media":0,"comment_status":"open","ping_status":"open","sticky":false,"template":"","format":"standard","meta":{"footnotes":""},"categories":[16],"tags":[],"class_list":["post-743","post","type-post","status-publish","format-standard","hentry","category-art-moto"],"yoast_head":"<!-- This site is optimized with the Yoast SEO plugin v26.0 - https:\/\/yoast.com\/wordpress\/plugins\/seo\/ -->\n<title>Album du vendredi, Vers un futur radieux - leblogmoto.com<\/title>\n<meta name=\"robots\" content=\"index, follow, max-snippet:-1, max-image-preview:large, max-video-preview:-1\" \/>\n<link rel=\"canonical\" href=\"https:\/\/blogs.thesocialmedia.com\/leblogmoto\/2008\/04\/25\/album-du-vend-3-11\/\" \/>\n<meta name=\"twitter:card\" content=\"summary_large_image\" \/>\n<meta name=\"twitter:title\" content=\"Album du vendredi, Vers un futur radieux - leblogmoto.com\" \/>\n<meta name=\"twitter:description\" content=\"La plus belle moto est celle qui n&rsquo;existe pas encore. C&rsquo;est bien ce qui pousse les constructeurs \u00e0 investir beaucoup d&rsquo;\u00e9nergie dans les monstres de Salons que sont les prototypes.Mieux encore est le d\u00e9lire enthousiaste du motard inventif et industrieux qui cr\u00e9e lui-m\u00eame la machine de ses r\u00eaves. Mais puisqu&rsquo;on ne choisit pas sa douance, [&hellip;]\" \/>\n<meta name=\"twitter:image\" content=\"http:\/\/www.leblogmoto.com\/images\/2008\/04\/24\/futur9.jpg\" \/>\n<meta name=\"twitter:label1\" content=\"\u00c9crit par\" \/>\n\t<meta name=\"twitter:data1\" content=\"jacques lesage\" \/>\n\t<meta name=\"twitter:label2\" content=\"Dur\u00e9e de lecture estim\u00e9e\" \/>\n\t<meta name=\"twitter:data2\" content=\"1 minute\" \/>\n<script type=\"application\/ld+json\" class=\"yoast-schema-graph\">{\"@context\":\"https:\/\/schema.org\",\"@graph\":[{\"@type\":\"WebPage\",\"@id\":\"https:\/\/blogs.thesocialmedia.com\/leblogmoto\/2008\/04\/25\/album-du-vend-3-11\/\",\"url\":\"https:\/\/blogs.thesocialmedia.com\/leblogmoto\/2008\/04\/25\/album-du-vend-3-11\/\",\"name\":\"Album du vendredi, Vers un futur radieux - leblogmoto.com\",\"isPartOf\":{\"@id\":\"https:\/\/blogs.thesocialmedia.com\/leblogmoto\/#website\"},\"primaryImageOfPage\":{\"@id\":\"https:\/\/blogs.thesocialmedia.com\/leblogmoto\/2008\/04\/25\/album-du-vend-3-11\/#primaryimage\"},\"image\":{\"@id\":\"https:\/\/blogs.thesocialmedia.com\/leblogmoto\/2008\/04\/25\/album-du-vend-3-11\/#primaryimage\"},\"thumbnailUrl\":\"http:\/\/www.leblogmoto.com\/images\/2008\/04\/24\/futur9.jpg\",\"datePublished\":\"2008-04-25T02:40:49+00:00\",\"dateModified\":\"2012-07-11T15:41:02+00:00\",\"author\":{\"@id\":\"https:\/\/blogs.thesocialmedia.com\/leblogmoto\/#\/schema\/person\/e82a0ca8a9a63d031586097a3ed58526\"},\"breadcrumb\":{\"@id\":\"https:\/\/blogs.thesocialmedia.com\/leblogmoto\/2008\/04\/25\/album-du-vend-3-11\/#breadcrumb\"},\"inLanguage\":\"fr-FR\",\"potentialAction\":[{\"@type\":\"ReadAction\",\"target\":[\"https:\/\/blogs.thesocialmedia.com\/leblogmoto\/2008\/04\/25\/album-du-vend-3-11\/\"]}]},{\"@type\":\"ImageObject\",\"inLanguage\":\"fr-FR\",\"@id\":\"https:\/\/blogs.thesocialmedia.com\/leblogmoto\/2008\/04\/25\/album-du-vend-3-11\/#primaryimage\",\"url\":\"http:\/\/www.leblogmoto.com\/images\/2008\/04\/24\/futur9.jpg\",\"contentUrl\":\"http:\/\/www.leblogmoto.com\/images\/2008\/04\/24\/futur9.jpg\"},{\"@type\":\"BreadcrumbList\",\"@id\":\"https:\/\/blogs.thesocialmedia.com\/leblogmoto\/2008\/04\/25\/album-du-vend-3-11\/#breadcrumb\",\"itemListElement\":[{\"@type\":\"ListItem\",\"position\":1,\"name\":\"Accueil\",\"item\":\"https:\/\/blogs.thesocialmedia.com\/leblogmoto\/\"},{\"@type\":\"ListItem\",\"position\":2,\"name\":\"Album du vendredi, Vers un futur radieux\"}]},{\"@type\":\"WebSite\",\"@id\":\"https:\/\/blogs.thesocialmedia.com\/leblogmoto\/#website\",\"url\":\"https:\/\/blogs.thesocialmedia.com\/leblogmoto\/\",\"name\":\"leblogmoto\",\"description\":\"Toute l&#039;actualit\u00e9 des 2 roues\",\"potentialAction\":[{\"@type\":\"SearchAction\",\"target\":{\"@type\":\"EntryPoint\",\"urlTemplate\":\"https:\/\/blogs.thesocialmedia.com\/leblogmoto\/?s={search_term_string}\"},\"query-input\":{\"@type\":\"PropertyValueSpecification\",\"valueRequired\":true,\"valueName\":\"search_term_string\"}}],\"inLanguage\":\"fr-FR\"},{\"@type\":\"Person\",\"@id\":\"https:\/\/blogs.thesocialmedia.com\/leblogmoto\/#\/schema\/person\/e82a0ca8a9a63d031586097a3ed58526\",\"name\":\"jacques lesage\",\"image\":{\"@type\":\"ImageObject\",\"inLanguage\":\"fr-FR\",\"@id\":\"https:\/\/blogs.thesocialmedia.com\/leblogmoto\/#\/schema\/person\/image\/\",\"url\":\"https:\/\/secure.gravatar.com\/avatar\/?s=96&d=mm&r=g\",\"contentUrl\":\"https:\/\/secure.gravatar.com\/avatar\/?s=96&d=mm&r=g\",\"caption\":\"jacques lesage\"},\"url\":\"https:\/\/blogs.thesocialmedia.com\/leblogmoto\/author\/jacques-lesage\/\"}]}<\/script>\n<!-- \/ Yoast SEO plugin. -->","yoast_head_json":{"title":"Album du vendredi, Vers un futur radieux - leblogmoto.com","robots":{"index":"index","follow":"follow","max-snippet":"max-snippet:-1","max-image-preview":"max-image-preview:large","max-video-preview":"max-video-preview:-1"},"canonical":"https:\/\/blogs.thesocialmedia.com\/leblogmoto\/2008\/04\/25\/album-du-vend-3-11\/","twitter_card":"summary_large_image","twitter_title":"Album du vendredi, Vers un futur radieux - leblogmoto.com","twitter_description":"La plus belle moto est celle qui n&rsquo;existe pas encore. C&rsquo;est bien ce qui pousse les constructeurs \u00e0 investir beaucoup d&rsquo;\u00e9nergie dans les monstres de Salons que sont les prototypes.Mieux encore est le d\u00e9lire enthousiaste du motard inventif et industrieux qui cr\u00e9e lui-m\u00eame la machine de ses r\u00eaves. Mais puisqu&rsquo;on ne choisit pas sa douance, [&hellip;]","twitter_image":"http:\/\/www.leblogmoto.com\/images\/2008\/04\/24\/futur9.jpg","twitter_misc":{"\u00c9crit par":"jacques lesage","Dur\u00e9e de lecture estim\u00e9e":"1 minute"},"schema":{"@context":"https:\/\/schema.org","@graph":[{"@type":"WebPage","@id":"https:\/\/blogs.thesocialmedia.com\/leblogmoto\/2008\/04\/25\/album-du-vend-3-11\/","url":"https:\/\/blogs.thesocialmedia.com\/leblogmoto\/2008\/04\/25\/album-du-vend-3-11\/","name":"Album du vendredi, Vers un futur radieux - leblogmoto.com","isPartOf":{"@id":"https:\/\/blogs.thesocialmedia.com\/leblogmoto\/#website"},"primaryImageOfPage":{"@id":"https:\/\/blogs.thesocialmedia.com\/leblogmoto\/2008\/04\/25\/album-du-vend-3-11\/#primaryimage"},"image":{"@id":"https:\/\/blogs.thesocialmedia.com\/leblogmoto\/2008\/04\/25\/album-du-vend-3-11\/#primaryimage"},"thumbnailUrl":"http:\/\/www.leblogmoto.com\/images\/2008\/04\/24\/futur9.jpg","datePublished":"2008-04-25T02:40:49+00:00","dateModified":"2012-07-11T15:41:02+00:00","author":{"@id":"https:\/\/blogs.thesocialmedia.com\/leblogmoto\/#\/schema\/person\/e82a0ca8a9a63d031586097a3ed58526"},"breadcrumb":{"@id":"https:\/\/blogs.thesocialmedia.com\/leblogmoto\/2008\/04\/25\/album-du-vend-3-11\/#breadcrumb"},"inLanguage":"fr-FR","potentialAction":[{"@type":"ReadAction","target":["https:\/\/blogs.thesocialmedia.com\/leblogmoto\/2008\/04\/25\/album-du-vend-3-11\/"]}]},{"@type":"ImageObject","inLanguage":"fr-FR","@id":"https:\/\/blogs.thesocialmedia.com\/leblogmoto\/2008\/04\/25\/album-du-vend-3-11\/#primaryimage","url":"http:\/\/www.leblogmoto.com\/images\/2008\/04\/24\/futur9.jpg","contentUrl":"http:\/\/www.leblogmoto.com\/images\/2008\/04\/24\/futur9.jpg"},{"@type":"BreadcrumbList","@id":"https:\/\/blogs.thesocialmedia.com\/leblogmoto\/2008\/04\/25\/album-du-vend-3-11\/#breadcrumb","itemListElement":[{"@type":"ListItem","position":1,"name":"Accueil","item":"https:\/\/blogs.thesocialmedia.com\/leblogmoto\/"},{"@type":"ListItem","position":2,"name":"Album du vendredi, Vers un futur radieux"}]},{"@type":"WebSite","@id":"https:\/\/blogs.thesocialmedia.com\/leblogmoto\/#website","url":"https:\/\/blogs.thesocialmedia.com\/leblogmoto\/","name":"leblogmoto","description":"Toute l&#039;actualit\u00e9 des 2 roues","potentialAction":[{"@type":"SearchAction","target":{"@type":"EntryPoint","urlTemplate":"https:\/\/blogs.thesocialmedia.com\/leblogmoto\/?s={search_term_string}"},"query-input":{"@type":"PropertyValueSpecification","valueRequired":true,"valueName":"search_term_string"}}],"inLanguage":"fr-FR"},{"@type":"Person","@id":"https:\/\/blogs.thesocialmedia.com\/leblogmoto\/#\/schema\/person\/e82a0ca8a9a63d031586097a3ed58526","name":"jacques lesage","image":{"@type":"ImageObject","inLanguage":"fr-FR","@id":"https:\/\/blogs.thesocialmedia.com\/leblogmoto\/#\/schema\/person\/image\/","url":"https:\/\/secure.gravatar.com\/avatar\/?s=96&d=mm&r=g","contentUrl":"https:\/\/secure.gravatar.com\/avatar\/?s=96&d=mm&r=g","caption":"jacques lesage"},"url":"https:\/\/blogs.thesocialmedia.com\/leblogmoto\/author\/jacques-lesage\/"}]}},"_links":{"self":[{"href":"https:\/\/blogs.thesocialmedia.com\/leblogmoto\/wp-json\/wp\/v2\/posts\/743","targetHints":{"allow":["GET"]}}],"collection":[{"href":"https:\/\/blogs.thesocialmedia.com\/leblogmoto\/wp-json\/wp\/v2\/posts"}],"about":[{"href":"https:\/\/blogs.thesocialmedia.com\/leblogmoto\/wp-json\/wp\/v2\/types\/post"}],"author":[{"embeddable":true,"href":"https:\/\/blogs.thesocialmedia.com\/leblogmoto\/wp-json\/wp\/v2\/users\/325"}],"replies":[{"embeddable":true,"href":"https:\/\/blogs.thesocialmedia.com\/leblogmoto\/wp-json\/wp\/v2\/comments?post=743"}],"version-history":[{"count":2,"href":"https:\/\/blogs.thesocialmedia.com\/leblogmoto\/wp-json\/wp\/v2\/posts\/743\/revisions"}],"predecessor-version":[{"id":10539,"href":"https:\/\/blogs.thesocialmedia.com\/leblogmoto\/wp-json\/wp\/v2\/posts\/743\/revisions\/10539"}],"wp:attachment":[{"href":"https:\/\/blogs.thesocialmedia.com\/leblogmoto\/wp-json\/wp\/v2\/media?parent=743"}],"wp:term":[{"taxonomy":"category","embeddable":true,"href":"https:\/\/blogs.thesocialmedia.com\/leblogmoto\/wp-json\/wp\/v2\/categories?post=743"},{"taxonomy":"post_tag","embeddable":true,"href":"https:\/\/blogs.thesocialmedia.com\/leblogmoto\/wp-json\/wp\/v2\/tags?post=743"}],"curies":[{"name":"wp","href":"https:\/\/api.w.org\/{rel}","templated":true}]}}