{"id":744,"date":"2008-04-24T23:57:20","date_gmt":"2008-04-24T23:57:20","guid":{"rendered":"http:\/\/blogs.thesocialmedia.com\/leblogmoto\/2008\/04\/24\/rassemblement-e\/"},"modified":"2012-07-11T15:40:33","modified_gmt":"2012-07-11T15:40:33","slug":"rassemblement-e","status":"publish","type":"post","link":"https:\/\/blogs.thesocialmedia.com\/leblogmoto\/2008\/04\/24\/rassemblement-e\/","title":{"rendered":"Rassemblement en m\u00e9moire de Fr\u00e9d\u00e9ric Federici."},"content":{"rendered":"<p><a href=\"http:\/\/blogs.thesocialmedia.com\/leblogmoto\/files\/2012\/07\/moto_frdric_federici_deux_ans_dj.jpg\"><img loading=\"lazy\" decoding=\"async\" height=\"560\" alt=\"Moto_frdric_federici_deux_ans_dj\" src=\"http:\/\/www.leblogmoto.com\/images\/2008\/04\/24\/moto_frdric_federici_deux_ans_dj.jpg\" width=\"470\"  \/><\/a> <\/p>\n<p>Il y a bient\u00f4t deux ans, le 30 avril 2006 plus exactement, Frederic Federici, 42 ans, cadre dans la banque et p\u00e8re d&rsquo;une petite fille*, trouvait la mort en percutant un fil l\u00e2chement plac\u00e9 et tendu en travers d&rsquo;un chemin. Dans un communiqu\u00e9, le <a href=\"http:\/\/www.codever.fr\/\">Codever<\/a> (association de d\u00e9fense des pratiquants de loisirs verts, motoris\u00e9s ou non) demande \u00e0 tous les motards et plus largement aux pratiquants de loisirs en milieu naturel qui souhaitent comm\u00e9morer la disparition de cet enduriste exp\u00e9riment\u00e9, de <a href=\"http:\/\/motochu34.free.fr\/frederic\/commemoration\/affichecommemo.pdf\">se rassembler dans l&rsquo;H\u00e9rault<\/a>**, ce dimanche 27 avril. <\/p>\n<p>Il s\u2019agit \u00e9galement, selon le Codever de montrer que la mobilisation ne faiblit pas pendant la pr\u00e9paration du proc\u00e8s en appel. En effet le 21 novembre 2007, le poseur du c\u00e2ble avait seulement \u00e9t\u00e9 condamn\u00e9 \u00e0 8 mois de prison avec sursis par le Tribunal Correctionnel de Montpellier.<\/p>\n<p>Pour tout cela, le moto-club <a href=\"http:\/\/motochu34.forumactif.com\/\">MotoCHU34<\/a>, la F\u00e9d\u00e9ration Fran\u00e7aise des <a href=\"http:\/\/www.ffmc34.org\/spip.php?article233\">Motards en Col\u00e8re de l\u2019H\u00e9rault<\/a> et le Codever donc, appellent les motards et tous les pratiquant des loisirs verts, marcheurs, adeptes du 4&#215;4, quads, v\u00e9t\u00e9tistes, cavaliers, \u00e0 manifester solidairement leur soutien \u00e0 la famille de Fr\u00e9d\u00e9ric.<\/p>\n<p>Ce sera l&rsquo;occasion aussi d&rsquo;inscrire cette comm\u00e9moration dans un mouvement plus vaste, puisque les pratiquants des loisirs verts revendiqueront, une fois encore, leur droit fondamental \u00e0 circuler librement et en toute s\u00e9curit\u00e9 sur les chemins<\/p>\n<p><em>source: communiqu\u00e9 Codever, via Toolenduro.com<\/em><\/p>\n<p><em>*pas du tout le clich\u00e9 du motard \u00e9go\u00efste et rebelle, n&rsquo;en d\u00e9plaise aux anti-deux-roues.<\/em><\/p>\n<p><em>**\u00e0 Saint-Mathieu de Tr\u00e9viers.<\/em><\/p>\n","protected":false},"excerpt":{"rendered":"<p>Il y a bient\u00f4t deux ans, le 30 avril 2006 plus exactement, Frederic Federici, 42 ans, cadre dans la banque et p\u00e8re d&rsquo;une petite fille*, trouvait la mort en percutant un fil l\u00e2chement plac\u00e9 et tendu en travers d&rsquo;un chemin. Dans un communiqu\u00e9, le Codever (association de d\u00e9fense des pratiquants de loisirs verts, motoris\u00e9s ou [&hellip;]<\/p>\n","protected":false},"author":324,"featured_media":0,"comment_status":"open","ping_status":"open","sticky":false,"template":"","format":"standard","meta":{"footnotes":""},"categories":[3,13,17,66,27],"tags":[],"class_list":["post-744","post","type-post","status-publish","format-standard","hentry","category-actualite","category-aventure","category-divers","category-moto-cross","category-securite"],"yoast_head":"<!-- This site is optimized with the Yoast SEO plugin v26.0 - https:\/\/yoast.com\/wordpress\/plugins\/seo\/ -->\n<title>Rassemblement en m\u00e9moire de Fr\u00e9d\u00e9ric Federici. - leblogmoto.com<\/title>\n<meta name=\"robots\" content=\"index, follow, max-snippet:-1, max-image-preview:large, max-video-preview:-1\" \/>\n<link rel=\"canonical\" href=\"https:\/\/blogs.thesocialmedia.com\/leblogmoto\/2008\/04\/24\/rassemblement-e\/\" \/>\n<meta name=\"twitter:card\" content=\"summary_large_image\" \/>\n<meta name=\"twitter:title\" content=\"Rassemblement en m\u00e9moire de Fr\u00e9d\u00e9ric Federici. - leblogmoto.com\" \/>\n<meta name=\"twitter:description\" content=\"Il y a bient\u00f4t deux ans, le 30 avril 2006 plus exactement, Frederic Federici, 42 ans, cadre dans la banque et p\u00e8re d&rsquo;une petite fille*, trouvait la mort en percutant un fil l\u00e2chement plac\u00e9 et tendu en travers d&rsquo;un chemin. Dans un communiqu\u00e9, le Codever (association de d\u00e9fense des pratiquants de loisirs verts, motoris\u00e9s ou [&hellip;]\" \/>\n<meta name=\"twitter:image\" content=\"http:\/\/www.leblogmoto.com\/images\/2008\/04\/24\/moto_frdric_federici_deux_ans_dj.jpg\" \/>\n<meta name=\"twitter:label1\" content=\"\u00c9crit par\" \/>\n\t<meta name=\"twitter:data1\" content=\"benoit rieu\" \/>\n\t<meta name=\"twitter:label2\" content=\"Dur\u00e9e de lecture estim\u00e9e\" \/>\n\t<meta name=\"twitter:data2\" content=\"1 minute\" \/>\n<script type=\"application\/ld+json\" class=\"yoast-schema-graph\">{\"@context\":\"https:\/\/schema.org\",\"@graph\":[{\"@type\":\"WebPage\",\"@id\":\"https:\/\/blogs.thesocialmedia.com\/leblogmoto\/2008\/04\/24\/rassemblement-e\/\",\"url\":\"https:\/\/blogs.thesocialmedia.com\/leblogmoto\/2008\/04\/24\/rassemblement-e\/\",\"name\":\"Rassemblement en m\u00e9moire de Fr\u00e9d\u00e9ric Federici. - leblogmoto.com\",\"isPartOf\":{\"@id\":\"https:\/\/blogs.thesocialmedia.com\/leblogmoto\/#website\"},\"primaryImageOfPage\":{\"@id\":\"https:\/\/blogs.thesocialmedia.com\/leblogmoto\/2008\/04\/24\/rassemblement-e\/#primaryimage\"},\"image\":{\"@id\":\"https:\/\/blogs.thesocialmedia.com\/leblogmoto\/2008\/04\/24\/rassemblement-e\/#primaryimage\"},\"thumbnailUrl\":\"http:\/\/www.leblogmoto.com\/images\/2008\/04\/24\/moto_frdric_federici_deux_ans_dj.jpg\",\"datePublished\":\"2008-04-24T23:57:20+00:00\",\"dateModified\":\"2012-07-11T15:40:33+00:00\",\"author\":{\"@id\":\"https:\/\/blogs.thesocialmedia.com\/leblogmoto\/#\/schema\/person\/18bfe773e5725ed6d24f743da805362a\"},\"breadcrumb\":{\"@id\":\"https:\/\/blogs.thesocialmedia.com\/leblogmoto\/2008\/04\/24\/rassemblement-e\/#breadcrumb\"},\"inLanguage\":\"fr-FR\",\"potentialAction\":[{\"@type\":\"ReadAction\",\"target\":[\"https:\/\/blogs.thesocialmedia.com\/leblogmoto\/2008\/04\/24\/rassemblement-e\/\"]}]},{\"@type\":\"ImageObject\",\"inLanguage\":\"fr-FR\",\"@id\":\"https:\/\/blogs.thesocialmedia.com\/leblogmoto\/2008\/04\/24\/rassemblement-e\/#primaryimage\",\"url\":\"http:\/\/www.leblogmoto.com\/images\/2008\/04\/24\/moto_frdric_federici_deux_ans_dj.jpg\",\"contentUrl\":\"http:\/\/www.leblogmoto.com\/images\/2008\/04\/24\/moto_frdric_federici_deux_ans_dj.jpg\"},{\"@type\":\"BreadcrumbList\",\"@id\":\"https:\/\/blogs.thesocialmedia.com\/leblogmoto\/2008\/04\/24\/rassemblement-e\/#breadcrumb\",\"itemListElement\":[{\"@type\":\"ListItem\",\"position\":1,\"name\":\"Accueil\",\"item\":\"https:\/\/blogs.thesocialmedia.com\/leblogmoto\/\"},{\"@type\":\"ListItem\",\"position\":2,\"name\":\"Rassemblement en m\u00e9moire de Fr\u00e9d\u00e9ric Federici.\"}]},{\"@type\":\"WebSite\",\"@id\":\"https:\/\/blogs.thesocialmedia.com\/leblogmoto\/#website\",\"url\":\"https:\/\/blogs.thesocialmedia.com\/leblogmoto\/\",\"name\":\"leblogmoto\",\"description\":\"Toute l&#039;actualit\u00e9 des 2 roues\",\"potentialAction\":[{\"@type\":\"SearchAction\",\"target\":{\"@type\":\"EntryPoint\",\"urlTemplate\":\"https:\/\/blogs.thesocialmedia.com\/leblogmoto\/?s={search_term_string}\"},\"query-input\":{\"@type\":\"PropertyValueSpecification\",\"valueRequired\":true,\"valueName\":\"search_term_string\"}}],\"inLanguage\":\"fr-FR\"},{\"@type\":\"Person\",\"@id\":\"https:\/\/blogs.thesocialmedia.com\/leblogmoto\/#\/schema\/person\/18bfe773e5725ed6d24f743da805362a\",\"name\":\"benoit rieu\",\"image\":{\"@type\":\"ImageObject\",\"inLanguage\":\"fr-FR\",\"@id\":\"https:\/\/blogs.thesocialmedia.com\/leblogmoto\/#\/schema\/person\/image\/\",\"url\":\"https:\/\/secure.gravatar.com\/avatar\/?s=96&d=mm&r=g\",\"contentUrl\":\"https:\/\/secure.gravatar.com\/avatar\/?s=96&d=mm&r=g\",\"caption\":\"benoit rieu\"},\"url\":\"https:\/\/blogs.thesocialmedia.com\/leblogmoto\/author\/benoit-rieu\/\"}]}<\/script>\n<!-- \/ Yoast SEO plugin. -->","yoast_head_json":{"title":"Rassemblement en m\u00e9moire de Fr\u00e9d\u00e9ric Federici. - leblogmoto.com","robots":{"index":"index","follow":"follow","max-snippet":"max-snippet:-1","max-image-preview":"max-image-preview:large","max-video-preview":"max-video-preview:-1"},"canonical":"https:\/\/blogs.thesocialmedia.com\/leblogmoto\/2008\/04\/24\/rassemblement-e\/","twitter_card":"summary_large_image","twitter_title":"Rassemblement en m\u00e9moire de Fr\u00e9d\u00e9ric Federici. - leblogmoto.com","twitter_description":"Il y a bient\u00f4t deux ans, le 30 avril 2006 plus exactement, Frederic Federici, 42 ans, cadre dans la banque et p\u00e8re d&rsquo;une petite fille*, trouvait la mort en percutant un fil l\u00e2chement plac\u00e9 et tendu en travers d&rsquo;un chemin. Dans un communiqu\u00e9, le Codever (association de d\u00e9fense des pratiquants de loisirs verts, motoris\u00e9s ou [&hellip;]","twitter_image":"http:\/\/www.leblogmoto.com\/images\/2008\/04\/24\/moto_frdric_federici_deux_ans_dj.jpg","twitter_misc":{"\u00c9crit par":"benoit rieu","Dur\u00e9e de lecture estim\u00e9e":"1 minute"},"schema":{"@context":"https:\/\/schema.org","@graph":[{"@type":"WebPage","@id":"https:\/\/blogs.thesocialmedia.com\/leblogmoto\/2008\/04\/24\/rassemblement-e\/","url":"https:\/\/blogs.thesocialmedia.com\/leblogmoto\/2008\/04\/24\/rassemblement-e\/","name":"Rassemblement en m\u00e9moire de Fr\u00e9d\u00e9ric Federici. - leblogmoto.com","isPartOf":{"@id":"https:\/\/blogs.thesocialmedia.com\/leblogmoto\/#website"},"primaryImageOfPage":{"@id":"https:\/\/blogs.thesocialmedia.com\/leblogmoto\/2008\/04\/24\/rassemblement-e\/#primaryimage"},"image":{"@id":"https:\/\/blogs.thesocialmedia.com\/leblogmoto\/2008\/04\/24\/rassemblement-e\/#primaryimage"},"thumbnailUrl":"http:\/\/www.leblogmoto.com\/images\/2008\/04\/24\/moto_frdric_federici_deux_ans_dj.jpg","datePublished":"2008-04-24T23:57:20+00:00","dateModified":"2012-07-11T15:40:33+00:00","author":{"@id":"https:\/\/blogs.thesocialmedia.com\/leblogmoto\/#\/schema\/person\/18bfe773e5725ed6d24f743da805362a"},"breadcrumb":{"@id":"https:\/\/blogs.thesocialmedia.com\/leblogmoto\/2008\/04\/24\/rassemblement-e\/#breadcrumb"},"inLanguage":"fr-FR","potentialAction":[{"@type":"ReadAction","target":["https:\/\/blogs.thesocialmedia.com\/leblogmoto\/2008\/04\/24\/rassemblement-e\/"]}]},{"@type":"ImageObject","inLanguage":"fr-FR","@id":"https:\/\/blogs.thesocialmedia.com\/leblogmoto\/2008\/04\/24\/rassemblement-e\/#primaryimage","url":"http:\/\/www.leblogmoto.com\/images\/2008\/04\/24\/moto_frdric_federici_deux_ans_dj.jpg","contentUrl":"http:\/\/www.leblogmoto.com\/images\/2008\/04\/24\/moto_frdric_federici_deux_ans_dj.jpg"},{"@type":"BreadcrumbList","@id":"https:\/\/blogs.thesocialmedia.com\/leblogmoto\/2008\/04\/24\/rassemblement-e\/#breadcrumb","itemListElement":[{"@type":"ListItem","position":1,"name":"Accueil","item":"https:\/\/blogs.thesocialmedia.com\/leblogmoto\/"},{"@type":"ListItem","position":2,"name":"Rassemblement en m\u00e9moire de Fr\u00e9d\u00e9ric Federici."}]},{"@type":"WebSite","@id":"https:\/\/blogs.thesocialmedia.com\/leblogmoto\/#website","url":"https:\/\/blogs.thesocialmedia.com\/leblogmoto\/","name":"leblogmoto","description":"Toute l&#039;actualit\u00e9 des 2 roues","potentialAction":[{"@type":"SearchAction","target":{"@type":"EntryPoint","urlTemplate":"https:\/\/blogs.thesocialmedia.com\/leblogmoto\/?s={search_term_string}"},"query-input":{"@type":"PropertyValueSpecification","valueRequired":true,"valueName":"search_term_string"}}],"inLanguage":"fr-FR"},{"@type":"Person","@id":"https:\/\/blogs.thesocialmedia.com\/leblogmoto\/#\/schema\/person\/18bfe773e5725ed6d24f743da805362a","name":"benoit rieu","image":{"@type":"ImageObject","inLanguage":"fr-FR","@id":"https:\/\/blogs.thesocialmedia.com\/leblogmoto\/#\/schema\/person\/image\/","url":"https:\/\/secure.gravatar.com\/avatar\/?s=96&d=mm&r=g","contentUrl":"https:\/\/secure.gravatar.com\/avatar\/?s=96&d=mm&r=g","caption":"benoit rieu"},"url":"https:\/\/blogs.thesocialmedia.com\/leblogmoto\/author\/benoit-rieu\/"}]}},"_links":{"self":[{"href":"https:\/\/blogs.thesocialmedia.com\/leblogmoto\/wp-json\/wp\/v2\/posts\/744","targetHints":{"allow":["GET"]}}],"collection":[{"href":"https:\/\/blogs.thesocialmedia.com\/leblogmoto\/wp-json\/wp\/v2\/posts"}],"about":[{"href":"https:\/\/blogs.thesocialmedia.com\/leblogmoto\/wp-json\/wp\/v2\/types\/post"}],"author":[{"embeddable":true,"href":"https:\/\/blogs.thesocialmedia.com\/leblogmoto\/wp-json\/wp\/v2\/users\/324"}],"replies":[{"embeddable":true,"href":"https:\/\/blogs.thesocialmedia.com\/leblogmoto\/wp-json\/wp\/v2\/comments?post=744"}],"version-history":[{"count":2,"href":"https:\/\/blogs.thesocialmedia.com\/leblogmoto\/wp-json\/wp\/v2\/posts\/744\/revisions"}],"predecessor-version":[{"id":10526,"href":"https:\/\/blogs.thesocialmedia.com\/leblogmoto\/wp-json\/wp\/v2\/posts\/744\/revisions\/10526"}],"wp:attachment":[{"href":"https:\/\/blogs.thesocialmedia.com\/leblogmoto\/wp-json\/wp\/v2\/media?parent=744"}],"wp:term":[{"taxonomy":"category","embeddable":true,"href":"https:\/\/blogs.thesocialmedia.com\/leblogmoto\/wp-json\/wp\/v2\/categories?post=744"},{"taxonomy":"post_tag","embeddable":true,"href":"https:\/\/blogs.thesocialmedia.com\/leblogmoto\/wp-json\/wp\/v2\/tags?post=744"}],"curies":[{"name":"wp","href":"https:\/\/api.w.org\/{rel}","templated":true}]}}