{"id":746,"date":"2008-04-24T03:55:06","date_gmt":"2008-04-24T03:55:06","guid":{"rendered":"http:\/\/blogs.thesocialmedia.com\/leblogmoto\/2008\/04\/24\/24-heures-du-6\/"},"modified":"2012-07-11T15:40:30","modified_gmt":"2012-07-11T15:40:30","slug":"24-heures-du-6","status":"publish","type":"post","link":"https:\/\/blogs.thesocialmedia.com\/leblogmoto\/2008\/04\/24\/24-heures-du-6\/","title":{"rendered":"24 Heures du Mans: l&rsquo;enfer pour le Team 18"},"content":{"rendered":"<p><a href=\"http:\/\/blogs.thesocialmedia.com\/leblogmoto\/files\/2012\/07\/team_18_groupe.jpg\"><img loading=\"lazy\" decoding=\"async\" width=\"470\" height=\"312\"  src=\"http:\/\/www.leblogmoto.com\/images\/2008\/04\/23\/team_18_groupe.jpg\" alt=\"Team_18_groupe\" style=\"margin: 0px 5px 5px 0px;float: left\" \/><\/a> Apr\u00e8s avoir brill\u00e9 en t\u00eate de la course en remontant de la 22\u00e8me \u00e0 la 3\u00e8me place avec <span class=\"more\">St\u00e9phane Molinier \u00e0 son guidon <\/span>la chute a \u00e9t\u00e9 dure pour la Suzuki du Team 18 des Sapeurs Pompiers&#8230; <\/p>\n<p><a href=\"http:\/\/blogs.thesocialmedia.com\/leblogmoto\/files\/2012\/07\/team_18_course.jpg\"><img loading=\"lazy\" decoding=\"async\" width=\"470\" height=\"312\"  src=\"http:\/\/www.leblogmoto.com\/images\/2008\/04\/23\/team_18_course.jpg\" alt=\"Team_18_course\" style=\"margin: 0px 5px 5px 0px;float: left\" \/><\/a> Reparti apr\u00e8s un relais rapide Guillaume Pialoux perd le contr\u00f4le de la machine sur une bande blanche en d\u00e9passant un retardataire. <\/p>\n<p><a href=\"http:\/\/blogs.thesocialmedia.com\/leblogmoto\/files\/2012\/07\/team_18_course_02.jpg\"><img loading=\"lazy\" decoding=\"async\" width=\"470\" height=\"312\"  src=\"http:\/\/www.leblogmoto.com\/images\/2008\/04\/23\/team_18_course_02.jpg\" alt=\"Team_18_course_02\" style=\"margin: 0px 5px 5px 0px;float: left\" \/><\/a> <\/p>\n<p>Tout comme la <a href=\"http:\/\/www.leblogmoto.com\/2008\/04\/le-mans-2008-la.html\">Kawasaki num\u00e9ro 11<\/a> la machine part en tonneau mais cette fois \u00e7i son r\u00e9servoir s&rsquo;enflamme et l&rsquo;incendie d\u00e9truit la machine. <\/p>\n<p>Voil\u00e0 la moto \u00e0 son retour apr\u00e8s sa rencontre avec 3 extincteurs \u00e0 poudre de 6 kg&#8230;<\/p>\n<div><object width=\"480\" height=\"367\"><param name=\"movie\" value=\"http:\/\/www.dailymotion.com\/swf\/x56aha&amp;v3=1&amp;related=1\" \/><param name=\"allowFullScreen\" value=\"true\" \/><param name=\"allowScriptAccess\" value=\"always\" \/><embed width=\"480\" height=\"367\" src=\"http:\/\/www.dailymotion.com\/swf\/x56aha&amp;v3=1&amp;related=1\" type=\"application\/x-shockwave-flash\"><\/embed><\/object><br \/><strong>&nbsp;<\/strong><em><a href=\"http:\/\/www.dailymotion.com\/Quart2Tours\"><br \/><\/a><\/em><\/div>\n","protected":false},"excerpt":{"rendered":"<p>Apr\u00e8s avoir brill\u00e9 en t\u00eate de la course en remontant de la 22\u00e8me \u00e0 la 3\u00e8me place avec St\u00e9phane Molinier \u00e0 son guidon la chute a \u00e9t\u00e9 dure pour la Suzuki du Team 18 des Sapeurs Pompiers&#8230; Reparti apr\u00e8s un relais rapide Guillaume Pialoux perd le contr\u00f4le de la machine sur une bande blanche en [&hellip;]<\/p>\n","protected":false},"author":323,"featured_media":0,"comment_status":"open","ping_status":"open","sticky":false,"template":"","format":"standard","meta":{"footnotes":""},"categories":[32,12],"tags":[],"class_list":["post-746","post","type-post","status-publish","format-standard","hentry","category-sport-moto","category-videos"],"yoast_head":"<!-- This site is optimized with the Yoast SEO plugin v26.0 - https:\/\/yoast.com\/wordpress\/plugins\/seo\/ -->\n<title>24 Heures du Mans: l&#039;enfer pour le Team 18 - leblogmoto.com<\/title>\n<meta name=\"robots\" content=\"index, follow, max-snippet:-1, max-image-preview:large, max-video-preview:-1\" \/>\n<link rel=\"canonical\" href=\"https:\/\/blogs.thesocialmedia.com\/leblogmoto\/2008\/04\/24\/24-heures-du-6\/\" \/>\n<meta name=\"twitter:card\" content=\"summary_large_image\" \/>\n<meta name=\"twitter:title\" content=\"24 Heures du Mans: l&#039;enfer pour le Team 18 - leblogmoto.com\" \/>\n<meta name=\"twitter:description\" content=\"Apr\u00e8s avoir brill\u00e9 en t\u00eate de la course en remontant de la 22\u00e8me \u00e0 la 3\u00e8me place avec St\u00e9phane Molinier \u00e0 son guidon la chute a \u00e9t\u00e9 dure pour la Suzuki du Team 18 des Sapeurs Pompiers&#8230; Reparti apr\u00e8s un relais rapide Guillaume Pialoux perd le contr\u00f4le de la machine sur une bande blanche en [&hellip;]\" \/>\n<meta name=\"twitter:image\" content=\"http:\/\/www.leblogmoto.com\/images\/2008\/04\/23\/team_18_groupe.jpg\" \/>\n<meta name=\"twitter:label1\" content=\"\u00c9crit par\" \/>\n\t<meta name=\"twitter:data1\" content=\"albin le guyader\" \/>\n\t<meta name=\"twitter:label2\" content=\"Dur\u00e9e de lecture estim\u00e9e\" \/>\n\t<meta name=\"twitter:data2\" content=\"1 minute\" \/>\n<script type=\"application\/ld+json\" class=\"yoast-schema-graph\">{\"@context\":\"https:\/\/schema.org\",\"@graph\":[{\"@type\":\"WebPage\",\"@id\":\"https:\/\/blogs.thesocialmedia.com\/leblogmoto\/2008\/04\/24\/24-heures-du-6\/\",\"url\":\"https:\/\/blogs.thesocialmedia.com\/leblogmoto\/2008\/04\/24\/24-heures-du-6\/\",\"name\":\"24 Heures du Mans: l'enfer pour le Team 18 - leblogmoto.com\",\"isPartOf\":{\"@id\":\"https:\/\/blogs.thesocialmedia.com\/leblogmoto\/#website\"},\"primaryImageOfPage\":{\"@id\":\"https:\/\/blogs.thesocialmedia.com\/leblogmoto\/2008\/04\/24\/24-heures-du-6\/#primaryimage\"},\"image\":{\"@id\":\"https:\/\/blogs.thesocialmedia.com\/leblogmoto\/2008\/04\/24\/24-heures-du-6\/#primaryimage\"},\"thumbnailUrl\":\"http:\/\/www.leblogmoto.com\/images\/2008\/04\/23\/team_18_groupe.jpg\",\"datePublished\":\"2008-04-24T03:55:06+00:00\",\"dateModified\":\"2012-07-11T15:40:30+00:00\",\"author\":{\"@id\":\"https:\/\/blogs.thesocialmedia.com\/leblogmoto\/#\/schema\/person\/b496d27c898c29a39678e2425cafb9ae\"},\"breadcrumb\":{\"@id\":\"https:\/\/blogs.thesocialmedia.com\/leblogmoto\/2008\/04\/24\/24-heures-du-6\/#breadcrumb\"},\"inLanguage\":\"fr-FR\",\"potentialAction\":[{\"@type\":\"ReadAction\",\"target\":[\"https:\/\/blogs.thesocialmedia.com\/leblogmoto\/2008\/04\/24\/24-heures-du-6\/\"]}]},{\"@type\":\"ImageObject\",\"inLanguage\":\"fr-FR\",\"@id\":\"https:\/\/blogs.thesocialmedia.com\/leblogmoto\/2008\/04\/24\/24-heures-du-6\/#primaryimage\",\"url\":\"http:\/\/www.leblogmoto.com\/images\/2008\/04\/23\/team_18_groupe.jpg\",\"contentUrl\":\"http:\/\/www.leblogmoto.com\/images\/2008\/04\/23\/team_18_groupe.jpg\"},{\"@type\":\"BreadcrumbList\",\"@id\":\"https:\/\/blogs.thesocialmedia.com\/leblogmoto\/2008\/04\/24\/24-heures-du-6\/#breadcrumb\",\"itemListElement\":[{\"@type\":\"ListItem\",\"position\":1,\"name\":\"Accueil\",\"item\":\"https:\/\/blogs.thesocialmedia.com\/leblogmoto\/\"},{\"@type\":\"ListItem\",\"position\":2,\"name\":\"24 Heures du Mans: l&rsquo;enfer pour le Team 18\"}]},{\"@type\":\"WebSite\",\"@id\":\"https:\/\/blogs.thesocialmedia.com\/leblogmoto\/#website\",\"url\":\"https:\/\/blogs.thesocialmedia.com\/leblogmoto\/\",\"name\":\"leblogmoto\",\"description\":\"Toute l&#039;actualit\u00e9 des 2 roues\",\"potentialAction\":[{\"@type\":\"SearchAction\",\"target\":{\"@type\":\"EntryPoint\",\"urlTemplate\":\"https:\/\/blogs.thesocialmedia.com\/leblogmoto\/?s={search_term_string}\"},\"query-input\":{\"@type\":\"PropertyValueSpecification\",\"valueRequired\":true,\"valueName\":\"search_term_string\"}}],\"inLanguage\":\"fr-FR\"},{\"@type\":\"Person\",\"@id\":\"https:\/\/blogs.thesocialmedia.com\/leblogmoto\/#\/schema\/person\/b496d27c898c29a39678e2425cafb9ae\",\"name\":\"albin le guyader\",\"image\":{\"@type\":\"ImageObject\",\"inLanguage\":\"fr-FR\",\"@id\":\"https:\/\/blogs.thesocialmedia.com\/leblogmoto\/#\/schema\/person\/image\/\",\"url\":\"https:\/\/secure.gravatar.com\/avatar\/?s=96&d=mm&r=g\",\"contentUrl\":\"https:\/\/secure.gravatar.com\/avatar\/?s=96&d=mm&r=g\",\"caption\":\"albin le guyader\"},\"url\":\"https:\/\/blogs.thesocialmedia.com\/leblogmoto\/author\/albin-le-guyader\/\"}]}<\/script>\n<!-- \/ Yoast SEO plugin. -->","yoast_head_json":{"title":"24 Heures du Mans: l'enfer pour le Team 18 - leblogmoto.com","robots":{"index":"index","follow":"follow","max-snippet":"max-snippet:-1","max-image-preview":"max-image-preview:large","max-video-preview":"max-video-preview:-1"},"canonical":"https:\/\/blogs.thesocialmedia.com\/leblogmoto\/2008\/04\/24\/24-heures-du-6\/","twitter_card":"summary_large_image","twitter_title":"24 Heures du Mans: l'enfer pour le Team 18 - leblogmoto.com","twitter_description":"Apr\u00e8s avoir brill\u00e9 en t\u00eate de la course en remontant de la 22\u00e8me \u00e0 la 3\u00e8me place avec St\u00e9phane Molinier \u00e0 son guidon la chute a \u00e9t\u00e9 dure pour la Suzuki du Team 18 des Sapeurs Pompiers&#8230; Reparti apr\u00e8s un relais rapide Guillaume Pialoux perd le contr\u00f4le de la machine sur une bande blanche en [&hellip;]","twitter_image":"http:\/\/www.leblogmoto.com\/images\/2008\/04\/23\/team_18_groupe.jpg","twitter_misc":{"\u00c9crit par":"albin le guyader","Dur\u00e9e de lecture estim\u00e9e":"1 minute"},"schema":{"@context":"https:\/\/schema.org","@graph":[{"@type":"WebPage","@id":"https:\/\/blogs.thesocialmedia.com\/leblogmoto\/2008\/04\/24\/24-heures-du-6\/","url":"https:\/\/blogs.thesocialmedia.com\/leblogmoto\/2008\/04\/24\/24-heures-du-6\/","name":"24 Heures du Mans: l'enfer pour le Team 18 - leblogmoto.com","isPartOf":{"@id":"https:\/\/blogs.thesocialmedia.com\/leblogmoto\/#website"},"primaryImageOfPage":{"@id":"https:\/\/blogs.thesocialmedia.com\/leblogmoto\/2008\/04\/24\/24-heures-du-6\/#primaryimage"},"image":{"@id":"https:\/\/blogs.thesocialmedia.com\/leblogmoto\/2008\/04\/24\/24-heures-du-6\/#primaryimage"},"thumbnailUrl":"http:\/\/www.leblogmoto.com\/images\/2008\/04\/23\/team_18_groupe.jpg","datePublished":"2008-04-24T03:55:06+00:00","dateModified":"2012-07-11T15:40:30+00:00","author":{"@id":"https:\/\/blogs.thesocialmedia.com\/leblogmoto\/#\/schema\/person\/b496d27c898c29a39678e2425cafb9ae"},"breadcrumb":{"@id":"https:\/\/blogs.thesocialmedia.com\/leblogmoto\/2008\/04\/24\/24-heures-du-6\/#breadcrumb"},"inLanguage":"fr-FR","potentialAction":[{"@type":"ReadAction","target":["https:\/\/blogs.thesocialmedia.com\/leblogmoto\/2008\/04\/24\/24-heures-du-6\/"]}]},{"@type":"ImageObject","inLanguage":"fr-FR","@id":"https:\/\/blogs.thesocialmedia.com\/leblogmoto\/2008\/04\/24\/24-heures-du-6\/#primaryimage","url":"http:\/\/www.leblogmoto.com\/images\/2008\/04\/23\/team_18_groupe.jpg","contentUrl":"http:\/\/www.leblogmoto.com\/images\/2008\/04\/23\/team_18_groupe.jpg"},{"@type":"BreadcrumbList","@id":"https:\/\/blogs.thesocialmedia.com\/leblogmoto\/2008\/04\/24\/24-heures-du-6\/#breadcrumb","itemListElement":[{"@type":"ListItem","position":1,"name":"Accueil","item":"https:\/\/blogs.thesocialmedia.com\/leblogmoto\/"},{"@type":"ListItem","position":2,"name":"24 Heures du Mans: l&rsquo;enfer pour le Team 18"}]},{"@type":"WebSite","@id":"https:\/\/blogs.thesocialmedia.com\/leblogmoto\/#website","url":"https:\/\/blogs.thesocialmedia.com\/leblogmoto\/","name":"leblogmoto","description":"Toute l&#039;actualit\u00e9 des 2 roues","potentialAction":[{"@type":"SearchAction","target":{"@type":"EntryPoint","urlTemplate":"https:\/\/blogs.thesocialmedia.com\/leblogmoto\/?s={search_term_string}"},"query-input":{"@type":"PropertyValueSpecification","valueRequired":true,"valueName":"search_term_string"}}],"inLanguage":"fr-FR"},{"@type":"Person","@id":"https:\/\/blogs.thesocialmedia.com\/leblogmoto\/#\/schema\/person\/b496d27c898c29a39678e2425cafb9ae","name":"albin le guyader","image":{"@type":"ImageObject","inLanguage":"fr-FR","@id":"https:\/\/blogs.thesocialmedia.com\/leblogmoto\/#\/schema\/person\/image\/","url":"https:\/\/secure.gravatar.com\/avatar\/?s=96&d=mm&r=g","contentUrl":"https:\/\/secure.gravatar.com\/avatar\/?s=96&d=mm&r=g","caption":"albin le guyader"},"url":"https:\/\/blogs.thesocialmedia.com\/leblogmoto\/author\/albin-le-guyader\/"}]}},"_links":{"self":[{"href":"https:\/\/blogs.thesocialmedia.com\/leblogmoto\/wp-json\/wp\/v2\/posts\/746","targetHints":{"allow":["GET"]}}],"collection":[{"href":"https:\/\/blogs.thesocialmedia.com\/leblogmoto\/wp-json\/wp\/v2\/posts"}],"about":[{"href":"https:\/\/blogs.thesocialmedia.com\/leblogmoto\/wp-json\/wp\/v2\/types\/post"}],"author":[{"embeddable":true,"href":"https:\/\/blogs.thesocialmedia.com\/leblogmoto\/wp-json\/wp\/v2\/users\/323"}],"replies":[{"embeddable":true,"href":"https:\/\/blogs.thesocialmedia.com\/leblogmoto\/wp-json\/wp\/v2\/comments?post=746"}],"version-history":[{"count":2,"href":"https:\/\/blogs.thesocialmedia.com\/leblogmoto\/wp-json\/wp\/v2\/posts\/746\/revisions"}],"predecessor-version":[{"id":10524,"href":"https:\/\/blogs.thesocialmedia.com\/leblogmoto\/wp-json\/wp\/v2\/posts\/746\/revisions\/10524"}],"wp:attachment":[{"href":"https:\/\/blogs.thesocialmedia.com\/leblogmoto\/wp-json\/wp\/v2\/media?parent=746"}],"wp:term":[{"taxonomy":"category","embeddable":true,"href":"https:\/\/blogs.thesocialmedia.com\/leblogmoto\/wp-json\/wp\/v2\/categories?post=746"},{"taxonomy":"post_tag","embeddable":true,"href":"https:\/\/blogs.thesocialmedia.com\/leblogmoto\/wp-json\/wp\/v2\/tags?post=746"}],"curies":[{"name":"wp","href":"https:\/\/api.w.org\/{rel}","templated":true}]}}