{"id":75,"date":"2009-07-06T23:48:59","date_gmt":"2009-07-06T23:48:59","guid":{"rendered":"http:\/\/blogs.thesocialmedia.com\/leblogmoto\/2009\/07\/06\/la-moto-nest-quun-pretexte-pour-reluquer-dania-ramirez\/"},"modified":"2012-07-11T17:35:50","modified_gmt":"2012-07-11T17:35:50","slug":"la-moto-nest-quun-pretexte-pour-reluquer-dania-ramirez","status":"publish","type":"post","link":"https:\/\/blogs.thesocialmedia.com\/leblogmoto\/2009\/07\/06\/la-moto-nest-quun-pretexte-pour-reluquer-dania-ramirez\/","title":{"rendered":"La moto n&rsquo;est qu&rsquo;un pr\u00e9texte pour reluquer Dania Ramirez."},"content":{"rendered":"<p><a href=\"http:\/\/blogs.thesocialmedia.com\/leblogmoto\/files\/2012\/07\/6a00d83451b18369e2011570d3f354970c-popup.png\"><img decoding=\"async\" alt=\"Moto Charmes Dania Ramirez 5\" class=\"at-xid-6a00d83451b18369e2011570d3f354970c \" src=\"http:\/\/blogs.thesocialmedia.com\/leblogmoto\/files\/2012\/07\/6a00d83451b18369e2011570d3f354970c-500wi.jpg\" style=\"width: 470px\" \/><\/a><\/p>\n<p>Oubliez ce Bobber recycl\u00e9 qu&#039;est le <a href=\"http:\/\/blogs.thesocialmedia.com\/leblogmoto\/files\/2012\/07\/harley-davids-2.html_.png\">Cross Bones<\/a>, et qui ne l&#039;accompagne que sur deux photos de ce portfolio. Son signe astrologique n&#039;est pas des plus importants non plus, \u00e0 moins que <em>passionate<\/em> soit un trait de caract\u00e8re partag\u00e9 par tous les natifs de ce signe. L&#039;actrice dominicaine <em>Dania Ramirez<\/em>, a interpr\u00e9t\u00e9 le r\u00f4le de Callisto dans X-Men 3 a jou\u00e9 le r\u00f4le de Maya Herrera dans la saison 2 d\u2019<span class=\"film\">Heroes<\/span>. Le <a href=\"http:\/\/dania-forever.com\/dania.php\">site d&#039;un fan<\/a> fran\u00e7ais nous informe qu&#039;elle y incarne un nouveau personnage fuyant l\u2019Am\u00e9rique Centrale avec son fr\u00e8re Alejandro (Shalim Ortiz) vers les Etats-Unis, pour tenter de comprendre l\u2019origine de leurs myst\u00e9rieux pouvoirs. Damned ! C&#039;est l\u00e0 que je regrette de m&#039;\u00eatre arr\u00eat\u00e9 au <em>season finale<\/em> plut\u00f4t d\u00e9cevant de la premi\u00e8re mouture. A l&#039;exception &#8211; notable &#8211; des <a href=\"http:\/\/www.leblogmoto.com\/2008\/10\/marisa-miller-h.html\">photos<\/a> pour le V-Rod Muscle de <a href=\"http:\/\/www.leblogmoto.com\/2009\/04\/trop-tard-pour-vous-refourguer-tout-le-calendrier-de-marisa-.html\">Marisa Miller<\/a>, une b\u00e9cane de la firme de Milwaukee n&#039;a jamais \u00e9t\u00e9 mieux mise &quot;en avant&quot; sur Le Blog Moto. <\/p>\n<\/p>\n<p><em>Via le sympathique et divertissant blog <a href=\"http:\/\/www.tuxboard.com\/?dania-ramirez-hot-maxim\">Tuxboard<\/a>. Photos pour le magazine Maxim.<br \/><\/em><\/p>\n<p><a href=\"http:\/\/clabedan.typepad.com\/.a\/6a00d83451b18369e2011571c8cb88970b-popup\"><img decoding=\"async\" alt=\"Moto Charmes Dania Ramirez 2\" class=\"at-xid-6a00d83451b18369e2011571c8cb88970b \" src=\"http:\/\/blogs.thesocialmedia.com\/leblogmoto\/files\/2012\/07\/6a00d83451b18369e2011571c8cb88970b-500wi.jpg\" style=\"width: 470px\" \/><\/a> <\/p>\n<p><a href=\"http:\/\/blogs.thesocialmedia.com\/leblogmoto\/files\/2012\/07\/6a00d83451b18369e2011571c8cc3a970b-popup.png\"><img decoding=\"async\" alt=\"Moto Charmes Dania Ramirez 3\" class=\"at-xid-6a00d83451b18369e2011571c8cc3a970b \" src=\"http:\/\/blogs.thesocialmedia.com\/leblogmoto\/files\/2012\/07\/6a00d83451b18369e2011571c8cc3a970b-500wi.jpg\" style=\"width: 470px\" \/><\/a> <\/p>\n<p><a href=\"http:\/\/blogs.thesocialmedia.com\/leblogmoto\/files\/2012\/07\/6a00d83451b18369e2011571c8cc8d970b-popup.png\"><img decoding=\"async\" alt=\"Moto Charmes Dania Ramirez 4\" class=\"at-xid-6a00d83451b18369e2011571c8cc8d970b \" src=\"http:\/\/blogs.thesocialmedia.com\/leblogmoto\/files\/2012\/07\/6a00d83451b18369e2011571c8cc8d970b-500wi.jpg\" style=\"width: 470px\" \/><\/a> <\/p>\n<p><a href=\"http:\/\/blogs.thesocialmedia.com\/leblogmoto\/files\/2012\/07\/6a00d83451b18369e2011571c8cde2970b-popup.png\"><img decoding=\"async\" alt=\"Moto Charmes Dania Ramirez 1\" class=\"at-xid-6a00d83451b18369e2011571c8cde2970b \" src=\"http:\/\/blogs.thesocialmedia.com\/leblogmoto\/files\/2012\/07\/6a00d83451b18369e2011571c8cde2970b-500wi.jpg\" style=\"width: 470px\" \/><\/a> <\/p><\/p>\n","protected":false},"excerpt":{"rendered":"<p>Oubliez ce Bobber recycl\u00e9 qu&#039;est le Cross Bones, et qui ne l&#039;accompagne que sur deux photos de ce portfolio. Son signe astrologique n&#039;est pas des plus importants non plus, \u00e0 moins que passionate soit un trait de caract\u00e8re partag\u00e9 par tous les natifs de ce signe. L&#039;actrice dominicaine Dania Ramirez, a interpr\u00e9t\u00e9 le r\u00f4le de [&hellip;]<\/p>\n","protected":false},"author":324,"featured_media":14014,"comment_status":"open","ping_status":"open","sticky":false,"template":"","format":"standard","meta":{"footnotes":""},"categories":[34,29],"tags":[],"class_list":["post-75","post","type-post","status-publish","format-standard","has-post-thumbnail","hentry","category-charme","category-harley-davidson"],"yoast_head":"<!-- This site is optimized with the Yoast SEO plugin v26.0 - https:\/\/yoast.com\/wordpress\/plugins\/seo\/ -->\n<title>La moto n&#039;est qu&#039;un pr\u00e9texte pour reluquer Dania Ramirez. - leblogmoto.com<\/title>\n<meta name=\"robots\" content=\"index, follow, max-snippet:-1, max-image-preview:large, max-video-preview:-1\" \/>\n<link rel=\"canonical\" href=\"https:\/\/blogs.thesocialmedia.com\/leblogmoto\/2009\/07\/06\/la-moto-nest-quun-pretexte-pour-reluquer-dania-ramirez\/\" \/>\n<meta name=\"twitter:card\" content=\"summary_large_image\" \/>\n<meta name=\"twitter:title\" content=\"La moto n&#039;est qu&#039;un pr\u00e9texte pour reluquer Dania Ramirez. - leblogmoto.com\" \/>\n<meta name=\"twitter:description\" content=\"Oubliez ce Bobber recycl\u00e9 qu&#039;est le Cross Bones, et qui ne l&#039;accompagne que sur deux photos de ce portfolio. Son signe astrologique n&#039;est pas des plus importants non plus, \u00e0 moins que passionate soit un trait de caract\u00e8re partag\u00e9 par tous les natifs de ce signe. L&#039;actrice dominicaine Dania Ramirez, a interpr\u00e9t\u00e9 le r\u00f4le de [&hellip;]\" \/>\n<meta name=\"twitter:image\" content=\"https:\/\/blogs.thesocialmedia.com\/leblogmoto\/files\/2012\/07\/6a00d83451b18369e2011570d3f354970c-500wi.jpg\" \/>\n<meta name=\"twitter:label1\" content=\"\u00c9crit par\" \/>\n\t<meta name=\"twitter:data1\" content=\"benoit rieu\" \/>\n\t<meta name=\"twitter:label2\" content=\"Dur\u00e9e de lecture estim\u00e9e\" \/>\n\t<meta name=\"twitter:data2\" content=\"1 minute\" \/>\n<script type=\"application\/ld+json\" class=\"yoast-schema-graph\">{\"@context\":\"https:\/\/schema.org\",\"@graph\":[{\"@type\":\"WebPage\",\"@id\":\"https:\/\/blogs.thesocialmedia.com\/leblogmoto\/2009\/07\/06\/la-moto-nest-quun-pretexte-pour-reluquer-dania-ramirez\/\",\"url\":\"https:\/\/blogs.thesocialmedia.com\/leblogmoto\/2009\/07\/06\/la-moto-nest-quun-pretexte-pour-reluquer-dania-ramirez\/\",\"name\":\"La moto n'est qu'un pr\u00e9texte pour reluquer Dania Ramirez. - leblogmoto.com\",\"isPartOf\":{\"@id\":\"https:\/\/blogs.thesocialmedia.com\/leblogmoto\/#website\"},\"primaryImageOfPage\":{\"@id\":\"https:\/\/blogs.thesocialmedia.com\/leblogmoto\/2009\/07\/06\/la-moto-nest-quun-pretexte-pour-reluquer-dania-ramirez\/#primaryimage\"},\"image\":{\"@id\":\"https:\/\/blogs.thesocialmedia.com\/leblogmoto\/2009\/07\/06\/la-moto-nest-quun-pretexte-pour-reluquer-dania-ramirez\/#primaryimage\"},\"thumbnailUrl\":\"https:\/\/blogs.thesocialmedia.com\/leblogmoto\/files\/2012\/07\/6a00d83451b18369e2011570d3f354970c-500wi.jpg\",\"datePublished\":\"2009-07-06T23:48:59+00:00\",\"dateModified\":\"2012-07-11T17:35:50+00:00\",\"author\":{\"@id\":\"https:\/\/blogs.thesocialmedia.com\/leblogmoto\/#\/schema\/person\/18bfe773e5725ed6d24f743da805362a\"},\"breadcrumb\":{\"@id\":\"https:\/\/blogs.thesocialmedia.com\/leblogmoto\/2009\/07\/06\/la-moto-nest-quun-pretexte-pour-reluquer-dania-ramirez\/#breadcrumb\"},\"inLanguage\":\"fr-FR\",\"potentialAction\":[{\"@type\":\"ReadAction\",\"target\":[\"https:\/\/blogs.thesocialmedia.com\/leblogmoto\/2009\/07\/06\/la-moto-nest-quun-pretexte-pour-reluquer-dania-ramirez\/\"]}]},{\"@type\":\"ImageObject\",\"inLanguage\":\"fr-FR\",\"@id\":\"https:\/\/blogs.thesocialmedia.com\/leblogmoto\/2009\/07\/06\/la-moto-nest-quun-pretexte-pour-reluquer-dania-ramirez\/#primaryimage\",\"url\":\"https:\/\/blogs.thesocialmedia.com\/leblogmoto\/files\/2012\/07\/6a00d83451b18369e2011570d3f354970c-500wi.jpg\",\"contentUrl\":\"https:\/\/blogs.thesocialmedia.com\/leblogmoto\/files\/2012\/07\/6a00d83451b18369e2011570d3f354970c-500wi.jpg\",\"width\":\"500\",\"height\":\"695\"},{\"@type\":\"BreadcrumbList\",\"@id\":\"https:\/\/blogs.thesocialmedia.com\/leblogmoto\/2009\/07\/06\/la-moto-nest-quun-pretexte-pour-reluquer-dania-ramirez\/#breadcrumb\",\"itemListElement\":[{\"@type\":\"ListItem\",\"position\":1,\"name\":\"Accueil\",\"item\":\"https:\/\/blogs.thesocialmedia.com\/leblogmoto\/\"},{\"@type\":\"ListItem\",\"position\":2,\"name\":\"La moto n&rsquo;est qu&rsquo;un pr\u00e9texte pour reluquer Dania Ramirez.\"}]},{\"@type\":\"WebSite\",\"@id\":\"https:\/\/blogs.thesocialmedia.com\/leblogmoto\/#website\",\"url\":\"https:\/\/blogs.thesocialmedia.com\/leblogmoto\/\",\"name\":\"leblogmoto\",\"description\":\"Toute l&#039;actualit\u00e9 des 2 roues\",\"potentialAction\":[{\"@type\":\"SearchAction\",\"target\":{\"@type\":\"EntryPoint\",\"urlTemplate\":\"https:\/\/blogs.thesocialmedia.com\/leblogmoto\/?s={search_term_string}\"},\"query-input\":{\"@type\":\"PropertyValueSpecification\",\"valueRequired\":true,\"valueName\":\"search_term_string\"}}],\"inLanguage\":\"fr-FR\"},{\"@type\":\"Person\",\"@id\":\"https:\/\/blogs.thesocialmedia.com\/leblogmoto\/#\/schema\/person\/18bfe773e5725ed6d24f743da805362a\",\"name\":\"benoit rieu\",\"image\":{\"@type\":\"ImageObject\",\"inLanguage\":\"fr-FR\",\"@id\":\"https:\/\/blogs.thesocialmedia.com\/leblogmoto\/#\/schema\/person\/image\/\",\"url\":\"https:\/\/secure.gravatar.com\/avatar\/?s=96&d=mm&r=g\",\"contentUrl\":\"https:\/\/secure.gravatar.com\/avatar\/?s=96&d=mm&r=g\",\"caption\":\"benoit rieu\"},\"url\":\"https:\/\/blogs.thesocialmedia.com\/leblogmoto\/author\/benoit-rieu\/\"}]}<\/script>\n<!-- \/ Yoast SEO plugin. -->","yoast_head_json":{"title":"La moto n'est qu'un pr\u00e9texte pour reluquer Dania Ramirez. - leblogmoto.com","robots":{"index":"index","follow":"follow","max-snippet":"max-snippet:-1","max-image-preview":"max-image-preview:large","max-video-preview":"max-video-preview:-1"},"canonical":"https:\/\/blogs.thesocialmedia.com\/leblogmoto\/2009\/07\/06\/la-moto-nest-quun-pretexte-pour-reluquer-dania-ramirez\/","twitter_card":"summary_large_image","twitter_title":"La moto n'est qu'un pr\u00e9texte pour reluquer Dania Ramirez. - leblogmoto.com","twitter_description":"Oubliez ce Bobber recycl\u00e9 qu&#039;est le Cross Bones, et qui ne l&#039;accompagne que sur deux photos de ce portfolio. Son signe astrologique n&#039;est pas des plus importants non plus, \u00e0 moins que passionate soit un trait de caract\u00e8re partag\u00e9 par tous les natifs de ce signe. L&#039;actrice dominicaine Dania Ramirez, a interpr\u00e9t\u00e9 le r\u00f4le de [&hellip;]","twitter_image":"https:\/\/blogs.thesocialmedia.com\/leblogmoto\/files\/2012\/07\/6a00d83451b18369e2011570d3f354970c-500wi.jpg","twitter_misc":{"\u00c9crit par":"benoit rieu","Dur\u00e9e de lecture estim\u00e9e":"1 minute"},"schema":{"@context":"https:\/\/schema.org","@graph":[{"@type":"WebPage","@id":"https:\/\/blogs.thesocialmedia.com\/leblogmoto\/2009\/07\/06\/la-moto-nest-quun-pretexte-pour-reluquer-dania-ramirez\/","url":"https:\/\/blogs.thesocialmedia.com\/leblogmoto\/2009\/07\/06\/la-moto-nest-quun-pretexte-pour-reluquer-dania-ramirez\/","name":"La moto n'est qu'un pr\u00e9texte pour reluquer Dania Ramirez. - leblogmoto.com","isPartOf":{"@id":"https:\/\/blogs.thesocialmedia.com\/leblogmoto\/#website"},"primaryImageOfPage":{"@id":"https:\/\/blogs.thesocialmedia.com\/leblogmoto\/2009\/07\/06\/la-moto-nest-quun-pretexte-pour-reluquer-dania-ramirez\/#primaryimage"},"image":{"@id":"https:\/\/blogs.thesocialmedia.com\/leblogmoto\/2009\/07\/06\/la-moto-nest-quun-pretexte-pour-reluquer-dania-ramirez\/#primaryimage"},"thumbnailUrl":"https:\/\/blogs.thesocialmedia.com\/leblogmoto\/files\/2012\/07\/6a00d83451b18369e2011570d3f354970c-500wi.jpg","datePublished":"2009-07-06T23:48:59+00:00","dateModified":"2012-07-11T17:35:50+00:00","author":{"@id":"https:\/\/blogs.thesocialmedia.com\/leblogmoto\/#\/schema\/person\/18bfe773e5725ed6d24f743da805362a"},"breadcrumb":{"@id":"https:\/\/blogs.thesocialmedia.com\/leblogmoto\/2009\/07\/06\/la-moto-nest-quun-pretexte-pour-reluquer-dania-ramirez\/#breadcrumb"},"inLanguage":"fr-FR","potentialAction":[{"@type":"ReadAction","target":["https:\/\/blogs.thesocialmedia.com\/leblogmoto\/2009\/07\/06\/la-moto-nest-quun-pretexte-pour-reluquer-dania-ramirez\/"]}]},{"@type":"ImageObject","inLanguage":"fr-FR","@id":"https:\/\/blogs.thesocialmedia.com\/leblogmoto\/2009\/07\/06\/la-moto-nest-quun-pretexte-pour-reluquer-dania-ramirez\/#primaryimage","url":"https:\/\/blogs.thesocialmedia.com\/leblogmoto\/files\/2012\/07\/6a00d83451b18369e2011570d3f354970c-500wi.jpg","contentUrl":"https:\/\/blogs.thesocialmedia.com\/leblogmoto\/files\/2012\/07\/6a00d83451b18369e2011570d3f354970c-500wi.jpg","width":"500","height":"695"},{"@type":"BreadcrumbList","@id":"https:\/\/blogs.thesocialmedia.com\/leblogmoto\/2009\/07\/06\/la-moto-nest-quun-pretexte-pour-reluquer-dania-ramirez\/#breadcrumb","itemListElement":[{"@type":"ListItem","position":1,"name":"Accueil","item":"https:\/\/blogs.thesocialmedia.com\/leblogmoto\/"},{"@type":"ListItem","position":2,"name":"La moto n&rsquo;est qu&rsquo;un pr\u00e9texte pour reluquer Dania Ramirez."}]},{"@type":"WebSite","@id":"https:\/\/blogs.thesocialmedia.com\/leblogmoto\/#website","url":"https:\/\/blogs.thesocialmedia.com\/leblogmoto\/","name":"leblogmoto","description":"Toute l&#039;actualit\u00e9 des 2 roues","potentialAction":[{"@type":"SearchAction","target":{"@type":"EntryPoint","urlTemplate":"https:\/\/blogs.thesocialmedia.com\/leblogmoto\/?s={search_term_string}"},"query-input":{"@type":"PropertyValueSpecification","valueRequired":true,"valueName":"search_term_string"}}],"inLanguage":"fr-FR"},{"@type":"Person","@id":"https:\/\/blogs.thesocialmedia.com\/leblogmoto\/#\/schema\/person\/18bfe773e5725ed6d24f743da805362a","name":"benoit rieu","image":{"@type":"ImageObject","inLanguage":"fr-FR","@id":"https:\/\/blogs.thesocialmedia.com\/leblogmoto\/#\/schema\/person\/image\/","url":"https:\/\/secure.gravatar.com\/avatar\/?s=96&d=mm&r=g","contentUrl":"https:\/\/secure.gravatar.com\/avatar\/?s=96&d=mm&r=g","caption":"benoit rieu"},"url":"https:\/\/blogs.thesocialmedia.com\/leblogmoto\/author\/benoit-rieu\/"}]}},"_links":{"self":[{"href":"https:\/\/blogs.thesocialmedia.com\/leblogmoto\/wp-json\/wp\/v2\/posts\/75","targetHints":{"allow":["GET"]}}],"collection":[{"href":"https:\/\/blogs.thesocialmedia.com\/leblogmoto\/wp-json\/wp\/v2\/posts"}],"about":[{"href":"https:\/\/blogs.thesocialmedia.com\/leblogmoto\/wp-json\/wp\/v2\/types\/post"}],"author":[{"embeddable":true,"href":"https:\/\/blogs.thesocialmedia.com\/leblogmoto\/wp-json\/wp\/v2\/users\/324"}],"replies":[{"embeddable":true,"href":"https:\/\/blogs.thesocialmedia.com\/leblogmoto\/wp-json\/wp\/v2\/comments?post=75"}],"version-history":[{"count":2,"href":"https:\/\/blogs.thesocialmedia.com\/leblogmoto\/wp-json\/wp\/v2\/posts\/75\/revisions"}],"predecessor-version":[{"id":14023,"href":"https:\/\/blogs.thesocialmedia.com\/leblogmoto\/wp-json\/wp\/v2\/posts\/75\/revisions\/14023"}],"wp:featuredmedia":[{"embeddable":true,"href":"https:\/\/blogs.thesocialmedia.com\/leblogmoto\/wp-json\/wp\/v2\/media\/14014"}],"wp:attachment":[{"href":"https:\/\/blogs.thesocialmedia.com\/leblogmoto\/wp-json\/wp\/v2\/media?parent=75"}],"wp:term":[{"taxonomy":"category","embeddable":true,"href":"https:\/\/blogs.thesocialmedia.com\/leblogmoto\/wp-json\/wp\/v2\/categories?post=75"},{"taxonomy":"post_tag","embeddable":true,"href":"https:\/\/blogs.thesocialmedia.com\/leblogmoto\/wp-json\/wp\/v2\/tags?post=75"}],"curies":[{"name":"wp","href":"https:\/\/api.w.org\/{rel}","templated":true}]}}