{"id":752,"date":"2008-04-21T05:50:37","date_gmt":"2008-04-21T05:50:37","guid":{"rendered":"http:\/\/blogs.thesocialmedia.com\/leblogmoto\/2008\/04\/21\/ama-superbike-b\/"},"modified":"2012-07-11T15:39:45","modified_gmt":"2012-07-11T15:39:45","slug":"ama-superbike-b","status":"publish","type":"post","link":"https:\/\/blogs.thesocialmedia.com\/leblogmoto\/2008\/04\/21\/ama-superbike-b\/","title":{"rendered":"AMA Superbike, Mladin le doubl\u00e9"},"content":{"rendered":"<p><a href=\"http:\/\/blogs.thesocialmedia.com\/leblogmoto\/files\/2012\/07\/barber1.jpg\"><img loading=\"lazy\" decoding=\"async\" width=\"470\" height=\"312\"  alt=\"Barber1\" src=\"http:\/\/www.leblogmoto.com\/images\/2008\/04\/20\/barber1.jpg\" \/><\/a> <\/p>\n<p>L&rsquo;Australien Mat Mladin s&rsquo;impose en ce d\u00e9but de championnat au guidon de sa <a href=\"http:\/\/teamsuzuki.com\/RoadRacing\/FactoryTeam.aspx\">Suzuki GSX-R1000<\/a>. Apr\u00e8s le succ\u00e8s de Daytona, Mladin n&rsquo;a pas fait de quartiers en <a href=\"http:\/\/www.barbermotorsports.com\/\">Alabama<\/a>, prenant les r\u00eanes des deuxi\u00e8mes et troisi\u00e8mes manches du championnat d\u00e8s le d\u00e9part pour ne plus les l\u00e2cher.<br \/>Samedi, Mladin voyait son co\u00e9quipier et principal rival Ben Spies faire un tout droit dans le gravier, ce dernier r\u00e9ussisant \u00e0 repartir et \u00e0 remonter, mais ses efforts ne le men\u00e8rent pas plus loin que la 11e place \u00e0 un tour.<br \/>Dimanche, Spies ne fit pas d&rsquo;erreur, mais il ne fut jamais en mesure d&rsquo;inqui\u00e9ter la Suzuki num\u00e9ro 6 de Mladin, pour terminer \u00e0 plus de 8 secondes en deuxi\u00e8me place.<\/p>\n<p><a href=\"http:\/\/clabedan.typepad.com\/.shared\/image.html?\/photos\/uncategorized\/2008\/04\/20\/barber2.jpg\"><img loading=\"lazy\" decoding=\"async\" width=\"470\" height=\"281\"  alt=\"Barber2\" src=\"http:\/\/www.leblogmoto.com\/images\/2008\/04\/20\/barber2.jpg\" \/><\/a> <\/p>\n<p><a href=\"http:\/\/blogs.thesocialmedia.com\/leblogmoto\/files\/2012\/07\/barber3.jpg\"><img loading=\"lazy\" decoding=\"async\" width=\"470\" height=\"312\"  alt=\"Barber3\" src=\"http:\/\/www.leblogmoto.com\/images\/2008\/04\/20\/barber3.jpg\" \/><\/a> <\/p>\n<p>C&rsquo;est donc un week-end empli de frustration pour Ben Spies qui apr\u00e8s son titre de l&rsquo;an dernier, esp\u00e9rait s&rsquo;imposer cette ann\u00e9e, uniquement pour voir son vieux co\u00e9quipier de 36 lui tirer doucement sous les pieds ses r\u00eaves de Moto GP.<\/p>\n<p>Derri\u00e8re, Jason DiSalvo sur sa <a href=\"http:\/\/www.yamaha-motor.com\/sport\/racing\/08road_team_new.aspx\">Yamaha R1<\/a> fit tr\u00e8s bien, montant sur la deuxi\u00e8me marche du podium le samedi, et le ratant de peu dimanche avec une quatri\u00e8me place, \u00e0 moins de 4 secondes de l&rsquo;autre Suzuki de Tommy Hayden.<\/p>\n<p>Les <a href=\"http:\/\/www.hondaredrider.com\/roadracing\/landing.asp?bhcp=1\">Honda<\/a> de Neil Hodgson et Miguel Duhamel furent \u00e0 la peine, Hodgson terminant cinqui\u00e8me les deux jours \u00e0 plus de 20 secondes du vainqueur \u00e0 chaque occasion. Miguel souffrant encore plus, ne pouvant faire illusion que dans les premiers tours.<br \/>Pour les fans de Miguel, je me permets de souligner un commentaire fort pertinent de monsieur Lacerte, <a href=\"http:\/\/www.leblogmoto.com\/2007\/10\/miguel-duhamel-.html\">publi\u00e9 sous l&rsquo;article<\/a> que l&rsquo;on consacrait \u00e0 Miguel Duhamel en octobre dernier.<\/p>\n<p><a href=\"http:\/\/clabedan.typepad.com\/.shared\/image.html?\/photos\/uncategorized\/2008\/04\/20\/barber4.jpg\"><img loading=\"lazy\" decoding=\"async\" width=\"470\" height=\"312\"  alt=\"Barber4\" src=\"http:\/\/www.leblogmoto.com\/images\/2008\/04\/20\/barber4.jpg\" \/><\/a> <\/p>\n<p><em><a href=\"http:\/\/blogs.thesocialmedia.com\/leblogmoto\/files\/2012\/07\/barber5.jpg\"><img loading=\"lazy\" decoding=\"async\" width=\"470\" height=\"312\"  alt=\"Barber5\" src=\"http:\/\/www.leblogmoto.com\/images\/2008\/04\/20\/barber5.jpg\" \/><\/a> <\/p>\n<p><a href=\"http:\/\/blogs.thesocialmedia.com\/leblogmoto\/files\/2012\/07\/barber6.jpg\"><img loading=\"lazy\" decoding=\"async\" width=\"470\" height=\"312\"  alt=\"Barber6\" src=\"http:\/\/www.leblogmoto.com\/images\/2008\/04\/20\/barber6.jpg\" \/><\/a> <\/p>\n<p>Photos: Brian J. Nelson<\/em><\/p>\n<p><em>R\u00e9sultats, Samedi AMA Superbike<\/em><\/p>\n<p>1. #6&nbsp; &nbsp;&nbsp; &nbsp;&nbsp; Mathew Mladin&nbsp; &nbsp;&nbsp; &nbsp;&nbsp; &nbsp;&nbsp; &nbsp;Suzuki GSX-R1000<br \/>2. #40&nbsp; &nbsp;&nbsp; &nbsp;Jason DiSalvo&nbsp; &nbsp;&nbsp; &nbsp;&nbsp; &nbsp;&nbsp; &nbsp;&nbsp; Yamaha YZF-R1&nbsp; &nbsp;&nbsp; &nbsp;&nbsp; &nbsp;&nbsp; &nbsp;15,600<br \/>3. #22&nbsp; &nbsp;&nbsp; &nbsp;Tommy Hayden&nbsp; &nbsp;&nbsp; &nbsp;&nbsp; &nbsp;&nbsp; Suzuki GSX-R1000&nbsp; &nbsp;&nbsp; &nbsp;&nbsp; &nbsp;17,609<br \/>4. #2&nbsp; &nbsp;&nbsp; &nbsp;&nbsp; Jamie A. Hacking&nbsp; &nbsp;&nbsp; &nbsp;&nbsp; Kawasaki ZX-10R&nbsp; &nbsp;&nbsp; &nbsp;&nbsp; &nbsp; 20,417<br \/>5. #100&nbsp; &nbsp;&nbsp; Neil Hodgson&nbsp; &nbsp;&nbsp; &nbsp;&nbsp; &nbsp;&nbsp; &nbsp;&nbsp; Honda CBR1000RR&nbsp; &nbsp;&nbsp; &nbsp;&nbsp; 24,976<br \/>6. #17&nbsp; &nbsp;&nbsp; &nbsp; Miguel Duhamel&nbsp; &nbsp;&nbsp; &nbsp;&nbsp; &nbsp; Honda CBR1000RR&nbsp; &nbsp;&nbsp; &nbsp; 30,202<br \/>7. #32&nbsp; &nbsp;&nbsp; &nbsp; Eric Bostrom&nbsp; &nbsp;&nbsp; &nbsp;&nbsp; &nbsp;&nbsp; &nbsp;&nbsp; &nbsp;Yamaha YZF-R1&nbsp; &nbsp;&nbsp; &nbsp;&nbsp; &nbsp;&nbsp; &nbsp;31,971<br \/>8. #99&nbsp; &nbsp;&nbsp; &nbsp; Geoff May&nbsp; &nbsp;&nbsp; &nbsp;&nbsp; &nbsp;&nbsp; &nbsp;&nbsp; &nbsp;&nbsp; &nbsp; Suzuki GSX-R1000&nbsp; &nbsp;&nbsp; &nbsp;&nbsp; 44,945<\/p>\n<p><em>R\u00e9sultats, Dimanche AMA Superbike<\/em><\/p>\n<p>1. #6&nbsp; &nbsp;&nbsp; &nbsp;&nbsp; Mathew Mladin&nbsp; &nbsp;&nbsp; &nbsp;&nbsp; Suzuki GSX-R1000<br \/>2. #1&nbsp; &nbsp;&nbsp; &nbsp;&nbsp; Ben Spies&nbsp; &nbsp;&nbsp; &nbsp;&nbsp; &nbsp;&nbsp; &nbsp;&nbsp; &nbsp;&nbsp; Suzuki GSX-R1000&nbsp; &nbsp;&nbsp; &nbsp;&nbsp; &nbsp; 8,172<br \/>3. #22&nbsp; &nbsp;&nbsp; &nbsp;Tommy Hayden&nbsp; &nbsp;&nbsp; &nbsp;&nbsp; Suzuki GSX-R1000&nbsp; &nbsp;&nbsp; &nbsp;&nbsp; &nbsp; 14,902<br \/>4. #40&nbsp; &nbsp;&nbsp; &nbsp;Jason DiSalvo&nbsp; &nbsp;&nbsp; &nbsp;&nbsp; &nbsp;&nbsp; Yamaha YZF-R1&nbsp; &nbsp;&nbsp; &nbsp;&nbsp; &nbsp;&nbsp; &nbsp; 18,534<br \/>5. #100&nbsp; &nbsp;&nbsp; Neil Hodgson&nbsp; &nbsp;&nbsp; &nbsp;&nbsp; &nbsp;&nbsp; Honda CBR1000RR&nbsp; &nbsp;&nbsp; &nbsp;&nbsp; &nbsp;20,890<br \/>6. #32&nbsp; &nbsp;&nbsp; &nbsp;Eric Bostrom&nbsp; &nbsp;&nbsp; &nbsp;&nbsp; &nbsp;&nbsp; &nbsp;Yamaha YZF-R1&nbsp; &nbsp;&nbsp; &nbsp;&nbsp; &nbsp;&nbsp; &nbsp;&nbsp; 23,131<br \/>7. #22&nbsp; &nbsp;&nbsp; &nbsp;Aaron W. Yates&nbsp; &nbsp;&nbsp; &nbsp;&nbsp; Suzuki GSX-R1000&nbsp; &nbsp;&nbsp; &nbsp;&nbsp; &nbsp; 29,997<br \/>8. #17&nbsp; &nbsp;&nbsp; &nbsp;Miguel Duhamel&nbsp; &nbsp;&nbsp; &nbsp; Honda CBR1000RR&nbsp; &nbsp;&nbsp; &nbsp;&nbsp; &nbsp;33,334<br \/><em><br \/>Championnat 2008 apr\u00e8s 3 courses<\/em><\/p>\n<p>1. #6&nbsp; &nbsp;&nbsp; &nbsp;&nbsp; Mathew Mladin&nbsp; &nbsp;&nbsp; &nbsp;&nbsp; &nbsp;&nbsp; &nbsp;&nbsp; &nbsp;: 113<br \/> 2. #40&nbsp; &nbsp;&nbsp; &nbsp;Jason DiSalvo&nbsp; &nbsp;&nbsp; &nbsp;&nbsp; &nbsp;&nbsp; &nbsp;&nbsp; &nbsp;&nbsp; &nbsp;: 88<br \/> 3. #22&nbsp; &nbsp;&nbsp; &nbsp;Tommy Hayden&nbsp; &nbsp;&nbsp; &nbsp;&nbsp; &nbsp;&nbsp; &nbsp;&nbsp; &nbsp;: 85<br \/> 4. #1&nbsp; &nbsp;&nbsp; &nbsp;&nbsp; Ben Spies&nbsp; &nbsp;&nbsp; &nbsp;&nbsp; &nbsp;&nbsp; &nbsp;&nbsp; &nbsp;&nbsp; &nbsp;&nbsp; &nbsp;&nbsp; &nbsp;: 84<br \/> 5. #100&nbsp; &nbsp;&nbsp; Neil Hodgson&nbsp; &nbsp;&nbsp; &nbsp;&nbsp; &nbsp;&nbsp; &nbsp;&nbsp; &nbsp;&nbsp; &nbsp;: 76<br \/> 6. #17&nbsp; &nbsp;&nbsp; &nbsp;Miguel Duhamel&nbsp; &nbsp;&nbsp; &nbsp;&nbsp; &nbsp;&nbsp; &nbsp;&nbsp; : 67<br \/> 7. #99&nbsp; &nbsp;&nbsp; &nbsp;Geoff May&nbsp; &nbsp;&nbsp; &nbsp;&nbsp; &nbsp;&nbsp; &nbsp;&nbsp; &nbsp;&nbsp; &nbsp;&nbsp; &nbsp;&nbsp; : 65<br \/> 8. #2&nbsp; &nbsp;&nbsp; &nbsp;&nbsp; Jamie A. Hacking&nbsp; &nbsp;&nbsp; &nbsp;&nbsp; &nbsp;&nbsp; &nbsp;: 63<\/p>\n","protected":false},"excerpt":{"rendered":"<p>L&rsquo;Australien Mat Mladin s&rsquo;impose en ce d\u00e9but de championnat au guidon de sa Suzuki GSX-R1000. Apr\u00e8s le succ\u00e8s de Daytona, Mladin n&rsquo;a pas fait de quartiers en Alabama, prenant les r\u00eanes des deuxi\u00e8mes et troisi\u00e8mes manches du championnat d\u00e8s le d\u00e9part pour ne plus les l\u00e2cher.Samedi, Mladin voyait son co\u00e9quipier et principal rival Ben Spies [&hellip;]<\/p>\n","protected":false},"author":325,"featured_media":0,"comment_status":"open","ping_status":"open","sticky":false,"template":"","format":"standard","meta":{"footnotes":""},"categories":[3,46],"tags":[],"class_list":["post-752","post","type-post","status-publish","format-standard","hentry","category-actualite","category-superbike"],"yoast_head":"<!-- This site is optimized with the Yoast SEO plugin v26.0 - https:\/\/yoast.com\/wordpress\/plugins\/seo\/ -->\n<title>AMA Superbike, Mladin le doubl\u00e9 - leblogmoto.com<\/title>\n<meta name=\"robots\" content=\"index, follow, max-snippet:-1, max-image-preview:large, max-video-preview:-1\" \/>\n<link rel=\"canonical\" href=\"https:\/\/blogs.thesocialmedia.com\/leblogmoto\/2008\/04\/21\/ama-superbike-b\/\" \/>\n<meta name=\"twitter:card\" content=\"summary_large_image\" \/>\n<meta name=\"twitter:title\" content=\"AMA Superbike, Mladin le doubl\u00e9 - leblogmoto.com\" \/>\n<meta name=\"twitter:description\" content=\"L&rsquo;Australien Mat Mladin s&rsquo;impose en ce d\u00e9but de championnat au guidon de sa Suzuki GSX-R1000. Apr\u00e8s le succ\u00e8s de Daytona, Mladin n&rsquo;a pas fait de quartiers en Alabama, prenant les r\u00eanes des deuxi\u00e8mes et troisi\u00e8mes manches du championnat d\u00e8s le d\u00e9part pour ne plus les l\u00e2cher.Samedi, Mladin voyait son co\u00e9quipier et principal rival Ben Spies [&hellip;]\" \/>\n<meta name=\"twitter:image\" content=\"http:\/\/www.leblogmoto.com\/images\/2008\/04\/20\/barber1.jpg\" \/>\n<meta name=\"twitter:label1\" content=\"\u00c9crit par\" \/>\n\t<meta name=\"twitter:data1\" content=\"jacques lesage\" \/>\n\t<meta name=\"twitter:label2\" content=\"Dur\u00e9e de lecture estim\u00e9e\" \/>\n\t<meta name=\"twitter:data2\" content=\"4 minutes\" \/>\n<script type=\"application\/ld+json\" class=\"yoast-schema-graph\">{\"@context\":\"https:\/\/schema.org\",\"@graph\":[{\"@type\":\"WebPage\",\"@id\":\"https:\/\/blogs.thesocialmedia.com\/leblogmoto\/2008\/04\/21\/ama-superbike-b\/\",\"url\":\"https:\/\/blogs.thesocialmedia.com\/leblogmoto\/2008\/04\/21\/ama-superbike-b\/\",\"name\":\"AMA Superbike, Mladin le doubl\u00e9 - leblogmoto.com\",\"isPartOf\":{\"@id\":\"https:\/\/blogs.thesocialmedia.com\/leblogmoto\/#website\"},\"primaryImageOfPage\":{\"@id\":\"https:\/\/blogs.thesocialmedia.com\/leblogmoto\/2008\/04\/21\/ama-superbike-b\/#primaryimage\"},\"image\":{\"@id\":\"https:\/\/blogs.thesocialmedia.com\/leblogmoto\/2008\/04\/21\/ama-superbike-b\/#primaryimage\"},\"thumbnailUrl\":\"http:\/\/www.leblogmoto.com\/images\/2008\/04\/20\/barber1.jpg\",\"datePublished\":\"2008-04-21T05:50:37+00:00\",\"dateModified\":\"2012-07-11T15:39:45+00:00\",\"author\":{\"@id\":\"https:\/\/blogs.thesocialmedia.com\/leblogmoto\/#\/schema\/person\/e82a0ca8a9a63d031586097a3ed58526\"},\"breadcrumb\":{\"@id\":\"https:\/\/blogs.thesocialmedia.com\/leblogmoto\/2008\/04\/21\/ama-superbike-b\/#breadcrumb\"},\"inLanguage\":\"fr-FR\",\"potentialAction\":[{\"@type\":\"ReadAction\",\"target\":[\"https:\/\/blogs.thesocialmedia.com\/leblogmoto\/2008\/04\/21\/ama-superbike-b\/\"]}]},{\"@type\":\"ImageObject\",\"inLanguage\":\"fr-FR\",\"@id\":\"https:\/\/blogs.thesocialmedia.com\/leblogmoto\/2008\/04\/21\/ama-superbike-b\/#primaryimage\",\"url\":\"http:\/\/www.leblogmoto.com\/images\/2008\/04\/20\/barber1.jpg\",\"contentUrl\":\"http:\/\/www.leblogmoto.com\/images\/2008\/04\/20\/barber1.jpg\"},{\"@type\":\"BreadcrumbList\",\"@id\":\"https:\/\/blogs.thesocialmedia.com\/leblogmoto\/2008\/04\/21\/ama-superbike-b\/#breadcrumb\",\"itemListElement\":[{\"@type\":\"ListItem\",\"position\":1,\"name\":\"Accueil\",\"item\":\"https:\/\/blogs.thesocialmedia.com\/leblogmoto\/\"},{\"@type\":\"ListItem\",\"position\":2,\"name\":\"AMA Superbike, Mladin le doubl\u00e9\"}]},{\"@type\":\"WebSite\",\"@id\":\"https:\/\/blogs.thesocialmedia.com\/leblogmoto\/#website\",\"url\":\"https:\/\/blogs.thesocialmedia.com\/leblogmoto\/\",\"name\":\"leblogmoto\",\"description\":\"Toute l&#039;actualit\u00e9 des 2 roues\",\"potentialAction\":[{\"@type\":\"SearchAction\",\"target\":{\"@type\":\"EntryPoint\",\"urlTemplate\":\"https:\/\/blogs.thesocialmedia.com\/leblogmoto\/?s={search_term_string}\"},\"query-input\":{\"@type\":\"PropertyValueSpecification\",\"valueRequired\":true,\"valueName\":\"search_term_string\"}}],\"inLanguage\":\"fr-FR\"},{\"@type\":\"Person\",\"@id\":\"https:\/\/blogs.thesocialmedia.com\/leblogmoto\/#\/schema\/person\/e82a0ca8a9a63d031586097a3ed58526\",\"name\":\"jacques lesage\",\"image\":{\"@type\":\"ImageObject\",\"inLanguage\":\"fr-FR\",\"@id\":\"https:\/\/blogs.thesocialmedia.com\/leblogmoto\/#\/schema\/person\/image\/\",\"url\":\"https:\/\/secure.gravatar.com\/avatar\/?s=96&d=mm&r=g\",\"contentUrl\":\"https:\/\/secure.gravatar.com\/avatar\/?s=96&d=mm&r=g\",\"caption\":\"jacques lesage\"},\"url\":\"https:\/\/blogs.thesocialmedia.com\/leblogmoto\/author\/jacques-lesage\/\"}]}<\/script>\n<!-- \/ Yoast SEO plugin. -->","yoast_head_json":{"title":"AMA Superbike, Mladin le doubl\u00e9 - leblogmoto.com","robots":{"index":"index","follow":"follow","max-snippet":"max-snippet:-1","max-image-preview":"max-image-preview:large","max-video-preview":"max-video-preview:-1"},"canonical":"https:\/\/blogs.thesocialmedia.com\/leblogmoto\/2008\/04\/21\/ama-superbike-b\/","twitter_card":"summary_large_image","twitter_title":"AMA Superbike, Mladin le doubl\u00e9 - leblogmoto.com","twitter_description":"L&rsquo;Australien Mat Mladin s&rsquo;impose en ce d\u00e9but de championnat au guidon de sa Suzuki GSX-R1000. Apr\u00e8s le succ\u00e8s de Daytona, Mladin n&rsquo;a pas fait de quartiers en Alabama, prenant les r\u00eanes des deuxi\u00e8mes et troisi\u00e8mes manches du championnat d\u00e8s le d\u00e9part pour ne plus les l\u00e2cher.Samedi, Mladin voyait son co\u00e9quipier et principal rival Ben Spies [&hellip;]","twitter_image":"http:\/\/www.leblogmoto.com\/images\/2008\/04\/20\/barber1.jpg","twitter_misc":{"\u00c9crit par":"jacques lesage","Dur\u00e9e de lecture estim\u00e9e":"4 minutes"},"schema":{"@context":"https:\/\/schema.org","@graph":[{"@type":"WebPage","@id":"https:\/\/blogs.thesocialmedia.com\/leblogmoto\/2008\/04\/21\/ama-superbike-b\/","url":"https:\/\/blogs.thesocialmedia.com\/leblogmoto\/2008\/04\/21\/ama-superbike-b\/","name":"AMA Superbike, Mladin le doubl\u00e9 - leblogmoto.com","isPartOf":{"@id":"https:\/\/blogs.thesocialmedia.com\/leblogmoto\/#website"},"primaryImageOfPage":{"@id":"https:\/\/blogs.thesocialmedia.com\/leblogmoto\/2008\/04\/21\/ama-superbike-b\/#primaryimage"},"image":{"@id":"https:\/\/blogs.thesocialmedia.com\/leblogmoto\/2008\/04\/21\/ama-superbike-b\/#primaryimage"},"thumbnailUrl":"http:\/\/www.leblogmoto.com\/images\/2008\/04\/20\/barber1.jpg","datePublished":"2008-04-21T05:50:37+00:00","dateModified":"2012-07-11T15:39:45+00:00","author":{"@id":"https:\/\/blogs.thesocialmedia.com\/leblogmoto\/#\/schema\/person\/e82a0ca8a9a63d031586097a3ed58526"},"breadcrumb":{"@id":"https:\/\/blogs.thesocialmedia.com\/leblogmoto\/2008\/04\/21\/ama-superbike-b\/#breadcrumb"},"inLanguage":"fr-FR","potentialAction":[{"@type":"ReadAction","target":["https:\/\/blogs.thesocialmedia.com\/leblogmoto\/2008\/04\/21\/ama-superbike-b\/"]}]},{"@type":"ImageObject","inLanguage":"fr-FR","@id":"https:\/\/blogs.thesocialmedia.com\/leblogmoto\/2008\/04\/21\/ama-superbike-b\/#primaryimage","url":"http:\/\/www.leblogmoto.com\/images\/2008\/04\/20\/barber1.jpg","contentUrl":"http:\/\/www.leblogmoto.com\/images\/2008\/04\/20\/barber1.jpg"},{"@type":"BreadcrumbList","@id":"https:\/\/blogs.thesocialmedia.com\/leblogmoto\/2008\/04\/21\/ama-superbike-b\/#breadcrumb","itemListElement":[{"@type":"ListItem","position":1,"name":"Accueil","item":"https:\/\/blogs.thesocialmedia.com\/leblogmoto\/"},{"@type":"ListItem","position":2,"name":"AMA Superbike, Mladin le doubl\u00e9"}]},{"@type":"WebSite","@id":"https:\/\/blogs.thesocialmedia.com\/leblogmoto\/#website","url":"https:\/\/blogs.thesocialmedia.com\/leblogmoto\/","name":"leblogmoto","description":"Toute l&#039;actualit\u00e9 des 2 roues","potentialAction":[{"@type":"SearchAction","target":{"@type":"EntryPoint","urlTemplate":"https:\/\/blogs.thesocialmedia.com\/leblogmoto\/?s={search_term_string}"},"query-input":{"@type":"PropertyValueSpecification","valueRequired":true,"valueName":"search_term_string"}}],"inLanguage":"fr-FR"},{"@type":"Person","@id":"https:\/\/blogs.thesocialmedia.com\/leblogmoto\/#\/schema\/person\/e82a0ca8a9a63d031586097a3ed58526","name":"jacques lesage","image":{"@type":"ImageObject","inLanguage":"fr-FR","@id":"https:\/\/blogs.thesocialmedia.com\/leblogmoto\/#\/schema\/person\/image\/","url":"https:\/\/secure.gravatar.com\/avatar\/?s=96&d=mm&r=g","contentUrl":"https:\/\/secure.gravatar.com\/avatar\/?s=96&d=mm&r=g","caption":"jacques lesage"},"url":"https:\/\/blogs.thesocialmedia.com\/leblogmoto\/author\/jacques-lesage\/"}]}},"_links":{"self":[{"href":"https:\/\/blogs.thesocialmedia.com\/leblogmoto\/wp-json\/wp\/v2\/posts\/752","targetHints":{"allow":["GET"]}}],"collection":[{"href":"https:\/\/blogs.thesocialmedia.com\/leblogmoto\/wp-json\/wp\/v2\/posts"}],"about":[{"href":"https:\/\/blogs.thesocialmedia.com\/leblogmoto\/wp-json\/wp\/v2\/types\/post"}],"author":[{"embeddable":true,"href":"https:\/\/blogs.thesocialmedia.com\/leblogmoto\/wp-json\/wp\/v2\/users\/325"}],"replies":[{"embeddable":true,"href":"https:\/\/blogs.thesocialmedia.com\/leblogmoto\/wp-json\/wp\/v2\/comments?post=752"}],"version-history":[{"count":2,"href":"https:\/\/blogs.thesocialmedia.com\/leblogmoto\/wp-json\/wp\/v2\/posts\/752\/revisions"}],"predecessor-version":[{"id":10504,"href":"https:\/\/blogs.thesocialmedia.com\/leblogmoto\/wp-json\/wp\/v2\/posts\/752\/revisions\/10504"}],"wp:attachment":[{"href":"https:\/\/blogs.thesocialmedia.com\/leblogmoto\/wp-json\/wp\/v2\/media?parent=752"}],"wp:term":[{"taxonomy":"category","embeddable":true,"href":"https:\/\/blogs.thesocialmedia.com\/leblogmoto\/wp-json\/wp\/v2\/categories?post=752"},{"taxonomy":"post_tag","embeddable":true,"href":"https:\/\/blogs.thesocialmedia.com\/leblogmoto\/wp-json\/wp\/v2\/tags?post=752"}],"curies":[{"name":"wp","href":"https:\/\/api.w.org\/{rel}","templated":true}]}}