{"id":754,"date":"2008-04-20T23:35:07","date_gmt":"2008-04-20T23:35:07","guid":{"rendered":"http:\/\/blogs.thesocialmedia.com\/leblogmoto\/2008\/04\/20\/victoire-de-la\/"},"modified":"2012-07-11T15:39:35","modified_gmt":"2012-07-11T15:39:35","slug":"victoire-de-la","status":"publish","type":"post","link":"https:\/\/blogs.thesocialmedia.com\/leblogmoto\/2008\/04\/20\/victoire-de-la\/","title":{"rendered":"Nouveau doubl\u00e9 de Suzuki aux 24 heures du Mans."},"content":{"rendered":"<p><a href=\"http:\/\/blogs.thesocialmedia.com\/leblogmoto\/files\/2012\/07\/moto_suzuki_n2_vainqueur_24_heure_3.jpg\"><img loading=\"lazy\" decoding=\"async\" height=\"312\" alt=\"Moto_suzuki_n2_vainqueur_24_heure_3\" src=\"http:\/\/www.leblogmoto.com\/images\/2008\/04\/20\/moto_suzuki_n2_vainqueur_24_heure_3.jpg\" width=\"470\"  \/><\/a> <\/p>\n<p>Sur 56 \u00e9quipages au d\u00e9part, 19 motos ont abandonn\u00e9, mais au sommet, reste le SERT*, toujours. Apr\u00e8s le doubl\u00e9 de 2007 c&rsquo;est en effet la Suzuki N\u00b02 qui sort vainqueur de cette <a href=\"http:\/\/www.lemans.org\/24heuresmoto\/live\/pages\/chronos_fr.html\">\u00e9dition<\/a>. L&rsquo;\u00e9quipage compos\u00e9 des Fran\u00e7ais William Costes, Guillaume Dietrich, et du N\u00e9erlandais Barry Veneman l&rsquo;a emport\u00e9 devant la Suzuki n\u00b01 <a href=\"http:\/\/www.leblogmoto.com\/2008\/04\/pole-position-p.html\">auteur de la pole<\/a>, avec Philippe &#8211; Lagrive &#8211; Da Costa. Au sujet des photos du laur\u00e9at 2008, des fonds d&rsquo;\u00e9cran sont disponible <a href=\"http:\/\/www.suzuki-racing.com\/img.aspx?SRS_ID=0&amp;OBJ_ID=12660\">ici<\/a> et <a href=\"http:\/\/www.suzuki-racing.com\/img.aspx?SRS_ID=0&amp;OBJ_ID=12659\">l\u00e0<\/a>, en r\u00e9glant le bouton fl\u00e9ch\u00e9 sur <em>1600 pixels wide<\/em>, par exemple, pour obtenir une image haute r\u00e9solution. <\/p>\n<p>Signalons, toujours en pr\u00e9ambule, que le team Dafy Moto Cognace finit \u00e0 une jolie 26\u00e8me place, mais de cela, Albin vous en reparlera sans aucun doute.<\/p>\n<p>Cette premi\u00e8re place permet au constructeur japonais de d\u00e9crocher un 10\u00e8me succ\u00e8s au Mans, soit un de moins que son grand rival Honda. D&rsquo;ailleurs, l&rsquo;\u00e9cr\u00e9mage parmi les concurrents les plus s\u00e9rieux au titre s&rsquo;est fait bien rapidement, dans les deux heures qui suivirent le d\u00e9part de la course.<\/p>\n<p>Tout d&rsquo;abord la Honda officielle n\u00b055 abandonne et n&rsquo;aura au final pas boucl\u00e9 un seul tour lors de cette 31\u00e8me \u00e9dition des 24 heures du Mans motocycliste. Alors que la Kawa d&rsquo;usine frapp\u00e9e du n\u00b011 partait \u00e0 la faute dix minutes apr\u00e8s son (excellent) d\u00e9part, en raison de l&rsquo;attitude imp\u00e9tueuse de Mazuecos au guidon, comme nous vous l&rsquo;annoncions hier. <\/p>\n<p><a href=\"http:\/\/clabedan.typepad.com\/.shared\/image.html?\/photos\/uncategorized\/2008\/04\/20\/moto_suzuki_n2_vainqueur_24_heure_4.jpg\"><img loading=\"lazy\" decoding=\"async\" height=\"312\" alt=\"Moto_suzuki_n2_vainqueur_24_heure_4\" src=\"http:\/\/www.leblogmoto.com\/images\/2008\/04\/20\/moto_suzuki_n2_vainqueur_24_heure_4.jpg\" width=\"470\"  \/><\/a> <\/p>\n<p>La vraie surprise aura \u00e9t\u00e9 le comportement des motos priv\u00e9es. Les n\u00b072, 99, 110, 4, 3 et 10 auront grandement anim\u00e9 la course. Ainsi que la Yamaha n\u00b099 pressentie pour s&rsquo;intercaler au finish entre les deux Suzuki de t\u00eate, mais qui se fera rejoindre puis d\u00e9passer par Lagrive, auteur du meilleur temps en course avec 1&rsquo;39\u00a0\u00bb812.<\/p>\n<p>A cela on ajoutera que l&rsquo;alternance \u00e9pisodes pluvieux\/ensoleill\u00e9s n&rsquo;aura pas \u00e9pargn\u00e9 les pilotes, m\u00eame les meilleurs: sur le &quot;s\u00e9chant&quot;, Vincent Philippe sur la Suzuki n\u00b01 et vainqueur avec le <a href=\"http:\/\/www.suzuki-moto.com\/pages\/Competition\/competition.php\">SERT<\/a> de l&rsquo;\u00e9dition 2003 a chut\u00e9 alors que sa moto \u00e9tait en 3\u00e8me position, Une fois revenu \u00e0 son stand pour changer le car\u00e9nage de la machine, moins d&rsquo;un tour le s\u00e9parait de la Honda qui l&rsquo;avait d\u00e9pass\u00e9 dans l&rsquo;intervalle.<\/p>\n<p>Etonamment malgr\u00e9 ce spectacle, l&rsquo;Automobile Club de l&rsquo;Ouest annon\u00e7ait en fin de journ\u00e9e une fr\u00e9quentation en baisse de 7% par rapport \u00e0 l&rsquo;ann\u00e9e pr\u00e9c\u00e9dente, en invoquant les cong\u00e9s scolaires, ainsi que les temps difficiles et une consommation atone. <\/p>\n<p><em>*Suzuki Endurance Racing Team, pour les profanes.<\/em><\/p>\n<p><em>cr\u00e9dit photos: suzuki.<\/em><\/p>\n","protected":false},"excerpt":{"rendered":"<p>Sur 56 \u00e9quipages au d\u00e9part, 19 motos ont abandonn\u00e9, mais au sommet, reste le SERT*, toujours. Apr\u00e8s le doubl\u00e9 de 2007 c&rsquo;est en effet la Suzuki N\u00b02 qui sort vainqueur de cette \u00e9dition. L&rsquo;\u00e9quipage compos\u00e9 des Fran\u00e7ais William Costes, Guillaume Dietrich, et du N\u00e9erlandais Barry Veneman l&rsquo;a emport\u00e9 devant la Suzuki n\u00b01 auteur de la [&hellip;]<\/p>\n","protected":false},"author":324,"featured_media":0,"comment_status":"open","ping_status":"open","sticky":false,"template":"","format":"standard","meta":{"footnotes":""},"categories":[3,32,51],"tags":[],"class_list":["post-754","post","type-post","status-publish","format-standard","hentry","category-actualite","category-sport-moto","category-suzuki"],"yoast_head":"<!-- This site is optimized with the Yoast SEO plugin v26.0 - https:\/\/yoast.com\/wordpress\/plugins\/seo\/ -->\n<title>Nouveau doubl\u00e9 de Suzuki aux 24 heures du Mans. - leblogmoto.com<\/title>\n<meta name=\"robots\" content=\"index, follow, max-snippet:-1, max-image-preview:large, max-video-preview:-1\" \/>\n<link rel=\"canonical\" href=\"https:\/\/blogs.thesocialmedia.com\/leblogmoto\/2008\/04\/20\/victoire-de-la\/\" \/>\n<meta name=\"twitter:card\" content=\"summary_large_image\" \/>\n<meta name=\"twitter:title\" content=\"Nouveau doubl\u00e9 de Suzuki aux 24 heures du Mans. - leblogmoto.com\" \/>\n<meta name=\"twitter:description\" content=\"Sur 56 \u00e9quipages au d\u00e9part, 19 motos ont abandonn\u00e9, mais au sommet, reste le SERT*, toujours. Apr\u00e8s le doubl\u00e9 de 2007 c&rsquo;est en effet la Suzuki N\u00b02 qui sort vainqueur de cette \u00e9dition. L&rsquo;\u00e9quipage compos\u00e9 des Fran\u00e7ais William Costes, Guillaume Dietrich, et du N\u00e9erlandais Barry Veneman l&rsquo;a emport\u00e9 devant la Suzuki n\u00b01 auteur de la [&hellip;]\" \/>\n<meta name=\"twitter:image\" content=\"http:\/\/www.leblogmoto.com\/images\/2008\/04\/20\/moto_suzuki_n2_vainqueur_24_heure_3.jpg\" \/>\n<meta name=\"twitter:label1\" content=\"\u00c9crit par\" \/>\n\t<meta name=\"twitter:data1\" content=\"benoit rieu\" \/>\n\t<meta name=\"twitter:label2\" content=\"Dur\u00e9e de lecture estim\u00e9e\" \/>\n\t<meta name=\"twitter:data2\" content=\"2 minutes\" \/>\n<script type=\"application\/ld+json\" class=\"yoast-schema-graph\">{\"@context\":\"https:\/\/schema.org\",\"@graph\":[{\"@type\":\"WebPage\",\"@id\":\"https:\/\/blogs.thesocialmedia.com\/leblogmoto\/2008\/04\/20\/victoire-de-la\/\",\"url\":\"https:\/\/blogs.thesocialmedia.com\/leblogmoto\/2008\/04\/20\/victoire-de-la\/\",\"name\":\"Nouveau doubl\u00e9 de Suzuki aux 24 heures du Mans. - leblogmoto.com\",\"isPartOf\":{\"@id\":\"https:\/\/blogs.thesocialmedia.com\/leblogmoto\/#website\"},\"primaryImageOfPage\":{\"@id\":\"https:\/\/blogs.thesocialmedia.com\/leblogmoto\/2008\/04\/20\/victoire-de-la\/#primaryimage\"},\"image\":{\"@id\":\"https:\/\/blogs.thesocialmedia.com\/leblogmoto\/2008\/04\/20\/victoire-de-la\/#primaryimage\"},\"thumbnailUrl\":\"http:\/\/www.leblogmoto.com\/images\/2008\/04\/20\/moto_suzuki_n2_vainqueur_24_heure_3.jpg\",\"datePublished\":\"2008-04-20T23:35:07+00:00\",\"dateModified\":\"2012-07-11T15:39:35+00:00\",\"author\":{\"@id\":\"https:\/\/blogs.thesocialmedia.com\/leblogmoto\/#\/schema\/person\/18bfe773e5725ed6d24f743da805362a\"},\"breadcrumb\":{\"@id\":\"https:\/\/blogs.thesocialmedia.com\/leblogmoto\/2008\/04\/20\/victoire-de-la\/#breadcrumb\"},\"inLanguage\":\"fr-FR\",\"potentialAction\":[{\"@type\":\"ReadAction\",\"target\":[\"https:\/\/blogs.thesocialmedia.com\/leblogmoto\/2008\/04\/20\/victoire-de-la\/\"]}]},{\"@type\":\"ImageObject\",\"inLanguage\":\"fr-FR\",\"@id\":\"https:\/\/blogs.thesocialmedia.com\/leblogmoto\/2008\/04\/20\/victoire-de-la\/#primaryimage\",\"url\":\"http:\/\/www.leblogmoto.com\/images\/2008\/04\/20\/moto_suzuki_n2_vainqueur_24_heure_3.jpg\",\"contentUrl\":\"http:\/\/www.leblogmoto.com\/images\/2008\/04\/20\/moto_suzuki_n2_vainqueur_24_heure_3.jpg\"},{\"@type\":\"BreadcrumbList\",\"@id\":\"https:\/\/blogs.thesocialmedia.com\/leblogmoto\/2008\/04\/20\/victoire-de-la\/#breadcrumb\",\"itemListElement\":[{\"@type\":\"ListItem\",\"position\":1,\"name\":\"Accueil\",\"item\":\"https:\/\/blogs.thesocialmedia.com\/leblogmoto\/\"},{\"@type\":\"ListItem\",\"position\":2,\"name\":\"Nouveau doubl\u00e9 de Suzuki aux 24 heures du Mans.\"}]},{\"@type\":\"WebSite\",\"@id\":\"https:\/\/blogs.thesocialmedia.com\/leblogmoto\/#website\",\"url\":\"https:\/\/blogs.thesocialmedia.com\/leblogmoto\/\",\"name\":\"leblogmoto\",\"description\":\"Toute l&#039;actualit\u00e9 des 2 roues\",\"potentialAction\":[{\"@type\":\"SearchAction\",\"target\":{\"@type\":\"EntryPoint\",\"urlTemplate\":\"https:\/\/blogs.thesocialmedia.com\/leblogmoto\/?s={search_term_string}\"},\"query-input\":{\"@type\":\"PropertyValueSpecification\",\"valueRequired\":true,\"valueName\":\"search_term_string\"}}],\"inLanguage\":\"fr-FR\"},{\"@type\":\"Person\",\"@id\":\"https:\/\/blogs.thesocialmedia.com\/leblogmoto\/#\/schema\/person\/18bfe773e5725ed6d24f743da805362a\",\"name\":\"benoit rieu\",\"image\":{\"@type\":\"ImageObject\",\"inLanguage\":\"fr-FR\",\"@id\":\"https:\/\/blogs.thesocialmedia.com\/leblogmoto\/#\/schema\/person\/image\/\",\"url\":\"https:\/\/secure.gravatar.com\/avatar\/?s=96&d=mm&r=g\",\"contentUrl\":\"https:\/\/secure.gravatar.com\/avatar\/?s=96&d=mm&r=g\",\"caption\":\"benoit rieu\"},\"url\":\"https:\/\/blogs.thesocialmedia.com\/leblogmoto\/author\/benoit-rieu\/\"}]}<\/script>\n<!-- \/ Yoast SEO plugin. -->","yoast_head_json":{"title":"Nouveau doubl\u00e9 de Suzuki aux 24 heures du Mans. - leblogmoto.com","robots":{"index":"index","follow":"follow","max-snippet":"max-snippet:-1","max-image-preview":"max-image-preview:large","max-video-preview":"max-video-preview:-1"},"canonical":"https:\/\/blogs.thesocialmedia.com\/leblogmoto\/2008\/04\/20\/victoire-de-la\/","twitter_card":"summary_large_image","twitter_title":"Nouveau doubl\u00e9 de Suzuki aux 24 heures du Mans. - leblogmoto.com","twitter_description":"Sur 56 \u00e9quipages au d\u00e9part, 19 motos ont abandonn\u00e9, mais au sommet, reste le SERT*, toujours. Apr\u00e8s le doubl\u00e9 de 2007 c&rsquo;est en effet la Suzuki N\u00b02 qui sort vainqueur de cette \u00e9dition. L&rsquo;\u00e9quipage compos\u00e9 des Fran\u00e7ais William Costes, Guillaume Dietrich, et du N\u00e9erlandais Barry Veneman l&rsquo;a emport\u00e9 devant la Suzuki n\u00b01 auteur de la [&hellip;]","twitter_image":"http:\/\/www.leblogmoto.com\/images\/2008\/04\/20\/moto_suzuki_n2_vainqueur_24_heure_3.jpg","twitter_misc":{"\u00c9crit par":"benoit rieu","Dur\u00e9e de lecture estim\u00e9e":"2 minutes"},"schema":{"@context":"https:\/\/schema.org","@graph":[{"@type":"WebPage","@id":"https:\/\/blogs.thesocialmedia.com\/leblogmoto\/2008\/04\/20\/victoire-de-la\/","url":"https:\/\/blogs.thesocialmedia.com\/leblogmoto\/2008\/04\/20\/victoire-de-la\/","name":"Nouveau doubl\u00e9 de Suzuki aux 24 heures du Mans. - leblogmoto.com","isPartOf":{"@id":"https:\/\/blogs.thesocialmedia.com\/leblogmoto\/#website"},"primaryImageOfPage":{"@id":"https:\/\/blogs.thesocialmedia.com\/leblogmoto\/2008\/04\/20\/victoire-de-la\/#primaryimage"},"image":{"@id":"https:\/\/blogs.thesocialmedia.com\/leblogmoto\/2008\/04\/20\/victoire-de-la\/#primaryimage"},"thumbnailUrl":"http:\/\/www.leblogmoto.com\/images\/2008\/04\/20\/moto_suzuki_n2_vainqueur_24_heure_3.jpg","datePublished":"2008-04-20T23:35:07+00:00","dateModified":"2012-07-11T15:39:35+00:00","author":{"@id":"https:\/\/blogs.thesocialmedia.com\/leblogmoto\/#\/schema\/person\/18bfe773e5725ed6d24f743da805362a"},"breadcrumb":{"@id":"https:\/\/blogs.thesocialmedia.com\/leblogmoto\/2008\/04\/20\/victoire-de-la\/#breadcrumb"},"inLanguage":"fr-FR","potentialAction":[{"@type":"ReadAction","target":["https:\/\/blogs.thesocialmedia.com\/leblogmoto\/2008\/04\/20\/victoire-de-la\/"]}]},{"@type":"ImageObject","inLanguage":"fr-FR","@id":"https:\/\/blogs.thesocialmedia.com\/leblogmoto\/2008\/04\/20\/victoire-de-la\/#primaryimage","url":"http:\/\/www.leblogmoto.com\/images\/2008\/04\/20\/moto_suzuki_n2_vainqueur_24_heure_3.jpg","contentUrl":"http:\/\/www.leblogmoto.com\/images\/2008\/04\/20\/moto_suzuki_n2_vainqueur_24_heure_3.jpg"},{"@type":"BreadcrumbList","@id":"https:\/\/blogs.thesocialmedia.com\/leblogmoto\/2008\/04\/20\/victoire-de-la\/#breadcrumb","itemListElement":[{"@type":"ListItem","position":1,"name":"Accueil","item":"https:\/\/blogs.thesocialmedia.com\/leblogmoto\/"},{"@type":"ListItem","position":2,"name":"Nouveau doubl\u00e9 de Suzuki aux 24 heures du Mans."}]},{"@type":"WebSite","@id":"https:\/\/blogs.thesocialmedia.com\/leblogmoto\/#website","url":"https:\/\/blogs.thesocialmedia.com\/leblogmoto\/","name":"leblogmoto","description":"Toute l&#039;actualit\u00e9 des 2 roues","potentialAction":[{"@type":"SearchAction","target":{"@type":"EntryPoint","urlTemplate":"https:\/\/blogs.thesocialmedia.com\/leblogmoto\/?s={search_term_string}"},"query-input":{"@type":"PropertyValueSpecification","valueRequired":true,"valueName":"search_term_string"}}],"inLanguage":"fr-FR"},{"@type":"Person","@id":"https:\/\/blogs.thesocialmedia.com\/leblogmoto\/#\/schema\/person\/18bfe773e5725ed6d24f743da805362a","name":"benoit rieu","image":{"@type":"ImageObject","inLanguage":"fr-FR","@id":"https:\/\/blogs.thesocialmedia.com\/leblogmoto\/#\/schema\/person\/image\/","url":"https:\/\/secure.gravatar.com\/avatar\/?s=96&d=mm&r=g","contentUrl":"https:\/\/secure.gravatar.com\/avatar\/?s=96&d=mm&r=g","caption":"benoit rieu"},"url":"https:\/\/blogs.thesocialmedia.com\/leblogmoto\/author\/benoit-rieu\/"}]}},"_links":{"self":[{"href":"https:\/\/blogs.thesocialmedia.com\/leblogmoto\/wp-json\/wp\/v2\/posts\/754","targetHints":{"allow":["GET"]}}],"collection":[{"href":"https:\/\/blogs.thesocialmedia.com\/leblogmoto\/wp-json\/wp\/v2\/posts"}],"about":[{"href":"https:\/\/blogs.thesocialmedia.com\/leblogmoto\/wp-json\/wp\/v2\/types\/post"}],"author":[{"embeddable":true,"href":"https:\/\/blogs.thesocialmedia.com\/leblogmoto\/wp-json\/wp\/v2\/users\/324"}],"replies":[{"embeddable":true,"href":"https:\/\/blogs.thesocialmedia.com\/leblogmoto\/wp-json\/wp\/v2\/comments?post=754"}],"version-history":[{"count":2,"href":"https:\/\/blogs.thesocialmedia.com\/leblogmoto\/wp-json\/wp\/v2\/posts\/754\/revisions"}],"predecessor-version":[{"id":10499,"href":"https:\/\/blogs.thesocialmedia.com\/leblogmoto\/wp-json\/wp\/v2\/posts\/754\/revisions\/10499"}],"wp:attachment":[{"href":"https:\/\/blogs.thesocialmedia.com\/leblogmoto\/wp-json\/wp\/v2\/media?parent=754"}],"wp:term":[{"taxonomy":"category","embeddable":true,"href":"https:\/\/blogs.thesocialmedia.com\/leblogmoto\/wp-json\/wp\/v2\/categories?post=754"},{"taxonomy":"post_tag","embeddable":true,"href":"https:\/\/blogs.thesocialmedia.com\/leblogmoto\/wp-json\/wp\/v2\/tags?post=754"}],"curies":[{"name":"wp","href":"https:\/\/api.w.org\/{rel}","templated":true}]}}