{"id":758,"date":"2008-04-19T20:36:36","date_gmt":"2008-04-19T20:36:36","guid":{"rendered":"http:\/\/blogs.thesocialmedia.com\/leblogmoto\/2008\/04\/19\/un-point-20h30\/"},"modified":"2012-07-11T15:39:07","modified_gmt":"2012-07-11T15:39:07","slug":"un-point-20h30","status":"publish","type":"post","link":"https:\/\/blogs.thesocialmedia.com\/leblogmoto\/2008\/04\/19\/un-point-20h30\/","title":{"rendered":"Un point \u00e0 20h30 sur le team Dafy Moto Cognage."},"content":{"rendered":"<p><a href=\"http:\/\/blogs.thesocialmedia.com\/leblogmoto\/files\/2012\/07\/moto_endurance_cognage_24_heures_du.jpg\"><img loading=\"lazy\" decoding=\"async\" height=\"353\" alt=\"Moto_endurance_cognage_24_heures_du\" src=\"http:\/\/www.leblogmoto.com\/images\/2008\/04\/19\/moto_endurance_cognage_24_heures_du.jpg\" width=\"470\"  \/><\/a> <\/p>\n<p>Albin qui suit pour le Blog Moto cette 31\u00e8me \u00e9dition des 24 heures du Mans moto, ne peut malheureusement pas acc\u00e9der actuellement \u00e0 la salle de presse, voici donc des nouvelles du team Dafy Moto Cognage et de la course, rapport\u00e9es de sa part par t\u00e9l\u00e9phone: le team est actuellement \u00e0 la 35\u00e8me place et esp\u00e8re &quot;finir sur les deux roues&quot;, la Kawa n\u00b011 en t\u00eate \u00e0 10 minutes, \u00e9tant la premi\u00e8re \u00e0 avoir abandonn\u00e9 apr\u00e8s seulement 5 tours de circuit&#8230; <\/p>\n<p>&#8230; sur une chute de l&rsquo;espagnol Julian Mazuecos et fourche cass\u00e9e. Les deux frenchies de l&rsquo;\u00e9quipe (Erwan Nigon et Gwen Giabbini) n&rsquo;ont donc pas eu la chance de prendre le moindre relais. A part \u00e7a, le SERT est en pleine forme, merci.<\/p>\n","protected":false},"excerpt":{"rendered":"<p>Albin qui suit pour le Blog Moto cette 31\u00e8me \u00e9dition des 24 heures du Mans moto, ne peut malheureusement pas acc\u00e9der actuellement \u00e0 la salle de presse, voici donc des nouvelles du team Dafy Moto Cognage et de la course, rapport\u00e9es de sa part par t\u00e9l\u00e9phone: le team est actuellement \u00e0 la 35\u00e8me place et [&hellip;]<\/p>\n","protected":false},"author":324,"featured_media":0,"comment_status":"open","ping_status":"open","sticky":false,"template":"","format":"standard","meta":{"footnotes":""},"categories":[3,32,44],"tags":[],"class_list":["post-758","post","type-post","status-publish","format-standard","hentry","category-actualite","category-sport-moto","category-yamaha"],"yoast_head":"<!-- This site is optimized with the Yoast SEO plugin v26.0 - https:\/\/yoast.com\/wordpress\/plugins\/seo\/ -->\n<title>Un point \u00e0 20h30 sur le team Dafy Moto Cognage. - leblogmoto.com<\/title>\n<meta name=\"robots\" content=\"index, follow, max-snippet:-1, max-image-preview:large, max-video-preview:-1\" \/>\n<link rel=\"canonical\" href=\"https:\/\/blogs.thesocialmedia.com\/leblogmoto\/2008\/04\/19\/un-point-20h30\/\" \/>\n<meta name=\"twitter:card\" content=\"summary_large_image\" \/>\n<meta name=\"twitter:title\" content=\"Un point \u00e0 20h30 sur le team Dafy Moto Cognage. - leblogmoto.com\" \/>\n<meta name=\"twitter:description\" content=\"Albin qui suit pour le Blog Moto cette 31\u00e8me \u00e9dition des 24 heures du Mans moto, ne peut malheureusement pas acc\u00e9der actuellement \u00e0 la salle de presse, voici donc des nouvelles du team Dafy Moto Cognage et de la course, rapport\u00e9es de sa part par t\u00e9l\u00e9phone: le team est actuellement \u00e0 la 35\u00e8me place et [&hellip;]\" \/>\n<meta name=\"twitter:image\" content=\"http:\/\/www.leblogmoto.com\/images\/2008\/04\/19\/moto_endurance_cognage_24_heures_du.jpg\" \/>\n<meta name=\"twitter:label1\" content=\"\u00c9crit par\" \/>\n\t<meta name=\"twitter:data1\" content=\"benoit rieu\" \/>\n\t<meta name=\"twitter:label2\" content=\"Dur\u00e9e de lecture estim\u00e9e\" \/>\n\t<meta name=\"twitter:data2\" content=\"1 minute\" \/>\n<script type=\"application\/ld+json\" class=\"yoast-schema-graph\">{\"@context\":\"https:\/\/schema.org\",\"@graph\":[{\"@type\":\"WebPage\",\"@id\":\"https:\/\/blogs.thesocialmedia.com\/leblogmoto\/2008\/04\/19\/un-point-20h30\/\",\"url\":\"https:\/\/blogs.thesocialmedia.com\/leblogmoto\/2008\/04\/19\/un-point-20h30\/\",\"name\":\"Un point \u00e0 20h30 sur le team Dafy Moto Cognage. - leblogmoto.com\",\"isPartOf\":{\"@id\":\"https:\/\/blogs.thesocialmedia.com\/leblogmoto\/#website\"},\"primaryImageOfPage\":{\"@id\":\"https:\/\/blogs.thesocialmedia.com\/leblogmoto\/2008\/04\/19\/un-point-20h30\/#primaryimage\"},\"image\":{\"@id\":\"https:\/\/blogs.thesocialmedia.com\/leblogmoto\/2008\/04\/19\/un-point-20h30\/#primaryimage\"},\"thumbnailUrl\":\"http:\/\/www.leblogmoto.com\/images\/2008\/04\/19\/moto_endurance_cognage_24_heures_du.jpg\",\"datePublished\":\"2008-04-19T20:36:36+00:00\",\"dateModified\":\"2012-07-11T15:39:07+00:00\",\"author\":{\"@id\":\"https:\/\/blogs.thesocialmedia.com\/leblogmoto\/#\/schema\/person\/18bfe773e5725ed6d24f743da805362a\"},\"breadcrumb\":{\"@id\":\"https:\/\/blogs.thesocialmedia.com\/leblogmoto\/2008\/04\/19\/un-point-20h30\/#breadcrumb\"},\"inLanguage\":\"fr-FR\",\"potentialAction\":[{\"@type\":\"ReadAction\",\"target\":[\"https:\/\/blogs.thesocialmedia.com\/leblogmoto\/2008\/04\/19\/un-point-20h30\/\"]}]},{\"@type\":\"ImageObject\",\"inLanguage\":\"fr-FR\",\"@id\":\"https:\/\/blogs.thesocialmedia.com\/leblogmoto\/2008\/04\/19\/un-point-20h30\/#primaryimage\",\"url\":\"http:\/\/www.leblogmoto.com\/images\/2008\/04\/19\/moto_endurance_cognage_24_heures_du.jpg\",\"contentUrl\":\"http:\/\/www.leblogmoto.com\/images\/2008\/04\/19\/moto_endurance_cognage_24_heures_du.jpg\"},{\"@type\":\"BreadcrumbList\",\"@id\":\"https:\/\/blogs.thesocialmedia.com\/leblogmoto\/2008\/04\/19\/un-point-20h30\/#breadcrumb\",\"itemListElement\":[{\"@type\":\"ListItem\",\"position\":1,\"name\":\"Accueil\",\"item\":\"https:\/\/blogs.thesocialmedia.com\/leblogmoto\/\"},{\"@type\":\"ListItem\",\"position\":2,\"name\":\"Un point \u00e0 20h30 sur le team Dafy Moto Cognage.\"}]},{\"@type\":\"WebSite\",\"@id\":\"https:\/\/blogs.thesocialmedia.com\/leblogmoto\/#website\",\"url\":\"https:\/\/blogs.thesocialmedia.com\/leblogmoto\/\",\"name\":\"leblogmoto\",\"description\":\"Toute l&#039;actualit\u00e9 des 2 roues\",\"potentialAction\":[{\"@type\":\"SearchAction\",\"target\":{\"@type\":\"EntryPoint\",\"urlTemplate\":\"https:\/\/blogs.thesocialmedia.com\/leblogmoto\/?s={search_term_string}\"},\"query-input\":{\"@type\":\"PropertyValueSpecification\",\"valueRequired\":true,\"valueName\":\"search_term_string\"}}],\"inLanguage\":\"fr-FR\"},{\"@type\":\"Person\",\"@id\":\"https:\/\/blogs.thesocialmedia.com\/leblogmoto\/#\/schema\/person\/18bfe773e5725ed6d24f743da805362a\",\"name\":\"benoit rieu\",\"image\":{\"@type\":\"ImageObject\",\"inLanguage\":\"fr-FR\",\"@id\":\"https:\/\/blogs.thesocialmedia.com\/leblogmoto\/#\/schema\/person\/image\/\",\"url\":\"https:\/\/secure.gravatar.com\/avatar\/?s=96&d=mm&r=g\",\"contentUrl\":\"https:\/\/secure.gravatar.com\/avatar\/?s=96&d=mm&r=g\",\"caption\":\"benoit rieu\"},\"url\":\"https:\/\/blogs.thesocialmedia.com\/leblogmoto\/author\/benoit-rieu\/\"}]}<\/script>\n<!-- \/ Yoast SEO plugin. -->","yoast_head_json":{"title":"Un point \u00e0 20h30 sur le team Dafy Moto Cognage. - leblogmoto.com","robots":{"index":"index","follow":"follow","max-snippet":"max-snippet:-1","max-image-preview":"max-image-preview:large","max-video-preview":"max-video-preview:-1"},"canonical":"https:\/\/blogs.thesocialmedia.com\/leblogmoto\/2008\/04\/19\/un-point-20h30\/","twitter_card":"summary_large_image","twitter_title":"Un point \u00e0 20h30 sur le team Dafy Moto Cognage. - leblogmoto.com","twitter_description":"Albin qui suit pour le Blog Moto cette 31\u00e8me \u00e9dition des 24 heures du Mans moto, ne peut malheureusement pas acc\u00e9der actuellement \u00e0 la salle de presse, voici donc des nouvelles du team Dafy Moto Cognage et de la course, rapport\u00e9es de sa part par t\u00e9l\u00e9phone: le team est actuellement \u00e0 la 35\u00e8me place et [&hellip;]","twitter_image":"http:\/\/www.leblogmoto.com\/images\/2008\/04\/19\/moto_endurance_cognage_24_heures_du.jpg","twitter_misc":{"\u00c9crit par":"benoit rieu","Dur\u00e9e de lecture estim\u00e9e":"1 minute"},"schema":{"@context":"https:\/\/schema.org","@graph":[{"@type":"WebPage","@id":"https:\/\/blogs.thesocialmedia.com\/leblogmoto\/2008\/04\/19\/un-point-20h30\/","url":"https:\/\/blogs.thesocialmedia.com\/leblogmoto\/2008\/04\/19\/un-point-20h30\/","name":"Un point \u00e0 20h30 sur le team Dafy Moto Cognage. - leblogmoto.com","isPartOf":{"@id":"https:\/\/blogs.thesocialmedia.com\/leblogmoto\/#website"},"primaryImageOfPage":{"@id":"https:\/\/blogs.thesocialmedia.com\/leblogmoto\/2008\/04\/19\/un-point-20h30\/#primaryimage"},"image":{"@id":"https:\/\/blogs.thesocialmedia.com\/leblogmoto\/2008\/04\/19\/un-point-20h30\/#primaryimage"},"thumbnailUrl":"http:\/\/www.leblogmoto.com\/images\/2008\/04\/19\/moto_endurance_cognage_24_heures_du.jpg","datePublished":"2008-04-19T20:36:36+00:00","dateModified":"2012-07-11T15:39:07+00:00","author":{"@id":"https:\/\/blogs.thesocialmedia.com\/leblogmoto\/#\/schema\/person\/18bfe773e5725ed6d24f743da805362a"},"breadcrumb":{"@id":"https:\/\/blogs.thesocialmedia.com\/leblogmoto\/2008\/04\/19\/un-point-20h30\/#breadcrumb"},"inLanguage":"fr-FR","potentialAction":[{"@type":"ReadAction","target":["https:\/\/blogs.thesocialmedia.com\/leblogmoto\/2008\/04\/19\/un-point-20h30\/"]}]},{"@type":"ImageObject","inLanguage":"fr-FR","@id":"https:\/\/blogs.thesocialmedia.com\/leblogmoto\/2008\/04\/19\/un-point-20h30\/#primaryimage","url":"http:\/\/www.leblogmoto.com\/images\/2008\/04\/19\/moto_endurance_cognage_24_heures_du.jpg","contentUrl":"http:\/\/www.leblogmoto.com\/images\/2008\/04\/19\/moto_endurance_cognage_24_heures_du.jpg"},{"@type":"BreadcrumbList","@id":"https:\/\/blogs.thesocialmedia.com\/leblogmoto\/2008\/04\/19\/un-point-20h30\/#breadcrumb","itemListElement":[{"@type":"ListItem","position":1,"name":"Accueil","item":"https:\/\/blogs.thesocialmedia.com\/leblogmoto\/"},{"@type":"ListItem","position":2,"name":"Un point \u00e0 20h30 sur le team Dafy Moto Cognage."}]},{"@type":"WebSite","@id":"https:\/\/blogs.thesocialmedia.com\/leblogmoto\/#website","url":"https:\/\/blogs.thesocialmedia.com\/leblogmoto\/","name":"leblogmoto","description":"Toute l&#039;actualit\u00e9 des 2 roues","potentialAction":[{"@type":"SearchAction","target":{"@type":"EntryPoint","urlTemplate":"https:\/\/blogs.thesocialmedia.com\/leblogmoto\/?s={search_term_string}"},"query-input":{"@type":"PropertyValueSpecification","valueRequired":true,"valueName":"search_term_string"}}],"inLanguage":"fr-FR"},{"@type":"Person","@id":"https:\/\/blogs.thesocialmedia.com\/leblogmoto\/#\/schema\/person\/18bfe773e5725ed6d24f743da805362a","name":"benoit rieu","image":{"@type":"ImageObject","inLanguage":"fr-FR","@id":"https:\/\/blogs.thesocialmedia.com\/leblogmoto\/#\/schema\/person\/image\/","url":"https:\/\/secure.gravatar.com\/avatar\/?s=96&d=mm&r=g","contentUrl":"https:\/\/secure.gravatar.com\/avatar\/?s=96&d=mm&r=g","caption":"benoit rieu"},"url":"https:\/\/blogs.thesocialmedia.com\/leblogmoto\/author\/benoit-rieu\/"}]}},"_links":{"self":[{"href":"https:\/\/blogs.thesocialmedia.com\/leblogmoto\/wp-json\/wp\/v2\/posts\/758","targetHints":{"allow":["GET"]}}],"collection":[{"href":"https:\/\/blogs.thesocialmedia.com\/leblogmoto\/wp-json\/wp\/v2\/posts"}],"about":[{"href":"https:\/\/blogs.thesocialmedia.com\/leblogmoto\/wp-json\/wp\/v2\/types\/post"}],"author":[{"embeddable":true,"href":"https:\/\/blogs.thesocialmedia.com\/leblogmoto\/wp-json\/wp\/v2\/users\/324"}],"replies":[{"embeddable":true,"href":"https:\/\/blogs.thesocialmedia.com\/leblogmoto\/wp-json\/wp\/v2\/comments?post=758"}],"version-history":[{"count":2,"href":"https:\/\/blogs.thesocialmedia.com\/leblogmoto\/wp-json\/wp\/v2\/posts\/758\/revisions"}],"predecessor-version":[{"id":10487,"href":"https:\/\/blogs.thesocialmedia.com\/leblogmoto\/wp-json\/wp\/v2\/posts\/758\/revisions\/10487"}],"wp:attachment":[{"href":"https:\/\/blogs.thesocialmedia.com\/leblogmoto\/wp-json\/wp\/v2\/media?parent=758"}],"wp:term":[{"taxonomy":"category","embeddable":true,"href":"https:\/\/blogs.thesocialmedia.com\/leblogmoto\/wp-json\/wp\/v2\/categories?post=758"},{"taxonomy":"post_tag","embeddable":true,"href":"https:\/\/blogs.thesocialmedia.com\/leblogmoto\/wp-json\/wp\/v2\/tags?post=758"}],"curies":[{"name":"wp","href":"https:\/\/api.w.org\/{rel}","templated":true}]}}