{"id":76,"date":"2009-07-06T23:47:48","date_gmt":"2009-07-06T23:47:48","guid":{"rendered":"http:\/\/blogs.thesocialmedia.com\/leblogmoto\/2009\/07\/06\/une-eclaboussante-victoire-au-propre-comme-au-figure\/"},"modified":"2012-07-11T17:35:38","modified_gmt":"2012-07-11T17:35:38","slug":"une-eclaboussante-victoire-au-propre-comme-au-figure","status":"publish","type":"post","link":"https:\/\/blogs.thesocialmedia.com\/leblogmoto\/2009\/07\/06\/une-eclaboussante-victoire-au-propre-comme-au-figure\/","title":{"rendered":"Eclaboussante victoire, au propre comme au figur\u00e9."},"content":{"rendered":"<p><a href=\"http:\/\/blogs.thesocialmedia.com\/leblogmoto\/files\/2012\/07\/6a00d83451b18369e2011570d3ce14970c-popup.png\"><img decoding=\"async\" alt=\"MotoGP Pedrosa Vainqueur Laguna Seca 2009\" class=\"at-xid-6a00d83451b18369e2011570d3ce14970c \" src=\"http:\/\/blogs.thesocialmedia.com\/leblogmoto\/files\/2012\/07\/6a00d83451b18369e2011570d3ce14970c-500wi.jpg\" style=\"width: 470px\" \/><\/a><\/p>\n<p>Le week-end californien s&#039;ach\u00e8ve par un inesp\u00e9r\u00e9 succ\u00e8s pour le HRC, m\u00eame si une nouvelle fois Dovizioso n&#039;a pas rejoint l&#039;arriv\u00e9e. Mais la premi\u00e8re place d&#039;une course ma\u00eetris\u00e9e de bout en bout de Micro Dani suffit \u00e0 l&#039;armada de Honda. Une victoire \u00e0 la Pedrosa en somme, peu dou\u00e9 pour se battre dans la meute, le Catalan est quasi imbattable une fois <a href=\"http:\/\/www.leblogmoto.com\/2008\/06\/pendant-vingt-c.html\">mis sur orbite<\/a>. De la quatri\u00e8me place sur la grille, il r\u00e9alise un excellent d\u00e9part qui lui permet d&#039;\u00eatre imm\u00e9diatement en pointe. Ce ne sera pas le cas de James Toseland, qui s&#039;\u00e9lan\u00e7a trop vite, et sera sanctionn\u00e9 par un drapeau noir, synonyme de disqualification, pour n&#039;avoir pas respect\u00e9 la p\u00e9nalit\u00e9. Le pilote de la Honda n\u00b03 sera marqu\u00e9 \u00e0 la culotte par Casey Stoner jusqu&#039;au 12\u00e8me tour (sur 32), puis c\u00e9da le r\u00f4le du meilleur des poursuivants \u00e0 Vale. Le pilote Ducati perdait encore une place aux deux-tiers de la course, au profit de <a href=\"http:\/\/www.leblogmoto.com\/2009\/07\/une-pole-aux-allures-de-victoire-%C3%A0-la-pyrrhus-.html\">Jorge Lorenzo<\/a>.<\/p>\n<\/p>\n<p>Alors que Pedrosa compta au plus fort de la course plus de trois secondes sur Rossi, il vit son avance fondre, pour finir r\u00e9duite \u00e0 la portion congrue, au point qu&#039;on pensa assister dans l&#039;ultime virage am\u00e9ricain \u00e0 un revival du final Vale\/Jorge en Catalogne. <\/p>\n<p>Un Stoner victime encore une fois de naus\u00e9es, moindres que lors de ses pr\u00e9c\u00e9dents GP, mais surtout g\u00ean\u00e9 par les nombreux virages \u00e0 gauche du circuit californien, auxquels r\u00e9sistait comme il pouvait son poignet gauche, encore fragile apr\u00e8s sa chirurgie hivernale. Les GP9 n&#039;arriv\u00e8rent pas group\u00e9es, mais Hayden \u00e9tait heureux de sa cinqui\u00e8me place sur sa moto \u00e0 la livr\u00e9e caract\u00e9ristique. <\/p>\n<p>A l&#039;arriv\u00e9e, si l&#039;Australien remerciait le Dr. Claudio Macchiagodena et le physioth\u00e9rapeute Freddie Dente pour leur soins, il souhaitait rester sur place pour poursuivre les examens, et tenter de cerner l&#039;origine de son mal-\u00eatre lors de la course.<\/p>\n<p>Derri\u00e8re les ducatistes, Toni Elias quant \u00e0 lui, parti de la sixi\u00e8me place, franchissait la ligne d&#039;arriv\u00e9e avec un classement inchang\u00e9.<\/p>\n<p>La course fut marqu\u00e9e par de nombreux abandons (et une disqualification donc), dont Talmacsi, Capirossi, Dovizioso, Gibernau, seulement 12 des 17 concurrents voyant le drapeau \u00e0 damiers.<\/p>\n<p>Pour ce qui est du podium, Valentino ne s&#039;est pas tromp\u00e9 en soulevant sur l&#039;estrade le bras de Dani, comme un arbitre qui proclame le vainqueur d&#039;un combat de boxe. Mais si l&#039;on se place dans l&#039;optique du championnat pilote, The Doctor fait la meilleure affaire en accroissant son avance sur Jorge, derri\u00e8re \u00e0 neuf points, et Casey, \u00e0 16 points du leader italien.  <\/p>\n<p><font><\/font><font><\/p>\n<pre><strong>Pos Rider Bike Time\/Gap<\/strong><br \/> 1. Dani Pedrosa Honda 44m01.580s<br \/> 2. Valentino Rossi Yamaha + 0.344s<br \/> 3. Jorge Lorenzo Yamaha + 1.926s<br \/> 4. Casey Stoner Ducati + 12.432s<br \/> 5. Nicky Hayden Ducati + 21.663s<br \/> 6. Toni Elias Gresini Honda + 22.041s<br \/> 7. Colin Edwards Tech 3 Yamaha + 30.201s<br \/> 8. Chris Vermeulen Suzuki + 32.857s<br \/> 9. Randy de Puniet LCR Honda + 40.325s<br \/>10. Marco Melandri Hayate Kawasaki + 48.028s<br \/>11. Alex de Angelis Gresini Honda + 48.810s<br \/>12. Niccolo Canepa Pramac Ducati +1m18.531s<br \/><br \/>Retirements:<br \/><br \/> Andrea Dovizioso Honda 6 laps<br \/> Sete Gibernau Hernando Ducati 6 laps<br \/> Loris Capirossi Suzuki 3 laps<br \/> Gabor Talmacsi Scot Honda 3 laps<br \/> James Toseland Tech 3 Yamaha DSQ<br \/><br \/><\/pre>\n<p><\/font><\/p><\/p>\n","protected":false},"excerpt":{"rendered":"<p>Le week-end californien s&#039;ach\u00e8ve par un inesp\u00e9r\u00e9 succ\u00e8s pour le HRC, m\u00eame si une nouvelle fois Dovizioso n&#039;a pas rejoint l&#039;arriv\u00e9e. Mais la premi\u00e8re place d&#039;une course ma\u00eetris\u00e9e de bout en bout de Micro Dani suffit \u00e0 l&#039;armada de Honda. Une victoire \u00e0 la Pedrosa en somme, peu dou\u00e9 pour se battre dans la meute, [&hellip;]<\/p>\n","protected":false},"author":324,"featured_media":14011,"comment_status":"open","ping_status":"open","sticky":false,"template":"","format":"standard","meta":{"footnotes":""},"categories":[3,22,12],"tags":[],"class_list":["post-76","post","type-post","status-publish","format-standard","has-post-thumbnail","hentry","category-actualite","category-motogp","category-videos"],"yoast_head":"<!-- This site is optimized with the Yoast SEO plugin v26.0 - https:\/\/yoast.com\/wordpress\/plugins\/seo\/ -->\n<title>Eclaboussante victoire, au propre comme au figur\u00e9. - leblogmoto.com<\/title>\n<meta name=\"robots\" content=\"index, follow, max-snippet:-1, max-image-preview:large, max-video-preview:-1\" \/>\n<link rel=\"canonical\" href=\"https:\/\/blogs.thesocialmedia.com\/leblogmoto\/2009\/07\/06\/une-eclaboussante-victoire-au-propre-comme-au-figure\/\" \/>\n<meta name=\"twitter:card\" content=\"summary_large_image\" \/>\n<meta name=\"twitter:title\" content=\"Eclaboussante victoire, au propre comme au figur\u00e9. - leblogmoto.com\" \/>\n<meta name=\"twitter:description\" content=\"Le week-end californien s&#039;ach\u00e8ve par un inesp\u00e9r\u00e9 succ\u00e8s pour le HRC, m\u00eame si une nouvelle fois Dovizioso n&#039;a pas rejoint l&#039;arriv\u00e9e. Mais la premi\u00e8re place d&#039;une course ma\u00eetris\u00e9e de bout en bout de Micro Dani suffit \u00e0 l&#039;armada de Honda. Une victoire \u00e0 la Pedrosa en somme, peu dou\u00e9 pour se battre dans la meute, [&hellip;]\" \/>\n<meta name=\"twitter:image\" content=\"https:\/\/blogs.thesocialmedia.com\/leblogmoto\/files\/2012\/07\/6a00d83451b18369e2011570d3ce14970c-500wi.jpg\" \/>\n<meta name=\"twitter:label1\" content=\"\u00c9crit par\" \/>\n\t<meta name=\"twitter:data1\" content=\"benoit rieu\" \/>\n\t<meta name=\"twitter:label2\" content=\"Dur\u00e9e de lecture estim\u00e9e\" \/>\n\t<meta name=\"twitter:data2\" content=\"3 minutes\" \/>\n<script type=\"application\/ld+json\" class=\"yoast-schema-graph\">{\"@context\":\"https:\/\/schema.org\",\"@graph\":[{\"@type\":\"WebPage\",\"@id\":\"https:\/\/blogs.thesocialmedia.com\/leblogmoto\/2009\/07\/06\/une-eclaboussante-victoire-au-propre-comme-au-figure\/\",\"url\":\"https:\/\/blogs.thesocialmedia.com\/leblogmoto\/2009\/07\/06\/une-eclaboussante-victoire-au-propre-comme-au-figure\/\",\"name\":\"Eclaboussante victoire, au propre comme au figur\u00e9. - leblogmoto.com\",\"isPartOf\":{\"@id\":\"https:\/\/blogs.thesocialmedia.com\/leblogmoto\/#website\"},\"primaryImageOfPage\":{\"@id\":\"https:\/\/blogs.thesocialmedia.com\/leblogmoto\/2009\/07\/06\/une-eclaboussante-victoire-au-propre-comme-au-figure\/#primaryimage\"},\"image\":{\"@id\":\"https:\/\/blogs.thesocialmedia.com\/leblogmoto\/2009\/07\/06\/une-eclaboussante-victoire-au-propre-comme-au-figure\/#primaryimage\"},\"thumbnailUrl\":\"https:\/\/blogs.thesocialmedia.com\/leblogmoto\/files\/2012\/07\/6a00d83451b18369e2011570d3ce14970c-500wi.jpg\",\"datePublished\":\"2009-07-06T23:47:48+00:00\",\"dateModified\":\"2012-07-11T17:35:38+00:00\",\"author\":{\"@id\":\"https:\/\/blogs.thesocialmedia.com\/leblogmoto\/#\/schema\/person\/18bfe773e5725ed6d24f743da805362a\"},\"breadcrumb\":{\"@id\":\"https:\/\/blogs.thesocialmedia.com\/leblogmoto\/2009\/07\/06\/une-eclaboussante-victoire-au-propre-comme-au-figure\/#breadcrumb\"},\"inLanguage\":\"fr-FR\",\"potentialAction\":[{\"@type\":\"ReadAction\",\"target\":[\"https:\/\/blogs.thesocialmedia.com\/leblogmoto\/2009\/07\/06\/une-eclaboussante-victoire-au-propre-comme-au-figure\/\"]}]},{\"@type\":\"ImageObject\",\"inLanguage\":\"fr-FR\",\"@id\":\"https:\/\/blogs.thesocialmedia.com\/leblogmoto\/2009\/07\/06\/une-eclaboussante-victoire-au-propre-comme-au-figure\/#primaryimage\",\"url\":\"https:\/\/blogs.thesocialmedia.com\/leblogmoto\/files\/2012\/07\/6a00d83451b18369e2011570d3ce14970c-500wi.jpg\",\"contentUrl\":\"https:\/\/blogs.thesocialmedia.com\/leblogmoto\/files\/2012\/07\/6a00d83451b18369e2011570d3ce14970c-500wi.jpg\",\"width\":\"500\",\"height\":\"375\"},{\"@type\":\"BreadcrumbList\",\"@id\":\"https:\/\/blogs.thesocialmedia.com\/leblogmoto\/2009\/07\/06\/une-eclaboussante-victoire-au-propre-comme-au-figure\/#breadcrumb\",\"itemListElement\":[{\"@type\":\"ListItem\",\"position\":1,\"name\":\"Accueil\",\"item\":\"https:\/\/blogs.thesocialmedia.com\/leblogmoto\/\"},{\"@type\":\"ListItem\",\"position\":2,\"name\":\"Eclaboussante victoire, au propre comme au figur\u00e9.\"}]},{\"@type\":\"WebSite\",\"@id\":\"https:\/\/blogs.thesocialmedia.com\/leblogmoto\/#website\",\"url\":\"https:\/\/blogs.thesocialmedia.com\/leblogmoto\/\",\"name\":\"leblogmoto\",\"description\":\"Toute l&#039;actualit\u00e9 des 2 roues\",\"potentialAction\":[{\"@type\":\"SearchAction\",\"target\":{\"@type\":\"EntryPoint\",\"urlTemplate\":\"https:\/\/blogs.thesocialmedia.com\/leblogmoto\/?s={search_term_string}\"},\"query-input\":{\"@type\":\"PropertyValueSpecification\",\"valueRequired\":true,\"valueName\":\"search_term_string\"}}],\"inLanguage\":\"fr-FR\"},{\"@type\":\"Person\",\"@id\":\"https:\/\/blogs.thesocialmedia.com\/leblogmoto\/#\/schema\/person\/18bfe773e5725ed6d24f743da805362a\",\"name\":\"benoit rieu\",\"image\":{\"@type\":\"ImageObject\",\"inLanguage\":\"fr-FR\",\"@id\":\"https:\/\/blogs.thesocialmedia.com\/leblogmoto\/#\/schema\/person\/image\/\",\"url\":\"https:\/\/secure.gravatar.com\/avatar\/?s=96&d=mm&r=g\",\"contentUrl\":\"https:\/\/secure.gravatar.com\/avatar\/?s=96&d=mm&r=g\",\"caption\":\"benoit rieu\"},\"url\":\"https:\/\/blogs.thesocialmedia.com\/leblogmoto\/author\/benoit-rieu\/\"}]}<\/script>\n<!-- \/ Yoast SEO plugin. -->","yoast_head_json":{"title":"Eclaboussante victoire, au propre comme au figur\u00e9. - leblogmoto.com","robots":{"index":"index","follow":"follow","max-snippet":"max-snippet:-1","max-image-preview":"max-image-preview:large","max-video-preview":"max-video-preview:-1"},"canonical":"https:\/\/blogs.thesocialmedia.com\/leblogmoto\/2009\/07\/06\/une-eclaboussante-victoire-au-propre-comme-au-figure\/","twitter_card":"summary_large_image","twitter_title":"Eclaboussante victoire, au propre comme au figur\u00e9. - leblogmoto.com","twitter_description":"Le week-end californien s&#039;ach\u00e8ve par un inesp\u00e9r\u00e9 succ\u00e8s pour le HRC, m\u00eame si une nouvelle fois Dovizioso n&#039;a pas rejoint l&#039;arriv\u00e9e. Mais la premi\u00e8re place d&#039;une course ma\u00eetris\u00e9e de bout en bout de Micro Dani suffit \u00e0 l&#039;armada de Honda. Une victoire \u00e0 la Pedrosa en somme, peu dou\u00e9 pour se battre dans la meute, [&hellip;]","twitter_image":"https:\/\/blogs.thesocialmedia.com\/leblogmoto\/files\/2012\/07\/6a00d83451b18369e2011570d3ce14970c-500wi.jpg","twitter_misc":{"\u00c9crit par":"benoit rieu","Dur\u00e9e de lecture estim\u00e9e":"3 minutes"},"schema":{"@context":"https:\/\/schema.org","@graph":[{"@type":"WebPage","@id":"https:\/\/blogs.thesocialmedia.com\/leblogmoto\/2009\/07\/06\/une-eclaboussante-victoire-au-propre-comme-au-figure\/","url":"https:\/\/blogs.thesocialmedia.com\/leblogmoto\/2009\/07\/06\/une-eclaboussante-victoire-au-propre-comme-au-figure\/","name":"Eclaboussante victoire, au propre comme au figur\u00e9. - leblogmoto.com","isPartOf":{"@id":"https:\/\/blogs.thesocialmedia.com\/leblogmoto\/#website"},"primaryImageOfPage":{"@id":"https:\/\/blogs.thesocialmedia.com\/leblogmoto\/2009\/07\/06\/une-eclaboussante-victoire-au-propre-comme-au-figure\/#primaryimage"},"image":{"@id":"https:\/\/blogs.thesocialmedia.com\/leblogmoto\/2009\/07\/06\/une-eclaboussante-victoire-au-propre-comme-au-figure\/#primaryimage"},"thumbnailUrl":"https:\/\/blogs.thesocialmedia.com\/leblogmoto\/files\/2012\/07\/6a00d83451b18369e2011570d3ce14970c-500wi.jpg","datePublished":"2009-07-06T23:47:48+00:00","dateModified":"2012-07-11T17:35:38+00:00","author":{"@id":"https:\/\/blogs.thesocialmedia.com\/leblogmoto\/#\/schema\/person\/18bfe773e5725ed6d24f743da805362a"},"breadcrumb":{"@id":"https:\/\/blogs.thesocialmedia.com\/leblogmoto\/2009\/07\/06\/une-eclaboussante-victoire-au-propre-comme-au-figure\/#breadcrumb"},"inLanguage":"fr-FR","potentialAction":[{"@type":"ReadAction","target":["https:\/\/blogs.thesocialmedia.com\/leblogmoto\/2009\/07\/06\/une-eclaboussante-victoire-au-propre-comme-au-figure\/"]}]},{"@type":"ImageObject","inLanguage":"fr-FR","@id":"https:\/\/blogs.thesocialmedia.com\/leblogmoto\/2009\/07\/06\/une-eclaboussante-victoire-au-propre-comme-au-figure\/#primaryimage","url":"https:\/\/blogs.thesocialmedia.com\/leblogmoto\/files\/2012\/07\/6a00d83451b18369e2011570d3ce14970c-500wi.jpg","contentUrl":"https:\/\/blogs.thesocialmedia.com\/leblogmoto\/files\/2012\/07\/6a00d83451b18369e2011570d3ce14970c-500wi.jpg","width":"500","height":"375"},{"@type":"BreadcrumbList","@id":"https:\/\/blogs.thesocialmedia.com\/leblogmoto\/2009\/07\/06\/une-eclaboussante-victoire-au-propre-comme-au-figure\/#breadcrumb","itemListElement":[{"@type":"ListItem","position":1,"name":"Accueil","item":"https:\/\/blogs.thesocialmedia.com\/leblogmoto\/"},{"@type":"ListItem","position":2,"name":"Eclaboussante victoire, au propre comme au figur\u00e9."}]},{"@type":"WebSite","@id":"https:\/\/blogs.thesocialmedia.com\/leblogmoto\/#website","url":"https:\/\/blogs.thesocialmedia.com\/leblogmoto\/","name":"leblogmoto","description":"Toute l&#039;actualit\u00e9 des 2 roues","potentialAction":[{"@type":"SearchAction","target":{"@type":"EntryPoint","urlTemplate":"https:\/\/blogs.thesocialmedia.com\/leblogmoto\/?s={search_term_string}"},"query-input":{"@type":"PropertyValueSpecification","valueRequired":true,"valueName":"search_term_string"}}],"inLanguage":"fr-FR"},{"@type":"Person","@id":"https:\/\/blogs.thesocialmedia.com\/leblogmoto\/#\/schema\/person\/18bfe773e5725ed6d24f743da805362a","name":"benoit rieu","image":{"@type":"ImageObject","inLanguage":"fr-FR","@id":"https:\/\/blogs.thesocialmedia.com\/leblogmoto\/#\/schema\/person\/image\/","url":"https:\/\/secure.gravatar.com\/avatar\/?s=96&d=mm&r=g","contentUrl":"https:\/\/secure.gravatar.com\/avatar\/?s=96&d=mm&r=g","caption":"benoit rieu"},"url":"https:\/\/blogs.thesocialmedia.com\/leblogmoto\/author\/benoit-rieu\/"}]}},"_links":{"self":[{"href":"https:\/\/blogs.thesocialmedia.com\/leblogmoto\/wp-json\/wp\/v2\/posts\/76","targetHints":{"allow":["GET"]}}],"collection":[{"href":"https:\/\/blogs.thesocialmedia.com\/leblogmoto\/wp-json\/wp\/v2\/posts"}],"about":[{"href":"https:\/\/blogs.thesocialmedia.com\/leblogmoto\/wp-json\/wp\/v2\/types\/post"}],"author":[{"embeddable":true,"href":"https:\/\/blogs.thesocialmedia.com\/leblogmoto\/wp-json\/wp\/v2\/users\/324"}],"replies":[{"embeddable":true,"href":"https:\/\/blogs.thesocialmedia.com\/leblogmoto\/wp-json\/wp\/v2\/comments?post=76"}],"version-history":[{"count":2,"href":"https:\/\/blogs.thesocialmedia.com\/leblogmoto\/wp-json\/wp\/v2\/posts\/76\/revisions"}],"predecessor-version":[{"id":14013,"href":"https:\/\/blogs.thesocialmedia.com\/leblogmoto\/wp-json\/wp\/v2\/posts\/76\/revisions\/14013"}],"wp:featuredmedia":[{"embeddable":true,"href":"https:\/\/blogs.thesocialmedia.com\/leblogmoto\/wp-json\/wp\/v2\/media\/14011"}],"wp:attachment":[{"href":"https:\/\/blogs.thesocialmedia.com\/leblogmoto\/wp-json\/wp\/v2\/media?parent=76"}],"wp:term":[{"taxonomy":"category","embeddable":true,"href":"https:\/\/blogs.thesocialmedia.com\/leblogmoto\/wp-json\/wp\/v2\/categories?post=76"},{"taxonomy":"post_tag","embeddable":true,"href":"https:\/\/blogs.thesocialmedia.com\/leblogmoto\/wp-json\/wp\/v2\/tags?post=76"}],"curies":[{"name":"wp","href":"https:\/\/api.w.org\/{rel}","templated":true}]}}