{"id":760,"date":"2008-04-19T01:57:16","date_gmt":"2008-04-19T01:57:16","guid":{"rendered":"http:\/\/blogs.thesocialmedia.com\/leblogmoto\/2008\/04\/19\/vido-de-la-bmw\/"},"modified":"2012-07-11T15:38:54","modified_gmt":"2012-07-11T15:38:54","slug":"vido-de-la-bmw","status":"publish","type":"post","link":"https:\/\/blogs.thesocialmedia.com\/leblogmoto\/2008\/04\/19\/vido-de-la-bmw\/","title":{"rendered":"Vid\u00e9o de la BMW S 1000 RR"},"content":{"rendered":"<p><a href=\"http:\/\/blogs.thesocialmedia.com\/leblogmoto\/files\/2012\/07\/bmw_s_1000_rr_01.jpg\"><img loading=\"lazy\" decoding=\"async\" width=\"470\" height=\"266\"  alt=\"Bmw_s_1000_rr_01\" src=\"http:\/\/www.leblogmoto.com\/images\/2008\/04\/18\/bmw_s_1000_rr_01.jpg\" style=\"margin: 0px 5px 5px 0px;float: left\" \/><\/a>Avant m\u00eame de pr\u00e9senter la version de s\u00e9rie <a href=\"http:\/\/blogs.thesocialmedia.com\/leblogmoto\/files\/2012\/07\/le-mans-2008-bm.html_.png\">BMW Motorrad<\/a> nous a d\u00e9voil\u00e9 sa nouvelle et premi\u00e8re machine hypersport. Elle participera au championnat Superbike d\u00e8s le d\u00e9but de l&rsquo;ann\u00e9e&nbsp; 2009&#8230;<a href=\"http:\/\/clabedan.typepad.com\/.shared\/image.html?\/photos\/uncategorized\/2008\/04\/18\/bmw_s_1000_rr.jpg\"><br \/><\/a> <\/p>\n<p><a href=\"http:\/\/clabedan.typepad.com\/.shared\/image.html?\/photos\/uncategorized\/2008\/04\/18\/bmw_s_1000_rr.jpg\"><img loading=\"lazy\" decoding=\"async\" width=\"470\" height=\"348\"  src=\"http:\/\/www.leblogmoto.com\/images\/2008\/04\/18\/bmw_s_1000_rr.jpg\" alt=\"Bmw_s_1000_rr\" style=\"margin: 0px 5px 5px 0px;float: left\" \/><\/a> <\/p>\n<p>R\u00e9put\u00e9 pour fabriquer des motos routi\u00e8res fiables BMW Motorrad s&rsquo;attaque maintenant au domaine de l&rsquo;hypersportivit\u00e9. La surprise sur nouvelle cette machine est l&rsquo;abandon de la c\u00e9l\u00e8bre fourche Telelever et du moteur flat twin pour des solutions beaucoup plus japonaises&#8230; <\/p>\n<p><object width=\"475\" height=\"355\"><param name=\"movie\" value=\"http:\/\/www.youtube.com\/v\/SRF4FEII_TA&amp;hl=en\" \/><param name=\"wmode\" value=\"transparent\" \/><embed width=\"425\" height=\"355\" src=\"http:\/\/www.youtube.com\/v\/SRF4FEII_TA&amp;hl=en\" type=\"application\/x-shockwave-flash\"><\/embed><\/object><\/p>\n<p>BMW esp\u00e8re interesser une nouvelle client\u00e8le et pr\u00e9voit de commercialiser dans le monde en 2009 un millier d&rsquo;exemplaires de la version de s\u00e9rie.<\/p>\n","protected":false},"excerpt":{"rendered":"<p>Avant m\u00eame de pr\u00e9senter la version de s\u00e9rie BMW Motorrad nous a d\u00e9voil\u00e9 sa nouvelle et premi\u00e8re machine hypersport. Elle participera au championnat Superbike d\u00e8s le d\u00e9but de l&rsquo;ann\u00e9e&nbsp; 2009&#8230; R\u00e9put\u00e9 pour fabriquer des motos routi\u00e8res fiables BMW Motorrad s&rsquo;attaque maintenant au domaine de l&rsquo;hypersportivit\u00e9. La surprise sur nouvelle cette machine est l&rsquo;abandon de la [&hellip;]<\/p>\n","protected":false},"author":323,"featured_media":0,"comment_status":"open","ping_status":"open","sticky":false,"template":"","format":"standard","meta":{"footnotes":""},"categories":[7,32,12],"tags":[],"class_list":["post-760","post","type-post","status-publish","format-standard","hentry","category-bmw","category-sport-moto","category-videos"],"yoast_head":"<!-- This site is optimized with the Yoast SEO plugin v26.0 - https:\/\/yoast.com\/wordpress\/plugins\/seo\/ -->\n<title>Vid\u00e9o de la BMW S 1000 RR - leblogmoto.com<\/title>\n<meta name=\"robots\" content=\"index, follow, max-snippet:-1, max-image-preview:large, max-video-preview:-1\" \/>\n<link rel=\"canonical\" href=\"https:\/\/blogs.thesocialmedia.com\/leblogmoto\/2008\/04\/19\/vido-de-la-bmw\/\" \/>\n<meta name=\"twitter:card\" content=\"summary_large_image\" \/>\n<meta name=\"twitter:title\" content=\"Vid\u00e9o de la BMW S 1000 RR - leblogmoto.com\" \/>\n<meta name=\"twitter:description\" content=\"Avant m\u00eame de pr\u00e9senter la version de s\u00e9rie BMW Motorrad nous a d\u00e9voil\u00e9 sa nouvelle et premi\u00e8re machine hypersport. Elle participera au championnat Superbike d\u00e8s le d\u00e9but de l&rsquo;ann\u00e9e&nbsp; 2009&#8230; R\u00e9put\u00e9 pour fabriquer des motos routi\u00e8res fiables BMW Motorrad s&rsquo;attaque maintenant au domaine de l&rsquo;hypersportivit\u00e9. La surprise sur nouvelle cette machine est l&rsquo;abandon de la [&hellip;]\" \/>\n<meta name=\"twitter:image\" content=\"http:\/\/www.leblogmoto.com\/images\/2008\/04\/18\/bmw_s_1000_rr_01.jpg\" \/>\n<meta name=\"twitter:label1\" content=\"\u00c9crit par\" \/>\n\t<meta name=\"twitter:data1\" content=\"albin le guyader\" \/>\n\t<meta name=\"twitter:label2\" content=\"Dur\u00e9e de lecture estim\u00e9e\" \/>\n\t<meta name=\"twitter:data2\" content=\"1 minute\" \/>\n<script type=\"application\/ld+json\" class=\"yoast-schema-graph\">{\"@context\":\"https:\/\/schema.org\",\"@graph\":[{\"@type\":\"WebPage\",\"@id\":\"https:\/\/blogs.thesocialmedia.com\/leblogmoto\/2008\/04\/19\/vido-de-la-bmw\/\",\"url\":\"https:\/\/blogs.thesocialmedia.com\/leblogmoto\/2008\/04\/19\/vido-de-la-bmw\/\",\"name\":\"Vid\u00e9o de la BMW S 1000 RR - leblogmoto.com\",\"isPartOf\":{\"@id\":\"https:\/\/blogs.thesocialmedia.com\/leblogmoto\/#website\"},\"primaryImageOfPage\":{\"@id\":\"https:\/\/blogs.thesocialmedia.com\/leblogmoto\/2008\/04\/19\/vido-de-la-bmw\/#primaryimage\"},\"image\":{\"@id\":\"https:\/\/blogs.thesocialmedia.com\/leblogmoto\/2008\/04\/19\/vido-de-la-bmw\/#primaryimage\"},\"thumbnailUrl\":\"http:\/\/www.leblogmoto.com\/images\/2008\/04\/18\/bmw_s_1000_rr_01.jpg\",\"datePublished\":\"2008-04-19T01:57:16+00:00\",\"dateModified\":\"2012-07-11T15:38:54+00:00\",\"author\":{\"@id\":\"https:\/\/blogs.thesocialmedia.com\/leblogmoto\/#\/schema\/person\/b496d27c898c29a39678e2425cafb9ae\"},\"breadcrumb\":{\"@id\":\"https:\/\/blogs.thesocialmedia.com\/leblogmoto\/2008\/04\/19\/vido-de-la-bmw\/#breadcrumb\"},\"inLanguage\":\"fr-FR\",\"potentialAction\":[{\"@type\":\"ReadAction\",\"target\":[\"https:\/\/blogs.thesocialmedia.com\/leblogmoto\/2008\/04\/19\/vido-de-la-bmw\/\"]}]},{\"@type\":\"ImageObject\",\"inLanguage\":\"fr-FR\",\"@id\":\"https:\/\/blogs.thesocialmedia.com\/leblogmoto\/2008\/04\/19\/vido-de-la-bmw\/#primaryimage\",\"url\":\"http:\/\/www.leblogmoto.com\/images\/2008\/04\/18\/bmw_s_1000_rr_01.jpg\",\"contentUrl\":\"http:\/\/www.leblogmoto.com\/images\/2008\/04\/18\/bmw_s_1000_rr_01.jpg\"},{\"@type\":\"BreadcrumbList\",\"@id\":\"https:\/\/blogs.thesocialmedia.com\/leblogmoto\/2008\/04\/19\/vido-de-la-bmw\/#breadcrumb\",\"itemListElement\":[{\"@type\":\"ListItem\",\"position\":1,\"name\":\"Accueil\",\"item\":\"https:\/\/blogs.thesocialmedia.com\/leblogmoto\/\"},{\"@type\":\"ListItem\",\"position\":2,\"name\":\"Vid\u00e9o de la BMW S 1000 RR\"}]},{\"@type\":\"WebSite\",\"@id\":\"https:\/\/blogs.thesocialmedia.com\/leblogmoto\/#website\",\"url\":\"https:\/\/blogs.thesocialmedia.com\/leblogmoto\/\",\"name\":\"leblogmoto\",\"description\":\"Toute l&#039;actualit\u00e9 des 2 roues\",\"potentialAction\":[{\"@type\":\"SearchAction\",\"target\":{\"@type\":\"EntryPoint\",\"urlTemplate\":\"https:\/\/blogs.thesocialmedia.com\/leblogmoto\/?s={search_term_string}\"},\"query-input\":{\"@type\":\"PropertyValueSpecification\",\"valueRequired\":true,\"valueName\":\"search_term_string\"}}],\"inLanguage\":\"fr-FR\"},{\"@type\":\"Person\",\"@id\":\"https:\/\/blogs.thesocialmedia.com\/leblogmoto\/#\/schema\/person\/b496d27c898c29a39678e2425cafb9ae\",\"name\":\"albin le guyader\",\"image\":{\"@type\":\"ImageObject\",\"inLanguage\":\"fr-FR\",\"@id\":\"https:\/\/blogs.thesocialmedia.com\/leblogmoto\/#\/schema\/person\/image\/\",\"url\":\"https:\/\/secure.gravatar.com\/avatar\/?s=96&d=mm&r=g\",\"contentUrl\":\"https:\/\/secure.gravatar.com\/avatar\/?s=96&d=mm&r=g\",\"caption\":\"albin le guyader\"},\"url\":\"https:\/\/blogs.thesocialmedia.com\/leblogmoto\/author\/albin-le-guyader\/\"}]}<\/script>\n<!-- \/ Yoast SEO plugin. -->","yoast_head_json":{"title":"Vid\u00e9o de la BMW S 1000 RR - leblogmoto.com","robots":{"index":"index","follow":"follow","max-snippet":"max-snippet:-1","max-image-preview":"max-image-preview:large","max-video-preview":"max-video-preview:-1"},"canonical":"https:\/\/blogs.thesocialmedia.com\/leblogmoto\/2008\/04\/19\/vido-de-la-bmw\/","twitter_card":"summary_large_image","twitter_title":"Vid\u00e9o de la BMW S 1000 RR - leblogmoto.com","twitter_description":"Avant m\u00eame de pr\u00e9senter la version de s\u00e9rie BMW Motorrad nous a d\u00e9voil\u00e9 sa nouvelle et premi\u00e8re machine hypersport. Elle participera au championnat Superbike d\u00e8s le d\u00e9but de l&rsquo;ann\u00e9e&nbsp; 2009&#8230; R\u00e9put\u00e9 pour fabriquer des motos routi\u00e8res fiables BMW Motorrad s&rsquo;attaque maintenant au domaine de l&rsquo;hypersportivit\u00e9. La surprise sur nouvelle cette machine est l&rsquo;abandon de la [&hellip;]","twitter_image":"http:\/\/www.leblogmoto.com\/images\/2008\/04\/18\/bmw_s_1000_rr_01.jpg","twitter_misc":{"\u00c9crit par":"albin le guyader","Dur\u00e9e de lecture estim\u00e9e":"1 minute"},"schema":{"@context":"https:\/\/schema.org","@graph":[{"@type":"WebPage","@id":"https:\/\/blogs.thesocialmedia.com\/leblogmoto\/2008\/04\/19\/vido-de-la-bmw\/","url":"https:\/\/blogs.thesocialmedia.com\/leblogmoto\/2008\/04\/19\/vido-de-la-bmw\/","name":"Vid\u00e9o de la BMW S 1000 RR - leblogmoto.com","isPartOf":{"@id":"https:\/\/blogs.thesocialmedia.com\/leblogmoto\/#website"},"primaryImageOfPage":{"@id":"https:\/\/blogs.thesocialmedia.com\/leblogmoto\/2008\/04\/19\/vido-de-la-bmw\/#primaryimage"},"image":{"@id":"https:\/\/blogs.thesocialmedia.com\/leblogmoto\/2008\/04\/19\/vido-de-la-bmw\/#primaryimage"},"thumbnailUrl":"http:\/\/www.leblogmoto.com\/images\/2008\/04\/18\/bmw_s_1000_rr_01.jpg","datePublished":"2008-04-19T01:57:16+00:00","dateModified":"2012-07-11T15:38:54+00:00","author":{"@id":"https:\/\/blogs.thesocialmedia.com\/leblogmoto\/#\/schema\/person\/b496d27c898c29a39678e2425cafb9ae"},"breadcrumb":{"@id":"https:\/\/blogs.thesocialmedia.com\/leblogmoto\/2008\/04\/19\/vido-de-la-bmw\/#breadcrumb"},"inLanguage":"fr-FR","potentialAction":[{"@type":"ReadAction","target":["https:\/\/blogs.thesocialmedia.com\/leblogmoto\/2008\/04\/19\/vido-de-la-bmw\/"]}]},{"@type":"ImageObject","inLanguage":"fr-FR","@id":"https:\/\/blogs.thesocialmedia.com\/leblogmoto\/2008\/04\/19\/vido-de-la-bmw\/#primaryimage","url":"http:\/\/www.leblogmoto.com\/images\/2008\/04\/18\/bmw_s_1000_rr_01.jpg","contentUrl":"http:\/\/www.leblogmoto.com\/images\/2008\/04\/18\/bmw_s_1000_rr_01.jpg"},{"@type":"BreadcrumbList","@id":"https:\/\/blogs.thesocialmedia.com\/leblogmoto\/2008\/04\/19\/vido-de-la-bmw\/#breadcrumb","itemListElement":[{"@type":"ListItem","position":1,"name":"Accueil","item":"https:\/\/blogs.thesocialmedia.com\/leblogmoto\/"},{"@type":"ListItem","position":2,"name":"Vid\u00e9o de la BMW S 1000 RR"}]},{"@type":"WebSite","@id":"https:\/\/blogs.thesocialmedia.com\/leblogmoto\/#website","url":"https:\/\/blogs.thesocialmedia.com\/leblogmoto\/","name":"leblogmoto","description":"Toute l&#039;actualit\u00e9 des 2 roues","potentialAction":[{"@type":"SearchAction","target":{"@type":"EntryPoint","urlTemplate":"https:\/\/blogs.thesocialmedia.com\/leblogmoto\/?s={search_term_string}"},"query-input":{"@type":"PropertyValueSpecification","valueRequired":true,"valueName":"search_term_string"}}],"inLanguage":"fr-FR"},{"@type":"Person","@id":"https:\/\/blogs.thesocialmedia.com\/leblogmoto\/#\/schema\/person\/b496d27c898c29a39678e2425cafb9ae","name":"albin le guyader","image":{"@type":"ImageObject","inLanguage":"fr-FR","@id":"https:\/\/blogs.thesocialmedia.com\/leblogmoto\/#\/schema\/person\/image\/","url":"https:\/\/secure.gravatar.com\/avatar\/?s=96&d=mm&r=g","contentUrl":"https:\/\/secure.gravatar.com\/avatar\/?s=96&d=mm&r=g","caption":"albin le guyader"},"url":"https:\/\/blogs.thesocialmedia.com\/leblogmoto\/author\/albin-le-guyader\/"}]}},"_links":{"self":[{"href":"https:\/\/blogs.thesocialmedia.com\/leblogmoto\/wp-json\/wp\/v2\/posts\/760","targetHints":{"allow":["GET"]}}],"collection":[{"href":"https:\/\/blogs.thesocialmedia.com\/leblogmoto\/wp-json\/wp\/v2\/posts"}],"about":[{"href":"https:\/\/blogs.thesocialmedia.com\/leblogmoto\/wp-json\/wp\/v2\/types\/post"}],"author":[{"embeddable":true,"href":"https:\/\/blogs.thesocialmedia.com\/leblogmoto\/wp-json\/wp\/v2\/users\/323"}],"replies":[{"embeddable":true,"href":"https:\/\/blogs.thesocialmedia.com\/leblogmoto\/wp-json\/wp\/v2\/comments?post=760"}],"version-history":[{"count":2,"href":"https:\/\/blogs.thesocialmedia.com\/leblogmoto\/wp-json\/wp\/v2\/posts\/760\/revisions"}],"predecessor-version":[{"id":10481,"href":"https:\/\/blogs.thesocialmedia.com\/leblogmoto\/wp-json\/wp\/v2\/posts\/760\/revisions\/10481"}],"wp:attachment":[{"href":"https:\/\/blogs.thesocialmedia.com\/leblogmoto\/wp-json\/wp\/v2\/media?parent=760"}],"wp:term":[{"taxonomy":"category","embeddable":true,"href":"https:\/\/blogs.thesocialmedia.com\/leblogmoto\/wp-json\/wp\/v2\/categories?post=760"},{"taxonomy":"post_tag","embeddable":true,"href":"https:\/\/blogs.thesocialmedia.com\/leblogmoto\/wp-json\/wp\/v2\/tags?post=760"}],"curies":[{"name":"wp","href":"https:\/\/api.w.org\/{rel}","templated":true}]}}