{"id":761,"date":"2008-04-18T23:30:52","date_gmt":"2008-04-18T23:30:52","guid":{"rendered":"http:\/\/blogs.thesocialmedia.com\/leblogmoto\/2008\/04\/18\/que-cette-place\/"},"modified":"2012-07-11T15:38:52","modified_gmt":"2012-07-11T15:38:52","slug":"que-cette-place","status":"publish","type":"post","link":"https:\/\/blogs.thesocialmedia.com\/leblogmoto\/2008\/04\/18\/que-cette-place\/","title":{"rendered":"Que cette place ne vous soit pas r\u00e9serv\u00e9e&#8230;"},"content":{"rendered":"<p><a href=\"http:\/\/blogs.thesocialmedia.com\/leblogmoto\/files\/2012\/07\/moto_scurit_parking_lot.jpg\"><img loading=\"lazy\" decoding=\"async\" height=\"334\" alt=\"Moto_scurit_parking_lot\" src=\"http:\/\/www.leblogmoto.com\/images\/2008\/04\/18\/moto_scurit_parking_lot.jpg\" width=\"470\"  \/><\/a> <\/p>\n<p>C&rsquo;est le voeux que nous formulons tous au Blog Moto pour nos lecteurs motards, scooteristes, quadistes, et au del\u00e0 pour tous les usagers de la route, quel que soit leur v\u00e9hicule de pr\u00e9dilection. Intelligente campagne de pub trouv\u00e9e lors de p\u00e9r\u00e9grinations sur le net cette semaine. Un excellent rappel* en image et tout en sous-entendu, \u00e0 l&rsquo;or\u00e9e de ce week-end de vacances charg\u00e9. Une pens\u00e9e aussi pour les familles des deux <a href=\"http:\/\/www.lexpress.fr\/info\/quotidien\/actu.asp?id=470121\">jeunes motards de la Police nationale d\u00e9c\u00e9d\u00e9s<\/a> ce matin. L\u00e0 encore, la faute \u00e0 un <em>drunk driver<\/em> (conducteur soul), alors qu&rsquo;ils \u00e9taient des motards ordinaires**. <\/p>\n<p><em>*j&rsquo;\u00e9vite pour aujourd&rsquo;hui, la pol\u00e9mique au sujet des arbres, et en particulier des platanes, et l&rsquo;\u00e9largissement des &quot;zones de r\u00e9cup\u00e9ration&quot;, mais on y reviendra.<\/em><\/p>\n<p><em>**ils n&rsquo;\u00e9taient pas en service lors de cette trag\u00e9die, et se rendaient \u00e0 leur travail. J&rsquo;ajoute que leur perte aurait \u00e9t\u00e9 tout aussi terrible s&rsquo;ils avaient \u00e9t\u00e9 fauch\u00e9s sous l&rsquo;uniforme.<\/em><\/p>\n","protected":false},"excerpt":{"rendered":"<p>C&rsquo;est le voeux que nous formulons tous au Blog Moto pour nos lecteurs motards, scooteristes, quadistes, et au del\u00e0 pour tous les usagers de la route, quel que soit leur v\u00e9hicule de pr\u00e9dilection. Intelligente campagne de pub trouv\u00e9e lors de p\u00e9r\u00e9grinations sur le net cette semaine. Un excellent rappel* en image et tout en sous-entendu, [&hellip;]<\/p>\n","protected":false},"author":324,"featured_media":0,"comment_status":"open","ping_status":"open","sticky":false,"template":"","format":"standard","meta":{"footnotes":""},"categories":[3,27],"tags":[],"class_list":["post-761","post","type-post","status-publish","format-standard","hentry","category-actualite","category-securite"],"yoast_head":"<!-- This site is optimized with the Yoast SEO plugin v26.0 - https:\/\/yoast.com\/wordpress\/plugins\/seo\/ -->\n<title>Que cette place ne vous soit pas r\u00e9serv\u00e9e... - leblogmoto.com<\/title>\n<meta name=\"robots\" content=\"index, follow, max-snippet:-1, max-image-preview:large, max-video-preview:-1\" \/>\n<link rel=\"canonical\" href=\"https:\/\/blogs.thesocialmedia.com\/leblogmoto\/2008\/04\/18\/que-cette-place\/\" \/>\n<meta name=\"twitter:card\" content=\"summary_large_image\" \/>\n<meta name=\"twitter:title\" content=\"Que cette place ne vous soit pas r\u00e9serv\u00e9e... - leblogmoto.com\" \/>\n<meta name=\"twitter:description\" content=\"C&rsquo;est le voeux que nous formulons tous au Blog Moto pour nos lecteurs motards, scooteristes, quadistes, et au del\u00e0 pour tous les usagers de la route, quel que soit leur v\u00e9hicule de pr\u00e9dilection. Intelligente campagne de pub trouv\u00e9e lors de p\u00e9r\u00e9grinations sur le net cette semaine. Un excellent rappel* en image et tout en sous-entendu, [&hellip;]\" \/>\n<meta name=\"twitter:image\" content=\"http:\/\/www.leblogmoto.com\/images\/2008\/04\/18\/moto_scurit_parking_lot.jpg\" \/>\n<meta name=\"twitter:label1\" content=\"\u00c9crit par\" \/>\n\t<meta name=\"twitter:data1\" content=\"benoit rieu\" \/>\n\t<meta name=\"twitter:label2\" content=\"Dur\u00e9e de lecture estim\u00e9e\" \/>\n\t<meta name=\"twitter:data2\" content=\"1 minute\" \/>\n<script type=\"application\/ld+json\" class=\"yoast-schema-graph\">{\"@context\":\"https:\/\/schema.org\",\"@graph\":[{\"@type\":\"WebPage\",\"@id\":\"https:\/\/blogs.thesocialmedia.com\/leblogmoto\/2008\/04\/18\/que-cette-place\/\",\"url\":\"https:\/\/blogs.thesocialmedia.com\/leblogmoto\/2008\/04\/18\/que-cette-place\/\",\"name\":\"Que cette place ne vous soit pas r\u00e9serv\u00e9e... - leblogmoto.com\",\"isPartOf\":{\"@id\":\"https:\/\/blogs.thesocialmedia.com\/leblogmoto\/#website\"},\"primaryImageOfPage\":{\"@id\":\"https:\/\/blogs.thesocialmedia.com\/leblogmoto\/2008\/04\/18\/que-cette-place\/#primaryimage\"},\"image\":{\"@id\":\"https:\/\/blogs.thesocialmedia.com\/leblogmoto\/2008\/04\/18\/que-cette-place\/#primaryimage\"},\"thumbnailUrl\":\"http:\/\/www.leblogmoto.com\/images\/2008\/04\/18\/moto_scurit_parking_lot.jpg\",\"datePublished\":\"2008-04-18T23:30:52+00:00\",\"dateModified\":\"2012-07-11T15:38:52+00:00\",\"author\":{\"@id\":\"https:\/\/blogs.thesocialmedia.com\/leblogmoto\/#\/schema\/person\/18bfe773e5725ed6d24f743da805362a\"},\"breadcrumb\":{\"@id\":\"https:\/\/blogs.thesocialmedia.com\/leblogmoto\/2008\/04\/18\/que-cette-place\/#breadcrumb\"},\"inLanguage\":\"fr-FR\",\"potentialAction\":[{\"@type\":\"ReadAction\",\"target\":[\"https:\/\/blogs.thesocialmedia.com\/leblogmoto\/2008\/04\/18\/que-cette-place\/\"]}]},{\"@type\":\"ImageObject\",\"inLanguage\":\"fr-FR\",\"@id\":\"https:\/\/blogs.thesocialmedia.com\/leblogmoto\/2008\/04\/18\/que-cette-place\/#primaryimage\",\"url\":\"http:\/\/www.leblogmoto.com\/images\/2008\/04\/18\/moto_scurit_parking_lot.jpg\",\"contentUrl\":\"http:\/\/www.leblogmoto.com\/images\/2008\/04\/18\/moto_scurit_parking_lot.jpg\"},{\"@type\":\"BreadcrumbList\",\"@id\":\"https:\/\/blogs.thesocialmedia.com\/leblogmoto\/2008\/04\/18\/que-cette-place\/#breadcrumb\",\"itemListElement\":[{\"@type\":\"ListItem\",\"position\":1,\"name\":\"Accueil\",\"item\":\"https:\/\/blogs.thesocialmedia.com\/leblogmoto\/\"},{\"@type\":\"ListItem\",\"position\":2,\"name\":\"Que cette place ne vous soit pas r\u00e9serv\u00e9e&#8230;\"}]},{\"@type\":\"WebSite\",\"@id\":\"https:\/\/blogs.thesocialmedia.com\/leblogmoto\/#website\",\"url\":\"https:\/\/blogs.thesocialmedia.com\/leblogmoto\/\",\"name\":\"leblogmoto\",\"description\":\"Toute l&#039;actualit\u00e9 des 2 roues\",\"potentialAction\":[{\"@type\":\"SearchAction\",\"target\":{\"@type\":\"EntryPoint\",\"urlTemplate\":\"https:\/\/blogs.thesocialmedia.com\/leblogmoto\/?s={search_term_string}\"},\"query-input\":{\"@type\":\"PropertyValueSpecification\",\"valueRequired\":true,\"valueName\":\"search_term_string\"}}],\"inLanguage\":\"fr-FR\"},{\"@type\":\"Person\",\"@id\":\"https:\/\/blogs.thesocialmedia.com\/leblogmoto\/#\/schema\/person\/18bfe773e5725ed6d24f743da805362a\",\"name\":\"benoit rieu\",\"image\":{\"@type\":\"ImageObject\",\"inLanguage\":\"fr-FR\",\"@id\":\"https:\/\/blogs.thesocialmedia.com\/leblogmoto\/#\/schema\/person\/image\/\",\"url\":\"https:\/\/secure.gravatar.com\/avatar\/?s=96&d=mm&r=g\",\"contentUrl\":\"https:\/\/secure.gravatar.com\/avatar\/?s=96&d=mm&r=g\",\"caption\":\"benoit rieu\"},\"url\":\"https:\/\/blogs.thesocialmedia.com\/leblogmoto\/author\/benoit-rieu\/\"}]}<\/script>\n<!-- \/ Yoast SEO plugin. -->","yoast_head_json":{"title":"Que cette place ne vous soit pas r\u00e9serv\u00e9e... - leblogmoto.com","robots":{"index":"index","follow":"follow","max-snippet":"max-snippet:-1","max-image-preview":"max-image-preview:large","max-video-preview":"max-video-preview:-1"},"canonical":"https:\/\/blogs.thesocialmedia.com\/leblogmoto\/2008\/04\/18\/que-cette-place\/","twitter_card":"summary_large_image","twitter_title":"Que cette place ne vous soit pas r\u00e9serv\u00e9e... - leblogmoto.com","twitter_description":"C&rsquo;est le voeux que nous formulons tous au Blog Moto pour nos lecteurs motards, scooteristes, quadistes, et au del\u00e0 pour tous les usagers de la route, quel que soit leur v\u00e9hicule de pr\u00e9dilection. Intelligente campagne de pub trouv\u00e9e lors de p\u00e9r\u00e9grinations sur le net cette semaine. Un excellent rappel* en image et tout en sous-entendu, [&hellip;]","twitter_image":"http:\/\/www.leblogmoto.com\/images\/2008\/04\/18\/moto_scurit_parking_lot.jpg","twitter_misc":{"\u00c9crit par":"benoit rieu","Dur\u00e9e de lecture estim\u00e9e":"1 minute"},"schema":{"@context":"https:\/\/schema.org","@graph":[{"@type":"WebPage","@id":"https:\/\/blogs.thesocialmedia.com\/leblogmoto\/2008\/04\/18\/que-cette-place\/","url":"https:\/\/blogs.thesocialmedia.com\/leblogmoto\/2008\/04\/18\/que-cette-place\/","name":"Que cette place ne vous soit pas r\u00e9serv\u00e9e... - leblogmoto.com","isPartOf":{"@id":"https:\/\/blogs.thesocialmedia.com\/leblogmoto\/#website"},"primaryImageOfPage":{"@id":"https:\/\/blogs.thesocialmedia.com\/leblogmoto\/2008\/04\/18\/que-cette-place\/#primaryimage"},"image":{"@id":"https:\/\/blogs.thesocialmedia.com\/leblogmoto\/2008\/04\/18\/que-cette-place\/#primaryimage"},"thumbnailUrl":"http:\/\/www.leblogmoto.com\/images\/2008\/04\/18\/moto_scurit_parking_lot.jpg","datePublished":"2008-04-18T23:30:52+00:00","dateModified":"2012-07-11T15:38:52+00:00","author":{"@id":"https:\/\/blogs.thesocialmedia.com\/leblogmoto\/#\/schema\/person\/18bfe773e5725ed6d24f743da805362a"},"breadcrumb":{"@id":"https:\/\/blogs.thesocialmedia.com\/leblogmoto\/2008\/04\/18\/que-cette-place\/#breadcrumb"},"inLanguage":"fr-FR","potentialAction":[{"@type":"ReadAction","target":["https:\/\/blogs.thesocialmedia.com\/leblogmoto\/2008\/04\/18\/que-cette-place\/"]}]},{"@type":"ImageObject","inLanguage":"fr-FR","@id":"https:\/\/blogs.thesocialmedia.com\/leblogmoto\/2008\/04\/18\/que-cette-place\/#primaryimage","url":"http:\/\/www.leblogmoto.com\/images\/2008\/04\/18\/moto_scurit_parking_lot.jpg","contentUrl":"http:\/\/www.leblogmoto.com\/images\/2008\/04\/18\/moto_scurit_parking_lot.jpg"},{"@type":"BreadcrumbList","@id":"https:\/\/blogs.thesocialmedia.com\/leblogmoto\/2008\/04\/18\/que-cette-place\/#breadcrumb","itemListElement":[{"@type":"ListItem","position":1,"name":"Accueil","item":"https:\/\/blogs.thesocialmedia.com\/leblogmoto\/"},{"@type":"ListItem","position":2,"name":"Que cette place ne vous soit pas r\u00e9serv\u00e9e&#8230;"}]},{"@type":"WebSite","@id":"https:\/\/blogs.thesocialmedia.com\/leblogmoto\/#website","url":"https:\/\/blogs.thesocialmedia.com\/leblogmoto\/","name":"leblogmoto","description":"Toute l&#039;actualit\u00e9 des 2 roues","potentialAction":[{"@type":"SearchAction","target":{"@type":"EntryPoint","urlTemplate":"https:\/\/blogs.thesocialmedia.com\/leblogmoto\/?s={search_term_string}"},"query-input":{"@type":"PropertyValueSpecification","valueRequired":true,"valueName":"search_term_string"}}],"inLanguage":"fr-FR"},{"@type":"Person","@id":"https:\/\/blogs.thesocialmedia.com\/leblogmoto\/#\/schema\/person\/18bfe773e5725ed6d24f743da805362a","name":"benoit rieu","image":{"@type":"ImageObject","inLanguage":"fr-FR","@id":"https:\/\/blogs.thesocialmedia.com\/leblogmoto\/#\/schema\/person\/image\/","url":"https:\/\/secure.gravatar.com\/avatar\/?s=96&d=mm&r=g","contentUrl":"https:\/\/secure.gravatar.com\/avatar\/?s=96&d=mm&r=g","caption":"benoit rieu"},"url":"https:\/\/blogs.thesocialmedia.com\/leblogmoto\/author\/benoit-rieu\/"}]}},"_links":{"self":[{"href":"https:\/\/blogs.thesocialmedia.com\/leblogmoto\/wp-json\/wp\/v2\/posts\/761","targetHints":{"allow":["GET"]}}],"collection":[{"href":"https:\/\/blogs.thesocialmedia.com\/leblogmoto\/wp-json\/wp\/v2\/posts"}],"about":[{"href":"https:\/\/blogs.thesocialmedia.com\/leblogmoto\/wp-json\/wp\/v2\/types\/post"}],"author":[{"embeddable":true,"href":"https:\/\/blogs.thesocialmedia.com\/leblogmoto\/wp-json\/wp\/v2\/users\/324"}],"replies":[{"embeddable":true,"href":"https:\/\/blogs.thesocialmedia.com\/leblogmoto\/wp-json\/wp\/v2\/comments?post=761"}],"version-history":[{"count":2,"href":"https:\/\/blogs.thesocialmedia.com\/leblogmoto\/wp-json\/wp\/v2\/posts\/761\/revisions"}],"predecessor-version":[{"id":10479,"href":"https:\/\/blogs.thesocialmedia.com\/leblogmoto\/wp-json\/wp\/v2\/posts\/761\/revisions\/10479"}],"wp:attachment":[{"href":"https:\/\/blogs.thesocialmedia.com\/leblogmoto\/wp-json\/wp\/v2\/media?parent=761"}],"wp:term":[{"taxonomy":"category","embeddable":true,"href":"https:\/\/blogs.thesocialmedia.com\/leblogmoto\/wp-json\/wp\/v2\/categories?post=761"},{"taxonomy":"post_tag","embeddable":true,"href":"https:\/\/blogs.thesocialmedia.com\/leblogmoto\/wp-json\/wp\/v2\/tags?post=761"}],"curies":[{"name":"wp","href":"https:\/\/api.w.org\/{rel}","templated":true}]}}