{"id":764,"date":"2008-04-18T21:58:05","date_gmt":"2008-04-18T21:58:05","guid":{"rendered":"http:\/\/blogs.thesocialmedia.com\/leblogmoto\/2008\/04\/18\/pole-position-p\/"},"modified":"2012-07-11T15:38:39","modified_gmt":"2012-07-11T15:38:39","slug":"pole-position-p","status":"publish","type":"post","link":"https:\/\/blogs.thesocialmedia.com\/leblogmoto\/2008\/04\/18\/pole-position-p\/","title":{"rendered":"Pole Position pour la Suzuki num\u00e9ro 1 du SERT"},"content":{"rendered":"<p><a href=\"http:\/\/blogs.thesocialmedia.com\/leblogmoto\/files\/2012\/07\/sert_pole.jpg\"><img loading=\"lazy\" decoding=\"async\" width=\"470\" height=\"538\"  alt=\"Sert_pole\" src=\"http:\/\/www.leblogmoto.com\/images\/2008\/04\/18\/sert_pole.jpg\" style=\"margin: 0px 5px 5px 0px;float: left\" \/><\/a><span class=\"ChapoArticle\">La machine num\u00e9ro 1 du Suzuki Endurance Racing Team, victorieuse de l&rsquo;\u00e9dition 2007 et pilot\u00e9e par <\/span><span class=\"ChapoArticle\">Vincent Philippe, Mathieu Lagrive et Julien Da Costa, <\/span><span class=\"ChapoArticle\">partira en pole position demain \u00e0 15h&#8230;<br \/><\/span><\/p>\n<div style=\"width: 480px;text-align: center\"><embed width=\"480\" height=\"360\" type=\"application\/x-shockwave-flash\" src=\"http:\/\/w248.photobucket.com\/pbwidget.swf?pbwurl=http:\/\/w248.photobucket.com\/albums\/gg180\/ebipbip\/Suzuki Endurance Racing Team\/0f765615.pbw\"><\/embed><a href=\"http:\/\/s248.photobucket.com\/albums\/gg180\/ebipbip\/Suzuki%20Endurance%20Racing%20Team\/?action=view&amp;current=0f765615.pbw\" target=\"_blank\"><br \/><\/a><\/div>\n<div><object width=\"480\" height=\"357\"><param name=\"movie\" value=\"http:\/\/www.dailymotion.com\/swf\/x547gg&amp;v3=1&amp;related=1\" \/><param name=\"allowFullScreen\" value=\"true\" \/><param name=\"allowScriptAccess\" value=\"always\" \/><embed width=\"480\" height=\"357\" src=\"http:\/\/www.dailymotion.com\/swf\/x547gg&amp;v3=1&amp;related=1\" type=\"application\/x-shockwave-flash\"><\/embed><\/object><br \/><strong><a href=\"http:\/\/www.dailymotion.com\/video\/x547gg_suzuki-endurance-racing-team-stand_auto\"><br \/><\/a><\/strong><em>&nbsp;<\/em><\/div>\n<div><object width=\"480\" height=\"357\"><param value=\"http:\/\/www.dailymotion.com\/swf\/x547iy&amp;v3=1&amp;related=1\" name=\"movie\" \/><param value=\"true\" name=\"allowFullScreen\" \/><param value=\"always\" name=\"allowScriptAccess\" \/><embed width=\"480\" height=\"357\" type=\"application\/x-shockwave-flash\" src=\"http:\/\/www.dailymotion.com\/swf\/x547iy&amp;v3=1&amp;related=1\"><\/embed><\/object><\/p>\n<p><em>&nbsp;<\/em><\/div>\n<p>D\u00e9j\u00e0 la plus rapide \u00e0 l&rsquo;issue des essais de jeudi soir la num\u00e9ro 1 est une des grandes favorites. Elle s&rsquo;\u00e9lancera devant la <a href=\"http:\/\/www.leblogmoto.com\/2008\/04\/24-heures-du--1.html\">Yamaha du team GMT 94<\/a> et&nbsp; la num\u00e9ro 11 du Team Kawasaki France&#8230;<\/p>\n<div><object width=\"480\" height=\"357\"><param name=\"movie\" value=\"http:\/\/www.dailymotion.com\/swf\/x547lf&amp;v3=1&amp;related=1\" \/><param name=\"allowFullScreen\" value=\"true\" \/><param name=\"allowScriptAccess\" value=\"always\" \/><embed width=\"480\" height=\"357\" src=\"http:\/\/www.dailymotion.com\/swf\/x547lf&amp;v3=1&amp;related=1\" type=\"application\/x-shockwave-flash\"><\/embed><\/object><br \/><strong>&nbsp;<\/strong><em><a href=\"http:\/\/www.dailymotion.com\/Quart2Tours\"><br \/><\/a><\/em><\/div>\n<div><object width=\"480\" height=\"357\"><param value=\"http:\/\/www.dailymotion.com\/swf\/x547ky&amp;v3=1&amp;related=1\" name=\"movie\" \/><param value=\"true\" name=\"allowFullScreen\" \/><param value=\"always\" name=\"allowScriptAccess\" \/><embed width=\"480\" height=\"357\" type=\"application\/x-shockwave-flash\" src=\"http:\/\/www.dailymotion.com\/swf\/x547ky&amp;v3=1&amp;related=1\"><\/embed><\/object><br \/><strong>&nbsp;<\/strong><em><a href=\"http:\/\/www.dailymotion.com\/Quart2Tours\"><br \/><\/a><\/em><\/div>\n<p>Retrouvez le classement officiel sur le site de l&rsquo;ACO ou en cliquant <a href=\"http:\/\/www.lemans.org\/24heuresmoto\/live\/chronos\/ressources\/pdf\/essais_qualif_2\/grille2.pdf\">ici<\/a> <\/p>\n","protected":false},"excerpt":{"rendered":"<p>La machine num\u00e9ro 1 du Suzuki Endurance Racing Team, victorieuse de l&rsquo;\u00e9dition 2007 et pilot\u00e9e par Vincent Philippe, Mathieu Lagrive et Julien Da Costa, partira en pole position demain \u00e0 15h&#8230; &nbsp; &nbsp; D\u00e9j\u00e0 la plus rapide \u00e0 l&rsquo;issue des essais de jeudi soir la num\u00e9ro 1 est une des grandes favorites. Elle s&rsquo;\u00e9lancera devant [&hellip;]<\/p>\n","protected":false},"author":323,"featured_media":0,"comment_status":"open","ping_status":"open","sticky":false,"template":"","format":"standard","meta":{"footnotes":""},"categories":[32,51,12],"tags":[],"class_list":["post-764","post","type-post","status-publish","format-standard","hentry","category-sport-moto","category-suzuki","category-videos"],"yoast_head":"<!-- This site is optimized with the Yoast SEO plugin v26.0 - https:\/\/yoast.com\/wordpress\/plugins\/seo\/ -->\n<title>Pole Position pour la Suzuki num\u00e9ro 1 du SERT - leblogmoto.com<\/title>\n<meta name=\"robots\" content=\"index, follow, max-snippet:-1, max-image-preview:large, max-video-preview:-1\" \/>\n<link rel=\"canonical\" href=\"https:\/\/blogs.thesocialmedia.com\/leblogmoto\/2008\/04\/18\/pole-position-p\/\" \/>\n<meta name=\"twitter:card\" content=\"summary_large_image\" \/>\n<meta name=\"twitter:title\" content=\"Pole Position pour la Suzuki num\u00e9ro 1 du SERT - leblogmoto.com\" \/>\n<meta name=\"twitter:description\" content=\"La machine num\u00e9ro 1 du Suzuki Endurance Racing Team, victorieuse de l&rsquo;\u00e9dition 2007 et pilot\u00e9e par Vincent Philippe, Mathieu Lagrive et Julien Da Costa, partira en pole position demain \u00e0 15h&#8230; &nbsp; &nbsp; D\u00e9j\u00e0 la plus rapide \u00e0 l&rsquo;issue des essais de jeudi soir la num\u00e9ro 1 est une des grandes favorites. Elle s&rsquo;\u00e9lancera devant [&hellip;]\" \/>\n<meta name=\"twitter:image\" content=\"http:\/\/www.leblogmoto.com\/images\/2008\/04\/18\/sert_pole.jpg\" \/>\n<meta name=\"twitter:label1\" content=\"\u00c9crit par\" \/>\n\t<meta name=\"twitter:data1\" content=\"albin le guyader\" \/>\n<script type=\"application\/ld+json\" class=\"yoast-schema-graph\">{\"@context\":\"https:\/\/schema.org\",\"@graph\":[{\"@type\":\"WebPage\",\"@id\":\"https:\/\/blogs.thesocialmedia.com\/leblogmoto\/2008\/04\/18\/pole-position-p\/\",\"url\":\"https:\/\/blogs.thesocialmedia.com\/leblogmoto\/2008\/04\/18\/pole-position-p\/\",\"name\":\"Pole Position pour la Suzuki num\u00e9ro 1 du SERT - leblogmoto.com\",\"isPartOf\":{\"@id\":\"https:\/\/blogs.thesocialmedia.com\/leblogmoto\/#website\"},\"primaryImageOfPage\":{\"@id\":\"https:\/\/blogs.thesocialmedia.com\/leblogmoto\/2008\/04\/18\/pole-position-p\/#primaryimage\"},\"image\":{\"@id\":\"https:\/\/blogs.thesocialmedia.com\/leblogmoto\/2008\/04\/18\/pole-position-p\/#primaryimage\"},\"thumbnailUrl\":\"http:\/\/www.leblogmoto.com\/images\/2008\/04\/18\/sert_pole.jpg\",\"datePublished\":\"2008-04-18T21:58:05+00:00\",\"dateModified\":\"2012-07-11T15:38:39+00:00\",\"author\":{\"@id\":\"https:\/\/blogs.thesocialmedia.com\/leblogmoto\/#\/schema\/person\/b496d27c898c29a39678e2425cafb9ae\"},\"breadcrumb\":{\"@id\":\"https:\/\/blogs.thesocialmedia.com\/leblogmoto\/2008\/04\/18\/pole-position-p\/#breadcrumb\"},\"inLanguage\":\"fr-FR\",\"potentialAction\":[{\"@type\":\"ReadAction\",\"target\":[\"https:\/\/blogs.thesocialmedia.com\/leblogmoto\/2008\/04\/18\/pole-position-p\/\"]}]},{\"@type\":\"ImageObject\",\"inLanguage\":\"fr-FR\",\"@id\":\"https:\/\/blogs.thesocialmedia.com\/leblogmoto\/2008\/04\/18\/pole-position-p\/#primaryimage\",\"url\":\"http:\/\/www.leblogmoto.com\/images\/2008\/04\/18\/sert_pole.jpg\",\"contentUrl\":\"http:\/\/www.leblogmoto.com\/images\/2008\/04\/18\/sert_pole.jpg\"},{\"@type\":\"BreadcrumbList\",\"@id\":\"https:\/\/blogs.thesocialmedia.com\/leblogmoto\/2008\/04\/18\/pole-position-p\/#breadcrumb\",\"itemListElement\":[{\"@type\":\"ListItem\",\"position\":1,\"name\":\"Accueil\",\"item\":\"https:\/\/blogs.thesocialmedia.com\/leblogmoto\/\"},{\"@type\":\"ListItem\",\"position\":2,\"name\":\"Pole Position pour la Suzuki num\u00e9ro 1 du SERT\"}]},{\"@type\":\"WebSite\",\"@id\":\"https:\/\/blogs.thesocialmedia.com\/leblogmoto\/#website\",\"url\":\"https:\/\/blogs.thesocialmedia.com\/leblogmoto\/\",\"name\":\"leblogmoto\",\"description\":\"Toute l&#039;actualit\u00e9 des 2 roues\",\"potentialAction\":[{\"@type\":\"SearchAction\",\"target\":{\"@type\":\"EntryPoint\",\"urlTemplate\":\"https:\/\/blogs.thesocialmedia.com\/leblogmoto\/?s={search_term_string}\"},\"query-input\":{\"@type\":\"PropertyValueSpecification\",\"valueRequired\":true,\"valueName\":\"search_term_string\"}}],\"inLanguage\":\"fr-FR\"},{\"@type\":\"Person\",\"@id\":\"https:\/\/blogs.thesocialmedia.com\/leblogmoto\/#\/schema\/person\/b496d27c898c29a39678e2425cafb9ae\",\"name\":\"albin le guyader\",\"image\":{\"@type\":\"ImageObject\",\"inLanguage\":\"fr-FR\",\"@id\":\"https:\/\/blogs.thesocialmedia.com\/leblogmoto\/#\/schema\/person\/image\/\",\"url\":\"https:\/\/secure.gravatar.com\/avatar\/?s=96&d=mm&r=g\",\"contentUrl\":\"https:\/\/secure.gravatar.com\/avatar\/?s=96&d=mm&r=g\",\"caption\":\"albin le guyader\"},\"url\":\"https:\/\/blogs.thesocialmedia.com\/leblogmoto\/author\/albin-le-guyader\/\"}]}<\/script>\n<!-- \/ Yoast SEO plugin. -->","yoast_head_json":{"title":"Pole Position pour la Suzuki num\u00e9ro 1 du SERT - leblogmoto.com","robots":{"index":"index","follow":"follow","max-snippet":"max-snippet:-1","max-image-preview":"max-image-preview:large","max-video-preview":"max-video-preview:-1"},"canonical":"https:\/\/blogs.thesocialmedia.com\/leblogmoto\/2008\/04\/18\/pole-position-p\/","twitter_card":"summary_large_image","twitter_title":"Pole Position pour la Suzuki num\u00e9ro 1 du SERT - leblogmoto.com","twitter_description":"La machine num\u00e9ro 1 du Suzuki Endurance Racing Team, victorieuse de l&rsquo;\u00e9dition 2007 et pilot\u00e9e par Vincent Philippe, Mathieu Lagrive et Julien Da Costa, partira en pole position demain \u00e0 15h&#8230; &nbsp; &nbsp; D\u00e9j\u00e0 la plus rapide \u00e0 l&rsquo;issue des essais de jeudi soir la num\u00e9ro 1 est une des grandes favorites. Elle s&rsquo;\u00e9lancera devant [&hellip;]","twitter_image":"http:\/\/www.leblogmoto.com\/images\/2008\/04\/18\/sert_pole.jpg","twitter_misc":{"\u00c9crit par":"albin le guyader"},"schema":{"@context":"https:\/\/schema.org","@graph":[{"@type":"WebPage","@id":"https:\/\/blogs.thesocialmedia.com\/leblogmoto\/2008\/04\/18\/pole-position-p\/","url":"https:\/\/blogs.thesocialmedia.com\/leblogmoto\/2008\/04\/18\/pole-position-p\/","name":"Pole Position pour la Suzuki num\u00e9ro 1 du SERT - leblogmoto.com","isPartOf":{"@id":"https:\/\/blogs.thesocialmedia.com\/leblogmoto\/#website"},"primaryImageOfPage":{"@id":"https:\/\/blogs.thesocialmedia.com\/leblogmoto\/2008\/04\/18\/pole-position-p\/#primaryimage"},"image":{"@id":"https:\/\/blogs.thesocialmedia.com\/leblogmoto\/2008\/04\/18\/pole-position-p\/#primaryimage"},"thumbnailUrl":"http:\/\/www.leblogmoto.com\/images\/2008\/04\/18\/sert_pole.jpg","datePublished":"2008-04-18T21:58:05+00:00","dateModified":"2012-07-11T15:38:39+00:00","author":{"@id":"https:\/\/blogs.thesocialmedia.com\/leblogmoto\/#\/schema\/person\/b496d27c898c29a39678e2425cafb9ae"},"breadcrumb":{"@id":"https:\/\/blogs.thesocialmedia.com\/leblogmoto\/2008\/04\/18\/pole-position-p\/#breadcrumb"},"inLanguage":"fr-FR","potentialAction":[{"@type":"ReadAction","target":["https:\/\/blogs.thesocialmedia.com\/leblogmoto\/2008\/04\/18\/pole-position-p\/"]}]},{"@type":"ImageObject","inLanguage":"fr-FR","@id":"https:\/\/blogs.thesocialmedia.com\/leblogmoto\/2008\/04\/18\/pole-position-p\/#primaryimage","url":"http:\/\/www.leblogmoto.com\/images\/2008\/04\/18\/sert_pole.jpg","contentUrl":"http:\/\/www.leblogmoto.com\/images\/2008\/04\/18\/sert_pole.jpg"},{"@type":"BreadcrumbList","@id":"https:\/\/blogs.thesocialmedia.com\/leblogmoto\/2008\/04\/18\/pole-position-p\/#breadcrumb","itemListElement":[{"@type":"ListItem","position":1,"name":"Accueil","item":"https:\/\/blogs.thesocialmedia.com\/leblogmoto\/"},{"@type":"ListItem","position":2,"name":"Pole Position pour la Suzuki num\u00e9ro 1 du SERT"}]},{"@type":"WebSite","@id":"https:\/\/blogs.thesocialmedia.com\/leblogmoto\/#website","url":"https:\/\/blogs.thesocialmedia.com\/leblogmoto\/","name":"leblogmoto","description":"Toute l&#039;actualit\u00e9 des 2 roues","potentialAction":[{"@type":"SearchAction","target":{"@type":"EntryPoint","urlTemplate":"https:\/\/blogs.thesocialmedia.com\/leblogmoto\/?s={search_term_string}"},"query-input":{"@type":"PropertyValueSpecification","valueRequired":true,"valueName":"search_term_string"}}],"inLanguage":"fr-FR"},{"@type":"Person","@id":"https:\/\/blogs.thesocialmedia.com\/leblogmoto\/#\/schema\/person\/b496d27c898c29a39678e2425cafb9ae","name":"albin le guyader","image":{"@type":"ImageObject","inLanguage":"fr-FR","@id":"https:\/\/blogs.thesocialmedia.com\/leblogmoto\/#\/schema\/person\/image\/","url":"https:\/\/secure.gravatar.com\/avatar\/?s=96&d=mm&r=g","contentUrl":"https:\/\/secure.gravatar.com\/avatar\/?s=96&d=mm&r=g","caption":"albin le guyader"},"url":"https:\/\/blogs.thesocialmedia.com\/leblogmoto\/author\/albin-le-guyader\/"}]}},"_links":{"self":[{"href":"https:\/\/blogs.thesocialmedia.com\/leblogmoto\/wp-json\/wp\/v2\/posts\/764","targetHints":{"allow":["GET"]}}],"collection":[{"href":"https:\/\/blogs.thesocialmedia.com\/leblogmoto\/wp-json\/wp\/v2\/posts"}],"about":[{"href":"https:\/\/blogs.thesocialmedia.com\/leblogmoto\/wp-json\/wp\/v2\/types\/post"}],"author":[{"embeddable":true,"href":"https:\/\/blogs.thesocialmedia.com\/leblogmoto\/wp-json\/wp\/v2\/users\/323"}],"replies":[{"embeddable":true,"href":"https:\/\/blogs.thesocialmedia.com\/leblogmoto\/wp-json\/wp\/v2\/comments?post=764"}],"version-history":[{"count":2,"href":"https:\/\/blogs.thesocialmedia.com\/leblogmoto\/wp-json\/wp\/v2\/posts\/764\/revisions"}],"predecessor-version":[{"id":10470,"href":"https:\/\/blogs.thesocialmedia.com\/leblogmoto\/wp-json\/wp\/v2\/posts\/764\/revisions\/10470"}],"wp:attachment":[{"href":"https:\/\/blogs.thesocialmedia.com\/leblogmoto\/wp-json\/wp\/v2\/media?parent=764"}],"wp:term":[{"taxonomy":"category","embeddable":true,"href":"https:\/\/blogs.thesocialmedia.com\/leblogmoto\/wp-json\/wp\/v2\/categories?post=764"},{"taxonomy":"post_tag","embeddable":true,"href":"https:\/\/blogs.thesocialmedia.com\/leblogmoto\/wp-json\/wp\/v2\/tags?post=764"}],"curies":[{"name":"wp","href":"https:\/\/api.w.org\/{rel}","templated":true}]}}