{"id":766,"date":"2008-04-18T01:05:10","date_gmt":"2008-04-18T01:05:10","guid":{"rendered":"http:\/\/blogs.thesocialmedia.com\/leblogmoto\/2008\/04\/18\/album-du-vend-2-11\/"},"modified":"2012-07-11T15:38:31","modified_gmt":"2012-07-11T15:38:31","slug":"album-du-vend-2-11","status":"publish","type":"post","link":"https:\/\/blogs.thesocialmedia.com\/leblogmoto\/2008\/04\/18\/album-du-vend-2-11\/","title":{"rendered":"Album du vendredi, Moto X World Championships"},"content":{"rendered":"<p><a href=\"http:\/\/blogs.thesocialmedia.com\/leblogmoto\/files\/2012\/07\/mxwc2.jpg\"><img loading=\"lazy\" decoding=\"async\" width=\"470\" height=\"242\"  alt=\"Mxwc2\" src=\"http:\/\/www.leblogmoto.com\/images\/2008\/04\/17\/mxwc2.jpg\" \/><\/a> <\/p>\n<p>Le week-end dernier se tenait \u00e0 San Diego les \u00ab<a href=\"http:\/\/expn.go.com\/expn\/mxwc\/\">Moto X World Championships<\/a>\u00bb. Les fans ont eu droit \u00e0 de belles performances, mais rien de r\u00e9volutionnaire.<br \/>\u00c0 signaler la gratifiante deuxi\u00e8me place du Fran\u00e7ais Thomas Pages en \u00abMoto X Best Trick\u00bb, qui s&rsquo;est fait souffler la plus haute marche du podium par le double \u00abback flip\u00bb de Scott Murray.<\/p>\n<p>Parlant de Travis Pastrana, il comp\u00e9titionnait en Moto Cross, et fit sa plus belle pr\u00e9sence en qualification quand, apr\u00e8s une chute au premier tour, il r\u00e9ussit \u00e0 remonter en 2e place, lui permettant de participer \u00e0 la finale. Il y terminera \u00e0 une d\u00e9cevante, j&rsquo;imagine pour lui, 5e place.<\/p>\n<p>Plusieurs vid\u00e9os sur le site de ESPN, au bout de <a href=\"http:\/\/sports.espn.go.com\/broadband\/video\/videopage?videoId=3345781&amp;categoryId=2961340&amp;brand=expn\">ce lien<\/a>.<\/p>\n<p>Toujours au sujet de ce passionnant Pastrana, un documentaire le mettant en vedette vient tout juste de sortir dans quelques villes aux \u00c9tats-Unis. Intitul\u00e9 \u00ab199 lives: The Travis Pastrana story\u00bb, le doc retrace ses frasques et exploits, mais il cherche surtout \u00e0 cerner ce qui pousse ce jeune homme de 24 ans \u00e0 se d\u00e9passer ainsi. Le <a href=\"http:\/\/www.199lives.com\/\">site du film est ici<\/a>, on peut aussi y voir la bande-annonce.<\/p>\n<p><a href=\"http:\/\/clabedan.typepad.com\/.shared\/image.html?\/photos\/uncategorized\/2008\/04\/17\/blogleybagallery_05h.jpg\"><img loading=\"lazy\" decoding=\"async\" width=\"470\" height=\"341\"  alt=\"Blogleybagallery_05h\" src=\"http:\/\/www.leblogmoto.com\/images\/2008\/04\/17\/blogleybagallery_05h.jpg\" \/><\/a> <\/p>\n<p><em><a href=\"http:\/\/blogs.thesocialmedia.com\/leblogmoto\/files\/2012\/07\/blogleybagallery_06h.jpg\"><img loading=\"lazy\" decoding=\"async\" width=\"470\" height=\"341\"  alt=\"Blogleybagallery_06h\" src=\"http:\/\/www.leblogmoto.com\/images\/2008\/04\/17\/blogleybagallery_06h.jpg\" \/><\/a> <\/p>\n<p><a href=\"http:\/\/blogs.thesocialmedia.com\/leblogmoto\/files\/2012\/07\/freestylegallery_04h.jpg\"><img loading=\"lazy\" decoding=\"async\" width=\"470\" height=\"341\"  alt=\"Freestylegallery_04h\" src=\"http:\/\/www.leblogmoto.com\/images\/2008\/04\/17\/freestylegallery_04h.jpg\" \/><\/a> <\/p>\n<p><a href=\"http:\/\/blogs.thesocialmedia.com\/leblogmoto\/files\/2012\/07\/gallery_01h.jpg\"><img loading=\"lazy\" decoding=\"async\" width=\"470\" height=\"341\"  alt=\"Gallery_01h\" src=\"http:\/\/www.leblogmoto.com\/images\/2008\/04\/17\/gallery_01h.jpg\" \/><\/a> <\/p>\n<p><a href=\"http:\/\/blogs.thesocialmedia.com\/leblogmoto\/files\/2012\/07\/gallery_07h.jpg\"><img loading=\"lazy\" decoding=\"async\" width=\"470\" height=\"341\"  alt=\"Gallery_07h\" src=\"http:\/\/www.leblogmoto.com\/images\/2008\/04\/17\/gallery_07h.jpg\" \/><\/a> <\/p>\n<p><a href=\"http:\/\/blogs.thesocialmedia.com\/leblogmoto\/files\/2012\/07\/gallery_12h.jpg\"><img loading=\"lazy\" decoding=\"async\" width=\"470\" height=\"341\"  alt=\"Gallery_12h\" src=\"http:\/\/www.leblogmoto.com\/images\/2008\/04\/17\/gallery_12h.jpg\" \/><\/a> <\/p>\n<p><a href=\"http:\/\/blogs.thesocialmedia.com\/leblogmoto\/files\/2012\/07\/gallery_13h.jpg\"><img loading=\"lazy\" decoding=\"async\" width=\"470\" height=\"341\"  alt=\"Gallery_13h\" src=\"http:\/\/www.leblogmoto.com\/images\/2008\/04\/17\/gallery_13h.jpg\" \/><\/a> <\/p>\n<p><a href=\"http:\/\/blogs.thesocialmedia.com\/leblogmoto\/files\/2012\/07\/kohlmangallery_01h.jpg\"><img loading=\"lazy\" decoding=\"async\" width=\"470\" height=\"341\"  alt=\"Kohlmangallery_01h\" src=\"http:\/\/www.leblogmoto.com\/images\/2008\/04\/17\/kohlmangallery_01h.jpg\" \/><\/a> <\/p>\n<p><a href=\"http:\/\/blogs.thesocialmedia.com\/leblogmoto\/files\/2012\/07\/kohlmangallery_04h.jpg\"><img loading=\"lazy\" decoding=\"async\" width=\"470\" height=\"341\"  alt=\"Kohlmangallery_04h\" src=\"http:\/\/www.leblogmoto.com\/images\/2008\/04\/17\/kohlmangallery_04h.jpg\" \/><\/a> <\/p>\n<p><a href=\"http:\/\/blogs.thesocialmedia.com\/leblogmoto\/files\/2012\/07\/motochicksgallery_05h.jpg\"><img loading=\"lazy\" decoding=\"async\" width=\"470\" height=\"341\"  alt=\"Motochicksgallery_05h\" src=\"http:\/\/www.leblogmoto.com\/images\/2008\/04\/17\/motochicksgallery_05h.jpg\" \/><\/a> <\/p>\n<p><a href=\"http:\/\/blogs.thesocialmedia.com\/leblogmoto\/files\/2012\/07\/mxwc1.jpg\"><img loading=\"lazy\" decoding=\"async\" width=\"470\" height=\"198\"  alt=\"Mxwc1\" src=\"http:\/\/www.leblogmoto.com\/images\/2008\/04\/17\/mxwc1.jpg\" \/><\/a> <\/p>\n<p><a href=\"http:\/\/blogs.thesocialmedia.com\/leblogmoto\/files\/2012\/07\/practicegallery_04h.jpg\"><img loading=\"lazy\" decoding=\"async\" width=\"470\" height=\"341\"  alt=\"Practicegallery_04h\" src=\"http:\/\/www.leblogmoto.com\/images\/2008\/04\/17\/practicegallery_04h.jpg\" \/><\/a> <\/p>\n<p><a href=\"http:\/\/blogs.thesocialmedia.com\/leblogmoto\/files\/2012\/07\/practicegallery_13h.jpg\"><img loading=\"lazy\" decoding=\"async\" width=\"470\" height=\"341\"  alt=\"Practicegallery_13h\" src=\"http:\/\/www.leblogmoto.com\/images\/2008\/04\/17\/practicegallery_13h.jpg\" \/><\/a> <\/p>\n<p>Photos: Mark Kohlman, Ryan Leyba, Josh Duplechian, Joe Bonnello<\/em><\/p>\n","protected":false},"excerpt":{"rendered":"<p>Le week-end dernier se tenait \u00e0 San Diego les \u00abMoto X World Championships\u00bb. Les fans ont eu droit \u00e0 de belles performances, mais rien de r\u00e9volutionnaire.\u00c0 signaler la gratifiante deuxi\u00e8me place du Fran\u00e7ais Thomas Pages en \u00abMoto X Best Trick\u00bb, qui s&rsquo;est fait souffler la plus haute marche du podium par le double \u00abback flip\u00bb [&hellip;]<\/p>\n","protected":false},"author":325,"featured_media":0,"comment_status":"open","ping_status":"open","sticky":false,"template":"","format":"standard","meta":{"footnotes":""},"categories":[3,66],"tags":[],"class_list":["post-766","post","type-post","status-publish","format-standard","hentry","category-actualite","category-moto-cross"],"yoast_head":"<!-- This site is optimized with the Yoast SEO plugin v26.0 - https:\/\/yoast.com\/wordpress\/plugins\/seo\/ -->\n<title>Album du vendredi, Moto X World Championships - leblogmoto.com<\/title>\n<meta name=\"robots\" content=\"index, follow, max-snippet:-1, max-image-preview:large, max-video-preview:-1\" \/>\n<link rel=\"canonical\" href=\"https:\/\/blogs.thesocialmedia.com\/leblogmoto\/2008\/04\/18\/album-du-vend-2-11\/\" \/>\n<meta name=\"twitter:card\" content=\"summary_large_image\" \/>\n<meta name=\"twitter:title\" content=\"Album du vendredi, Moto X World Championships - leblogmoto.com\" \/>\n<meta name=\"twitter:description\" content=\"Le week-end dernier se tenait \u00e0 San Diego les \u00abMoto X World Championships\u00bb. Les fans ont eu droit \u00e0 de belles performances, mais rien de r\u00e9volutionnaire.\u00c0 signaler la gratifiante deuxi\u00e8me place du Fran\u00e7ais Thomas Pages en \u00abMoto X Best Trick\u00bb, qui s&rsquo;est fait souffler la plus haute marche du podium par le double \u00abback flip\u00bb [&hellip;]\" \/>\n<meta name=\"twitter:image\" content=\"http:\/\/www.leblogmoto.com\/images\/2008\/04\/17\/mxwc2.jpg\" \/>\n<meta name=\"twitter:label1\" content=\"\u00c9crit par\" \/>\n\t<meta name=\"twitter:data1\" content=\"jacques lesage\" \/>\n\t<meta name=\"twitter:label2\" content=\"Dur\u00e9e de lecture estim\u00e9e\" \/>\n\t<meta name=\"twitter:data2\" content=\"1 minute\" \/>\n<script type=\"application\/ld+json\" class=\"yoast-schema-graph\">{\"@context\":\"https:\/\/schema.org\",\"@graph\":[{\"@type\":\"WebPage\",\"@id\":\"https:\/\/blogs.thesocialmedia.com\/leblogmoto\/2008\/04\/18\/album-du-vend-2-11\/\",\"url\":\"https:\/\/blogs.thesocialmedia.com\/leblogmoto\/2008\/04\/18\/album-du-vend-2-11\/\",\"name\":\"Album du vendredi, Moto X World Championships - leblogmoto.com\",\"isPartOf\":{\"@id\":\"https:\/\/blogs.thesocialmedia.com\/leblogmoto\/#website\"},\"primaryImageOfPage\":{\"@id\":\"https:\/\/blogs.thesocialmedia.com\/leblogmoto\/2008\/04\/18\/album-du-vend-2-11\/#primaryimage\"},\"image\":{\"@id\":\"https:\/\/blogs.thesocialmedia.com\/leblogmoto\/2008\/04\/18\/album-du-vend-2-11\/#primaryimage\"},\"thumbnailUrl\":\"http:\/\/www.leblogmoto.com\/images\/2008\/04\/17\/mxwc2.jpg\",\"datePublished\":\"2008-04-18T01:05:10+00:00\",\"dateModified\":\"2012-07-11T15:38:31+00:00\",\"author\":{\"@id\":\"https:\/\/blogs.thesocialmedia.com\/leblogmoto\/#\/schema\/person\/e82a0ca8a9a63d031586097a3ed58526\"},\"breadcrumb\":{\"@id\":\"https:\/\/blogs.thesocialmedia.com\/leblogmoto\/2008\/04\/18\/album-du-vend-2-11\/#breadcrumb\"},\"inLanguage\":\"fr-FR\",\"potentialAction\":[{\"@type\":\"ReadAction\",\"target\":[\"https:\/\/blogs.thesocialmedia.com\/leblogmoto\/2008\/04\/18\/album-du-vend-2-11\/\"]}]},{\"@type\":\"ImageObject\",\"inLanguage\":\"fr-FR\",\"@id\":\"https:\/\/blogs.thesocialmedia.com\/leblogmoto\/2008\/04\/18\/album-du-vend-2-11\/#primaryimage\",\"url\":\"http:\/\/www.leblogmoto.com\/images\/2008\/04\/17\/mxwc2.jpg\",\"contentUrl\":\"http:\/\/www.leblogmoto.com\/images\/2008\/04\/17\/mxwc2.jpg\"},{\"@type\":\"BreadcrumbList\",\"@id\":\"https:\/\/blogs.thesocialmedia.com\/leblogmoto\/2008\/04\/18\/album-du-vend-2-11\/#breadcrumb\",\"itemListElement\":[{\"@type\":\"ListItem\",\"position\":1,\"name\":\"Accueil\",\"item\":\"https:\/\/blogs.thesocialmedia.com\/leblogmoto\/\"},{\"@type\":\"ListItem\",\"position\":2,\"name\":\"Album du vendredi, Moto X World Championships\"}]},{\"@type\":\"WebSite\",\"@id\":\"https:\/\/blogs.thesocialmedia.com\/leblogmoto\/#website\",\"url\":\"https:\/\/blogs.thesocialmedia.com\/leblogmoto\/\",\"name\":\"leblogmoto\",\"description\":\"Toute l&#039;actualit\u00e9 des 2 roues\",\"potentialAction\":[{\"@type\":\"SearchAction\",\"target\":{\"@type\":\"EntryPoint\",\"urlTemplate\":\"https:\/\/blogs.thesocialmedia.com\/leblogmoto\/?s={search_term_string}\"},\"query-input\":{\"@type\":\"PropertyValueSpecification\",\"valueRequired\":true,\"valueName\":\"search_term_string\"}}],\"inLanguage\":\"fr-FR\"},{\"@type\":\"Person\",\"@id\":\"https:\/\/blogs.thesocialmedia.com\/leblogmoto\/#\/schema\/person\/e82a0ca8a9a63d031586097a3ed58526\",\"name\":\"jacques lesage\",\"image\":{\"@type\":\"ImageObject\",\"inLanguage\":\"fr-FR\",\"@id\":\"https:\/\/blogs.thesocialmedia.com\/leblogmoto\/#\/schema\/person\/image\/\",\"url\":\"https:\/\/secure.gravatar.com\/avatar\/?s=96&d=mm&r=g\",\"contentUrl\":\"https:\/\/secure.gravatar.com\/avatar\/?s=96&d=mm&r=g\",\"caption\":\"jacques lesage\"},\"url\":\"https:\/\/blogs.thesocialmedia.com\/leblogmoto\/author\/jacques-lesage\/\"}]}<\/script>\n<!-- \/ Yoast SEO plugin. -->","yoast_head_json":{"title":"Album du vendredi, Moto X World Championships - leblogmoto.com","robots":{"index":"index","follow":"follow","max-snippet":"max-snippet:-1","max-image-preview":"max-image-preview:large","max-video-preview":"max-video-preview:-1"},"canonical":"https:\/\/blogs.thesocialmedia.com\/leblogmoto\/2008\/04\/18\/album-du-vend-2-11\/","twitter_card":"summary_large_image","twitter_title":"Album du vendredi, Moto X World Championships - leblogmoto.com","twitter_description":"Le week-end dernier se tenait \u00e0 San Diego les \u00abMoto X World Championships\u00bb. Les fans ont eu droit \u00e0 de belles performances, mais rien de r\u00e9volutionnaire.\u00c0 signaler la gratifiante deuxi\u00e8me place du Fran\u00e7ais Thomas Pages en \u00abMoto X Best Trick\u00bb, qui s&rsquo;est fait souffler la plus haute marche du podium par le double \u00abback flip\u00bb [&hellip;]","twitter_image":"http:\/\/www.leblogmoto.com\/images\/2008\/04\/17\/mxwc2.jpg","twitter_misc":{"\u00c9crit par":"jacques lesage","Dur\u00e9e de lecture estim\u00e9e":"1 minute"},"schema":{"@context":"https:\/\/schema.org","@graph":[{"@type":"WebPage","@id":"https:\/\/blogs.thesocialmedia.com\/leblogmoto\/2008\/04\/18\/album-du-vend-2-11\/","url":"https:\/\/blogs.thesocialmedia.com\/leblogmoto\/2008\/04\/18\/album-du-vend-2-11\/","name":"Album du vendredi, Moto X World Championships - leblogmoto.com","isPartOf":{"@id":"https:\/\/blogs.thesocialmedia.com\/leblogmoto\/#website"},"primaryImageOfPage":{"@id":"https:\/\/blogs.thesocialmedia.com\/leblogmoto\/2008\/04\/18\/album-du-vend-2-11\/#primaryimage"},"image":{"@id":"https:\/\/blogs.thesocialmedia.com\/leblogmoto\/2008\/04\/18\/album-du-vend-2-11\/#primaryimage"},"thumbnailUrl":"http:\/\/www.leblogmoto.com\/images\/2008\/04\/17\/mxwc2.jpg","datePublished":"2008-04-18T01:05:10+00:00","dateModified":"2012-07-11T15:38:31+00:00","author":{"@id":"https:\/\/blogs.thesocialmedia.com\/leblogmoto\/#\/schema\/person\/e82a0ca8a9a63d031586097a3ed58526"},"breadcrumb":{"@id":"https:\/\/blogs.thesocialmedia.com\/leblogmoto\/2008\/04\/18\/album-du-vend-2-11\/#breadcrumb"},"inLanguage":"fr-FR","potentialAction":[{"@type":"ReadAction","target":["https:\/\/blogs.thesocialmedia.com\/leblogmoto\/2008\/04\/18\/album-du-vend-2-11\/"]}]},{"@type":"ImageObject","inLanguage":"fr-FR","@id":"https:\/\/blogs.thesocialmedia.com\/leblogmoto\/2008\/04\/18\/album-du-vend-2-11\/#primaryimage","url":"http:\/\/www.leblogmoto.com\/images\/2008\/04\/17\/mxwc2.jpg","contentUrl":"http:\/\/www.leblogmoto.com\/images\/2008\/04\/17\/mxwc2.jpg"},{"@type":"BreadcrumbList","@id":"https:\/\/blogs.thesocialmedia.com\/leblogmoto\/2008\/04\/18\/album-du-vend-2-11\/#breadcrumb","itemListElement":[{"@type":"ListItem","position":1,"name":"Accueil","item":"https:\/\/blogs.thesocialmedia.com\/leblogmoto\/"},{"@type":"ListItem","position":2,"name":"Album du vendredi, Moto X World Championships"}]},{"@type":"WebSite","@id":"https:\/\/blogs.thesocialmedia.com\/leblogmoto\/#website","url":"https:\/\/blogs.thesocialmedia.com\/leblogmoto\/","name":"leblogmoto","description":"Toute l&#039;actualit\u00e9 des 2 roues","potentialAction":[{"@type":"SearchAction","target":{"@type":"EntryPoint","urlTemplate":"https:\/\/blogs.thesocialmedia.com\/leblogmoto\/?s={search_term_string}"},"query-input":{"@type":"PropertyValueSpecification","valueRequired":true,"valueName":"search_term_string"}}],"inLanguage":"fr-FR"},{"@type":"Person","@id":"https:\/\/blogs.thesocialmedia.com\/leblogmoto\/#\/schema\/person\/e82a0ca8a9a63d031586097a3ed58526","name":"jacques lesage","image":{"@type":"ImageObject","inLanguage":"fr-FR","@id":"https:\/\/blogs.thesocialmedia.com\/leblogmoto\/#\/schema\/person\/image\/","url":"https:\/\/secure.gravatar.com\/avatar\/?s=96&d=mm&r=g","contentUrl":"https:\/\/secure.gravatar.com\/avatar\/?s=96&d=mm&r=g","caption":"jacques lesage"},"url":"https:\/\/blogs.thesocialmedia.com\/leblogmoto\/author\/jacques-lesage\/"}]}},"_links":{"self":[{"href":"https:\/\/blogs.thesocialmedia.com\/leblogmoto\/wp-json\/wp\/v2\/posts\/766","targetHints":{"allow":["GET"]}}],"collection":[{"href":"https:\/\/blogs.thesocialmedia.com\/leblogmoto\/wp-json\/wp\/v2\/posts"}],"about":[{"href":"https:\/\/blogs.thesocialmedia.com\/leblogmoto\/wp-json\/wp\/v2\/types\/post"}],"author":[{"embeddable":true,"href":"https:\/\/blogs.thesocialmedia.com\/leblogmoto\/wp-json\/wp\/v2\/users\/325"}],"replies":[{"embeddable":true,"href":"https:\/\/blogs.thesocialmedia.com\/leblogmoto\/wp-json\/wp\/v2\/comments?post=766"}],"version-history":[{"count":2,"href":"https:\/\/blogs.thesocialmedia.com\/leblogmoto\/wp-json\/wp\/v2\/posts\/766\/revisions"}],"predecessor-version":[{"id":10466,"href":"https:\/\/blogs.thesocialmedia.com\/leblogmoto\/wp-json\/wp\/v2\/posts\/766\/revisions\/10466"}],"wp:attachment":[{"href":"https:\/\/blogs.thesocialmedia.com\/leblogmoto\/wp-json\/wp\/v2\/media?parent=766"}],"wp:term":[{"taxonomy":"category","embeddable":true,"href":"https:\/\/blogs.thesocialmedia.com\/leblogmoto\/wp-json\/wp\/v2\/categories?post=766"},{"taxonomy":"post_tag","embeddable":true,"href":"https:\/\/blogs.thesocialmedia.com\/leblogmoto\/wp-json\/wp\/v2\/tags?post=766"}],"curies":[{"name":"wp","href":"https:\/\/api.w.org\/{rel}","templated":true}]}}