{"id":769,"date":"2008-04-17T15:34:39","date_gmt":"2008-04-17T15:34:39","guid":{"rendered":"http:\/\/blogs.thesocialmedia.com\/leblogmoto\/2008\/04\/17\/24-heures-du-5\/"},"modified":"2012-07-11T15:37:39","modified_gmt":"2012-07-11T15:37:39","slug":"24-heures-du-5","status":"publish","type":"post","link":"https:\/\/blogs.thesocialmedia.com\/leblogmoto\/2008\/04\/17\/24-heures-du-5\/","title":{"rendered":"24 Heures du Mans: les stands et les machines"},"content":{"rendered":"<p><a href=\"http:\/\/blogs.thesocialmedia.com\/leblogmoto\/files\/2012\/07\/kawa1.jpg\"><img loading=\"lazy\" decoding=\"async\" width=\"470\" height=\"373\"  src=\"http:\/\/www.leblogmoto.com\/images\/2008\/04\/17\/kawa.jpg\" alt=\"Kawa\" style=\"margin: 0px 5px 5px 0px;float: left\" \/><\/a> En attendant la fin d&rsquo;apr\u00e8s midi pour les premi\u00e8res s\u00e9ances qualificatives puis les essais de nuit de 21h \u00e0 23h nous vous proposons pour patienter quelques photos prises hier pendant les v\u00e9rifications et ce matin pendant les essais libres&#8230;<\/p>\n<div style=\"width: 480px;text-align: center\"><embed width=\"480\" height=\"360\" src=\"http:\/\/w248.photobucket.com\/pbwidget.swf?pbwurl=http:\/\/w248.photobucket.com\/albums\/gg180\/ebipbip\/Le Mans 2008 Verifications 06\/6c9109c9.pbw\" type=\"application\/x-shockwave-flash\"><\/embed><a target=\"_blank\" href=\"http:\/\/s248.photobucket.com\/albums\/gg180\/ebipbip\/Le%20Mans%202008%20Verifications%2006\/?action=view&amp;current=6c9109c9.pbw\"><br \/><\/a><\/div>\n<div style=\"width: 480px;text-align: center\"><embed width=\"480\" height=\"360\" src=\"http:\/\/w248.photobucket.com\/pbwidget.swf?pbwurl=http:\/\/w248.photobucket.com\/albums\/gg180\/ebipbip\/Le Mans 2008 Verifications\/80b32101.pbw\" type=\"application\/x-shockwave-flash\"><\/embed><a target=\"_blank\" href=\"http:\/\/s248.photobucket.com\/albums\/gg180\/ebipbip\/Le%20Mans%202008%20Verifications\/?action=view&amp;current=80b32101.pbw\"><br \/><\/a><\/div>\n<div style=\"width: 480px;text-align: center\"><embed width=\"480\" height=\"360\" src=\"http:\/\/w248.photobucket.com\/pbwidget.swf?pbwurl=http:\/\/w248.photobucket.com\/albums\/gg180\/ebipbip\/Le Mans 2008 Verifications 02\/9000ff11.pbw\" type=\"application\/x-shockwave-flash\"><\/embed><a target=\"_blank\" href=\"http:\/\/s248.photobucket.com\/albums\/gg180\/ebipbip\/Le%20Mans%202008%20Verifications%2002\/?action=view&amp;current=9000ff11.pbw\"><br \/><\/a><\/div>\n<div style=\"width: 480px;text-align: center\"><embed width=\"480\" height=\"360\" src=\"http:\/\/w248.photobucket.com\/pbwidget.swf?pbwurl=http:\/\/w248.photobucket.com\/albums\/gg180\/ebipbip\/Le Mans 2008 Verifications 03\/147fa9ee.pbw\" type=\"application\/x-shockwave-flash\"><\/embed><a target=\"_blank\" href=\"http:\/\/s248.photobucket.com\/albums\/gg180\/ebipbip\/Le%20Mans%202008%20Verifications%2003\/?action=view&amp;current=147fa9ee.pbw\"><br \/><\/a><\/div>\n<div style=\"width: 480px;text-align: center\"><embed width=\"480\" height=\"360\" src=\"http:\/\/w248.photobucket.com\/pbwidget.swf?pbwurl=http:\/\/w248.photobucket.com\/albums\/gg180\/ebipbip\/Le Mans 2008 Verifications 04\/3522bd7c.pbw\" type=\"application\/x-shockwave-flash\"><\/embed><a target=\"_blank\" href=\"http:\/\/i248.photobucket.com\/redirect\/album?action=slideshow&amp;landing=\/slideshows&amp;type=3\"><br \/><\/a><\/div>\n<div style=\"width: 480px;text-align: center\"><embed width=\"480\" height=\"360\" src=\"http:\/\/w248.photobucket.com\/pbwidget.swf?pbwurl=http:\/\/w248.photobucket.com\/albums\/gg180\/ebipbip\/Le Mans 2008 Verifications 07\/0a73cf40.pbw\" type=\"application\/x-shockwave-flash\"><\/embed><a target=\"_blank\" href=\"http:\/\/s248.photobucket.com\/albums\/gg180\/ebipbip\/Le%20Mans%202008%20Verifications%2007\/?action=view&amp;current=0a73cf40.pbw\"><br \/><\/a><\/div>\n<div style=\"width: 480px;text-align: center\"><embed width=\"480\" height=\"360\" src=\"http:\/\/w248.photobucket.com\/pbwidget.swf?pbwurl=http:\/\/w248.photobucket.com\/albums\/gg180\/ebipbip\/Le Mans 2008 Verifications 05\/766f3f13.pbw\" type=\"application\/x-shockwave-flash\"><\/embed><a target=\"_blank\" href=\"http:\/\/i248.photobucket.com\/redirect\/album?action=slideshow&amp;landing=\/slideshows&amp;type=3\"><br \/><\/a><\/div>\n","protected":false},"excerpt":{"rendered":"<p>En attendant la fin d&rsquo;apr\u00e8s midi pour les premi\u00e8res s\u00e9ances qualificatives puis les essais de nuit de 21h \u00e0 23h nous vous proposons pour patienter quelques photos prises hier pendant les v\u00e9rifications et ce matin pendant les essais libres&#8230;<\/p>\n","protected":false},"author":323,"featured_media":0,"comment_status":"open","ping_status":"open","sticky":false,"template":"","format":"standard","meta":{"footnotes":""},"categories":[3,32],"tags":[],"class_list":["post-769","post","type-post","status-publish","format-standard","hentry","category-actualite","category-sport-moto"],"yoast_head":"<!-- This site is optimized with the Yoast SEO plugin v26.0 - https:\/\/yoast.com\/wordpress\/plugins\/seo\/ -->\n<title>24 Heures du Mans: les stands et les machines - leblogmoto.com<\/title>\n<meta name=\"robots\" content=\"index, follow, max-snippet:-1, max-image-preview:large, max-video-preview:-1\" \/>\n<link rel=\"canonical\" href=\"https:\/\/blogs.thesocialmedia.com\/leblogmoto\/2008\/04\/17\/24-heures-du-5\/\" \/>\n<meta name=\"twitter:card\" content=\"summary_large_image\" \/>\n<meta name=\"twitter:title\" content=\"24 Heures du Mans: les stands et les machines - leblogmoto.com\" \/>\n<meta name=\"twitter:description\" content=\"En attendant la fin d&rsquo;apr\u00e8s midi pour les premi\u00e8res s\u00e9ances qualificatives puis les essais de nuit de 21h \u00e0 23h nous vous proposons pour patienter quelques photos prises hier pendant les v\u00e9rifications et ce matin pendant les essais libres&#8230;\" \/>\n<meta name=\"twitter:image\" content=\"http:\/\/www.leblogmoto.com\/images\/2008\/04\/17\/kawa.jpg\" \/>\n<meta name=\"twitter:label1\" content=\"\u00c9crit par\" \/>\n\t<meta name=\"twitter:data1\" content=\"albin le guyader\" \/>\n<script type=\"application\/ld+json\" class=\"yoast-schema-graph\">{\"@context\":\"https:\/\/schema.org\",\"@graph\":[{\"@type\":\"WebPage\",\"@id\":\"https:\/\/blogs.thesocialmedia.com\/leblogmoto\/2008\/04\/17\/24-heures-du-5\/\",\"url\":\"https:\/\/blogs.thesocialmedia.com\/leblogmoto\/2008\/04\/17\/24-heures-du-5\/\",\"name\":\"24 Heures du Mans: les stands et les machines - leblogmoto.com\",\"isPartOf\":{\"@id\":\"https:\/\/blogs.thesocialmedia.com\/leblogmoto\/#website\"},\"primaryImageOfPage\":{\"@id\":\"https:\/\/blogs.thesocialmedia.com\/leblogmoto\/2008\/04\/17\/24-heures-du-5\/#primaryimage\"},\"image\":{\"@id\":\"https:\/\/blogs.thesocialmedia.com\/leblogmoto\/2008\/04\/17\/24-heures-du-5\/#primaryimage\"},\"thumbnailUrl\":\"http:\/\/www.leblogmoto.com\/images\/2008\/04\/17\/kawa.jpg\",\"datePublished\":\"2008-04-17T15:34:39+00:00\",\"dateModified\":\"2012-07-11T15:37:39+00:00\",\"author\":{\"@id\":\"https:\/\/blogs.thesocialmedia.com\/leblogmoto\/#\/schema\/person\/b496d27c898c29a39678e2425cafb9ae\"},\"breadcrumb\":{\"@id\":\"https:\/\/blogs.thesocialmedia.com\/leblogmoto\/2008\/04\/17\/24-heures-du-5\/#breadcrumb\"},\"inLanguage\":\"fr-FR\",\"potentialAction\":[{\"@type\":\"ReadAction\",\"target\":[\"https:\/\/blogs.thesocialmedia.com\/leblogmoto\/2008\/04\/17\/24-heures-du-5\/\"]}]},{\"@type\":\"ImageObject\",\"inLanguage\":\"fr-FR\",\"@id\":\"https:\/\/blogs.thesocialmedia.com\/leblogmoto\/2008\/04\/17\/24-heures-du-5\/#primaryimage\",\"url\":\"http:\/\/www.leblogmoto.com\/images\/2008\/04\/17\/kawa.jpg\",\"contentUrl\":\"http:\/\/www.leblogmoto.com\/images\/2008\/04\/17\/kawa.jpg\"},{\"@type\":\"BreadcrumbList\",\"@id\":\"https:\/\/blogs.thesocialmedia.com\/leblogmoto\/2008\/04\/17\/24-heures-du-5\/#breadcrumb\",\"itemListElement\":[{\"@type\":\"ListItem\",\"position\":1,\"name\":\"Accueil\",\"item\":\"https:\/\/blogs.thesocialmedia.com\/leblogmoto\/\"},{\"@type\":\"ListItem\",\"position\":2,\"name\":\"24 Heures du Mans: les stands et les machines\"}]},{\"@type\":\"WebSite\",\"@id\":\"https:\/\/blogs.thesocialmedia.com\/leblogmoto\/#website\",\"url\":\"https:\/\/blogs.thesocialmedia.com\/leblogmoto\/\",\"name\":\"leblogmoto\",\"description\":\"Toute l&#039;actualit\u00e9 des 2 roues\",\"potentialAction\":[{\"@type\":\"SearchAction\",\"target\":{\"@type\":\"EntryPoint\",\"urlTemplate\":\"https:\/\/blogs.thesocialmedia.com\/leblogmoto\/?s={search_term_string}\"},\"query-input\":{\"@type\":\"PropertyValueSpecification\",\"valueRequired\":true,\"valueName\":\"search_term_string\"}}],\"inLanguage\":\"fr-FR\"},{\"@type\":\"Person\",\"@id\":\"https:\/\/blogs.thesocialmedia.com\/leblogmoto\/#\/schema\/person\/b496d27c898c29a39678e2425cafb9ae\",\"name\":\"albin le guyader\",\"image\":{\"@type\":\"ImageObject\",\"inLanguage\":\"fr-FR\",\"@id\":\"https:\/\/blogs.thesocialmedia.com\/leblogmoto\/#\/schema\/person\/image\/\",\"url\":\"https:\/\/secure.gravatar.com\/avatar\/?s=96&d=mm&r=g\",\"contentUrl\":\"https:\/\/secure.gravatar.com\/avatar\/?s=96&d=mm&r=g\",\"caption\":\"albin le guyader\"},\"url\":\"https:\/\/blogs.thesocialmedia.com\/leblogmoto\/author\/albin-le-guyader\/\"}]}<\/script>\n<!-- \/ Yoast SEO plugin. -->","yoast_head_json":{"title":"24 Heures du Mans: les stands et les machines - leblogmoto.com","robots":{"index":"index","follow":"follow","max-snippet":"max-snippet:-1","max-image-preview":"max-image-preview:large","max-video-preview":"max-video-preview:-1"},"canonical":"https:\/\/blogs.thesocialmedia.com\/leblogmoto\/2008\/04\/17\/24-heures-du-5\/","twitter_card":"summary_large_image","twitter_title":"24 Heures du Mans: les stands et les machines - leblogmoto.com","twitter_description":"En attendant la fin d&rsquo;apr\u00e8s midi pour les premi\u00e8res s\u00e9ances qualificatives puis les essais de nuit de 21h \u00e0 23h nous vous proposons pour patienter quelques photos prises hier pendant les v\u00e9rifications et ce matin pendant les essais libres&#8230;","twitter_image":"http:\/\/www.leblogmoto.com\/images\/2008\/04\/17\/kawa.jpg","twitter_misc":{"\u00c9crit par":"albin le guyader"},"schema":{"@context":"https:\/\/schema.org","@graph":[{"@type":"WebPage","@id":"https:\/\/blogs.thesocialmedia.com\/leblogmoto\/2008\/04\/17\/24-heures-du-5\/","url":"https:\/\/blogs.thesocialmedia.com\/leblogmoto\/2008\/04\/17\/24-heures-du-5\/","name":"24 Heures du Mans: les stands et les machines - leblogmoto.com","isPartOf":{"@id":"https:\/\/blogs.thesocialmedia.com\/leblogmoto\/#website"},"primaryImageOfPage":{"@id":"https:\/\/blogs.thesocialmedia.com\/leblogmoto\/2008\/04\/17\/24-heures-du-5\/#primaryimage"},"image":{"@id":"https:\/\/blogs.thesocialmedia.com\/leblogmoto\/2008\/04\/17\/24-heures-du-5\/#primaryimage"},"thumbnailUrl":"http:\/\/www.leblogmoto.com\/images\/2008\/04\/17\/kawa.jpg","datePublished":"2008-04-17T15:34:39+00:00","dateModified":"2012-07-11T15:37:39+00:00","author":{"@id":"https:\/\/blogs.thesocialmedia.com\/leblogmoto\/#\/schema\/person\/b496d27c898c29a39678e2425cafb9ae"},"breadcrumb":{"@id":"https:\/\/blogs.thesocialmedia.com\/leblogmoto\/2008\/04\/17\/24-heures-du-5\/#breadcrumb"},"inLanguage":"fr-FR","potentialAction":[{"@type":"ReadAction","target":["https:\/\/blogs.thesocialmedia.com\/leblogmoto\/2008\/04\/17\/24-heures-du-5\/"]}]},{"@type":"ImageObject","inLanguage":"fr-FR","@id":"https:\/\/blogs.thesocialmedia.com\/leblogmoto\/2008\/04\/17\/24-heures-du-5\/#primaryimage","url":"http:\/\/www.leblogmoto.com\/images\/2008\/04\/17\/kawa.jpg","contentUrl":"http:\/\/www.leblogmoto.com\/images\/2008\/04\/17\/kawa.jpg"},{"@type":"BreadcrumbList","@id":"https:\/\/blogs.thesocialmedia.com\/leblogmoto\/2008\/04\/17\/24-heures-du-5\/#breadcrumb","itemListElement":[{"@type":"ListItem","position":1,"name":"Accueil","item":"https:\/\/blogs.thesocialmedia.com\/leblogmoto\/"},{"@type":"ListItem","position":2,"name":"24 Heures du Mans: les stands et les machines"}]},{"@type":"WebSite","@id":"https:\/\/blogs.thesocialmedia.com\/leblogmoto\/#website","url":"https:\/\/blogs.thesocialmedia.com\/leblogmoto\/","name":"leblogmoto","description":"Toute l&#039;actualit\u00e9 des 2 roues","potentialAction":[{"@type":"SearchAction","target":{"@type":"EntryPoint","urlTemplate":"https:\/\/blogs.thesocialmedia.com\/leblogmoto\/?s={search_term_string}"},"query-input":{"@type":"PropertyValueSpecification","valueRequired":true,"valueName":"search_term_string"}}],"inLanguage":"fr-FR"},{"@type":"Person","@id":"https:\/\/blogs.thesocialmedia.com\/leblogmoto\/#\/schema\/person\/b496d27c898c29a39678e2425cafb9ae","name":"albin le guyader","image":{"@type":"ImageObject","inLanguage":"fr-FR","@id":"https:\/\/blogs.thesocialmedia.com\/leblogmoto\/#\/schema\/person\/image\/","url":"https:\/\/secure.gravatar.com\/avatar\/?s=96&d=mm&r=g","contentUrl":"https:\/\/secure.gravatar.com\/avatar\/?s=96&d=mm&r=g","caption":"albin le guyader"},"url":"https:\/\/blogs.thesocialmedia.com\/leblogmoto\/author\/albin-le-guyader\/"}]}},"_links":{"self":[{"href":"https:\/\/blogs.thesocialmedia.com\/leblogmoto\/wp-json\/wp\/v2\/posts\/769","targetHints":{"allow":["GET"]}}],"collection":[{"href":"https:\/\/blogs.thesocialmedia.com\/leblogmoto\/wp-json\/wp\/v2\/posts"}],"about":[{"href":"https:\/\/blogs.thesocialmedia.com\/leblogmoto\/wp-json\/wp\/v2\/types\/post"}],"author":[{"embeddable":true,"href":"https:\/\/blogs.thesocialmedia.com\/leblogmoto\/wp-json\/wp\/v2\/users\/323"}],"replies":[{"embeddable":true,"href":"https:\/\/blogs.thesocialmedia.com\/leblogmoto\/wp-json\/wp\/v2\/comments?post=769"}],"version-history":[{"count":2,"href":"https:\/\/blogs.thesocialmedia.com\/leblogmoto\/wp-json\/wp\/v2\/posts\/769\/revisions"}],"predecessor-version":[{"id":10448,"href":"https:\/\/blogs.thesocialmedia.com\/leblogmoto\/wp-json\/wp\/v2\/posts\/769\/revisions\/10448"}],"wp:attachment":[{"href":"https:\/\/blogs.thesocialmedia.com\/leblogmoto\/wp-json\/wp\/v2\/media?parent=769"}],"wp:term":[{"taxonomy":"category","embeddable":true,"href":"https:\/\/blogs.thesocialmedia.com\/leblogmoto\/wp-json\/wp\/v2\/categories?post=769"},{"taxonomy":"post_tag","embeddable":true,"href":"https:\/\/blogs.thesocialmedia.com\/leblogmoto\/wp-json\/wp\/v2\/tags?post=769"}],"curies":[{"name":"wp","href":"https:\/\/api.w.org\/{rel}","templated":true}]}}