{"id":770,"date":"2008-04-17T08:07:06","date_gmt":"2008-04-17T08:07:06","guid":{"rendered":"http:\/\/blogs.thesocialmedia.com\/leblogmoto\/2008\/04\/17\/vers-une-adopti\/"},"modified":"2012-07-11T15:37:37","modified_gmt":"2012-07-11T15:37:37","slug":"vers-une-adopti","status":"publish","type":"post","link":"https:\/\/blogs.thesocialmedia.com\/leblogmoto\/2008\/04\/17\/vers-une-adopti\/","title":{"rendered":"Vers une adoption acc\u00e9l\u00e9r\u00e9e de la loi \u00ab\u00a0mini-motos\u00a0\u00bb."},"content":{"rendered":"<p><a href=\"http:\/\/blogs.thesocialmedia.com\/leblogmoto\/files\/2012\/07\/moto_pocket_bike_rossi.jpg\"><img loading=\"lazy\" decoding=\"async\" height=\"705\" alt=\"Moto_pocket_bike_rossi\" src=\"http:\/\/www.leblogmoto.com\/images\/2008\/04\/16\/moto_pocket_bike_rossi.jpg\" width=\"470\"  \/><\/a> <\/p>\n<p>Une d\u00e9p\u00eache <a href=\"http:\/\/www.afp.com\/francais\/home\/\">AFP<\/a> nous apprend que de nombreux maires ont r\u00e9clam\u00e9 une adoption rapide du projet de loi adopt\u00e9 en premi\u00e8re lecture par l&rsquo;Assembl\u00e9e nationale le 5 f\u00e9vrier dernier, et par le S\u00e9nat il y a une semaine. Au vu des deux r\u00e9cents accidents mortels avec ces deux-roues, Luc Chatel, secr\u00e9taire d&rsquo;Etat charg\u00e9 de l&rsquo;industrie et de la consommation, a assur\u00e9 \u00e0 l&rsquo;Assembl\u00e9e que le gouvernement allait acc\u00e9l\u00e9rer l&rsquo;adoption du projet de loi limitant la vente et l&rsquo;usage des <em>pocket bikes<\/em>.<\/p>\n<p>Selon lui &quot;nous pourrons gr\u00e2ce \u00e0 ce texte \u00e0 la fois responsabiliser les professionnels en encadrant plus strictement les conditions de vente des mini-motos, en respectant une charte de qualit\u00e9 et en interdisant la vente aux mineurs&quot;. <\/p>\n<p>&quot;Il s&rsquo;agit \u00e9galement de responsabiliser les utilisateurs en emp\u00eachant l&rsquo;utilisation de ce type d&rsquo;engin par els jeunses de moins de 14 ans, sauf dans le cadre de pratique sportive*, et \u00e9galement de d\u00e9clarer ces engins, qui devront porter de fa\u00e7on visible un num\u00e9ro d&rsquo;identification.&quot;<\/p>\n<p>Cela contribue \u00e0 replacer au centre du d\u00e9bat politique un sujet \u00e9minemment sensible, qui avait connu un v\u00e9ritable <em>boost<\/em> avec la campagne des municipales et l&rsquo;enjeux \u00e9lectoral aff\u00e9rent (voir notre article, <a href=\"http:\/\/www.leblogmoto.com\/2008\/02\/la-loi-sur-les.html\">La loi mini-motos objet d&rsquo;une course droite-gauche<\/a>).<\/p>\n<p><em>*notez que Valentino Rossi a commenc\u00e9 tout jeune par des succ\u00e8s sur ces mod\u00e8les r\u00e9duits, avant de poser comme ici sur cette Yamaha Race Replica.<\/em><\/p>\n<p><em>cr\u00e9dit photo: image du site <\/em><a href=\"http:\/\/www.minimoto.fr\/contenu\/index.php\"><em>minimoto.fr<\/em><\/a><\/p>\n","protected":false},"excerpt":{"rendered":"<p>Une d\u00e9p\u00eache AFP nous apprend que de nombreux maires ont r\u00e9clam\u00e9 une adoption rapide du projet de loi adopt\u00e9 en premi\u00e8re lecture par l&rsquo;Assembl\u00e9e nationale le 5 f\u00e9vrier dernier, et par le S\u00e9nat il y a une semaine. Au vu des deux r\u00e9cents accidents mortels avec ces deux-roues, Luc Chatel, secr\u00e9taire d&rsquo;Etat charg\u00e9 de l&rsquo;industrie [&hellip;]<\/p>\n","protected":false},"author":324,"featured_media":0,"comment_status":"open","ping_status":"open","sticky":false,"template":"","format":"standard","meta":{"footnotes":""},"categories":[3,79,27],"tags":[],"class_list":["post-770","post","type-post","status-publish","format-standard","hentry","category-actualite","category-pocket-bike","category-securite"],"yoast_head":"<!-- This site is optimized with the Yoast SEO plugin v26.0 - https:\/\/yoast.com\/wordpress\/plugins\/seo\/ -->\n<title>Vers une adoption acc\u00e9l\u00e9r\u00e9e de la loi &quot;mini-motos&quot;. - leblogmoto.com<\/title>\n<meta name=\"robots\" content=\"index, follow, max-snippet:-1, max-image-preview:large, max-video-preview:-1\" \/>\n<link rel=\"canonical\" href=\"https:\/\/blogs.thesocialmedia.com\/leblogmoto\/2008\/04\/17\/vers-une-adopti\/\" \/>\n<meta name=\"twitter:card\" content=\"summary_large_image\" \/>\n<meta name=\"twitter:title\" content=\"Vers une adoption acc\u00e9l\u00e9r\u00e9e de la loi &quot;mini-motos&quot;. - leblogmoto.com\" \/>\n<meta name=\"twitter:description\" content=\"Une d\u00e9p\u00eache AFP nous apprend que de nombreux maires ont r\u00e9clam\u00e9 une adoption rapide du projet de loi adopt\u00e9 en premi\u00e8re lecture par l&rsquo;Assembl\u00e9e nationale le 5 f\u00e9vrier dernier, et par le S\u00e9nat il y a une semaine. Au vu des deux r\u00e9cents accidents mortels avec ces deux-roues, Luc Chatel, secr\u00e9taire d&rsquo;Etat charg\u00e9 de l&rsquo;industrie [&hellip;]\" \/>\n<meta name=\"twitter:image\" content=\"http:\/\/www.leblogmoto.com\/images\/2008\/04\/16\/moto_pocket_bike_rossi.jpg\" \/>\n<meta name=\"twitter:label1\" content=\"\u00c9crit par\" \/>\n\t<meta name=\"twitter:data1\" content=\"benoit rieu\" \/>\n\t<meta name=\"twitter:label2\" content=\"Dur\u00e9e de lecture estim\u00e9e\" \/>\n\t<meta name=\"twitter:data2\" content=\"1 minute\" \/>\n<script type=\"application\/ld+json\" class=\"yoast-schema-graph\">{\"@context\":\"https:\/\/schema.org\",\"@graph\":[{\"@type\":\"WebPage\",\"@id\":\"https:\/\/blogs.thesocialmedia.com\/leblogmoto\/2008\/04\/17\/vers-une-adopti\/\",\"url\":\"https:\/\/blogs.thesocialmedia.com\/leblogmoto\/2008\/04\/17\/vers-une-adopti\/\",\"name\":\"Vers une adoption acc\u00e9l\u00e9r\u00e9e de la loi \\\"mini-motos\\\". - leblogmoto.com\",\"isPartOf\":{\"@id\":\"https:\/\/blogs.thesocialmedia.com\/leblogmoto\/#website\"},\"primaryImageOfPage\":{\"@id\":\"https:\/\/blogs.thesocialmedia.com\/leblogmoto\/2008\/04\/17\/vers-une-adopti\/#primaryimage\"},\"image\":{\"@id\":\"https:\/\/blogs.thesocialmedia.com\/leblogmoto\/2008\/04\/17\/vers-une-adopti\/#primaryimage\"},\"thumbnailUrl\":\"http:\/\/www.leblogmoto.com\/images\/2008\/04\/16\/moto_pocket_bike_rossi.jpg\",\"datePublished\":\"2008-04-17T08:07:06+00:00\",\"dateModified\":\"2012-07-11T15:37:37+00:00\",\"author\":{\"@id\":\"https:\/\/blogs.thesocialmedia.com\/leblogmoto\/#\/schema\/person\/18bfe773e5725ed6d24f743da805362a\"},\"breadcrumb\":{\"@id\":\"https:\/\/blogs.thesocialmedia.com\/leblogmoto\/2008\/04\/17\/vers-une-adopti\/#breadcrumb\"},\"inLanguage\":\"fr-FR\",\"potentialAction\":[{\"@type\":\"ReadAction\",\"target\":[\"https:\/\/blogs.thesocialmedia.com\/leblogmoto\/2008\/04\/17\/vers-une-adopti\/\"]}]},{\"@type\":\"ImageObject\",\"inLanguage\":\"fr-FR\",\"@id\":\"https:\/\/blogs.thesocialmedia.com\/leblogmoto\/2008\/04\/17\/vers-une-adopti\/#primaryimage\",\"url\":\"http:\/\/www.leblogmoto.com\/images\/2008\/04\/16\/moto_pocket_bike_rossi.jpg\",\"contentUrl\":\"http:\/\/www.leblogmoto.com\/images\/2008\/04\/16\/moto_pocket_bike_rossi.jpg\"},{\"@type\":\"BreadcrumbList\",\"@id\":\"https:\/\/blogs.thesocialmedia.com\/leblogmoto\/2008\/04\/17\/vers-une-adopti\/#breadcrumb\",\"itemListElement\":[{\"@type\":\"ListItem\",\"position\":1,\"name\":\"Accueil\",\"item\":\"https:\/\/blogs.thesocialmedia.com\/leblogmoto\/\"},{\"@type\":\"ListItem\",\"position\":2,\"name\":\"Vers une adoption acc\u00e9l\u00e9r\u00e9e de la loi \u00ab\u00a0mini-motos\u00a0\u00bb.\"}]},{\"@type\":\"WebSite\",\"@id\":\"https:\/\/blogs.thesocialmedia.com\/leblogmoto\/#website\",\"url\":\"https:\/\/blogs.thesocialmedia.com\/leblogmoto\/\",\"name\":\"leblogmoto\",\"description\":\"Toute l&#039;actualit\u00e9 des 2 roues\",\"potentialAction\":[{\"@type\":\"SearchAction\",\"target\":{\"@type\":\"EntryPoint\",\"urlTemplate\":\"https:\/\/blogs.thesocialmedia.com\/leblogmoto\/?s={search_term_string}\"},\"query-input\":{\"@type\":\"PropertyValueSpecification\",\"valueRequired\":true,\"valueName\":\"search_term_string\"}}],\"inLanguage\":\"fr-FR\"},{\"@type\":\"Person\",\"@id\":\"https:\/\/blogs.thesocialmedia.com\/leblogmoto\/#\/schema\/person\/18bfe773e5725ed6d24f743da805362a\",\"name\":\"benoit rieu\",\"image\":{\"@type\":\"ImageObject\",\"inLanguage\":\"fr-FR\",\"@id\":\"https:\/\/blogs.thesocialmedia.com\/leblogmoto\/#\/schema\/person\/image\/\",\"url\":\"https:\/\/secure.gravatar.com\/avatar\/?s=96&d=mm&r=g\",\"contentUrl\":\"https:\/\/secure.gravatar.com\/avatar\/?s=96&d=mm&r=g\",\"caption\":\"benoit rieu\"},\"url\":\"https:\/\/blogs.thesocialmedia.com\/leblogmoto\/author\/benoit-rieu\/\"}]}<\/script>\n<!-- \/ Yoast SEO plugin. -->","yoast_head_json":{"title":"Vers une adoption acc\u00e9l\u00e9r\u00e9e de la loi \"mini-motos\". - leblogmoto.com","robots":{"index":"index","follow":"follow","max-snippet":"max-snippet:-1","max-image-preview":"max-image-preview:large","max-video-preview":"max-video-preview:-1"},"canonical":"https:\/\/blogs.thesocialmedia.com\/leblogmoto\/2008\/04\/17\/vers-une-adopti\/","twitter_card":"summary_large_image","twitter_title":"Vers une adoption acc\u00e9l\u00e9r\u00e9e de la loi \"mini-motos\". - leblogmoto.com","twitter_description":"Une d\u00e9p\u00eache AFP nous apprend que de nombreux maires ont r\u00e9clam\u00e9 une adoption rapide du projet de loi adopt\u00e9 en premi\u00e8re lecture par l&rsquo;Assembl\u00e9e nationale le 5 f\u00e9vrier dernier, et par le S\u00e9nat il y a une semaine. Au vu des deux r\u00e9cents accidents mortels avec ces deux-roues, Luc Chatel, secr\u00e9taire d&rsquo;Etat charg\u00e9 de l&rsquo;industrie [&hellip;]","twitter_image":"http:\/\/www.leblogmoto.com\/images\/2008\/04\/16\/moto_pocket_bike_rossi.jpg","twitter_misc":{"\u00c9crit par":"benoit rieu","Dur\u00e9e de lecture estim\u00e9e":"1 minute"},"schema":{"@context":"https:\/\/schema.org","@graph":[{"@type":"WebPage","@id":"https:\/\/blogs.thesocialmedia.com\/leblogmoto\/2008\/04\/17\/vers-une-adopti\/","url":"https:\/\/blogs.thesocialmedia.com\/leblogmoto\/2008\/04\/17\/vers-une-adopti\/","name":"Vers une adoption acc\u00e9l\u00e9r\u00e9e de la loi \"mini-motos\". - leblogmoto.com","isPartOf":{"@id":"https:\/\/blogs.thesocialmedia.com\/leblogmoto\/#website"},"primaryImageOfPage":{"@id":"https:\/\/blogs.thesocialmedia.com\/leblogmoto\/2008\/04\/17\/vers-une-adopti\/#primaryimage"},"image":{"@id":"https:\/\/blogs.thesocialmedia.com\/leblogmoto\/2008\/04\/17\/vers-une-adopti\/#primaryimage"},"thumbnailUrl":"http:\/\/www.leblogmoto.com\/images\/2008\/04\/16\/moto_pocket_bike_rossi.jpg","datePublished":"2008-04-17T08:07:06+00:00","dateModified":"2012-07-11T15:37:37+00:00","author":{"@id":"https:\/\/blogs.thesocialmedia.com\/leblogmoto\/#\/schema\/person\/18bfe773e5725ed6d24f743da805362a"},"breadcrumb":{"@id":"https:\/\/blogs.thesocialmedia.com\/leblogmoto\/2008\/04\/17\/vers-une-adopti\/#breadcrumb"},"inLanguage":"fr-FR","potentialAction":[{"@type":"ReadAction","target":["https:\/\/blogs.thesocialmedia.com\/leblogmoto\/2008\/04\/17\/vers-une-adopti\/"]}]},{"@type":"ImageObject","inLanguage":"fr-FR","@id":"https:\/\/blogs.thesocialmedia.com\/leblogmoto\/2008\/04\/17\/vers-une-adopti\/#primaryimage","url":"http:\/\/www.leblogmoto.com\/images\/2008\/04\/16\/moto_pocket_bike_rossi.jpg","contentUrl":"http:\/\/www.leblogmoto.com\/images\/2008\/04\/16\/moto_pocket_bike_rossi.jpg"},{"@type":"BreadcrumbList","@id":"https:\/\/blogs.thesocialmedia.com\/leblogmoto\/2008\/04\/17\/vers-une-adopti\/#breadcrumb","itemListElement":[{"@type":"ListItem","position":1,"name":"Accueil","item":"https:\/\/blogs.thesocialmedia.com\/leblogmoto\/"},{"@type":"ListItem","position":2,"name":"Vers une adoption acc\u00e9l\u00e9r\u00e9e de la loi \u00ab\u00a0mini-motos\u00a0\u00bb."}]},{"@type":"WebSite","@id":"https:\/\/blogs.thesocialmedia.com\/leblogmoto\/#website","url":"https:\/\/blogs.thesocialmedia.com\/leblogmoto\/","name":"leblogmoto","description":"Toute l&#039;actualit\u00e9 des 2 roues","potentialAction":[{"@type":"SearchAction","target":{"@type":"EntryPoint","urlTemplate":"https:\/\/blogs.thesocialmedia.com\/leblogmoto\/?s={search_term_string}"},"query-input":{"@type":"PropertyValueSpecification","valueRequired":true,"valueName":"search_term_string"}}],"inLanguage":"fr-FR"},{"@type":"Person","@id":"https:\/\/blogs.thesocialmedia.com\/leblogmoto\/#\/schema\/person\/18bfe773e5725ed6d24f743da805362a","name":"benoit rieu","image":{"@type":"ImageObject","inLanguage":"fr-FR","@id":"https:\/\/blogs.thesocialmedia.com\/leblogmoto\/#\/schema\/person\/image\/","url":"https:\/\/secure.gravatar.com\/avatar\/?s=96&d=mm&r=g","contentUrl":"https:\/\/secure.gravatar.com\/avatar\/?s=96&d=mm&r=g","caption":"benoit rieu"},"url":"https:\/\/blogs.thesocialmedia.com\/leblogmoto\/author\/benoit-rieu\/"}]}},"_links":{"self":[{"href":"https:\/\/blogs.thesocialmedia.com\/leblogmoto\/wp-json\/wp\/v2\/posts\/770","targetHints":{"allow":["GET"]}}],"collection":[{"href":"https:\/\/blogs.thesocialmedia.com\/leblogmoto\/wp-json\/wp\/v2\/posts"}],"about":[{"href":"https:\/\/blogs.thesocialmedia.com\/leblogmoto\/wp-json\/wp\/v2\/types\/post"}],"author":[{"embeddable":true,"href":"https:\/\/blogs.thesocialmedia.com\/leblogmoto\/wp-json\/wp\/v2\/users\/324"}],"replies":[{"embeddable":true,"href":"https:\/\/blogs.thesocialmedia.com\/leblogmoto\/wp-json\/wp\/v2\/comments?post=770"}],"version-history":[{"count":2,"href":"https:\/\/blogs.thesocialmedia.com\/leblogmoto\/wp-json\/wp\/v2\/posts\/770\/revisions"}],"predecessor-version":[{"id":10446,"href":"https:\/\/blogs.thesocialmedia.com\/leblogmoto\/wp-json\/wp\/v2\/posts\/770\/revisions\/10446"}],"wp:attachment":[{"href":"https:\/\/blogs.thesocialmedia.com\/leblogmoto\/wp-json\/wp\/v2\/media?parent=770"}],"wp:term":[{"taxonomy":"category","embeddable":true,"href":"https:\/\/blogs.thesocialmedia.com\/leblogmoto\/wp-json\/wp\/v2\/categories?post=770"},{"taxonomy":"post_tag","embeddable":true,"href":"https:\/\/blogs.thesocialmedia.com\/leblogmoto\/wp-json\/wp\/v2\/tags?post=770"}],"curies":[{"name":"wp","href":"https:\/\/api.w.org\/{rel}","templated":true}]}}