{"id":771,"date":"2008-04-17T08:05:21","date_gmt":"2008-04-17T08:05:21","guid":{"rendered":"http:\/\/blogs.thesocialmedia.com\/leblogmoto\/2008\/04\/17\/lorenzo-vainque\/"},"modified":"2012-07-11T15:37:33","modified_gmt":"2012-07-11T15:37:33","slug":"lorenzo-vainque","status":"publish","type":"post","link":"https:\/\/blogs.thesocialmedia.com\/leblogmoto\/2008\/04\/17\/lorenzo-vainque\/","title":{"rendered":"Jorge Lorenzo se dit pr\u00eat \u00e0 piloter d&rsquo;une seule main."},"content":{"rendered":"<p><a href=\"http:\/\/blogs.thesocialmedia.com\/leblogmoto\/files\/2012\/07\/motogp_jorge_lorenzo_et_le_docteur_.jpg\"><img loading=\"lazy\" decoding=\"async\" height=\"352\" alt=\"Motogp_jorge_lorenzo_et_le_docteur_\" src=\"http:\/\/www.leblogmoto.com\/images\/2008\/04\/16\/motogp_jorge_lorenzo_et_le_docteur_.jpg\" width=\"470\"  \/><\/a><a href=\"http:\/\/blogs.thesocialmedia.com\/leblogmoto\/files\/2012\/07\/motogp_lorenzo_yamahamotor.jpg\">&nbsp;<\/a><\/p>\n<p>Le vainqueur du grand prix du Portugal a subi une <a href=\"http:\/\/www.autosport.com\/news\/report.php\/id\/66638\">intervention chirurgicale<\/a> lundi pour soulager le <a href=\"http:\/\/fr.wikipedia.org\/wiki\/Syndrome_du_canal_carpien\">syndrome du canal carpien<\/a> dont il souffre, et qui lui occasionne une perte de force dans les avant-bras \u00e0 la fin des courses. Op\u00e9r\u00e9 \u00e0 Barcelone par le docteur Xavier Mir, il a quitt\u00e9 l&rsquo;h\u00f4pital 24 heures plus tard et a d\u00e9clar\u00e9 \u00e0 la presse \u00eatre r\u00e9solu \u00e0 manier sa moto avec son seul bras valide s&rsquo;il le faut, pour pouvoir se pr\u00e9senter \u00e0 Shangha\u00ef le 4 mai prochain.<\/p>\n<p>Ces bravades mises \u00e0 part, le staff m\u00e9dical catalan estime que les deux semaines et demi de repos avant le grand prix de Chine seront amplement suffisantes pour que le surdou\u00e9 rookie r\u00e9cup\u00e8re et puisse rivaliser avec son compatriote Dani Pedrosa. Pilote avec lequel il est \u00e0 \u00e9galit\u00e9 de points dans la course au championnat. <\/p>\n<p>Sa convalescence se fera \u00e0 Londres, avec ses proches. Rappelons que le week-end dernier apr\u00e8s un d\u00e9passement culott\u00e9 et plein de ma\u00eetrise en d\u00e9but de course, sur un autre Docteur, italien celui-ci, le (double) champion en titre des 250cc (photo en 2007) avait pris la t\u00eate de la meute pour ne plus \u00eatre rejoint avant la ligne d&rsquo;arriv\u00e9e.<\/p>\n<p><a href=\"http:\/\/blogs.thesocialmedia.com\/leblogmoto\/files\/2012\/07\/motogp_lorenzo_yamahamotor.jpg\"><img loading=\"lazy\" decoding=\"async\" height=\"291\" alt=\"Motogp_lorenzo_yamahamotor\" src=\"http:\/\/www.leblogmoto.com\/images\/2008\/04\/15\/motogp_lorenzo_yamahamotor.jpg\" width=\"470\"  \/><\/a> <\/p>\n<p>En bonus, une petite vid\u00e9o montrant la rivalit\u00e9 Dani &#8211; Jorge \u00e0 Estoril, sur la musique des Dandy Warhols <em>We used to be friends<\/em> (les fans de la s\u00e9rie Veronica Mars connaissent par coeur). Le titre musical est bien choisi quand on sait la froideur de Pedrosa face aux poles successives de Lorenzo (le souverain du Lorenzoland** en avait pris d&rsquo;ailleurs ombrage). Profitez-en car avec le z\u00e8le que met la Dorna* \u00e0 chasser ces vid\u00e9os sur le net, pas s\u00fbr que cela reste longtemps en ligne.<\/p>\n<p><em>*Mais la FOM pour faire respecter ses droits sur la F1 et expurger YouTube et DailyMotion des extraits des GP n&rsquo;est pas mal non plus.<\/em><\/p>\n<p><em>**il s&rsquo;est d&rsquo;ailleurs affich\u00e9 avec le drapeau en question dont je vous parlais <a href=\"http:\/\/www.leblogmoto.com\/2008\/03\/sur-le-web-beta.html\">la derni\u00e8re fois<\/a>, lors de son tour d&rsquo;honneur.<\/em><\/p>\n<p><em>cr\u00e9dit photos: motogp.com, yamaha-motor<\/em><\/p>\n<p><em>sources: motogp.com, Autosport.com.<\/em><\/p>\n<p><embed src=\"http:\/\/www.youtube.com\/v\/RbeoEWmqZr4&amp;hl=en\" width=\"425\" height=\"355\" type=\"application\/x-shockwave-flash\"><\/embed> <\/p>\n","protected":false},"excerpt":{"rendered":"<p>&nbsp; Le vainqueur du grand prix du Portugal a subi une intervention chirurgicale lundi pour soulager le syndrome du canal carpien dont il souffre, et qui lui occasionne une perte de force dans les avant-bras \u00e0 la fin des courses. Op\u00e9r\u00e9 \u00e0 Barcelone par le docteur Xavier Mir, il a quitt\u00e9 l&rsquo;h\u00f4pital 24 heures plus [&hellip;]<\/p>\n","protected":false},"author":324,"featured_media":0,"comment_status":"open","ping_status":"open","sticky":false,"template":"","format":"standard","meta":{"footnotes":""},"categories":[3,22,12],"tags":[],"class_list":["post-771","post","type-post","status-publish","format-standard","hentry","category-actualite","category-motogp","category-videos"],"yoast_head":"<!-- This site is optimized with the Yoast SEO plugin v26.0 - https:\/\/yoast.com\/wordpress\/plugins\/seo\/ -->\n<title>Jorge Lorenzo se dit pr\u00eat \u00e0 piloter d&#039;une seule main. - leblogmoto.com<\/title>\n<meta name=\"robots\" content=\"index, follow, max-snippet:-1, max-image-preview:large, max-video-preview:-1\" \/>\n<link rel=\"canonical\" href=\"https:\/\/blogs.thesocialmedia.com\/leblogmoto\/2008\/04\/17\/lorenzo-vainque\/\" \/>\n<meta name=\"twitter:card\" content=\"summary_large_image\" \/>\n<meta name=\"twitter:title\" content=\"Jorge Lorenzo se dit pr\u00eat \u00e0 piloter d&#039;une seule main. - leblogmoto.com\" \/>\n<meta name=\"twitter:description\" content=\"&nbsp; Le vainqueur du grand prix du Portugal a subi une intervention chirurgicale lundi pour soulager le syndrome du canal carpien dont il souffre, et qui lui occasionne une perte de force dans les avant-bras \u00e0 la fin des courses. Op\u00e9r\u00e9 \u00e0 Barcelone par le docteur Xavier Mir, il a quitt\u00e9 l&rsquo;h\u00f4pital 24 heures plus [&hellip;]\" \/>\n<meta name=\"twitter:image\" content=\"http:\/\/www.leblogmoto.com\/images\/2008\/04\/16\/motogp_jorge_lorenzo_et_le_docteur_.jpg\" \/>\n<meta name=\"twitter:label1\" content=\"\u00c9crit par\" \/>\n\t<meta name=\"twitter:data1\" content=\"benoit rieu\" \/>\n\t<meta name=\"twitter:label2\" content=\"Dur\u00e9e de lecture estim\u00e9e\" \/>\n\t<meta name=\"twitter:data2\" content=\"2 minutes\" \/>\n<script type=\"application\/ld+json\" class=\"yoast-schema-graph\">{\"@context\":\"https:\/\/schema.org\",\"@graph\":[{\"@type\":\"WebPage\",\"@id\":\"https:\/\/blogs.thesocialmedia.com\/leblogmoto\/2008\/04\/17\/lorenzo-vainque\/\",\"url\":\"https:\/\/blogs.thesocialmedia.com\/leblogmoto\/2008\/04\/17\/lorenzo-vainque\/\",\"name\":\"Jorge Lorenzo se dit pr\u00eat \u00e0 piloter d'une seule main. - leblogmoto.com\",\"isPartOf\":{\"@id\":\"https:\/\/blogs.thesocialmedia.com\/leblogmoto\/#website\"},\"primaryImageOfPage\":{\"@id\":\"https:\/\/blogs.thesocialmedia.com\/leblogmoto\/2008\/04\/17\/lorenzo-vainque\/#primaryimage\"},\"image\":{\"@id\":\"https:\/\/blogs.thesocialmedia.com\/leblogmoto\/2008\/04\/17\/lorenzo-vainque\/#primaryimage\"},\"thumbnailUrl\":\"http:\/\/www.leblogmoto.com\/images\/2008\/04\/16\/motogp_jorge_lorenzo_et_le_docteur_.jpg\",\"datePublished\":\"2008-04-17T08:05:21+00:00\",\"dateModified\":\"2012-07-11T15:37:33+00:00\",\"author\":{\"@id\":\"https:\/\/blogs.thesocialmedia.com\/leblogmoto\/#\/schema\/person\/18bfe773e5725ed6d24f743da805362a\"},\"breadcrumb\":{\"@id\":\"https:\/\/blogs.thesocialmedia.com\/leblogmoto\/2008\/04\/17\/lorenzo-vainque\/#breadcrumb\"},\"inLanguage\":\"fr-FR\",\"potentialAction\":[{\"@type\":\"ReadAction\",\"target\":[\"https:\/\/blogs.thesocialmedia.com\/leblogmoto\/2008\/04\/17\/lorenzo-vainque\/\"]}]},{\"@type\":\"ImageObject\",\"inLanguage\":\"fr-FR\",\"@id\":\"https:\/\/blogs.thesocialmedia.com\/leblogmoto\/2008\/04\/17\/lorenzo-vainque\/#primaryimage\",\"url\":\"http:\/\/www.leblogmoto.com\/images\/2008\/04\/16\/motogp_jorge_lorenzo_et_le_docteur_.jpg\",\"contentUrl\":\"http:\/\/www.leblogmoto.com\/images\/2008\/04\/16\/motogp_jorge_lorenzo_et_le_docteur_.jpg\"},{\"@type\":\"BreadcrumbList\",\"@id\":\"https:\/\/blogs.thesocialmedia.com\/leblogmoto\/2008\/04\/17\/lorenzo-vainque\/#breadcrumb\",\"itemListElement\":[{\"@type\":\"ListItem\",\"position\":1,\"name\":\"Accueil\",\"item\":\"https:\/\/blogs.thesocialmedia.com\/leblogmoto\/\"},{\"@type\":\"ListItem\",\"position\":2,\"name\":\"Jorge Lorenzo se dit pr\u00eat \u00e0 piloter d&rsquo;une seule main.\"}]},{\"@type\":\"WebSite\",\"@id\":\"https:\/\/blogs.thesocialmedia.com\/leblogmoto\/#website\",\"url\":\"https:\/\/blogs.thesocialmedia.com\/leblogmoto\/\",\"name\":\"leblogmoto\",\"description\":\"Toute l&#039;actualit\u00e9 des 2 roues\",\"potentialAction\":[{\"@type\":\"SearchAction\",\"target\":{\"@type\":\"EntryPoint\",\"urlTemplate\":\"https:\/\/blogs.thesocialmedia.com\/leblogmoto\/?s={search_term_string}\"},\"query-input\":{\"@type\":\"PropertyValueSpecification\",\"valueRequired\":true,\"valueName\":\"search_term_string\"}}],\"inLanguage\":\"fr-FR\"},{\"@type\":\"Person\",\"@id\":\"https:\/\/blogs.thesocialmedia.com\/leblogmoto\/#\/schema\/person\/18bfe773e5725ed6d24f743da805362a\",\"name\":\"benoit rieu\",\"image\":{\"@type\":\"ImageObject\",\"inLanguage\":\"fr-FR\",\"@id\":\"https:\/\/blogs.thesocialmedia.com\/leblogmoto\/#\/schema\/person\/image\/\",\"url\":\"https:\/\/secure.gravatar.com\/avatar\/?s=96&d=mm&r=g\",\"contentUrl\":\"https:\/\/secure.gravatar.com\/avatar\/?s=96&d=mm&r=g\",\"caption\":\"benoit rieu\"},\"url\":\"https:\/\/blogs.thesocialmedia.com\/leblogmoto\/author\/benoit-rieu\/\"}]}<\/script>\n<!-- \/ Yoast SEO plugin. -->","yoast_head_json":{"title":"Jorge Lorenzo se dit pr\u00eat \u00e0 piloter d'une seule main. - leblogmoto.com","robots":{"index":"index","follow":"follow","max-snippet":"max-snippet:-1","max-image-preview":"max-image-preview:large","max-video-preview":"max-video-preview:-1"},"canonical":"https:\/\/blogs.thesocialmedia.com\/leblogmoto\/2008\/04\/17\/lorenzo-vainque\/","twitter_card":"summary_large_image","twitter_title":"Jorge Lorenzo se dit pr\u00eat \u00e0 piloter d'une seule main. - leblogmoto.com","twitter_description":"&nbsp; Le vainqueur du grand prix du Portugal a subi une intervention chirurgicale lundi pour soulager le syndrome du canal carpien dont il souffre, et qui lui occasionne une perte de force dans les avant-bras \u00e0 la fin des courses. Op\u00e9r\u00e9 \u00e0 Barcelone par le docteur Xavier Mir, il a quitt\u00e9 l&rsquo;h\u00f4pital 24 heures plus [&hellip;]","twitter_image":"http:\/\/www.leblogmoto.com\/images\/2008\/04\/16\/motogp_jorge_lorenzo_et_le_docteur_.jpg","twitter_misc":{"\u00c9crit par":"benoit rieu","Dur\u00e9e de lecture estim\u00e9e":"2 minutes"},"schema":{"@context":"https:\/\/schema.org","@graph":[{"@type":"WebPage","@id":"https:\/\/blogs.thesocialmedia.com\/leblogmoto\/2008\/04\/17\/lorenzo-vainque\/","url":"https:\/\/blogs.thesocialmedia.com\/leblogmoto\/2008\/04\/17\/lorenzo-vainque\/","name":"Jorge Lorenzo se dit pr\u00eat \u00e0 piloter d'une seule main. - leblogmoto.com","isPartOf":{"@id":"https:\/\/blogs.thesocialmedia.com\/leblogmoto\/#website"},"primaryImageOfPage":{"@id":"https:\/\/blogs.thesocialmedia.com\/leblogmoto\/2008\/04\/17\/lorenzo-vainque\/#primaryimage"},"image":{"@id":"https:\/\/blogs.thesocialmedia.com\/leblogmoto\/2008\/04\/17\/lorenzo-vainque\/#primaryimage"},"thumbnailUrl":"http:\/\/www.leblogmoto.com\/images\/2008\/04\/16\/motogp_jorge_lorenzo_et_le_docteur_.jpg","datePublished":"2008-04-17T08:05:21+00:00","dateModified":"2012-07-11T15:37:33+00:00","author":{"@id":"https:\/\/blogs.thesocialmedia.com\/leblogmoto\/#\/schema\/person\/18bfe773e5725ed6d24f743da805362a"},"breadcrumb":{"@id":"https:\/\/blogs.thesocialmedia.com\/leblogmoto\/2008\/04\/17\/lorenzo-vainque\/#breadcrumb"},"inLanguage":"fr-FR","potentialAction":[{"@type":"ReadAction","target":["https:\/\/blogs.thesocialmedia.com\/leblogmoto\/2008\/04\/17\/lorenzo-vainque\/"]}]},{"@type":"ImageObject","inLanguage":"fr-FR","@id":"https:\/\/blogs.thesocialmedia.com\/leblogmoto\/2008\/04\/17\/lorenzo-vainque\/#primaryimage","url":"http:\/\/www.leblogmoto.com\/images\/2008\/04\/16\/motogp_jorge_lorenzo_et_le_docteur_.jpg","contentUrl":"http:\/\/www.leblogmoto.com\/images\/2008\/04\/16\/motogp_jorge_lorenzo_et_le_docteur_.jpg"},{"@type":"BreadcrumbList","@id":"https:\/\/blogs.thesocialmedia.com\/leblogmoto\/2008\/04\/17\/lorenzo-vainque\/#breadcrumb","itemListElement":[{"@type":"ListItem","position":1,"name":"Accueil","item":"https:\/\/blogs.thesocialmedia.com\/leblogmoto\/"},{"@type":"ListItem","position":2,"name":"Jorge Lorenzo se dit pr\u00eat \u00e0 piloter d&rsquo;une seule main."}]},{"@type":"WebSite","@id":"https:\/\/blogs.thesocialmedia.com\/leblogmoto\/#website","url":"https:\/\/blogs.thesocialmedia.com\/leblogmoto\/","name":"leblogmoto","description":"Toute l&#039;actualit\u00e9 des 2 roues","potentialAction":[{"@type":"SearchAction","target":{"@type":"EntryPoint","urlTemplate":"https:\/\/blogs.thesocialmedia.com\/leblogmoto\/?s={search_term_string}"},"query-input":{"@type":"PropertyValueSpecification","valueRequired":true,"valueName":"search_term_string"}}],"inLanguage":"fr-FR"},{"@type":"Person","@id":"https:\/\/blogs.thesocialmedia.com\/leblogmoto\/#\/schema\/person\/18bfe773e5725ed6d24f743da805362a","name":"benoit rieu","image":{"@type":"ImageObject","inLanguage":"fr-FR","@id":"https:\/\/blogs.thesocialmedia.com\/leblogmoto\/#\/schema\/person\/image\/","url":"https:\/\/secure.gravatar.com\/avatar\/?s=96&d=mm&r=g","contentUrl":"https:\/\/secure.gravatar.com\/avatar\/?s=96&d=mm&r=g","caption":"benoit rieu"},"url":"https:\/\/blogs.thesocialmedia.com\/leblogmoto\/author\/benoit-rieu\/"}]}},"_links":{"self":[{"href":"https:\/\/blogs.thesocialmedia.com\/leblogmoto\/wp-json\/wp\/v2\/posts\/771","targetHints":{"allow":["GET"]}}],"collection":[{"href":"https:\/\/blogs.thesocialmedia.com\/leblogmoto\/wp-json\/wp\/v2\/posts"}],"about":[{"href":"https:\/\/blogs.thesocialmedia.com\/leblogmoto\/wp-json\/wp\/v2\/types\/post"}],"author":[{"embeddable":true,"href":"https:\/\/blogs.thesocialmedia.com\/leblogmoto\/wp-json\/wp\/v2\/users\/324"}],"replies":[{"embeddable":true,"href":"https:\/\/blogs.thesocialmedia.com\/leblogmoto\/wp-json\/wp\/v2\/comments?post=771"}],"version-history":[{"count":2,"href":"https:\/\/blogs.thesocialmedia.com\/leblogmoto\/wp-json\/wp\/v2\/posts\/771\/revisions"}],"predecessor-version":[{"id":10444,"href":"https:\/\/blogs.thesocialmedia.com\/leblogmoto\/wp-json\/wp\/v2\/posts\/771\/revisions\/10444"}],"wp:attachment":[{"href":"https:\/\/blogs.thesocialmedia.com\/leblogmoto\/wp-json\/wp\/v2\/media?parent=771"}],"wp:term":[{"taxonomy":"category","embeddable":true,"href":"https:\/\/blogs.thesocialmedia.com\/leblogmoto\/wp-json\/wp\/v2\/categories?post=771"},{"taxonomy":"post_tag","embeddable":true,"href":"https:\/\/blogs.thesocialmedia.com\/leblogmoto\/wp-json\/wp\/v2\/tags?post=771"}],"curies":[{"name":"wp","href":"https:\/\/api.w.org\/{rel}","templated":true}]}}