{"id":772,"date":"2008-04-17T05:24:54","date_gmt":"2008-04-17T05:24:54","guid":{"rendered":"http:\/\/blogs.thesocialmedia.com\/leblogmoto\/2008\/04\/17\/le-mans-2008-bm\/"},"modified":"2012-07-11T15:37:29","modified_gmt":"2012-07-11T15:37:29","slug":"le-mans-2008-bm","status":"publish","type":"post","link":"https:\/\/blogs.thesocialmedia.com\/leblogmoto\/2008\/04\/17\/le-mans-2008-bm\/","title":{"rendered":"24 Heures du Mans: BMW Motorrad"},"content":{"rendered":"<p><a href=\"http:\/\/blogs.thesocialmedia.com\/leblogmoto\/files\/2012\/07\/stand_bmw_01.jpg\"><img loading=\"lazy\" decoding=\"async\" width=\"470\" height=\"353\"  alt=\"Stand_bmw_01\" src=\"http:\/\/www.leblogmoto.com\/images\/2008\/04\/16\/stand_bmw_01.jpg\" style=\"margin: 0px 5px 5px 0px;float: left\" \/><\/a>Pour cet 31\u00e8me \u00e9dition des 24 Heures du Mans ce sont deux HP2 Endurance qui sont engag\u00e9es en cat\u00e9gorie Open. Nous les avons suivi \u00e0 la tra\u00e7e pendant les v\u00e9rifications techniques&#8230;<\/p>\n<p>Pour BMW Motorrad l&rsquo;objectif cette ann\u00e9e est de faire mieux que la 16\u00e8me place obtenue en 2007. <\/p>\n<p><object width=\"480\" height=\"365\"><param value=\"http:\/\/www.youtube.com\/v\/viqz5xiQR6o&amp;hl=en\" name=\"movie\" \/><param value=\"transparent\" name=\"wmode\" \/><embed width=\"480\" height=\"365\" type=\"application\/x-shockwave-flash\" src=\"http:\/\/www.youtube.com\/v\/viqz5xiQR6o&amp;hl=en\"><\/embed><\/object> <\/p>\n<p>Ce sera&nbsp; surtout une opportunit\u00e9 de plus de peaufiner son organisation avant l&rsquo;engagement en Superbike en 2009&#8230;<\/p><embed width=\"480\" height=\"360\" src=\"http:\/\/w248.photobucket.com\/pbwidget.swf?pbwurl=http:\/\/w248.photobucket.com\/albums\/gg180\/ebipbip\/BMW MOTORRAD - LE MANS 2008\/04955d01.pbw\" type=\"application\/x-shockwave-flash\"><\/embed><p>La version Endurance est encore mieux \u00e9quip\u00e9e que la version de s\u00e9rie (freinage Brembo, amortisseur Ohlins&#8230;) \u00e0 commencer par une ligne compl\u00e8te d&rsquo;\u00e9chappement Akrapovic en titane qui permet au moteur de gagner une bonne dizaine de cv et de d\u00e9velopper environ 140 cv.<\/p>\n<div><object width=\"480\" height=\"357\"><param name=\"movie\" value=\"http:\/\/www.dailymotion.com\/swf\/x53pg7&amp;v3=1&amp;related=1\" \/><param name=\"allowFullScreen\" value=\"true\" \/><param name=\"allowScriptAccess\" value=\"always\" \/><embed width=\"480\" height=\"357\" src=\"http:\/\/www.dailymotion.com\/swf\/x53pg7&amp;v3=1&amp;related=1\" type=\"application\/x-shockwave-flash\"><\/embed><\/object><br \/><strong>&nbsp;<\/strong><em><a href=\"http:\/\/www.dailymotion.com\/Quart2Tours\"><\/a><\/em><\/div>\n<p>Beaucoup plus efficace dans les virages et encha\u00eenements \u00e0 basse et moyenne vitesse que les autres machines le moteur bicylindre \u00e0 plat de la HP2 ne d\u00e9veloppe pourtant pas suffisamment de puissance pour pouvoir faire jeu \u00e9gal avec les 4 cylindres japonais. La HP2 met environ 5 secondes de plus par tour de circuit.&nbsp; &nbsp; <\/p>\n<div><object width=\"480\" height=\"357\"><param value=\"http:\/\/www.dailymotion.com\/swf\/x53s0g&amp;v3=1&amp;related=1\" name=\"movie\" \/><param value=\"true\" name=\"allowFullScreen\" \/><param value=\"always\" name=\"allowScriptAccess\" \/><embed width=\"480\" height=\"357\" type=\"application\/x-shockwave-flash\" src=\"http:\/\/www.dailymotion.com\/swf\/x53s0g&amp;v3=1&amp;related=1\"><\/embed><\/object><br \/><em><a href=\"http:\/\/www.dailymotion.com\/Quart2Tours\"><\/a><\/em><\/div>\n<p>Le r\u00e9servoir passe de 14 litres sur la machine de s\u00e9rie \u00e0 24 pour les courses d&rsquo;endurance. Par rapport \u00e0 la concurrence, BMW obtient une consommation inf\u00e9rieure de 10% sur ses machines. Cette \u00e9conomie de carburant permet d&rsquo;\u00e9conomiser un pr\u00e9cieux temps en se passant de deux relais sur la totalit\u00e9 de la course.&nbsp; <\/p>\n<div><object width=\"480\" height=\"357\"><param name=\"movie\" value=\"http:\/\/www.dailymotion.com\/swf\/x53pmj&amp;v3=1&amp;related=1\" \/><param name=\"allowFullScreen\" value=\"true\" \/><param name=\"allowScriptAccess\" value=\"always\" \/><embed width=\"480\" height=\"357\" src=\"http:\/\/www.dailymotion.com\/swf\/x53pmj&amp;v3=1&amp;related=1\" type=\"application\/x-shockwave-flash\"><\/embed><\/object><br \/><em><a href=\"http:\/\/www.dailymotion.com\/Quart2Tours\"><\/a><\/em><\/div>\n<div><object width=\"480\" height=\"357\"><param value=\"http:\/\/www.dailymotion.com\/swf\/x53rt9&amp;v3=1&amp;related=1\" name=\"movie\" \/><param value=\"true\" name=\"allowFullScreen\" \/><param value=\"always\" name=\"allowScriptAccess\" \/><embed width=\"480\" height=\"357\" type=\"application\/x-shockwave-flash\" src=\"http:\/\/www.dailymotion.com\/swf\/x53rt9&amp;v3=1&amp;related=1\"><\/embed><\/object><br \/><strong>&nbsp;<\/strong><em><a href=\"http:\/\/www.dailymotion.com\/Quart2Tours\"><\/a><\/em><\/div>\n<div><object width=\"480\" height=\"357\"><param value=\"http:\/\/www.dailymotion.com\/swf\/x53rtw&amp;v3=1&amp;related=1\" name=\"movie\" \/><param value=\"true\" name=\"allowFullScreen\" \/><param value=\"always\" name=\"allowScriptAccess\" \/><embed width=\"480\" height=\"357\" type=\"application\/x-shockwave-flash\" src=\"http:\/\/www.dailymotion.com\/swf\/x53rtw&amp;v3=1&amp;related=1\"><\/embed><\/object><br \/><strong>&nbsp;<\/strong><em><a href=\"http:\/\/www.dailymotion.com\/Quart2Tours\"><\/a><\/em><\/div>\n<div><object width=\"480\" height=\"357\"><param value=\"http:\/\/www.dailymotion.com\/swf\/x53ru7&amp;v3=1&amp;related=1\" name=\"movie\" \/><param value=\"true\" name=\"allowFullScreen\" \/><param value=\"always\" name=\"allowScriptAccess\" \/><embed width=\"480\" height=\"357\" type=\"application\/x-shockwave-flash\" src=\"http:\/\/www.dailymotion.com\/swf\/x53ru7&amp;v3=1&amp;related=1\"><\/embed><\/object><br \/><strong>&nbsp;<\/strong><em><a href=\"http:\/\/www.dailymotion.com\/Quart2Tours\"><\/a><\/em><\/div>\n<div><object width=\"480\" height=\"357\"><param value=\"http:\/\/www.dailymotion.com\/swf\/x53rta&amp;v3=1&amp;related=1\" name=\"movie\" \/><param value=\"true\" name=\"allowFullScreen\" \/><param value=\"always\" name=\"allowScriptAccess\" \/><embed width=\"480\" height=\"357\" type=\"application\/x-shockwave-flash\" src=\"http:\/\/www.dailymotion.com\/swf\/x53rta&amp;v3=1&amp;related=1\"><\/embed><\/object><br \/><strong>&nbsp;<\/strong><em><a href=\"http:\/\/www.dailymotion.com\/Quart2Tours\"><\/a><\/em><\/div>\n<div><object width=\"480\" height=\"357\"><param name=\"movie\" value=\"http:\/\/www.dailymotion.com\/swf\/x53rw1&amp;v3=1&amp;related=1\" \/><param name=\"allowFullScreen\" value=\"true\" \/><param name=\"allowScriptAccess\" value=\"always\" \/><embed width=\"480\" height=\"357\" src=\"http:\/\/www.dailymotion.com\/swf\/x53rw1&amp;v3=1&amp;related=1\" type=\"application\/x-shockwave-flash\"><\/embed><\/object><br \/><strong>&nbsp;<\/strong><em><a href=\"http:\/\/www.dailymotion.com\/Quart2Tours\"><\/a><\/em><\/div>\n<p>La pluie pourrait \u00eatre un \u00e9norme avantage pour BMW pendant le week end&#8230;<\/p>\n<p>Plus d&rsquo;infos sur le site <span class=\"a\"><strong>www.<\/strong><strong>bmw-<\/strong><strong>motorrad.com.fr<\/strong><\/span><\/p>\n","protected":false},"excerpt":{"rendered":"<p>Pour cet 31\u00e8me \u00e9dition des 24 Heures du Mans ce sont deux HP2 Endurance qui sont engag\u00e9es en cat\u00e9gorie Open. Nous les avons suivi \u00e0 la tra\u00e7e pendant les v\u00e9rifications techniques&#8230; Pour BMW Motorrad l&rsquo;objectif cette ann\u00e9e est de faire mieux que la 16\u00e8me place obtenue en 2007. Ce sera&nbsp; surtout une opportunit\u00e9 de plus [&hellip;]<\/p>\n","protected":false},"author":323,"featured_media":0,"comment_status":"open","ping_status":"open","sticky":false,"template":"","format":"standard","meta":{"footnotes":""},"categories":[7,32,12],"tags":[],"class_list":["post-772","post","type-post","status-publish","format-standard","hentry","category-bmw","category-sport-moto","category-videos"],"yoast_head":"<!-- This site is optimized with the Yoast SEO plugin v26.0 - https:\/\/yoast.com\/wordpress\/plugins\/seo\/ -->\n<title>24 Heures du Mans: BMW Motorrad - leblogmoto.com<\/title>\n<meta name=\"robots\" content=\"index, follow, max-snippet:-1, max-image-preview:large, max-video-preview:-1\" \/>\n<link rel=\"canonical\" href=\"https:\/\/blogs.thesocialmedia.com\/leblogmoto\/2008\/04\/17\/le-mans-2008-bm\/\" \/>\n<meta name=\"twitter:card\" content=\"summary_large_image\" \/>\n<meta name=\"twitter:title\" content=\"24 Heures du Mans: BMW Motorrad - leblogmoto.com\" \/>\n<meta name=\"twitter:description\" content=\"Pour cet 31\u00e8me \u00e9dition des 24 Heures du Mans ce sont deux HP2 Endurance qui sont engag\u00e9es en cat\u00e9gorie Open. Nous les avons suivi \u00e0 la tra\u00e7e pendant les v\u00e9rifications techniques&#8230; Pour BMW Motorrad l&rsquo;objectif cette ann\u00e9e est de faire mieux que la 16\u00e8me place obtenue en 2007. Ce sera&nbsp; surtout une opportunit\u00e9 de plus [&hellip;]\" \/>\n<meta name=\"twitter:image\" content=\"http:\/\/www.leblogmoto.com\/images\/2008\/04\/16\/stand_bmw_01.jpg\" \/>\n<meta name=\"twitter:label1\" content=\"\u00c9crit par\" \/>\n\t<meta name=\"twitter:data1\" content=\"albin le guyader\" \/>\n\t<meta name=\"twitter:label2\" content=\"Dur\u00e9e de lecture estim\u00e9e\" \/>\n\t<meta name=\"twitter:data2\" content=\"1 minute\" \/>\n<script type=\"application\/ld+json\" class=\"yoast-schema-graph\">{\"@context\":\"https:\/\/schema.org\",\"@graph\":[{\"@type\":\"WebPage\",\"@id\":\"https:\/\/blogs.thesocialmedia.com\/leblogmoto\/2008\/04\/17\/le-mans-2008-bm\/\",\"url\":\"https:\/\/blogs.thesocialmedia.com\/leblogmoto\/2008\/04\/17\/le-mans-2008-bm\/\",\"name\":\"24 Heures du Mans: BMW Motorrad - leblogmoto.com\",\"isPartOf\":{\"@id\":\"https:\/\/blogs.thesocialmedia.com\/leblogmoto\/#website\"},\"primaryImageOfPage\":{\"@id\":\"https:\/\/blogs.thesocialmedia.com\/leblogmoto\/2008\/04\/17\/le-mans-2008-bm\/#primaryimage\"},\"image\":{\"@id\":\"https:\/\/blogs.thesocialmedia.com\/leblogmoto\/2008\/04\/17\/le-mans-2008-bm\/#primaryimage\"},\"thumbnailUrl\":\"http:\/\/www.leblogmoto.com\/images\/2008\/04\/16\/stand_bmw_01.jpg\",\"datePublished\":\"2008-04-17T05:24:54+00:00\",\"dateModified\":\"2012-07-11T15:37:29+00:00\",\"author\":{\"@id\":\"https:\/\/blogs.thesocialmedia.com\/leblogmoto\/#\/schema\/person\/b496d27c898c29a39678e2425cafb9ae\"},\"breadcrumb\":{\"@id\":\"https:\/\/blogs.thesocialmedia.com\/leblogmoto\/2008\/04\/17\/le-mans-2008-bm\/#breadcrumb\"},\"inLanguage\":\"fr-FR\",\"potentialAction\":[{\"@type\":\"ReadAction\",\"target\":[\"https:\/\/blogs.thesocialmedia.com\/leblogmoto\/2008\/04\/17\/le-mans-2008-bm\/\"]}]},{\"@type\":\"ImageObject\",\"inLanguage\":\"fr-FR\",\"@id\":\"https:\/\/blogs.thesocialmedia.com\/leblogmoto\/2008\/04\/17\/le-mans-2008-bm\/#primaryimage\",\"url\":\"http:\/\/www.leblogmoto.com\/images\/2008\/04\/16\/stand_bmw_01.jpg\",\"contentUrl\":\"http:\/\/www.leblogmoto.com\/images\/2008\/04\/16\/stand_bmw_01.jpg\"},{\"@type\":\"BreadcrumbList\",\"@id\":\"https:\/\/blogs.thesocialmedia.com\/leblogmoto\/2008\/04\/17\/le-mans-2008-bm\/#breadcrumb\",\"itemListElement\":[{\"@type\":\"ListItem\",\"position\":1,\"name\":\"Accueil\",\"item\":\"https:\/\/blogs.thesocialmedia.com\/leblogmoto\/\"},{\"@type\":\"ListItem\",\"position\":2,\"name\":\"24 Heures du Mans: BMW Motorrad\"}]},{\"@type\":\"WebSite\",\"@id\":\"https:\/\/blogs.thesocialmedia.com\/leblogmoto\/#website\",\"url\":\"https:\/\/blogs.thesocialmedia.com\/leblogmoto\/\",\"name\":\"leblogmoto\",\"description\":\"Toute l&#039;actualit\u00e9 des 2 roues\",\"potentialAction\":[{\"@type\":\"SearchAction\",\"target\":{\"@type\":\"EntryPoint\",\"urlTemplate\":\"https:\/\/blogs.thesocialmedia.com\/leblogmoto\/?s={search_term_string}\"},\"query-input\":{\"@type\":\"PropertyValueSpecification\",\"valueRequired\":true,\"valueName\":\"search_term_string\"}}],\"inLanguage\":\"fr-FR\"},{\"@type\":\"Person\",\"@id\":\"https:\/\/blogs.thesocialmedia.com\/leblogmoto\/#\/schema\/person\/b496d27c898c29a39678e2425cafb9ae\",\"name\":\"albin le guyader\",\"image\":{\"@type\":\"ImageObject\",\"inLanguage\":\"fr-FR\",\"@id\":\"https:\/\/blogs.thesocialmedia.com\/leblogmoto\/#\/schema\/person\/image\/\",\"url\":\"https:\/\/secure.gravatar.com\/avatar\/?s=96&d=mm&r=g\",\"contentUrl\":\"https:\/\/secure.gravatar.com\/avatar\/?s=96&d=mm&r=g\",\"caption\":\"albin le guyader\"},\"url\":\"https:\/\/blogs.thesocialmedia.com\/leblogmoto\/author\/albin-le-guyader\/\"}]}<\/script>\n<!-- \/ Yoast SEO plugin. -->","yoast_head_json":{"title":"24 Heures du Mans: BMW Motorrad - leblogmoto.com","robots":{"index":"index","follow":"follow","max-snippet":"max-snippet:-1","max-image-preview":"max-image-preview:large","max-video-preview":"max-video-preview:-1"},"canonical":"https:\/\/blogs.thesocialmedia.com\/leblogmoto\/2008\/04\/17\/le-mans-2008-bm\/","twitter_card":"summary_large_image","twitter_title":"24 Heures du Mans: BMW Motorrad - leblogmoto.com","twitter_description":"Pour cet 31\u00e8me \u00e9dition des 24 Heures du Mans ce sont deux HP2 Endurance qui sont engag\u00e9es en cat\u00e9gorie Open. Nous les avons suivi \u00e0 la tra\u00e7e pendant les v\u00e9rifications techniques&#8230; Pour BMW Motorrad l&rsquo;objectif cette ann\u00e9e est de faire mieux que la 16\u00e8me place obtenue en 2007. Ce sera&nbsp; surtout une opportunit\u00e9 de plus [&hellip;]","twitter_image":"http:\/\/www.leblogmoto.com\/images\/2008\/04\/16\/stand_bmw_01.jpg","twitter_misc":{"\u00c9crit par":"albin le guyader","Dur\u00e9e de lecture estim\u00e9e":"1 minute"},"schema":{"@context":"https:\/\/schema.org","@graph":[{"@type":"WebPage","@id":"https:\/\/blogs.thesocialmedia.com\/leblogmoto\/2008\/04\/17\/le-mans-2008-bm\/","url":"https:\/\/blogs.thesocialmedia.com\/leblogmoto\/2008\/04\/17\/le-mans-2008-bm\/","name":"24 Heures du Mans: BMW Motorrad - leblogmoto.com","isPartOf":{"@id":"https:\/\/blogs.thesocialmedia.com\/leblogmoto\/#website"},"primaryImageOfPage":{"@id":"https:\/\/blogs.thesocialmedia.com\/leblogmoto\/2008\/04\/17\/le-mans-2008-bm\/#primaryimage"},"image":{"@id":"https:\/\/blogs.thesocialmedia.com\/leblogmoto\/2008\/04\/17\/le-mans-2008-bm\/#primaryimage"},"thumbnailUrl":"http:\/\/www.leblogmoto.com\/images\/2008\/04\/16\/stand_bmw_01.jpg","datePublished":"2008-04-17T05:24:54+00:00","dateModified":"2012-07-11T15:37:29+00:00","author":{"@id":"https:\/\/blogs.thesocialmedia.com\/leblogmoto\/#\/schema\/person\/b496d27c898c29a39678e2425cafb9ae"},"breadcrumb":{"@id":"https:\/\/blogs.thesocialmedia.com\/leblogmoto\/2008\/04\/17\/le-mans-2008-bm\/#breadcrumb"},"inLanguage":"fr-FR","potentialAction":[{"@type":"ReadAction","target":["https:\/\/blogs.thesocialmedia.com\/leblogmoto\/2008\/04\/17\/le-mans-2008-bm\/"]}]},{"@type":"ImageObject","inLanguage":"fr-FR","@id":"https:\/\/blogs.thesocialmedia.com\/leblogmoto\/2008\/04\/17\/le-mans-2008-bm\/#primaryimage","url":"http:\/\/www.leblogmoto.com\/images\/2008\/04\/16\/stand_bmw_01.jpg","contentUrl":"http:\/\/www.leblogmoto.com\/images\/2008\/04\/16\/stand_bmw_01.jpg"},{"@type":"BreadcrumbList","@id":"https:\/\/blogs.thesocialmedia.com\/leblogmoto\/2008\/04\/17\/le-mans-2008-bm\/#breadcrumb","itemListElement":[{"@type":"ListItem","position":1,"name":"Accueil","item":"https:\/\/blogs.thesocialmedia.com\/leblogmoto\/"},{"@type":"ListItem","position":2,"name":"24 Heures du Mans: BMW Motorrad"}]},{"@type":"WebSite","@id":"https:\/\/blogs.thesocialmedia.com\/leblogmoto\/#website","url":"https:\/\/blogs.thesocialmedia.com\/leblogmoto\/","name":"leblogmoto","description":"Toute l&#039;actualit\u00e9 des 2 roues","potentialAction":[{"@type":"SearchAction","target":{"@type":"EntryPoint","urlTemplate":"https:\/\/blogs.thesocialmedia.com\/leblogmoto\/?s={search_term_string}"},"query-input":{"@type":"PropertyValueSpecification","valueRequired":true,"valueName":"search_term_string"}}],"inLanguage":"fr-FR"},{"@type":"Person","@id":"https:\/\/blogs.thesocialmedia.com\/leblogmoto\/#\/schema\/person\/b496d27c898c29a39678e2425cafb9ae","name":"albin le guyader","image":{"@type":"ImageObject","inLanguage":"fr-FR","@id":"https:\/\/blogs.thesocialmedia.com\/leblogmoto\/#\/schema\/person\/image\/","url":"https:\/\/secure.gravatar.com\/avatar\/?s=96&d=mm&r=g","contentUrl":"https:\/\/secure.gravatar.com\/avatar\/?s=96&d=mm&r=g","caption":"albin le guyader"},"url":"https:\/\/blogs.thesocialmedia.com\/leblogmoto\/author\/albin-le-guyader\/"}]}},"_links":{"self":[{"href":"https:\/\/blogs.thesocialmedia.com\/leblogmoto\/wp-json\/wp\/v2\/posts\/772","targetHints":{"allow":["GET"]}}],"collection":[{"href":"https:\/\/blogs.thesocialmedia.com\/leblogmoto\/wp-json\/wp\/v2\/posts"}],"about":[{"href":"https:\/\/blogs.thesocialmedia.com\/leblogmoto\/wp-json\/wp\/v2\/types\/post"}],"author":[{"embeddable":true,"href":"https:\/\/blogs.thesocialmedia.com\/leblogmoto\/wp-json\/wp\/v2\/users\/323"}],"replies":[{"embeddable":true,"href":"https:\/\/blogs.thesocialmedia.com\/leblogmoto\/wp-json\/wp\/v2\/comments?post=772"}],"version-history":[{"count":2,"href":"https:\/\/blogs.thesocialmedia.com\/leblogmoto\/wp-json\/wp\/v2\/posts\/772\/revisions"}],"predecessor-version":[{"id":10441,"href":"https:\/\/blogs.thesocialmedia.com\/leblogmoto\/wp-json\/wp\/v2\/posts\/772\/revisions\/10441"}],"wp:attachment":[{"href":"https:\/\/blogs.thesocialmedia.com\/leblogmoto\/wp-json\/wp\/v2\/media?parent=772"}],"wp:term":[{"taxonomy":"category","embeddable":true,"href":"https:\/\/blogs.thesocialmedia.com\/leblogmoto\/wp-json\/wp\/v2\/categories?post=772"},{"taxonomy":"post_tag","embeddable":true,"href":"https:\/\/blogs.thesocialmedia.com\/leblogmoto\/wp-json\/wp\/v2\/tags?post=772"}],"curies":[{"name":"wp","href":"https:\/\/api.w.org\/{rel}","templated":true}]}}