{"id":773,"date":"2008-04-17T04:52:48","date_gmt":"2008-04-17T04:52:48","guid":{"rendered":"http:\/\/blogs.thesocialmedia.com\/leblogmoto\/2008\/04\/17\/24-heures-du-4\/"},"modified":"2012-07-11T15:37:26","modified_gmt":"2012-07-11T15:37:26","slug":"24-heures-du-4","status":"publish","type":"post","link":"https:\/\/blogs.thesocialmedia.com\/leblogmoto\/2008\/04\/17\/24-heures-du-4\/","title":{"rendered":"24 Heures du Mans: Motors TV &#8211; MV AGUSTA"},"content":{"rendered":"<p><a href=\"http:\/\/blogs.thesocialmedia.com\/leblogmoto\/files\/2012\/07\/31_4.jpg\"><img loading=\"lazy\" decoding=\"async\" width=\"470\" height=\"352\"  src=\"http:\/\/www.leblogmoto.com\/images\/2008\/04\/16\/31_4.jpg\" alt=\"31_4\" style=\"margin: 0px 5px 5px 0px;float: left\" \/><\/a> Dans les ann\u00e9es 1960 MV Agusta a remport\u00e9 75 titres de champions du monde, 38 pour ses pilotes et 37 pour ses machines en tant que constructeur&#8230;<\/p>\n<p>La machine a fini 39\u00e8me du Bol d&rsquo;Or en 2007 et a \u00e9t\u00e9 victime de probl\u00e8mes pendant les premiers essais.<\/p>\n<p><a href=\"http:\/\/blogs.thesocialmedia.com\/leblogmoto\/files\/2012\/07\/31_6.jpg\"><img loading=\"lazy\" decoding=\"async\" width=\"470\" height=\"352\"  src=\"http:\/\/www.leblogmoto.com\/images\/2008\/04\/16\/31_6.jpg\" alt=\"31_6\" style=\"margin: 0px 5px 5px 0px;float: left\" \/><\/a> <\/p>\n<p> MV Agusta n&rsquo;a jamais remport\u00e9 la course des 24 Heures du Mans et aimerait monter sur le podium pour se donner confiance avant d&rsquo;investir le championnat Superbike en 2009. <\/p>\n<div style=\"width: 480px;text-align: center\"><embed width=\"480\" height=\"360\" src=\"http:\/\/w248.photobucket.com\/pbwidget.swf?pbwurl=http:\/\/w248.photobucket.com\/albums\/gg180\/ebipbip\/Motors TV - MV AGUSTA\/8aa73cc9.pbw\" type=\"application\/x-shockwave-flash\"><\/embed><a target=\"_blank\" href=\"http:\/\/s248.photobucket.com\/albums\/gg180\/ebipbip\/Motors%20TV%20-%20MV%20AGUSTA\/?action=view&amp;current=8aa73cc9.pbw\"><br \/><\/a><\/div>\n","protected":false},"excerpt":{"rendered":"<p>Dans les ann\u00e9es 1960 MV Agusta a remport\u00e9 75 titres de champions du monde, 38 pour ses pilotes et 37 pour ses machines en tant que constructeur&#8230; La machine a fini 39\u00e8me du Bol d&rsquo;Or en 2007 et a \u00e9t\u00e9 victime de probl\u00e8mes pendant les premiers essais. MV Agusta n&rsquo;a jamais remport\u00e9 la course des [&hellip;]<\/p>\n","protected":false},"author":323,"featured_media":0,"comment_status":"open","ping_status":"open","sticky":false,"template":"","format":"standard","meta":{"footnotes":""},"categories":[50,32,12],"tags":[],"class_list":["post-773","post","type-post","status-publish","format-standard","hentry","category-mv-agusta","category-sport-moto","category-videos"],"yoast_head":"<!-- This site is optimized with the Yoast SEO plugin v26.0 - https:\/\/yoast.com\/wordpress\/plugins\/seo\/ -->\n<title>24 Heures du Mans: Motors TV - MV AGUSTA - leblogmoto.com<\/title>\n<meta name=\"robots\" content=\"index, follow, max-snippet:-1, max-image-preview:large, max-video-preview:-1\" \/>\n<link rel=\"canonical\" href=\"https:\/\/blogs.thesocialmedia.com\/leblogmoto\/2008\/04\/17\/24-heures-du-4\/\" \/>\n<meta name=\"twitter:card\" content=\"summary_large_image\" \/>\n<meta name=\"twitter:title\" content=\"24 Heures du Mans: Motors TV - MV AGUSTA - leblogmoto.com\" \/>\n<meta name=\"twitter:description\" content=\"Dans les ann\u00e9es 1960 MV Agusta a remport\u00e9 75 titres de champions du monde, 38 pour ses pilotes et 37 pour ses machines en tant que constructeur&#8230; La machine a fini 39\u00e8me du Bol d&rsquo;Or en 2007 et a \u00e9t\u00e9 victime de probl\u00e8mes pendant les premiers essais. MV Agusta n&rsquo;a jamais remport\u00e9 la course des [&hellip;]\" \/>\n<meta name=\"twitter:image\" content=\"http:\/\/www.leblogmoto.com\/images\/2008\/04\/16\/31_4.jpg\" \/>\n<meta name=\"twitter:label1\" content=\"\u00c9crit par\" \/>\n\t<meta name=\"twitter:data1\" content=\"albin le guyader\" \/>\n<script type=\"application\/ld+json\" class=\"yoast-schema-graph\">{\"@context\":\"https:\/\/schema.org\",\"@graph\":[{\"@type\":\"WebPage\",\"@id\":\"https:\/\/blogs.thesocialmedia.com\/leblogmoto\/2008\/04\/17\/24-heures-du-4\/\",\"url\":\"https:\/\/blogs.thesocialmedia.com\/leblogmoto\/2008\/04\/17\/24-heures-du-4\/\",\"name\":\"24 Heures du Mans: Motors TV - MV AGUSTA - leblogmoto.com\",\"isPartOf\":{\"@id\":\"https:\/\/blogs.thesocialmedia.com\/leblogmoto\/#website\"},\"primaryImageOfPage\":{\"@id\":\"https:\/\/blogs.thesocialmedia.com\/leblogmoto\/2008\/04\/17\/24-heures-du-4\/#primaryimage\"},\"image\":{\"@id\":\"https:\/\/blogs.thesocialmedia.com\/leblogmoto\/2008\/04\/17\/24-heures-du-4\/#primaryimage\"},\"thumbnailUrl\":\"http:\/\/www.leblogmoto.com\/images\/2008\/04\/16\/31_4.jpg\",\"datePublished\":\"2008-04-17T04:52:48+00:00\",\"dateModified\":\"2012-07-11T15:37:26+00:00\",\"author\":{\"@id\":\"https:\/\/blogs.thesocialmedia.com\/leblogmoto\/#\/schema\/person\/b496d27c898c29a39678e2425cafb9ae\"},\"breadcrumb\":{\"@id\":\"https:\/\/blogs.thesocialmedia.com\/leblogmoto\/2008\/04\/17\/24-heures-du-4\/#breadcrumb\"},\"inLanguage\":\"fr-FR\",\"potentialAction\":[{\"@type\":\"ReadAction\",\"target\":[\"https:\/\/blogs.thesocialmedia.com\/leblogmoto\/2008\/04\/17\/24-heures-du-4\/\"]}]},{\"@type\":\"ImageObject\",\"inLanguage\":\"fr-FR\",\"@id\":\"https:\/\/blogs.thesocialmedia.com\/leblogmoto\/2008\/04\/17\/24-heures-du-4\/#primaryimage\",\"url\":\"http:\/\/www.leblogmoto.com\/images\/2008\/04\/16\/31_4.jpg\",\"contentUrl\":\"http:\/\/www.leblogmoto.com\/images\/2008\/04\/16\/31_4.jpg\"},{\"@type\":\"BreadcrumbList\",\"@id\":\"https:\/\/blogs.thesocialmedia.com\/leblogmoto\/2008\/04\/17\/24-heures-du-4\/#breadcrumb\",\"itemListElement\":[{\"@type\":\"ListItem\",\"position\":1,\"name\":\"Accueil\",\"item\":\"https:\/\/blogs.thesocialmedia.com\/leblogmoto\/\"},{\"@type\":\"ListItem\",\"position\":2,\"name\":\"24 Heures du Mans: Motors TV &#8211; MV AGUSTA\"}]},{\"@type\":\"WebSite\",\"@id\":\"https:\/\/blogs.thesocialmedia.com\/leblogmoto\/#website\",\"url\":\"https:\/\/blogs.thesocialmedia.com\/leblogmoto\/\",\"name\":\"leblogmoto\",\"description\":\"Toute l&#039;actualit\u00e9 des 2 roues\",\"potentialAction\":[{\"@type\":\"SearchAction\",\"target\":{\"@type\":\"EntryPoint\",\"urlTemplate\":\"https:\/\/blogs.thesocialmedia.com\/leblogmoto\/?s={search_term_string}\"},\"query-input\":{\"@type\":\"PropertyValueSpecification\",\"valueRequired\":true,\"valueName\":\"search_term_string\"}}],\"inLanguage\":\"fr-FR\"},{\"@type\":\"Person\",\"@id\":\"https:\/\/blogs.thesocialmedia.com\/leblogmoto\/#\/schema\/person\/b496d27c898c29a39678e2425cafb9ae\",\"name\":\"albin le guyader\",\"image\":{\"@type\":\"ImageObject\",\"inLanguage\":\"fr-FR\",\"@id\":\"https:\/\/blogs.thesocialmedia.com\/leblogmoto\/#\/schema\/person\/image\/\",\"url\":\"https:\/\/secure.gravatar.com\/avatar\/?s=96&d=mm&r=g\",\"contentUrl\":\"https:\/\/secure.gravatar.com\/avatar\/?s=96&d=mm&r=g\",\"caption\":\"albin le guyader\"},\"url\":\"https:\/\/blogs.thesocialmedia.com\/leblogmoto\/author\/albin-le-guyader\/\"}]}<\/script>\n<!-- \/ Yoast SEO plugin. -->","yoast_head_json":{"title":"24 Heures du Mans: Motors TV - MV AGUSTA - leblogmoto.com","robots":{"index":"index","follow":"follow","max-snippet":"max-snippet:-1","max-image-preview":"max-image-preview:large","max-video-preview":"max-video-preview:-1"},"canonical":"https:\/\/blogs.thesocialmedia.com\/leblogmoto\/2008\/04\/17\/24-heures-du-4\/","twitter_card":"summary_large_image","twitter_title":"24 Heures du Mans: Motors TV - MV AGUSTA - leblogmoto.com","twitter_description":"Dans les ann\u00e9es 1960 MV Agusta a remport\u00e9 75 titres de champions du monde, 38 pour ses pilotes et 37 pour ses machines en tant que constructeur&#8230; La machine a fini 39\u00e8me du Bol d&rsquo;Or en 2007 et a \u00e9t\u00e9 victime de probl\u00e8mes pendant les premiers essais. MV Agusta n&rsquo;a jamais remport\u00e9 la course des [&hellip;]","twitter_image":"http:\/\/www.leblogmoto.com\/images\/2008\/04\/16\/31_4.jpg","twitter_misc":{"\u00c9crit par":"albin le guyader"},"schema":{"@context":"https:\/\/schema.org","@graph":[{"@type":"WebPage","@id":"https:\/\/blogs.thesocialmedia.com\/leblogmoto\/2008\/04\/17\/24-heures-du-4\/","url":"https:\/\/blogs.thesocialmedia.com\/leblogmoto\/2008\/04\/17\/24-heures-du-4\/","name":"24 Heures du Mans: Motors TV - MV AGUSTA - leblogmoto.com","isPartOf":{"@id":"https:\/\/blogs.thesocialmedia.com\/leblogmoto\/#website"},"primaryImageOfPage":{"@id":"https:\/\/blogs.thesocialmedia.com\/leblogmoto\/2008\/04\/17\/24-heures-du-4\/#primaryimage"},"image":{"@id":"https:\/\/blogs.thesocialmedia.com\/leblogmoto\/2008\/04\/17\/24-heures-du-4\/#primaryimage"},"thumbnailUrl":"http:\/\/www.leblogmoto.com\/images\/2008\/04\/16\/31_4.jpg","datePublished":"2008-04-17T04:52:48+00:00","dateModified":"2012-07-11T15:37:26+00:00","author":{"@id":"https:\/\/blogs.thesocialmedia.com\/leblogmoto\/#\/schema\/person\/b496d27c898c29a39678e2425cafb9ae"},"breadcrumb":{"@id":"https:\/\/blogs.thesocialmedia.com\/leblogmoto\/2008\/04\/17\/24-heures-du-4\/#breadcrumb"},"inLanguage":"fr-FR","potentialAction":[{"@type":"ReadAction","target":["https:\/\/blogs.thesocialmedia.com\/leblogmoto\/2008\/04\/17\/24-heures-du-4\/"]}]},{"@type":"ImageObject","inLanguage":"fr-FR","@id":"https:\/\/blogs.thesocialmedia.com\/leblogmoto\/2008\/04\/17\/24-heures-du-4\/#primaryimage","url":"http:\/\/www.leblogmoto.com\/images\/2008\/04\/16\/31_4.jpg","contentUrl":"http:\/\/www.leblogmoto.com\/images\/2008\/04\/16\/31_4.jpg"},{"@type":"BreadcrumbList","@id":"https:\/\/blogs.thesocialmedia.com\/leblogmoto\/2008\/04\/17\/24-heures-du-4\/#breadcrumb","itemListElement":[{"@type":"ListItem","position":1,"name":"Accueil","item":"https:\/\/blogs.thesocialmedia.com\/leblogmoto\/"},{"@type":"ListItem","position":2,"name":"24 Heures du Mans: Motors TV &#8211; MV AGUSTA"}]},{"@type":"WebSite","@id":"https:\/\/blogs.thesocialmedia.com\/leblogmoto\/#website","url":"https:\/\/blogs.thesocialmedia.com\/leblogmoto\/","name":"leblogmoto","description":"Toute l&#039;actualit\u00e9 des 2 roues","potentialAction":[{"@type":"SearchAction","target":{"@type":"EntryPoint","urlTemplate":"https:\/\/blogs.thesocialmedia.com\/leblogmoto\/?s={search_term_string}"},"query-input":{"@type":"PropertyValueSpecification","valueRequired":true,"valueName":"search_term_string"}}],"inLanguage":"fr-FR"},{"@type":"Person","@id":"https:\/\/blogs.thesocialmedia.com\/leblogmoto\/#\/schema\/person\/b496d27c898c29a39678e2425cafb9ae","name":"albin le guyader","image":{"@type":"ImageObject","inLanguage":"fr-FR","@id":"https:\/\/blogs.thesocialmedia.com\/leblogmoto\/#\/schema\/person\/image\/","url":"https:\/\/secure.gravatar.com\/avatar\/?s=96&d=mm&r=g","contentUrl":"https:\/\/secure.gravatar.com\/avatar\/?s=96&d=mm&r=g","caption":"albin le guyader"},"url":"https:\/\/blogs.thesocialmedia.com\/leblogmoto\/author\/albin-le-guyader\/"}]}},"_links":{"self":[{"href":"https:\/\/blogs.thesocialmedia.com\/leblogmoto\/wp-json\/wp\/v2\/posts\/773","targetHints":{"allow":["GET"]}}],"collection":[{"href":"https:\/\/blogs.thesocialmedia.com\/leblogmoto\/wp-json\/wp\/v2\/posts"}],"about":[{"href":"https:\/\/blogs.thesocialmedia.com\/leblogmoto\/wp-json\/wp\/v2\/types\/post"}],"author":[{"embeddable":true,"href":"https:\/\/blogs.thesocialmedia.com\/leblogmoto\/wp-json\/wp\/v2\/users\/323"}],"replies":[{"embeddable":true,"href":"https:\/\/blogs.thesocialmedia.com\/leblogmoto\/wp-json\/wp\/v2\/comments?post=773"}],"version-history":[{"count":2,"href":"https:\/\/blogs.thesocialmedia.com\/leblogmoto\/wp-json\/wp\/v2\/posts\/773\/revisions"}],"predecessor-version":[{"id":10439,"href":"https:\/\/blogs.thesocialmedia.com\/leblogmoto\/wp-json\/wp\/v2\/posts\/773\/revisions\/10439"}],"wp:attachment":[{"href":"https:\/\/blogs.thesocialmedia.com\/leblogmoto\/wp-json\/wp\/v2\/media?parent=773"}],"wp:term":[{"taxonomy":"category","embeddable":true,"href":"https:\/\/blogs.thesocialmedia.com\/leblogmoto\/wp-json\/wp\/v2\/categories?post=773"},{"taxonomy":"post_tag","embeddable":true,"href":"https:\/\/blogs.thesocialmedia.com\/leblogmoto\/wp-json\/wp\/v2\/tags?post=773"}],"curies":[{"name":"wp","href":"https:\/\/api.w.org\/{rel}","templated":true}]}}